{"id":12948,"date":"2025-05-07T18:27:13","date_gmt":"2025-05-07T16:27:13","guid":{"rendered":"https:\/\/www.dovolenkarka.cz\/urlaub-in-barcelona-2026-11-orte-die-sie-hier-nicht-verpassen-sollten\/"},"modified":"2026-02-01T17:23:47","modified_gmt":"2026-02-01T16:23:47","slug":"urlaub-in-barcelona","status":"publish","type":"post","link":"https:\/\/www.dovolenkarka.cz\/de\/urlaub-in-barcelona\/","title":{"rendered":"Urlaub in Barcelona 2026: 11 Orte, die Sie hier nicht verpassen sollten"},"content":{"rendered":"<p>Steht Ihnen (nicht nur) der erste Urlaub in Barcelona bevor und Sie suchen Tipps f\u00fcr Orte, die man hier gesehen haben sollte? <span class=\"_fadeIn_pfttw_8\">Barcelona <\/span><span class=\"_fadeIn_pfttw_8\">ist <\/span><span class=\"_fadeIn_pfttw_8\">eine <\/span><span class=\"_fadeIn_pfttw_8\">Stadt <\/span><span class=\"_fadeIn_pfttw_8\">voller <\/span><span class=\"_fadeIn_pfttw_8\">architektonischer <\/span><span class=\"_fadeIn_pfttw_8\">Juwelen, <\/span><span class=\"_fadeIn_pfttw_8\">lebendiger <\/span><span class=\"_fadeIn_pfttw_8\">Kultur, <\/span><span class=\"_fadeIn_pfttw_8\">schmackhaften <\/span><span class=\"_fadeIn_pfttw_8\">Essens <\/span><span class=\"_fadeIn_pfttw_8\">und <\/span><span class=\"_fadeIn_pfttw_8\">maritimer Atmosph\u00e4re. Ich habe f\u00fcr Sie<\/span> <span class=\"_fadeIn_pfttw_8\">seznam 11 <\/span><span class=\"_fadeIn_pfttw_8\">zusammengestellt, <\/span><span class=\"_fadeIn_pfttw_8\">die <\/span><span class=\"_fadeIn_pfttw_8\">Sie <\/span><span class=\"_fadeIn_pfttw_8\">bei <\/span><span class=\"_fadeIn_pfttw_8\">Ihrem <\/span><span class=\"_fadeIn_pfttw_8\">Besuch <\/span><span class=\"_fadeIn_pfttw_8\">unbedingt <\/span><span class=\"_fadeIn_pfttw_8\">besuchen: <\/span><\/p>\n<div id=\"ez-toc-container\" class=\"ez-toc-v2_0_82_2 counter-hierarchy ez-toc-counter ez-toc-grey ez-toc-container-direction\">\n<div class=\"ez-toc-title-container\">\n<p class=\"ez-toc-title\" style=\"cursor:inherit\">Table of Contents<\/p>\n<span class=\"ez-toc-title-toggle\"><a href=\"#\" class=\"ez-toc-pull-right ez-toc-btn ez-toc-btn-xs ez-toc-btn-default ez-toc-toggle\" aria-label=\"Toggle Table of Content\"><span class=\"ez-toc-js-icon-con\"><span class=\"\"><span class=\"eztoc-hide\" style=\"display:none;\">Toggle<\/span><span class=\"ez-toc-icon-toggle-span\"><svg style=\"fill: #999;color:#999\" xmlns=\"http:\/\/www.w3.org\/2000\/svg\" class=\"list-377408\" width=\"20px\" height=\"20px\" viewBox=\"0 0 24 24\" fill=\"none\"><path d=\"M6 6H4v2h2V6zm14 0H8v2h12V6zM4 11h2v2H4v-2zm16 0H8v2h12v-2zM4 16h2v2H4v-2zm16 0H8v2h12v-2z\" fill=\"currentColor\"><\/path><\/svg><svg style=\"fill: #999;color:#999\" class=\"arrow-unsorted-368013\" xmlns=\"http:\/\/www.w3.org\/2000\/svg\" width=\"10px\" height=\"10px\" viewBox=\"0 0 24 24\" version=\"1.2\" baseProfile=\"tiny\"><path d=\"M18.2 9.3l-6.2-6.3-6.2 6.3c-.2.2-.3.4-.3.7s.1.5.3.7c.2.2.4.3.7.3h11c.3 0 .5-.1.7-.3.2-.2.3-.5.3-.7s-.1-.5-.3-.7zM5.8 14.7l6.2 6.3 6.2-6.3c.2-.2.3-.5.3-.7s-.1-.5-.3-.7c-.2-.2-.4-.3-.7-.3h-11c-.3 0-.5.1-.7.3-.2.2-.3.5-.3.7s.1.5.3.7z\"\/><\/svg><\/span><\/span><\/span><\/a><\/span><\/div>\n<nav><ul class='ez-toc-list ez-toc-list-level-1 ' ><li class='ez-toc-page-1 ez-toc-heading-level-2'><a class=\"ez-toc-link ez-toc-heading-1\" href=\"https:\/\/www.dovolenkarka.cz\/de\/urlaub-in-barcelona\/#Urlaub_in_Barcelona\" >Urlaub in Barcelona<\/a><ul class='ez-toc-list-level-3' ><li class='ez-toc-heading-level-3'><a class=\"ez-toc-link ez-toc-heading-2\" href=\"https:\/\/www.dovolenkarka.cz\/de\/urlaub-in-barcelona\/#Fluege_nach_Barcelona\" >Fl\u00fcge nach Barcelona<\/a><\/li><li class='ez-toc-page-1 ez-toc-heading-level-3'><a class=\"ez-toc-link ez-toc-heading-3\" href=\"https:\/\/www.dovolenkarka.cz\/de\/urlaub-in-barcelona\/#Wie_kommt_man_vom_Flughafen_ins_Zentrum_von_Barcelona\" >Wie kommt man vom Flughafen ins Zentrum von Barcelona?<\/a><\/li><li class='ez-toc-page-1 ez-toc-heading-level-3'><a class=\"ez-toc-link ez-toc-heading-4\" href=\"https:\/\/www.dovolenkarka.cz\/de\/urlaub-in-barcelona\/#Unterkuenfte_in_Barcelona\" >Unterk\u00fcnfte in Barcelona<\/a><\/li><li class='ez-toc-page-1 ez-toc-heading-level-3'><a class=\"ez-toc-link ez-toc-heading-5\" href=\"https:\/\/www.dovolenkarka.cz\/de\/urlaub-in-barcelona\/#Urlaub_in_Barcelona_%E2%80%93_11_Orte_die_Sie_hier_nicht_verpassen_sollten\" >Urlaub in Barcelona &#8211; 11 Orte, die Sie hier nicht verpassen sollten<\/a><ul class='ez-toc-list-level-4' ><li class='ez-toc-heading-level-4'><a class=\"ez-toc-link ez-toc-heading-6\" href=\"https:\/\/www.dovolenkarka.cz\/de\/urlaub-in-barcelona\/#1_Sagrada_Familia\" >1. Sagrada Fam\u00edlia<\/a><\/li><li class='ez-toc-page-1 ez-toc-heading-level-4'><a class=\"ez-toc-link ez-toc-heading-7\" href=\"https:\/\/www.dovolenkarka.cz\/de\/urlaub-in-barcelona\/#2_Park_Gueell\" >2. Park G\u00fcell<\/a><\/li><li class='ez-toc-page-1 ez-toc-heading-level-4'><a class=\"ez-toc-link ez-toc-heading-8\" href=\"https:\/\/www.dovolenkarka.cz\/de\/urlaub-in-barcelona\/#3_Gotisches_Viertel_Barri_Gotic\" >3. Gotisches Viertel (Barri G\u00f2tic)<\/a><\/li><li class='ez-toc-page-1 ez-toc-heading-level-4'><a class=\"ez-toc-link ez-toc-heading-9\" href=\"https:\/\/www.dovolenkarka.cz\/de\/urlaub-in-barcelona\/#4_Picasso_Museum\" >4. Picasso Museum<\/a><\/li><li class='ez-toc-page-1 ez-toc-heading-level-4'><a class=\"ez-toc-link ez-toc-heading-10\" href=\"https:\/\/www.dovolenkarka.cz\/de\/urlaub-in-barcelona\/#5_Camp_Nou_oder_neu_Spotify_Camp_Nou\" >5. Camp Nou (oder neu Spotify Camp Nou)<\/a><\/li><li class='ez-toc-page-1 ez-toc-heading-level-4'><a class=\"ez-toc-link ez-toc-heading-11\" href=\"https:\/\/www.dovolenkarka.cz\/de\/urlaub-in-barcelona\/#6_La_Rambla\" >6. La Rambla<\/a><\/li><li class='ez-toc-page-1 ez-toc-heading-level-4'><a class=\"ez-toc-link ez-toc-heading-12\" href=\"https:\/\/www.dovolenkarka.cz\/de\/urlaub-in-barcelona\/#7_Strand_Barceloneta_%E2%80%93_auch_ein_separater_Urlaub_in_Barcelona\" >7. Strand Barceloneta &#8211; auch ein separater Urlaub in Barcelona<\/a><\/li><li class='ez-toc-page-1 ez-toc-heading-level-4'><a class=\"ez-toc-link ez-toc-heading-13\" href=\"https:\/\/www.dovolenkarka.cz\/de\/urlaub-in-barcelona\/#8_Montjuic\" >8. Montju\u00efc<\/a><\/li><li class='ez-toc-page-1 ez-toc-heading-level-4'><a class=\"ez-toc-link ez-toc-heading-14\" href=\"https:\/\/www.dovolenkarka.cz\/de\/urlaub-in-barcelona\/#9_Casa_Batllo_und_Casa_Mila_La_Pedrera\" >9. Casa Batll\u00f3 und Casa Mil\u00e0 (La Pedrera)<\/a><\/li><li class='ez-toc-page-1 ez-toc-heading-level-4'><a class=\"ez-toc-link ez-toc-heading-15\" href=\"https:\/\/www.dovolenkarka.cz\/de\/urlaub-in-barcelona\/#10_Maerkte_%E2%80%93_vor_allem_La_Boqueria\" >10. M\u00e4rkte \u2013 vor allem La Boqueria<\/a><\/li><li class='ez-toc-page-1 ez-toc-heading-level-4'><a class=\"ez-toc-link ez-toc-heading-16\" href=\"https:\/\/www.dovolenkarka.cz\/de\/urlaub-in-barcelona\/#11_Dachterrassen_mit_atemberaubender_Aussicht\" >11. Dachterrassen mit atemberaubender Aussicht<\/a><\/li><\/ul><\/li><\/ul><\/li><\/ul><\/nav><\/div>\n<h2><span class=\"ez-toc-section\" id=\"Urlaub_in_Barcelona\"><\/span>Urlaub in Barcelona<span class=\"ez-toc-section-end\"><\/span><\/h2>\n<div id=\"attachment_6660\" style=\"width: 4022px\" class=\"wp-caption aligncenter\"><a href=\"https:\/\/www.dovolenkarka.cz\/de\/urlaub-in-barcelona\/img_4657-2\/\" rel=\"attachment wp-att-6660\"><img loading=\"lazy\" decoding=\"async\" aria-describedby=\"caption-attachment-6660\" class=\"size-full wp-image-6660\" src=\"https:\/\/www.dovolenkarka.cz\/wp-content\/uploads\/2019\/11\/IMG_4657.jpg\" alt=\"Urlaub in Barcelona \" width=\"4012\" height=\"2601\" srcset=\"https:\/\/www.dovolenkarka.cz\/wp-content\/uploads\/2019\/11\/IMG_4657.jpg 4012w, https:\/\/www.dovolenkarka.cz\/wp-content\/uploads\/2019\/11\/IMG_4657-768x497.jpg 768w\" sizes=\"auto, (max-width: 4012px) 100vw, 4012px\" \/><\/a><p id=\"caption-attachment-6660\" class=\"wp-caption-text\">Barcelona Hafen \/ Foto: Dovolenk\u00e1\u0159ka<\/p><\/div>\n<p><span class=\"_fadeIn_pfttw_8\">Barcelona <\/span><span class=\"_fadeIn_pfttw_8\">ist eine K\u00fcsten- <\/span><span class=\"_fadeIn_pfttw_8\">pulsierende <\/span><span class=\"_fadeIn_pfttw_8\">Metropole,<\/span><span class=\"_fadeIn_pfttw_8\">, <\/span><span class=\"_fadeIn_pfttw_8\">die <\/span><span class=\"_fadeIn_pfttw_8\">in <\/span><span class=\"_fadeIn_pfttw_8\">sich <\/span><span class=\"_fadeIn_pfttw_8\">vereint <\/span><span class=\"_fadeIn_pfttw_8\">reiche <\/span><span class=\"_fadeIn_pfttw_8\">Geschichte, <\/span><span class=\"_fadeIn_pfttw_8\">einzigartige <\/span><span class=\"_fadeIn_pfttw_8\">Architektur <\/span><span class=\"_fadeIn_pfttw_8\">von <\/span><span class=\"_fadeIn_pfttw_8\">entspannte <\/span><span class=\"_fadeIn_pfttw_8\">Atmosph\u00e4re <\/span><span class=\"_fadeIn_pfttw_8\">des <\/span><span class=\"_fadeIn_pfttw_8\">mediterranen Lebens. <\/span><span class=\"_fadeIn_pfttw_8\">Die Stadt <\/span><span class=\"_fadeIn_pfttw_8\">ist <\/span><span class=\"_fadeIn_pfttw_8\">ber\u00fchmt <\/span><span class=\"_fadeIn_pfttw_8\">f\u00fcr <\/span><span class=\"_fadeIn_pfttw_8\">ihre <\/span><span class=\"_fadeIn_pfttw_8\">engen <\/span><span class=\"_fadeIn_pfttw_8\">Gassen, <\/span><span class=\"_fadeIn_pfttw_8\">bunten <\/span><span class=\"_fadeIn_pfttw_8\">M\u00e4rkte, <\/span><span class=\"_fadeIn_pfttw_8\">lebendige <\/span><span class=\"_fadeIn_pfttw_8\">Kultur <\/span><span class=\"_fadeIn_pfttw_8\">und <\/span><span class=\"_fadeIn_pfttw_8\">die <\/span><span class=\"_fadeIn_pfttw_8\">unverkennbare <\/span><span class=\"_fadeIn_pfttw_8\">Handschrift <\/span><span class=\"_fadeIn_pfttw_8\">dessen <\/span><span class=\"_fadeIn_pfttw_8\">Antoni <\/span><span class=\"_fadeIn_pfttw_8\">Gaud\u00ed, <\/span><span class=\"_fadeIn_pfttw_8\">dessen <\/span><span class=\"_fadeIn_pfttw_8\">Werke <\/span><span class=\"_fadeIn_pfttw_8\">Barcelona<\/span><\/p>\n<hr \/>\n<p style=\"text-align: center;\"><span style=\"color: #000000;\"><strong>Finden Sie eine Unterkunft in Barcelona auf der Karte: <\/strong><\/span><\/p>\n<p style=\"text-align: center;\"><iframe loading=\"lazy\" id=\"stay22-widget\" src=\"https:\/\/www.stay22.com\/embed\/6963f9007ebd74cd495875cf\" width=\"100%\" height=\"428\" frameborder=\"0\"><\/iframe><\/p>\n<hr \/>\n<h3><span class=\"ez-toc-section\" id=\"Fluege_nach_Barcelona\"><\/span>Fl\u00fcge nach Barcelona<span class=\"ez-toc-section-end\"><\/span><\/h3>\n<ul>\n<li><span class=\"_fadeIn_pfttw_8\">Ein <\/span><span class=\"_fadeIn_pfttw_8\">Direktflug <\/span><span class=\"_fadeIn_pfttw_8\">von <\/span><strong data-start=\"12\" data-end=\"34\"><span class=\"_fadeIn_pfttw_8\">Prag <\/span><span class=\"_fadeIn_pfttw_8\">nach <\/span><span class=\"_fadeIn_pfttw_8\">Barcelona<\/span><\/strong> <span class=\"_fadeIn_pfttw_8\">dauert <\/span><span class=\"_fadeIn_pfttw_8\">ungef\u00e4hr <\/span><strong data-start=\"50\" data-end=\"73\"><span class=\"_fadeIn_pfttw_8\">2 <\/span><span class=\"_fadeIn_pfttw_8\">Stunden <\/span><span class=\"_fadeIn_pfttw_8\">und 20 <\/span><span class=\"_fadeIn_pfttw_8\">Minuten \/ Preise vergleichen Sie z.B. auf Skyscanner<\/span><\/strong><\/li>\n<\/ul>\n<h3><span class=\"ez-toc-section\" id=\"Wie_kommt_man_vom_Flughafen_ins_Zentrum_von_Barcelona\"><\/span>Wie kommt man vom Flughafen ins Zentrum von Barcelona?<span class=\"ez-toc-section-end\"><\/span><\/h3>\n<p><span class=\"_fadeIn_pfttw_8\">Vom <\/span><span class=\"_fadeIn_pfttw_8\">Flughafen <\/span><span class=\"_fadeIn_pfttw_8\">El <\/span><span class=\"_fadeIn_pfttw_8\">Prat (<\/span><span class=\"_fadeIn_pfttw_8\">Barcelona <\/span><span class=\"_fadeIn_pfttw_8\">El <\/span><span class=\"_fadeIn_pfttw_8\">Prat <\/span><span class=\"_fadeIn_pfttw_8\">Airport \u2013 <\/span><span class=\"_fadeIn_pfttw_8\">Code <\/span><span class=\"_fadeIn_pfttw_8\">BCN) <\/span><span class=\"_fadeIn_pfttw_8\">gelangt <\/span><span class=\"_fadeIn_pfttw_8\">man <\/span><span class=\"_fadeIn_pfttw_8\">auf <\/span><span class=\"_fadeIn_pfttw_8\">mehrere <\/span><span class=\"_fadeIn_pfttw_8\">Weisen <\/span><span class=\"_fadeIn_pfttw_8\">ins <\/span><span class=\"_fadeIn_pfttw_8\">Zentrum <\/span><span class=\"_fadeIn_pfttw_8\">von <\/span><span class=\"_fadeIn_pfttw_8\">Barcelona, <\/span><span class=\"_fadeIn_pfttw_8\">je <\/span><span class=\"_fadeIn_pfttw_8\">nachdem, <\/span><span class=\"_fadeIn_pfttw_8\">was <\/span><span class=\"_fadeIn_pfttw_8\">Sie <\/span><span class=\"_fadeIn_pfttw_8\">bevorzugen, <\/span><span class=\"_fadeIn_pfttw_8\">ob<\/span><\/p>\n<ul>\n<li><span class=\"_fadeIn_pfttw_8\" style=\"color: #000000;\"><strong data-start=\"178\" data-end=\"211\">RENFE-Zug (Linie R2 Nord)<\/strong><\/span><\/li>\n<li><span class=\"_fadeIn_pfttw_8\" style=\"color: #000000;\"><strong data-start=\"178\" data-end=\"211\">Aerobus (A1 von T1 \/ A2 von T2)<\/strong><\/span><\/li>\n<li><span class=\"_fadeIn_pfttw_8\" style=\"color: #000000;\"><strong data-start=\"178\" data-end=\"211\">Metro (Linie L9 Sud)<\/strong><\/span><\/li>\n<li><span style=\"color: #000000;\"><strong>Taxi<\/strong><\/span><\/li>\n<li><span style=\"color: #000000;\"><strong>Bestellter Transfer<\/strong><\/span><\/li>\n<\/ul>\n<h3><span class=\"ez-toc-section\" id=\"Unterkuenfte_in_Barcelona\"><\/span>Unterk\u00fcnfte in Barcelona<span class=\"ez-toc-section-end\"><\/span><\/h3>\n<ul>\n<li><span style=\"color: #008000;\"><strong><a style=\"color: #008000;\" href=\"https:\/\/booking.stay22.com\/dovolenkarka\/PeNW-LUSr0\" target=\"_blank\" rel=\"noopener\">Unterkunft in der N\u00e4he der Sagrada Fam\u00edlia <\/a><\/strong><\/span><\/li>\n<li><a href=\"https:\/\/booking.stay22.com\/dovolenkarka\/a8KC30EK2u\" target=\"_blank\" rel=\"noopener\"><span style=\"color: #008000;\"><strong>Unterkunft in der N\u00e4he der Catedral de Barcelona mit atemberaubender Aussicht <\/strong><\/span><\/a><\/li>\n<li><span style=\"color: #008000;\"><strong><a style=\"color: #008000;\" href=\"https:\/\/booking.stay22.com\/dovolenkarka\/EyHAp8dH4Y\" target=\"_blank\" rel=\"noopener\">Unterkunft an der K\u00fcste von Barcelona <\/a><\/strong><\/span><\/li>\n<\/ul>\n<div id=\"attachment_6756\" style=\"width: 1290px\" class=\"wp-caption aligncenter\"><a href=\"https:\/\/booking.stay22.com\/dovolenkarka\/4Rfo8EczT2\" target=\"_blank\" rel=\"noopener\"><img loading=\"lazy\" decoding=\"async\" aria-describedby=\"caption-attachment-6756\" class=\"size-full wp-image-6756\" src=\"https:\/\/www.dovolenkarka.cz\/wp-content\/uploads\/2019\/12\/171784428.jpg\" alt=\"Urlaub in Barcelona\" width=\"1280\" height=\"820\" srcset=\"https:\/\/www.dovolenkarka.cz\/wp-content\/uploads\/2019\/12\/171784428.jpg 1280w, https:\/\/www.dovolenkarka.cz\/wp-content\/uploads\/2019\/12\/171784428-768x492.jpg 768w\" sizes=\"auto, (max-width: 1280px) 100vw, 1280px\" \/><\/a><p id=\"caption-attachment-6756\" class=\"wp-caption-text\">Hotel Barcelona<\/p><\/div>\n<hr \/>\n<h3><span class=\"ez-toc-section\" id=\"Urlaub_in_Barcelona_%E2%80%93_11_Orte_die_Sie_hier_nicht_verpassen_sollten\"><\/span>Urlaub in Barcelona &#8211; 11 Orte, die Sie hier nicht verpassen sollten<span class=\"ez-toc-section-end\"><\/span><\/h3>\n<h4><span class=\"ez-toc-section\" id=\"1_Sagrada_Familia\"><\/span><strong data-start=\"189\" data-end=\"211\"><span class=\"_fadeIn_pfttw_8\">1.<\/span> <span class=\"_fadeIn_pfttw_8\">Sagrada<\/span> <span class=\"_fadeIn_pfttw_8\">Fam\u00edlia<\/span><\/strong><span class=\"ez-toc-section-end\"><\/span><\/h4>\n<p><span class=\"_fadeIn_pfttw_8\">Das ber\u00fchmteste Bauwerk von Antoni Gaud\u00ed, das seit 1882 gebaut wird. Ihr einzigartiges Aussehen und ihr imposantes Interieur werden auch diejenigen begeistern, die normalerweise keine sakrale Architektur suchen. Ich empfehle, Tickets im Voraus online zu kaufen. <\/span><\/p>\n<div id=\"attachment_5918\" style=\"width: 4042px\" class=\"wp-caption aligncenter\"><a href=\"https:\/\/www.dovolenkarka.cz\/de\/fullsizeoutput_349\/\" rel=\"attachment wp-att-5918\"><img loading=\"lazy\" decoding=\"async\" aria-describedby=\"caption-attachment-5918\" class=\"size-full wp-image-5918\" src=\"https:\/\/www.dovolenkarka.cz\/wp-content\/uploads\/2019\/06\/fullsizeoutput_349.jpeg\" alt=\"Sagrada Fam\u00edlia - Urlaub in Barcelona \" width=\"4032\" height=\"3024\" srcset=\"https:\/\/www.dovolenkarka.cz\/wp-content\/uploads\/2019\/06\/fullsizeoutput_349.jpeg 4032w, https:\/\/www.dovolenkarka.cz\/wp-content\/uploads\/2019\/06\/fullsizeoutput_349-768x576.jpeg 768w\" sizes=\"auto, (max-width: 4032px) 100vw, 4032px\" \/><\/a><p id=\"caption-attachment-5918\" class=\"wp-caption-text\">Urlaub in Barcelona: Gaud\u00eds Sagrada Fam\u00edlia<\/p><\/div>\n<p><span style=\"color: #008000;\"><strong>Mein TIPP:<\/strong><\/span> Vereinbaren Sie eine F\u00fchrung mit einem privaten Reiseleiter &#8211; <span style=\"color: #008000;\">www.DovolenaBarcelona.cz<\/span> \/ Unser Freund, ein zertifizierter Barcelona-Reiseleiter &#8211; Richard Hlad\u00edk, besorgt Ihnen Tickets und Sie erfahren viele interessante Dinge, die Ihnen bei einer individuellen F\u00fchrung entgehen w\u00fcrden.<\/p>\n<h4 data-start=\"432\" data-end=\"456\"><span class=\"ez-toc-section\" id=\"2_Park_Gueell\"><\/span><strong data-start=\"439\" data-end=\"456\"><span class=\"_fadeIn_pfttw_8\">2.<\/span> <span class=\"_fadeIn_pfttw_8\">Park<\/span> <span class=\"_fadeIn_pfttw_8\">G\u00fcell<\/span><\/strong><span class=\"ez-toc-section-end\"><\/span><\/h4>\n<p data-start=\"457\" data-end=\"602\"><span class=\"_fadeIn_pfttw_8\">Bunter <\/span><span class=\"_fadeIn_pfttw_8\">M\u00e4rchenhafter <\/span><span class=\"_fadeIn_pfttw_8\">Park <\/span><span class=\"_fadeIn_pfttw_8\">mit <\/span><span class=\"_fadeIn_pfttw_8\">Mosaik- <\/span><span class=\"_fadeIn_pfttw_8\">B\u00e4nken, <\/span><span class=\"_fadeIn_pfttw_8\">Pavillons <\/span><span class=\"_fadeIn_pfttw_8\">und <\/span><span class=\"_fadeIn_pfttw_8\">Blick <\/span><span class=\"_fadeIn_pfttw_8\">auf <\/span><span class=\"_fadeIn_pfttw_8\">die <\/span><span class=\"_fadeIn_pfttw_8\">Ein weiteres <\/span><span class=\"_fadeIn_pfttw_8\">Meisterwerk <\/span><span class=\"_fadeIn_pfttw_8\">von <\/span><span class=\"_fadeIn_pfttw_8\">Gaud\u00ed, <\/span><span class=\"_fadeIn_pfttw_8\">wo <\/span><span class=\"_fadeIn_pfttw_8\">sich <\/span><span class=\"_fadeIn_pfttw_8\">Natur <\/span><span class=\"_fadeIn_pfttw_8\">und <\/span><span class=\"_fadeIn_pfttw_8\">Architektur <\/span><span class=\"_fadeIn_pfttw_8\">vereinen. Tickets m\u00fcssen wieder im Voraus gebucht werden und auch hier k\u00f6nnen Sie die Dienste eines privaten Barcelona-Reiseleiters in Anspruch nehmen. <\/span><\/p>\n<div id=\"attachment_6666\" style=\"width: 4042px\" class=\"wp-caption aligncenter\"><a href=\"https:\/\/www.dovolenkarka.cz\/de\/img_9666\/\" rel=\"attachment wp-att-6666\"><img loading=\"lazy\" decoding=\"async\" aria-describedby=\"caption-attachment-6666\" class=\"size-full wp-image-6666\" src=\"https:\/\/www.dovolenkarka.cz\/wp-content\/uploads\/2019\/11\/IMG_9666.jpg\" alt=\"Park G\u00fcell - Urlaub in Barcelona\" width=\"4032\" height=\"2658\" srcset=\"https:\/\/www.dovolenkarka.cz\/wp-content\/uploads\/2019\/11\/IMG_9666.jpg 4032w, https:\/\/www.dovolenkarka.cz\/wp-content\/uploads\/2019\/11\/IMG_9666-768x506.jpg 768w, https:\/\/www.dovolenkarka.cz\/wp-content\/uploads\/2019\/11\/IMG_9666-265x174.jpg 265w\" sizes=\"auto, (max-width: 4032px) 100vw, 4032px\" \/><\/a><p id=\"caption-attachment-6666\" class=\"wp-caption-text\">Park G\u00fcell, Barcelona<\/p><\/div>\n<h4 data-start=\"457\" data-end=\"602\"><span class=\"ez-toc-section\" id=\"3_Gotisches_Viertel_Barri_Gotic\"><\/span><strong data-start=\"611\" data-end=\"645\"><span class=\"_fadeIn_pfttw_8\">3.<\/span> <span class=\"_fadeIn_pfttw_8\">Gotisches<\/span> <span class=\"_fadeIn_pfttw_8\">Viertel (<\/span><span class=\"_fadeIn_pfttw_8\">Barri<\/span> <span class=\"_fadeIn_pfttw_8\">G\u00f2tic)<\/span><\/strong><span class=\"ez-toc-section-end\"><\/span><\/h4>\n<p data-start=\"457\" data-end=\"602\"><span class=\"_fadeIn_pfttw_8\">Ein Labyrinth aus engen Gassen mit historischen Geb\u00e4uden, romantischen Pl\u00e4tzen, Caf\u00e9s und Boutiquen. Hier finden Sie auch die Catedral de Barcelona, direkt gegen\u00fcber dem Hotel Lamaro: <\/span><\/p>\n<ul>\n<li data-start=\"457\" data-end=\"602\"><span style=\"color: #008000;\"><strong><a style=\"color: #008000;\" href=\"https:\/\/booking.stay22.com\/dovolenkarka\/09gHHBb7Db\" target=\"_blank\" rel=\"noopener\">Hotel Lamaro 5* &#8211; Tipp f\u00fcr eine luxuri\u00f6se Unterkunft mit atemberaubendem Blick auf die Kathedrale <\/a><\/strong><\/span><\/li>\n<\/ul>\n<div id=\"attachment_9600\" style=\"width: 1290px\" class=\"wp-caption aligncenter\"><a href=\"https:\/\/booking.stay22.com\/dovolenkarka\/09gHHBb7Db\" target=\"_blank\" rel=\"noopener\"><img loading=\"lazy\" decoding=\"async\" aria-describedby=\"caption-attachment-9600\" class=\"size-full wp-image-9600\" src=\"https:\/\/www.dovolenkarka.cz\/wp-content\/uploads\/2025\/05\/Obrazek-60.jpg\" alt=\"Hotel Lamaro - Catedral de Barcelona\" width=\"1280\" height=\"854\" srcset=\"https:\/\/www.dovolenkarka.cz\/wp-content\/uploads\/2025\/05\/Obrazek-60.jpg 1280w, https:\/\/www.dovolenkarka.cz\/wp-content\/uploads\/2025\/05\/Obrazek-60-768x512.jpg 768w\" sizes=\"auto, (max-width: 1280px) 100vw, 1280px\" \/><\/a><p id=\"caption-attachment-9600\" class=\"wp-caption-text\">Hotel Lamaro &#8211; Catedral de Barcelona<\/p><\/div>\n<h4 data-start=\"805\" data-end=\"834\"><span class=\"ez-toc-section\" id=\"4_Picasso_Museum\"><\/span><strong data-start=\"813\" data-end=\"834\"><span class=\"_fadeIn_pfttw_8\">4.<\/span> <span class=\"_fadeIn_pfttw_8\">Picasso<\/span> <span class=\"_fadeIn_pfttw_8\">Museum<\/span><\/strong><span class=\"ez-toc-section-end\"><\/span><\/h4>\n<p><span class=\"_fadeIn_pfttw_8\">Ein <\/span><span class=\"_fadeIn_pfttw_8\">Muss <\/span><span class=\"_fadeIn_pfttw_8\">f\u00fcr <\/span><span class=\"_fadeIn_pfttw_8\">Kunstliebhaber, <\/span><span class=\"_fadeIn_pfttw_8\">hier <\/span><span class=\"_fadeIn_pfttw_8\">finden <\/span><span class=\"_fadeIn_pfttw_8\">Sie <\/span><span class=\"_fadeIn_pfttw_8\">Hunderte <\/span><span class=\"_fadeIn_pfttw_8\">Pabla <\/span><span class=\"_fadeIn_pfttw_8\">Picassa, <\/span><span class=\"_fadeIn_pfttw_8\">insbesondere <\/span><span class=\"_fadeIn_pfttw_8\">von <\/span><span class=\"_fadeIn_pfttw_8\">seiner <\/span><span class=\"_fadeIn_pfttw_8\">fr\u00fchen <\/span><span class=\"_fadeIn_pfttw_8\">Periode.<\/span><\/p>\n<h4><span class=\"ez-toc-section\" id=\"5_Camp_Nou_oder_neu_Spotify_Camp_Nou\"><\/span><span class=\"_fadeIn_pfttw_8\"><strong data-start=\"944\" data-end=\"988\">5. Camp Nou (oder neu Spotify Camp Nou)<\/strong><\/span><span class=\"ez-toc-section-end\"><\/span><\/h4>\n<p><span class=\"_fadeIn_pfttw_8\">Heimat <\/span><span class=\"_fadeIn_pfttw_8\">des ber\u00fchmten Fu\u00dfballvereins <\/span><span class=\"_fadeIn_pfttw_8\">FC <\/span><span class=\"_fadeIn_pfttw_8\">Barcelona. <\/span><span class=\"_fadeIn_pfttw_8\">Auch <\/span><span class=\"_fadeIn_pfttw_8\">wenn <\/span><span class=\"_fadeIn_pfttw_8\">Sie <\/span><span class=\"_fadeIn_pfttw_8\">kein <\/span><span class=\"_fadeIn_pfttw_8\">Fu\u00dfballfan, <\/span><span class=\"_fadeIn_pfttw_8\">stadion <\/span><span class=\"_fadeIn_pfttw_8\">und <\/span><span class=\"_fadeIn_pfttw_8\">muzeum <\/span><span class=\"_fadeIn_pfttw_8\">stoj\u00ed <\/span><span class=\"_fadeIn_pfttw_8\">za <\/span><span class=\"_fadeIn_pfttw_8\">n\u00e1v\u0161t\u011bvu.<\/span><\/p>\n<p><a href=\"https:\/\/www.dovolenkarka.cz\/de\/img_0768-2\/\" rel=\"attachment wp-att-6725\"><img loading=\"lazy\" decoding=\"async\" class=\"aligncenter size-full wp-image-6725\" src=\"https:\/\/www.dovolenkarka.cz\/wp-content\/uploads\/2019\/11\/IMG_0768-2.jpg\" alt=\"Urlaub in Barcelona \" width=\"4025\" height=\"2819\" srcset=\"https:\/\/www.dovolenkarka.cz\/wp-content\/uploads\/2019\/11\/IMG_0768-2.jpg 4025w, https:\/\/www.dovolenkarka.cz\/wp-content\/uploads\/2019\/11\/IMG_0768-2-768x537.jpg 768w\" sizes=\"auto, (max-width: 4025px) 100vw, 4025px\" \/><\/a><\/p>\n<h4><span class=\"ez-toc-section\" id=\"6_La_Rambla\"><\/span><strong data-start=\"1097\" data-end=\"1113\"><span class=\"_fadeIn_pfttw_8\">6.<\/span> <span class=\"_fadeIn_pfttw_8\">La<\/span> <span class=\"_fadeIn_pfttw_8\">Rambla<\/span><\/strong><span class=\"ez-toc-section-end\"><\/span><\/h4>\n<p><span class=\"_fadeIn_pfttw_8\">Die ber\u00fchmte Promenade, die von der Plaza Catalunya bis zum Meer f\u00fchrt. Sie ist voller Stra\u00dfenk\u00fcnstler, St\u00e4nde und Atmosph\u00e4re. Achten Sie auf Taschendiebe! <\/span><\/p>\n<h4><span class=\"ez-toc-section\" id=\"7_Strand_Barceloneta_%E2%80%93_auch_ein_separater_Urlaub_in_Barcelona\"><\/span><span class=\"_fadeIn_pfttw_8\"><strong data-start=\"1246\" data-end=\"1269\">7. Strand Barceloneta &#8211; auch ein separater Urlaub in Barcelona<\/strong><\/span><span class=\"ez-toc-section-end\"><\/span><\/h4>\n<p><span class=\"_fadeIn_pfttw_8\">Ein idealer Ort, um sich nach einem Tag voller Spazierg\u00e4nge am Meer zu entspannen. Sie k\u00f6nnen Tapas, Sangria oder einfach nur im Sand entspannen. Ich empfehle, sich ein Fahrrad zu mieten und den Weg entlang der K\u00fcste auf eigene Faust zu erkunden. Ich glaube, dass Sie von so manchem K\u00fcstenrestaurant oder Bar angelockt werden. <\/span><\/p>\n<ul>\n<li><a href=\"https:\/\/www.dovolenkarka.cz\/barcelona-na-kole-originalni-zpusob-jak-ochutnat-nejen-pobrezi-tohoto-uchvatneho-mesta\/\" target=\"_blank\" rel=\"noopener\"><span style=\"color: #008000;\"><strong>Barcelona mit dem Fahrrad <\/strong><\/span><\/a><\/li>\n<li><span style=\"color: #008000;\"><strong><a style=\"color: #008000;\" href=\"https:\/\/booking.stay22.com\/dovolenkarka\/EyHAp8dH4Y\" target=\"_blank\" rel=\"noopener\">Vergleichen Sie Unterk\u00fcnfte an der K\u00fcste von Barcelona <\/a><\/strong><\/span><\/li>\n<\/ul>\n<div id=\"attachment_5491\" style=\"width: 1009px\" class=\"wp-caption aligncenter\"><a href=\"https:\/\/www.dovolenkarka.cz\/de\/img_0455\/\" rel=\"attachment wp-att-5491\"><img loading=\"lazy\" decoding=\"async\" aria-describedby=\"caption-attachment-5491\" class=\"size-full wp-image-5491\" src=\"https:\/\/www.dovolenkarka.cz\/wp-content\/uploads\/2019\/04\/IMG_0455.jpg\" alt=\"Urlaub in Barcelona\" width=\"999\" height=\"625\" srcset=\"https:\/\/www.dovolenkarka.cz\/wp-content\/uploads\/2019\/04\/IMG_0455.jpg 999w, https:\/\/www.dovolenkarka.cz\/wp-content\/uploads\/2019\/04\/IMG_0455-768x480.jpg 768w\" sizes=\"auto, (max-width: 999px) 100vw, 999px\" \/><\/a><p id=\"caption-attachment-5491\" class=\"wp-caption-text\">Barcelona mit dem Fahrrad<\/p><\/div>\n<h4><span class=\"ez-toc-section\" id=\"8_Montjuic\"><\/span><strong data-start=\"1393\" data-end=\"1408\"><span class=\"_fadeIn_pfttw_8\">8.<\/span> <span class=\"_fadeIn_pfttw_8\">Montju\u00efc<\/span><\/strong><span class=\"ez-toc-section-end\"><\/span><\/h4>\n<p><span class=\"_fadeIn_pfttw_8\">Ein H\u00fcgel mit sch\u00f6ner Aussicht, einer Seilbahn, einem Olympiastadion, einer Festung und einem magischen Brunnen. Abends finden hier Licht- und Musikshows statt. Eine bekannte Wassershow mit Musik und Lichtern, die abends vor dem Palau Nacional stattfindet. Ein tolles Erlebnis kostenlos! <\/span><\/p>\n<p><a href=\"https:\/\/www.dovolenkarka.cz\/de\/urlaub-in-barcelona\/barcelona-7389661_1920\/\" rel=\"attachment wp-att-9623\"><img loading=\"lazy\" decoding=\"async\" class=\"aligncenter size-full wp-image-9623\" src=\"https:\/\/www.dovolenkarka.cz\/wp-content\/uploads\/2025\/05\/barcelona-7389661_1920.jpg\" alt=\"Urlaub in Barcelona \" width=\"1920\" height=\"1280\" srcset=\"https:\/\/www.dovolenkarka.cz\/wp-content\/uploads\/2025\/05\/barcelona-7389661_1920.jpg 1920w, https:\/\/www.dovolenkarka.cz\/wp-content\/uploads\/2025\/05\/barcelona-7389661_1920-768x512.jpg 768w\" sizes=\"auto, (max-width: 1920px) 100vw, 1920px\" \/><\/a><\/p>\n<h4><span class=\"ez-toc-section\" id=\"9_Casa_Batllo_und_Casa_Mila_La_Pedrera\"><\/span><span class=\"_fadeIn_pfttw_8\"><strong data-start=\"1551\" data-end=\"1594\">9. Casa Batll\u00f3 und Casa Mil\u00e0 (La Pedrera)<\/strong><\/span><span class=\"ez-toc-section-end\"><\/span><\/h4>\n<p><span class=\"_fadeIn_pfttw_8\">Zwei weitere ikonische Geb\u00e4ude von Gaud\u00ed, die seinen unverwechselbaren Stil zeigen. Beide befinden sich an der eleganten Stra\u00dfe Passeig de Gr\u00e0cia. <\/span><\/p>\n<h4><span class=\"ez-toc-section\" id=\"10_Maerkte_%E2%80%93_vor_allem_La_Boqueria\"><\/span><span class=\"_fadeIn_pfttw_8\"><strong data-start=\"1733\" data-end=\"1766\">10. M\u00e4rkte \u2013 vor allem La Boqueria<\/strong><\/span><span class=\"ez-toc-section-end\"><\/span><\/h4>\n<p><span class=\"_fadeIn_pfttw_8\">Ein idealer Ort, um frische Zutaten, Obst, Meeresfr\u00fcchte oder Tapas zu probieren. Der Markt La Boqueria in der N\u00e4he von La Rambla ist der bekannteste. <\/span><\/p>\n<div id=\"attachment_9624\" style=\"width: 1930px\" class=\"wp-caption aligncenter\"><a href=\"https:\/\/www.dovolenkarka.cz\/de\/urlaub-in-barcelona\/market-588334_1920\/\" rel=\"attachment wp-att-9624\"><img loading=\"lazy\" decoding=\"async\" aria-describedby=\"caption-attachment-9624\" class=\"size-full wp-image-9624\" src=\"https:\/\/www.dovolenkarka.cz\/wp-content\/uploads\/2025\/05\/market-588334_1920.jpg\" alt=\"Urlaub in Barcelona\" width=\"1920\" height=\"1280\" srcset=\"https:\/\/www.dovolenkarka.cz\/wp-content\/uploads\/2025\/05\/market-588334_1920.jpg 1920w, https:\/\/www.dovolenkarka.cz\/wp-content\/uploads\/2025\/05\/market-588334_1920-768x512.jpg 768w\" sizes=\"auto, (max-width: 1920px) 100vw, 1920px\" \/><\/a><p id=\"caption-attachment-9624\" class=\"wp-caption-text\">M\u00e4rkte in Barcelona<\/p><\/div>\n<h4><span class=\"ez-toc-section\" id=\"11_Dachterrassen_mit_atemberaubender_Aussicht\"><\/span><strong>11. Dachterrassen mit atemberaubender Aussicht <\/strong><span class=\"ez-toc-section-end\"><\/span><\/h4>\n<p>Der letzte Tipp ist einer meiner liebsten. Was w\u00e4re ein Urlaub in Barcelona ohne den Besuch einer der ikonischen Dachterrassen. Wenn uns in Barcelona etwas \u00fcberrascht und begeistert hat, dann sind es die Hotel-Dachterrassen mit atemberaubender Aussicht. Einige Terrassen sind auch f\u00fcr die \u00d6ffentlichkeit zug\u00e4nglich &#8211; wenn sich hier eine Bar \/ ein Restaurant befindet. Ideal ist es nat\u00fcrlich, direkt im Hotel zu \u00fcbernachten und so unbegrenzten Zugang zur Terrasse zu haben.<\/p>\n<p>Lassen Sie sich von meinem Tipp f\u00fcr 7 solcher Luxushotels inspirieren:<\/p>\n<ul>\n<li><span style=\"color: #008000;\"><strong><a style=\"color: #008000;\" href=\"https:\/\/www.dovolenkarka.cz\/de\/7-tipps-fuer-luxushotels-in-barcelona-mit-dachterrasse-und-aussicht\/\" target=\"_blank\" rel=\"noopener\">7 Tipps f\u00fcr Luxushotels in Barcelona mit Dachterrasse <\/a><\/strong><\/span><\/li>\n<\/ul>\n<p><span style=\"color: #008000;\"><strong><a style=\"color: #008000;\" href=\"https:\/\/booking.stay22.com\/dovolenkarka\/4zAlO-1vPc\" target=\"_blank\" rel=\"noopener\">&gt; BUCHEN SIE EIN HOTEL MIT DIESER TERRASSE IN DER N\u00c4HE DER SAGRADA FAM\u00cdLIA <\/a><\/strong><\/span><\/p>\n<div id=\"attachment_9625\" style=\"width: 1290px\" class=\"wp-caption aligncenter\"><a href=\"https:\/\/booking.stay22.com\/dovolenkarka\/4zAlO-1vPc\" target=\"_blank\" rel=\"noopener\"><img loading=\"lazy\" decoding=\"async\" aria-describedby=\"caption-attachment-9625\" class=\"size-full wp-image-9625\" src=\"https:\/\/www.dovolenkarka.cz\/wp-content\/uploads\/2025\/05\/Obrazek-67.jpg\" alt=\"Urlaub in Barcelona \" width=\"1280\" height=\"853\" srcset=\"https:\/\/www.dovolenkarka.cz\/wp-content\/uploads\/2025\/05\/Obrazek-67.jpg 1280w, https:\/\/www.dovolenkarka.cz\/wp-content\/uploads\/2025\/05\/Obrazek-67-768x511.jpg 768w\" sizes=\"auto, (max-width: 1280px) 100vw, 1280px\" \/><\/a><p id=\"caption-attachment-9625\" class=\"wp-caption-text\">Secrotel Hotel Rosellon<\/p><\/div>\n<hr \/>\n<p style=\"text-align: center;\"><span style=\"color: #000000;\"><strong>Speichern Sie die Tipps f\u00fcr Barcelona auch auf Pinterest, damit Sie sie leicht finden k\u00f6nnen: <\/strong><\/span><\/p>\n<p style=\"text-align: center;\"><iframe loading=\"lazy\" src=\"https:\/\/assets.pinterest.com\/ext\/embed.html?id=1049057306957528414\" width=\"345\" height=\"714\" frameborder=\"0\" scrolling=\"no\"><\/iframe><\/p>\n","protected":false},"excerpt":{"rendered":"<p>Steht Ihnen (nicht nur) der erste Urlaub in Barcelona bevor und Sie suchen Tipps f\u00fcr Orte, die man hier gesehen haben sollte? Barcelona ist eine Stadt voller architektonischer Juwelen, lebendiger Kultur, schmackhaften Essens und maritimer Atmosph\u00e4re. Ich habe f\u00fcr Sie seznam 11 zusammengestellt, die Sie bei Ihrem Besuch unbedingt besuchen: Urlaub in Barcelona Barcelona ist eine K\u00fcsten- pulsierende Metropole,, die in sich vereint reiche Geschichte, einzigartige Architektur von entspannte Atmosph\u00e4re des mediterranen Lebens. Die Stadt ist ber\u00fchmt f\u00fcr ihre engen Gassen, bunten M\u00e4rkte, lebendige Kultur und die unverkennbare Handschrift dessen Antoni Gaud\u00ed, dessen Werke Barcelona Finden Sie eine Unterkunft in <\/p>\n","protected":false},"author":1,"featured_media":12949,"comment_status":"closed","ping_status":"closed","sticky":false,"template":"","format":"standard","meta":{"footnotes":""},"categories":[5182],"tags":[5198,5183,5195,5196,5197],"class_list":["post-12948","post","type-post","status-publish","format-standard","has-post-thumbnail","hentry","category-barcelona","tag-dachterrassen-in-barcelona","tag-unterkunft-in-barcelona","tag-urlaub-in-barcelona","tag-was-man-in-barcelona-unternehmen-kann","tag-wie-man-vom-flughafen-nach-barcelona-kommt","has_thumb"],"aioseo_notices":[],"_links":{"self":[{"href":"https:\/\/www.dovolenkarka.cz\/de\/wp-json\/wp\/v2\/posts\/12948","targetHints":{"allow":["GET"]}}],"collection":[{"href":"https:\/\/www.dovolenkarka.cz\/de\/wp-json\/wp\/v2\/posts"}],"about":[{"href":"https:\/\/www.dovolenkarka.cz\/de\/wp-json\/wp\/v2\/types\/post"}],"author":[{"embeddable":true,"href":"https:\/\/www.dovolenkarka.cz\/de\/wp-json\/wp\/v2\/users\/1"}],"replies":[{"embeddable":true,"href":"https:\/\/www.dovolenkarka.cz\/de\/wp-json\/wp\/v2\/comments?post=12948"}],"version-history":[{"count":1,"href":"https:\/\/www.dovolenkarka.cz\/de\/wp-json\/wp\/v2\/posts\/12948\/revisions"}],"predecessor-version":[{"id":12996,"href":"https:\/\/www.dovolenkarka.cz\/de\/wp-json\/wp\/v2\/posts\/12948\/revisions\/12996"}],"wp:featuredmedia":[{"embeddable":true,"href":"https:\/\/www.dovolenkarka.cz\/de\/wp-json\/wp\/v2\/media\/12949"}],"wp:attachment":[{"href":"https:\/\/www.dovolenkarka.cz\/de\/wp-json\/wp\/v2\/media?parent=12948"}],"wp:term":[{"taxonomy":"category","embeddable":true,"href":"https:\/\/www.dovolenkarka.cz\/de\/wp-json\/wp\/v2\/categories?post=12948"},{"taxonomy":"post_tag","embeddable":true,"href":"https:\/\/www.dovolenkarka.cz\/de\/wp-json\/wp\/v2\/tags?post=12948"}],"curies":[{"name":"wp","href":"https:\/\/api.w.org\/{rel}","templated":true}]}}