{"id":12950,"date":"2025-10-21T16:14:36","date_gmt":"2025-10-21T14:14:36","guid":{"rendered":"https:\/\/www.dovolenkarka.cz\/wochenende-in-barcelona-ein-4-tage-reiseplan-voller-toller-erlebnisse-2026\/"},"modified":"2026-02-01T17:18:11","modified_gmt":"2026-02-01T16:18:11","slug":"wochenende-in-barcelona-ein-4-tage-reiseplan","status":"publish","type":"post","link":"https:\/\/www.dovolenkarka.cz\/de\/wochenende-in-barcelona-ein-4-tage-reiseplan\/","title":{"rendered":"Wochenende in Barcelona: Ein 4-Tage-Reiseplan voller toller Erlebnisse (2026)"},"content":{"rendered":"<p data-start=\"0\" data-end=\"84\"><span style=\"color: #000000;\"><strong>Wochenende in Barcelona: Ein 4-Tage-Reiseplan voller Architektur, Gastronomie und Atmosph\u00e4re<\/strong><\/span><\/p>\n<p data-start=\"86\" data-end=\"438\"><span style=\"color: #000000;\"><strong><a style=\"color: #000000;\" href=\"https:\/\/www.booking.com\/searchresults.cs.html?aid=347511&amp;label=mkt123sc-be162644-ab72-4058-a62b-2641d8045d4d&amp;sid=2ec81714fa30d6b6b49f17286c59a3f3&amp;sb=1&amp;src=hotel&amp;src_elem=sb&amp;error_url=https%3A%2F%2Fwww.booking.com%2Fhotel%2Fes%2Fayre-rosellon.cs.html%3Faid%3D347511%26label%3Dmkt123sc-be162644-ab72-4058-a62b-2641d8045d4d%26sid%3D2ec81714fa30d6b6b49f17286c59a3f3%26dist%3D0%3Bgroup_adults%3D1%3Bgroup_children%3D0%3Bhapos%3D2%3Bhpos%3D2%3Bno_rooms%3D1%3Breq_adults%3D1%3Breq_children%3D0%3Broom1%3DA%3Bsb_price_type%3Dtotal%3Bsr_order%3Ddistance_from_search%3Bsrepoch%3D1761055576%3Bsrpvid%3D385d63272fad0067%3Btype%3Dtotal%3Bucfs%3D1%26&amp;highlighted_hotels=188825&amp;hp_sbox=1&amp;ss=Barcelona&amp;is_ski_area=0&amp;ssne=Barcelona&amp;ssne_untouched=Barcelona&amp;city=-372490&amp;checkin_year=&amp;checkin_month=&amp;checkout_year=&amp;checkout_month=&amp;group_adults=1&amp;group_children=0&amp;no_rooms=1&amp;from_sf=1\" target=\"_blank\" rel=\"noopener\">Barcelona geh\u00f6rt zu den attraktivsten europ\u00e4ischen St\u00e4dten<\/a><\/strong><\/span> \u2014 es vereint Eleganz, Geschichte und Entspannung am Meer. Wenn Sie sich vier Tage Zeit nehmen, k\u00f6nnen Sie die ber\u00fchmtesten Orte ohne Eile erleben und haben Raum f\u00fcr echte Entdeckungen. Ich habe diesen Reiseplan so zusammengestellt, dass die Routen geografisch und zeitlich sinnvoll sind und gleichzeitig ein harmonisches Tempo zwischen Erkundung und Erholung bieten.<\/p>\n<p data-start=\"86\" data-end=\"438\">Ich glaube, dass Sie in meinem Reiseplan Inspiration finden werden, auch wenn Sie wiederholt nach Barcelona zur\u00fcckkehren. Besonders das Programm des 4. Tages ist mein Favorit f\u00fcr wiederholte Besuche. Nat\u00fcrlich auch mit einem Kochkurs <a href=\"https:\/\/www.booking.com\/searchresults.cs.html?aid=347511&amp;label=mkt123sc-be162644-ab72-4058-a62b-2641d8045d4d&amp;sid=2ec81714fa30d6b6b49f17286c59a3f3&amp;sb=1&amp;src=hotel&amp;src_elem=sb&amp;error_url=https%3A%2F%2Fwww.booking.com%2Fhotel%2Fes%2Fayre-rosellon.cs.html%3Faid%3D347511%26label%3Dmkt123sc-be162644-ab72-4058-a62b-2641d8045d4d%26sid%3D2ec81714fa30d6b6b49f17286c59a3f3%26dist%3D0%3Bgroup_adults%3D1%3Bgroup_children%3D0%3Bhapos%3D2%3Bhpos%3D2%3Bno_rooms%3D1%3Breq_adults%3D1%3Breq_children%3D0%3Broom1%3DA%3Bsb_price_type%3Dtotal%3Bsr_order%3Ddistance_from_search%3Bsrepoch%3D1761055576%3Bsrpvid%3D385d63272fad0067%3Btype%3Dtotal%3Bucfs%3D1%26&amp;highlighted_hotels=188825&amp;hp_sbox=1&amp;ss=Barcelona&amp;is_ski_area=0&amp;ssne=Barcelona&amp;ssne_untouched=Barcelona&amp;city=-372490&amp;checkin_year=&amp;checkin_month=&amp;checkout_year=&amp;checkout_month=&amp;group_adults=1&amp;group_children=0&amp;no_rooms=1&amp;from_sf=1\" target=\"_blank\" rel=\"noopener\"><span style=\"color: #000000;\">und der Unterbringung in einem der unten genannten Hotels.<\/span><\/a><\/p>\n<p style=\"text-align: center;\" data-start=\"86\" data-end=\"438\"><span style=\"color: #008000;\"><strong><a style=\"color: #008000;\" href=\"https:\/\/www.dovolenkarka.cz\/de\/urlaub-in-barcelona-2026-11-orte-die-sie-hier-nicht-verpassen-sollten\/\" target=\"_blank\" rel=\"noopener\">Urlaub in Barcelona: 11 Tipps f\u00fcr Orte und Erlebnisse, die Sie sehen und erleben m\u00fcssen<\/a><\/strong><\/span><\/p>\n<p data-start=\"86\" data-end=\"438\"><a href=\"https:\/\/www.booking.com\/searchresults.cs.html?aid=347511&amp;label=mkt123sc-be162644-ab72-4058-a62b-2641d8045d4d&amp;sid=2ec81714fa30d6b6b49f17286c59a3f3&amp;sb=1&amp;src=hotel&amp;src_elem=sb&amp;error_url=https%3A%2F%2Fwww.booking.com%2Fhotel%2Fes%2Fayre-rosellon.cs.html%3Faid%3D347511%26label%3Dmkt123sc-be162644-ab72-4058-a62b-2641d8045d4d%26sid%3D2ec81714fa30d6b6b49f17286c59a3f3%26dist%3D0%3Bgroup_adults%3D1%3Bgroup_children%3D0%3Bhapos%3D2%3Bhpos%3D2%3Bno_rooms%3D1%3Breq_adults%3D1%3Breq_children%3D0%3Broom1%3DA%3Bsb_price_type%3Dtotal%3Bsr_order%3Ddistance_from_search%3Bsrepoch%3D1761055576%3Bsrpvid%3D385d63272fad0067%3Btype%3Dtotal%3Bucfs%3D1%26&amp;highlighted_hotels=188825&amp;hp_sbox=1&amp;ss=Barcelona&amp;is_ski_area=0&amp;ssne=Barcelona&amp;ssne_untouched=Barcelona&amp;city=-372490&amp;checkin_year=&amp;checkin_month=&amp;checkout_year=&amp;checkout_month=&amp;group_adults=1&amp;group_children=0&amp;no_rooms=1&amp;from_sf=1\" target=\"_blank\" rel=\"noopener\"><img loading=\"lazy\" decoding=\"async\" class=\"aligncenter size-full wp-image-10388\" src=\"https:\/\/www.dovolenkarka.cz\/wp-content\/uploads\/2025\/10\/Obrazek-17-scaled.jpg\" alt=\"Wochenende in Barcelona\" width=\"2560\" height=\"2560\" srcset=\"https:\/\/www.dovolenkarka.cz\/wp-content\/uploads\/2025\/10\/Obrazek-17-scaled.jpg 2560w, https:\/\/www.dovolenkarka.cz\/wp-content\/uploads\/2025\/10\/Obrazek-17-300x300.jpg 300w, https:\/\/www.dovolenkarka.cz\/wp-content\/uploads\/2025\/10\/Obrazek-17-150x150.jpg 150w, https:\/\/www.dovolenkarka.cz\/wp-content\/uploads\/2025\/10\/Obrazek-17-1536x1536.jpg 1536w, https:\/\/www.dovolenkarka.cz\/wp-content\/uploads\/2025\/10\/Obrazek-17-2048x2048.jpg 2048w, https:\/\/www.dovolenkarka.cz\/wp-content\/uploads\/2025\/10\/Obrazek-17-70x70.jpg 70w\" sizes=\"auto, (max-width: 2560px) 100vw, 2560px\" \/><\/a><\/p>\n<hr \/>\n<div id=\"ez-toc-container\" class=\"ez-toc-v2_0_82_2 counter-hierarchy ez-toc-counter ez-toc-grey ez-toc-container-direction\">\n<div class=\"ez-toc-title-container\">\n<p class=\"ez-toc-title\" style=\"cursor:inherit\">Table of Contents<\/p>\n<span class=\"ez-toc-title-toggle\"><a href=\"#\" class=\"ez-toc-pull-right ez-toc-btn ez-toc-btn-xs ez-toc-btn-default ez-toc-toggle\" aria-label=\"Toggle Table of Content\"><span class=\"ez-toc-js-icon-con\"><span class=\"\"><span class=\"eztoc-hide\" style=\"display:none;\">Toggle<\/span><span class=\"ez-toc-icon-toggle-span\"><svg style=\"fill: #999;color:#999\" xmlns=\"http:\/\/www.w3.org\/2000\/svg\" class=\"list-377408\" width=\"20px\" height=\"20px\" viewBox=\"0 0 24 24\" fill=\"none\"><path d=\"M6 6H4v2h2V6zm14 0H8v2h12V6zM4 11h2v2H4v-2zm16 0H8v2h12v-2zM4 16h2v2H4v-2zm16 0H8v2h12v-2z\" fill=\"currentColor\"><\/path><\/svg><svg style=\"fill: #999;color:#999\" class=\"arrow-unsorted-368013\" xmlns=\"http:\/\/www.w3.org\/2000\/svg\" width=\"10px\" height=\"10px\" viewBox=\"0 0 24 24\" version=\"1.2\" baseProfile=\"tiny\"><path d=\"M18.2 9.3l-6.2-6.3-6.2 6.3c-.2.2-.3.4-.3.7s.1.5.3.7c.2.2.4.3.7.3h11c.3 0 .5-.1.7-.3.2-.2.3-.5.3-.7s-.1-.5-.3-.7zM5.8 14.7l6.2 6.3 6.2-6.3c.2-.2.3-.5.3-.7s-.1-.5-.3-.7c-.2-.2-.4-.3-.7-.3h-11c-.3 0-.5.1-.7.3-.2.2-.3.5-.3.7s.1.5.3.7z\"\/><\/svg><\/span><\/span><\/span><\/a><\/span><\/div>\n<nav><ul class='ez-toc-list ez-toc-list-level-1 ' ><li class='ez-toc-page-1 ez-toc-heading-level-2'><a class=\"ez-toc-link ez-toc-heading-1\" href=\"https:\/\/www.dovolenkarka.cz\/de\/wochenende-in-barcelona-ein-4-tage-reiseplan\/#Unterkuenfte_in_Barcelona\" >Unterk\u00fcnfte in Barcelona<\/a><ul class='ez-toc-list-level-3' ><li class='ez-toc-heading-level-3'><a class=\"ez-toc-link ez-toc-heading-2\" href=\"https:\/\/www.dovolenkarka.cz\/de\/wochenende-in-barcelona-ein-4-tage-reiseplan\/#1_SERCOTEL_HOTEL_ROSELLON\" >1. SERCOTEL HOTEL ROSELLON<\/a><\/li><li class='ez-toc-page-1 ez-toc-heading-level-3'><a class=\"ez-toc-link ez-toc-heading-3\" href=\"https:\/\/www.dovolenkarka.cz\/de\/wochenende-in-barcelona-ein-4-tage-reiseplan\/#2_LAMARO_HOTEL\" >2. LAMARO HOTEL<\/a><\/li><\/ul><\/li><li class='ez-toc-page-1 ez-toc-heading-level-2'><a class=\"ez-toc-link ez-toc-heading-4\" href=\"https:\/\/www.dovolenkarka.cz\/de\/wochenende-in-barcelona-ein-4-tage-reiseplan\/#Wochenende_in_Barcelona\" >Wochenende in Barcelona<\/a><\/li><li class='ez-toc-page-1 ez-toc-heading-level-2'><a class=\"ez-toc-link ez-toc-heading-5\" href=\"https:\/\/www.dovolenkarka.cz\/de\/wochenende-in-barcelona-ein-4-tage-reiseplan\/#Tag_1_%E2%80%94_Das_Gotische_Viertel_und_das_Herz_der_Stadt\" >Tag 1 \u2014 Das Gotische Viertel und das Herz der Stadt<\/a><ul class='ez-toc-list-level-3' ><li class='ez-toc-heading-level-3'><a class=\"ez-toc-link ez-toc-heading-6\" href=\"https:\/\/www.dovolenkarka.cz\/de\/wochenende-in-barcelona-ein-4-tage-reiseplan\/#Barri_Gotic\" >Barri G\u00f2tic<\/a><\/li><li class='ez-toc-page-1 ez-toc-heading-level-3'><a class=\"ez-toc-link ez-toc-heading-7\" href=\"https:\/\/www.dovolenkarka.cz\/de\/wochenende-in-barcelona-ein-4-tage-reiseplan\/#La_Rambla_und_Mercat_de_la_Boqueria\" >La Rambla und Mercat de la Boqueria<\/a><\/li><li class='ez-toc-page-1 ez-toc-heading-level-3'><a class=\"ez-toc-link ez-toc-heading-8\" href=\"https:\/\/www.dovolenkarka.cz\/de\/wochenende-in-barcelona-ein-4-tage-reiseplan\/#El_Born_und_die_Basilika_Santa_Maria_del_Mar\" >El Born und die Basilika Santa Mar\u00eda del Mar<\/a><\/li><li class='ez-toc-page-1 ez-toc-heading-level-3'><a class=\"ez-toc-link ez-toc-heading-9\" href=\"https:\/\/www.dovolenkarka.cz\/de\/wochenende-in-barcelona-ein-4-tage-reiseplan\/#Abendessen_in_Port_Vell\" >Abendessen in Port Vell<\/a><\/li><\/ul><\/li><li class='ez-toc-page-1 ez-toc-heading-level-2'><a class=\"ez-toc-link ez-toc-heading-10\" href=\"https:\/\/www.dovolenkarka.cz\/de\/wochenende-in-barcelona-ein-4-tage-reiseplan\/#Tag_2_%E2%80%94_Modernismus_und_Gaudis_Meisterschaft_Wochenende_in_Barcelona\" >Tag 2 \u2014 Modernismus und Gaud\u00eds Meisterschaft \/ Wochenende in Barcelona<\/a><ul class='ez-toc-list-level-3' ><li class='ez-toc-heading-level-3'><a class=\"ez-toc-link ez-toc-heading-11\" href=\"https:\/\/www.dovolenkarka.cz\/de\/wochenende-in-barcelona-ein-4-tage-reiseplan\/#Sagrada_Familia\" >Sagrada Fam\u00edlia<\/a><\/li><li class='ez-toc-page-1 ez-toc-heading-level-3'><a class=\"ez-toc-link ez-toc-heading-12\" href=\"https:\/\/www.dovolenkarka.cz\/de\/wochenende-in-barcelona-ein-4-tage-reiseplan\/#Hospital_de_Sant_Pau\" >Hospital de Sant Pau<\/a><\/li><li class='ez-toc-page-1 ez-toc-heading-level-3'><a class=\"ez-toc-link ez-toc-heading-13\" href=\"https:\/\/www.dovolenkarka.cz\/de\/wochenende-in-barcelona-ein-4-tage-reiseplan\/#Passeig_de_Gracia_Casa_Batllo_und_Casa_Mila\" >Passeig de Gr\u00e0cia, Casa Batll\u00f3 und Casa Mil\u00e0<\/a><\/li><li class='ez-toc-page-1 ez-toc-heading-level-3'><a class=\"ez-toc-link ez-toc-heading-14\" href=\"https:\/\/www.dovolenkarka.cz\/de\/wochenende-in-barcelona-ein-4-tage-reiseplan\/#Abendessen_in_Eixample\" >Abendessen in Eixample<\/a><\/li><\/ul><\/li><li class='ez-toc-page-1 ez-toc-heading-level-2'><a class=\"ez-toc-link ez-toc-heading-15\" href=\"https:\/\/www.dovolenkarka.cz\/de\/wochenende-in-barcelona-ein-4-tage-reiseplan\/#Tag_3_%E2%80%94_Parc_Gueell_Ausblicke_und_Kultur_Wochenende_in_Barcelona\" >Tag 3 \u2014 Parc G\u00fcell, Ausblicke und Kultur \/ Wochenende in Barcelona<\/a><ul class='ez-toc-list-level-3' ><li class='ez-toc-heading-level-3'><a class=\"ez-toc-link ez-toc-heading-16\" href=\"https:\/\/www.dovolenkarka.cz\/de\/wochenende-in-barcelona-ein-4-tage-reiseplan\/#_Gueell\" >\u00a0G\u00fcell<\/a><\/li><li class='ez-toc-page-1 ez-toc-heading-level-3'><a class=\"ez-toc-link ez-toc-heading-17\" href=\"https:\/\/www.dovolenkarka.cz\/de\/wochenende-in-barcelona-ein-4-tage-reiseplan\/#Bunkers_del_Carmel\" >Bunkers del Carmel<\/a><\/li><li class='ez-toc-page-1 ez-toc-heading-level-3'><a class=\"ez-toc-link ez-toc-heading-18\" href=\"https:\/\/www.dovolenkarka.cz\/de\/wochenende-in-barcelona-ein-4-tage-reiseplan\/#Picasso-Museum\" >Picasso-Museum<\/a><\/li><li class='ez-toc-page-1 ez-toc-heading-level-3'><a class=\"ez-toc-link ez-toc-heading-19\" href=\"https:\/\/www.dovolenkarka.cz\/de\/wochenende-in-barcelona-ein-4-tage-reiseplan\/#Abend_auf_der_Carrer_de_Blai\" >Abend auf der Carrer de Blai<\/a><\/li><\/ul><\/li><li class='ez-toc-page-1 ez-toc-heading-level-2'><a class=\"ez-toc-link ez-toc-heading-20\" href=\"https:\/\/www.dovolenkarka.cz\/de\/wochenende-in-barcelona-ein-4-tage-reiseplan\/#Tag_4_%E2%80%94_Montjuic_und_das_Meer_Wochenende_in_Barcelona\" >Tag 4 \u2014 Montju\u00efc und das Meer \/ Wochenende in Barcelona<\/a><ul class='ez-toc-list-level-3' ><li class='ez-toc-heading-level-3'><a class=\"ez-toc-link ez-toc-heading-21\" href=\"https:\/\/www.dovolenkarka.cz\/de\/wochenende-in-barcelona-ein-4-tage-reiseplan\/#Montjuic\" >Montju\u00efc<\/a><\/li><li class='ez-toc-page-1 ez-toc-heading-level-3'><a class=\"ez-toc-link ez-toc-heading-22\" href=\"https:\/\/www.dovolenkarka.cz\/de\/wochenende-in-barcelona-ein-4-tage-reiseplan\/#Fundacio_Joan_Miro_und_Botanischer_Garten_Wochenende_in_Barcelona\" >Fundaci\u00f3 Joan Mir\u00f3 und Botanischer Garten \/Wochenende in Barcelona<\/a><\/li><li class='ez-toc-page-1 ez-toc-heading-level-3'><a class=\"ez-toc-link ez-toc-heading-23\" href=\"https:\/\/www.dovolenkarka.cz\/de\/wochenende-in-barcelona-ein-4-tage-reiseplan\/#Barceloneta_und_Strand\" >Barceloneta und Strand<\/a><\/li><\/ul><\/li><\/ul><\/nav><\/div>\n<h2 data-start=\"86\" data-end=\"438\"><span class=\"ez-toc-section\" id=\"Unterkuenfte_in_Barcelona\"><\/span>Unterk\u00fcnfte in Barcelona<span class=\"ez-toc-section-end\"><\/span><\/h2>\n<hr \/>\n<p><span style=\"color: #000000;\"><a style=\"color: #000000;\" href=\"https:\/\/www.booking.com\/searchresults.cs.html?aid=347511&amp;label=mkt123sc-be162644-ab72-4058-a62b-2641d8045d4d&amp;sid=2ec81714fa30d6b6b49f17286c59a3f3&amp;sb=1&amp;src=hotel&amp;src_elem=sb&amp;error_url=https%3A%2F%2Fwww.booking.com%2Fhotel%2Fes%2Fayre-rosellon.cs.html%3Faid%3D347511%26label%3Dmkt123sc-be162644-ab72-4058-a62b-2641d8045d4d%26sid%3D2ec81714fa30d6b6b49f17286c59a3f3%26dist%3D0%3Bgroup_adults%3D1%3Bgroup_children%3D0%3Bhapos%3D2%3Bhpos%3D2%3Bno_rooms%3D1%3Breq_adults%3D1%3Breq_children%3D0%3Broom1%3DA%3Bsb_price_type%3Dtotal%3Bsr_order%3Ddistance_from_search%3Bsrepoch%3D1761055576%3Bsrpvid%3D385d63272fad0067%3Btype%3Dtotal%3Bucfs%3D1%26&amp;highlighted_hotels=188825&amp;hp_sbox=1&amp;ss=Barcelona&amp;is_ski_area=0&amp;ssne=Barcelona&amp;ssne_untouched=Barcelona&amp;city=-372490&amp;checkin_year=&amp;checkin_month=&amp;checkout_year=&amp;checkout_month=&amp;group_adults=1&amp;group_children=0&amp;no_rooms=1&amp;from_sf=1\" target=\"_blank\" rel=\"noopener\">Es gibt viele Unterk\u00fcnfte in Barcelona<\/a><\/span> und Sie k\u00f6nnen zwischen echten historischen und modernen Juwelen w\u00e4hlen. Wenn Sie in der Hauptsaison anreisen, empfehle ich, das von Ihnen gew\u00e4hlte Hotel rechtzeitig im Voraus zu buchen. Au\u00dferhalb der Saison genie\u00dfen Sie nicht nur die ruhigere Atmosph\u00e4re dieser beliebten katalanischen Stadt, sondern Ihr Budget wird auch von angenehmen Rabatten auf Unterk\u00fcnfte profitieren.<\/p>\n<p>Angesichts unseres viert\u00e4gigen Reiseplans empfehle ich pers\u00f6nlich diese beiden gepr\u00fcften Hotels, die sich direkt im Zentrum befinden, in der N\u00e4he meiner Ausflugstipps:<\/p>\n<h3><span class=\"ez-toc-section\" id=\"1_SERCOTEL_HOTEL_ROSELLON\"><\/span><span style=\"color: #000000;\"><strong><a style=\"color: #000000;\" href=\"https:\/\/www.booking.com\/hotel\/es\/ayre-rosellon.cs.html?aid=347511&amp;label=mkt123sc-be162644-ab72-4058-a62b-2641d8045d4d&amp;sid=2ec81714fa30d6b6b49f17286c59a3f3&amp;dist=0&amp;group_adults=1&amp;group_children=0&amp;hapos=2&amp;hpos=2&amp;no_rooms=1&amp;req_adults=1&amp;req_children=0&amp;room1=A&amp;sb_price_type=total&amp;sr_order=distance_from_search&amp;srepoch=1761055576&amp;srpvid=385d63272fad0067&amp;type=total&amp;ucfs=1tab-main\" target=\"_blank\" rel=\"noopener\">1. SERCOTEL HOTEL ROSELLON<\/a><\/strong><\/span><span class=\"ez-toc-section-end\"><\/span><\/h3>\n<ul>\n<li>Das Hotel liegt direkt an der Sagrada Familia und auch vom U-Bahnhof sind es buchst\u00e4blich nur wenige Meter<\/li>\n<li>Ein ikonischer Ausblick von der Dachterrasse, wo sich auch eine Bar befindet<\/li>\n<\/ul>\n<p style=\"text-align: center;\"><span style=\"color: #008000;\"><a style=\"color: #008000;\" href=\"https:\/\/www.booking.com\/hotel\/es\/ayre-rosellon.cs.html?aid=347511&amp;label=mkt123sc-be162644-ab72-4058-a62b-2641d8045d4d&amp;sid=2ec81714fa30d6b6b49f17286c59a3f3&amp;dist=0&amp;group_adults=1&amp;group_children=0&amp;hapos=2&amp;hpos=2&amp;no_rooms=1&amp;req_adults=1&amp;req_children=0&amp;room1=A&amp;sb_price_type=total&amp;sr_order=distance_from_search&amp;srepoch=1761055576&amp;srpvid=385d63272fad0067&amp;type=total&amp;ucfs=1tab-main\" target=\"_blank\" rel=\"noopener\"><em><strong>&gt;&gt; Termin pr\u00fcfen und Aufenthalt HIER buchen<\/strong><\/em><\/a><\/span><\/p>\n<p><a href=\"https:\/\/www.booking.com\/hotel\/es\/ayre-rosellon.cs.html?aid=347511&amp;label=mkt123sc-be162644-ab72-4058-a62b-2641d8045d4d&amp;sid=2ec81714fa30d6b6b49f17286c59a3f3&amp;dist=0&amp;group_adults=1&amp;group_children=0&amp;hapos=2&amp;hpos=2&amp;no_rooms=1&amp;req_adults=1&amp;req_children=0&amp;room1=A&amp;sb_price_type=total&amp;sr_order=distance_from_search&amp;srepoch=1761055576&amp;srpvid=385d63272fad0067&amp;type=total&amp;ucfs=1tab-main\" target=\"_blank\" rel=\"noopener\"><img loading=\"lazy\" decoding=\"async\" class=\"aligncenter size-full wp-image-10383\" src=\"https:\/\/www.dovolenkarka.cz\/wp-content\/uploads\/2025\/10\/Obrazek-12.jpg\" alt=\"Wochenende in Barcelona - Secrotel Hotel Rosellon\" width=\"1024\" height=\"682\" srcset=\"https:\/\/www.dovolenkarka.cz\/wp-content\/uploads\/2025\/10\/Obrazek-12.jpg 1024w, https:\/\/www.dovolenkarka.cz\/wp-content\/uploads\/2025\/10\/Obrazek-12-768x511.jpg 768w\" sizes=\"auto, (max-width: 1024px) 100vw, 1024px\" \/><\/a><\/p>\n<h3><span class=\"ez-toc-section\" id=\"2_LAMARO_HOTEL\"><\/span><span style=\"color: #000000;\"><strong><a style=\"color: #000000;\" href=\"https:\/\/www.booking.com\/hotel\/es\/colon-barcelona.cs.html?aid=347511&amp;label=mkt123sc-be162644-ab72-4058-a62b-2641d8045d4d&amp;sid=2ec81714fa30d6b6b49f17286c59a3f3&amp;dest_id=93365&amp;dest_type=hotel&amp;dist=0&amp;group_adults=1&amp;group_children=0&amp;hapos=1&amp;hpos=1&amp;no_rooms=1&amp;req_adults=1&amp;req_children=0&amp;room1=A&amp;sb_price_type=total&amp;sr_order=popularity&amp;srepoch=1761055479&amp;srpvid=3a5962f75f9a06e2&amp;type=total&amp;ucfs=1hotelTmpl\" target=\"_blank\" rel=\"noopener\">2. LAMARO HOTEL<\/a><\/strong><\/span><span class=\"ez-toc-section-end\"><\/span><\/h3>\n<ul>\n<li>Ein luxuri\u00f6ses und elegantes 5* Hotel direkt an der Kathedrale von Barcelona<\/li>\n<li>Nur 5 Gehminuten von der Plaza Catalunya entfernt<\/li>\n<\/ul>\n<p style=\"text-align: center;\"><span style=\"color: #808000;\"><a style=\"color: #808000;\" href=\"https:\/\/www.booking.com\/hotel\/es\/colon-barcelona.cs.html?aid=347511&amp;label=mkt123sc-be162644-ab72-4058-a62b-2641d8045d4d&amp;sid=2ec81714fa30d6b6b49f17286c59a3f3&amp;dest_id=93365&amp;dest_type=hotel&amp;dist=0&amp;group_adults=1&amp;group_children=0&amp;hapos=1&amp;hpos=1&amp;no_rooms=1&amp;req_adults=1&amp;req_children=0&amp;room1=A&amp;sb_price_type=total&amp;sr_order=popularity&amp;srepoch=1761055479&amp;srpvid=3a5962f75f9a06e2&amp;type=total&amp;ucfs=1hotelTmpl\" target=\"_blank\" rel=\"noopener\"><strong><em><span style=\"color: #008000;\">&gt;&gt; Termin pr\u00fcfen und Aufenthalt HIER buchen<\/span><\/em><\/strong><\/a><\/span><\/p>\n<p><img loading=\"lazy\" decoding=\"async\" class=\"aligncenter size-full wp-image-10384\" src=\"https:\/\/www.dovolenkarka.cz\/wp-content\/uploads\/2025\/10\/Obrazek-13-1.jpg\" alt=\"Wochenende in Barcelona - Lamaro Hotel\" width=\"1024\" height=\"683\" srcset=\"https:\/\/www.dovolenkarka.cz\/wp-content\/uploads\/2025\/10\/Obrazek-13-1.jpg 1024w, https:\/\/www.dovolenkarka.cz\/wp-content\/uploads\/2025\/10\/Obrazek-13-1-768x512.jpg 768w\" sizes=\"auto, (max-width: 1024px) 100vw, 1024px\" \/><\/p>\n<hr \/>\n<h2 data-start=\"86\" data-end=\"438\"><span class=\"ez-toc-section\" id=\"Wochenende_in_Barcelona\"><\/span>Wochenende in Barcelona<span class=\"ez-toc-section-end\"><\/span><\/h2>\n<hr \/>\n<h2 data-start=\"445\" data-end=\"485\"><span class=\"ez-toc-section\" id=\"Tag_1_%E2%80%94_Das_Gotische_Viertel_und_das_Herz_der_Stadt\"><\/span>Tag 1 \u2014 Das Gotische Viertel und das Herz der Stadt<span class=\"ez-toc-section-end\"><\/span><\/h2>\n<h3 data-start=\"487\" data-end=\"737\"><span class=\"ez-toc-section\" id=\"Barri_Gotic\"><\/span><strong data-start=\"487\" data-end=\"502\">Barri G\u00f2tic<\/strong><span class=\"ez-toc-section-end\"><\/span><\/h3>\n<ul>\n<li data-start=\"487\" data-end=\"737\">Beginnen Sie Ihr Wochenende in Barcelona im historischen Herzen Barcelonas, wo sich enge Gassen mit kleinen Pl\u00e4tzen und steinernen B\u00f6gen kreuzen. Das Gotische Viertel bietet eine authentische Atmosph\u00e4re des alten Barcelonas, die Sie am besten bei einem Spaziergang um die Kathedrale der Heiligen Eulalia sp\u00fcren.<\/li>\n<\/ul>\n<p><a href=\"https:\/\/www.dovolenkarka.cz\/de\/wochenende-in-barcelona-ein-4-tage-reiseplan\/obrazek-2-4\/\" rel=\"attachment wp-att-10387\"><img loading=\"lazy\" decoding=\"async\" class=\"aligncenter size-full wp-image-10387\" src=\"https:\/\/www.dovolenkarka.cz\/wp-content\/uploads\/2025\/10\/Obrazek-2-scaled.jpg\" alt=\"Wochenende in Barcelona\" width=\"2560\" height=\"2560\" srcset=\"https:\/\/www.dovolenkarka.cz\/wp-content\/uploads\/2025\/10\/Obrazek-2-scaled.jpg 2560w, https:\/\/www.dovolenkarka.cz\/wp-content\/uploads\/2025\/10\/Obrazek-2-300x300.jpg 300w, https:\/\/www.dovolenkarka.cz\/wp-content\/uploads\/2025\/10\/Obrazek-2-150x150.jpg 150w, https:\/\/www.dovolenkarka.cz\/wp-content\/uploads\/2025\/10\/Obrazek-2-1536x1536.jpg 1536w, https:\/\/www.dovolenkarka.cz\/wp-content\/uploads\/2025\/10\/Obrazek-2-2048x2048.jpg 2048w, https:\/\/www.dovolenkarka.cz\/wp-content\/uploads\/2025\/10\/Obrazek-2-70x70.jpg 70w\" sizes=\"auto, (max-width: 2560px) 100vw, 2560px\" \/><\/a><\/p>\n<h3 data-start=\"739\" data-end=\"1000\"><span class=\"ez-toc-section\" id=\"La_Rambla_und_Mercat_de_la_Boqueria\"><\/span><strong data-start=\"739\" data-end=\"776\">La Rambla und Mercat de la Boqueria<\/strong><span class=\"ez-toc-section-end\"><\/span><\/h3>\n<ul>\n<li data-start=\"739\" data-end=\"1000\">Setzen Sie Ihren Weg auf der ber\u00fchmten Stra\u00dfe La Rambla fort, wo sich K\u00fcnstler, Blumend\u00fcfte und Delikatessenst\u00e4nde vermischen. Halten Sie auf dem Markt Boqueria, dem \u00e4ltesten und lebhaftesten Markt der Stadt, wo Sie frische Meeresfr\u00fcchte oder den lokalen traditionellen Trockenschinken, Jam\u00f3n Ib\u00e9rico, probieren k\u00f6nnen.<\/li>\n<\/ul>\n<p><a href=\"https:\/\/www.dovolenkarka.cz\/de\/wochenende-in-barcelona-ein-4-tage-reiseplan\/obrazek-6-3\/\" rel=\"attachment wp-att-10386\"><img loading=\"lazy\" decoding=\"async\" class=\"aligncenter size-full wp-image-10386\" src=\"https:\/\/www.dovolenkarka.cz\/wp-content\/uploads\/2025\/10\/Obrazek-6-scaled.jpg\" alt=\"Wochenende in Barcelona \" width=\"2560\" height=\"2560\" srcset=\"https:\/\/www.dovolenkarka.cz\/wp-content\/uploads\/2025\/10\/Obrazek-6-scaled.jpg 2560w, https:\/\/www.dovolenkarka.cz\/wp-content\/uploads\/2025\/10\/Obrazek-6-300x300.jpg 300w, https:\/\/www.dovolenkarka.cz\/wp-content\/uploads\/2025\/10\/Obrazek-6-150x150.jpg 150w, https:\/\/www.dovolenkarka.cz\/wp-content\/uploads\/2025\/10\/Obrazek-6-1536x1536.jpg 1536w, https:\/\/www.dovolenkarka.cz\/wp-content\/uploads\/2025\/10\/Obrazek-6-2048x2048.jpg 2048w, https:\/\/www.dovolenkarka.cz\/wp-content\/uploads\/2025\/10\/Obrazek-6-70x70.jpg 70w\" sizes=\"auto, (max-width: 2560px) 100vw, 2560px\" \/><\/a><\/p>\n<h3 data-start=\"1002\" data-end=\"1265\"><span class=\"ez-toc-section\" id=\"El_Born_und_die_Basilika_Santa_Maria_del_Mar\"><\/span><strong data-start=\"1002\" data-end=\"1044\">El Born und die Basilika Santa Mar\u00eda del Mar<\/strong><span class=\"ez-toc-section-end\"><\/span><\/h3>\n<ul>\n<li data-start=\"1002\" data-end=\"1265\">El Born ist ein stilvolles Viertel voller Designl\u00e4den und kleiner Caf\u00e9s. Das Wahrzeichen ist die Basilika Santa Mar\u00eda del Mar, ein Meisterwerk der katalanischen Gotik mit einem beeindruckenden Interieur, das sowohl ruhig als auch monumental wirkt.<\/li>\n<\/ul>\n<h3 data-start=\"1002\" data-end=\"1265\"><span class=\"ez-toc-section\" id=\"Abendessen_in_Port_Vell\"><\/span><strong data-start=\"1267\" data-end=\"1289\">Abendessen in Port Vell<\/strong><span class=\"ez-toc-section-end\"><\/span><\/h3>\n<ul>\n<li data-start=\"1002\" data-end=\"1265\">Beenden Sie den Tag am Hafen Port Vell, wo sich bei Sonnenuntergang Schiffe und moderne Glasgeb\u00e4ude auf der Meeresoberfl\u00e4che spiegeln. G\u00f6nnen Sie sich ein Abendessen in einem der Restaurants mit Meerblick. Es ist ein idealer Empfang f\u00fcr den Rhythmus der langen Abende von Barcelona. Denken Sie daran, dass man in Barcelona sp\u00e4ter zu Abend isst, als in Deutschland \u00fcblich.<\/li>\n<\/ul>\n<hr \/>\n<h2 data-start=\"1505\" data-end=\"1551\"><span class=\"ez-toc-section\" id=\"Tag_2_%E2%80%94_Modernismus_und_Gaudis_Meisterschaft_Wochenende_in_Barcelona\"><\/span>Tag 2 \u2014 Modernismus und Gaud\u00eds Meisterschaft \/ <span style=\"color: #000000;\"><strong>Wochenende in Barcelona<\/strong><\/span><span class=\"ez-toc-section-end\"><\/span><\/h2>\n<h3 data-start=\"1553\" data-end=\"1804\"><span class=\"ez-toc-section\" id=\"Sagrada_Familia\"><\/span><strong data-start=\"1553\" data-end=\"1572\">Sagrada Fam\u00edlia<\/strong><span class=\"ez-toc-section-end\"><\/span><\/h3>\n<ul>\n<li data-start=\"1553\" data-end=\"1804\">Widmen Sie den Morgen dem ber\u00fchmtesten Bauwerk Barcelonas. Die Basilika Sagrada Fam\u00edlia ist ein Symbol der Stadt und ein Werk, das mit detaillierter Symbolik und Licht, das durch bunte Glasfenster dringt, beeindruckt. Buchen Sie Tickets im Voraus &#8211; die Warteschlangen sind lang! Wenn Sie die Besichtigung stressfrei genie\u00dfen und viele interessante Fakten erfahren m\u00f6chten, buchen Sie eine private F\u00fchrung mit meinem Freund, der gleichzeitig <span style=\"color: #008000;\"><em>zertifizierter Reiseleiter f\u00fcr Barcelona ist &#8211; Richard Hlad\u00edk &#8211; Urlaub Barcelona <\/em><\/span><\/li>\n<\/ul>\n<p><a href=\"https:\/\/www.dovolenkarka.cz\/de\/wochenende-in-barcelona-ein-4-tage-reiseplan\/sagrada-familia-552084_1920\/\" rel=\"attachment wp-att-10395\"><img loading=\"lazy\" decoding=\"async\" class=\"aligncenter size-full wp-image-10395\" src=\"https:\/\/www.dovolenkarka.cz\/wp-content\/uploads\/2025\/10\/sagrada-familia-552084_1920.jpg\" alt=\"Wochenende in Barcelona\" width=\"1920\" height=\"1606\" srcset=\"https:\/\/www.dovolenkarka.cz\/wp-content\/uploads\/2025\/10\/sagrada-familia-552084_1920.jpg 1920w, https:\/\/www.dovolenkarka.cz\/wp-content\/uploads\/2025\/10\/sagrada-familia-552084_1920-768x642.jpg 768w\" sizes=\"auto, (max-width: 1920px) 100vw, 1920px\" \/><\/a><\/p>\n<h3 data-start=\"1806\" data-end=\"2058\"><span class=\"ez-toc-section\" id=\"Hospital_de_Sant_Pau\"><\/span><strong data-start=\"1806\" data-end=\"1830\">Hospital de Sant Pau<\/strong><span class=\"ez-toc-section-end\"><\/span><\/h3>\n<ul>\n<li data-start=\"1806\" data-end=\"2058\">Nur wenige Gehminuten von der Sagrada Fam\u00edlia entfernt liegt der weniger bekannte, aber \u00e4u\u00dferst beeindruckende Komplex Hospital de Sant Pau. Dieses modernistische Areal steht auf der UNESCO-Liste und \u00fcberrascht mit seiner Kombination aus Architektur, Mosaiken und G\u00e4rten.<\/li>\n<\/ul>\n<h3 data-start=\"2060\" data-end=\"2367\"><span class=\"ez-toc-section\" id=\"Passeig_de_Gracia_Casa_Batllo_und_Casa_Mila\"><\/span><strong data-start=\"2060\" data-end=\"2106\">Passeig de Gr\u00e0cia, Casa Batll\u00f3 und Casa Mil\u00e0<\/strong><span class=\"ez-toc-section-end\"><\/span><\/h3>\n<ul>\n<li data-start=\"2060\" data-end=\"2367\">Am Nachmittag spazieren Sie die Stra\u00dfe Passeig de Gr\u00e0cia entlang, wo Mode, Architektur und Luxus aufeinandertreffen. Besuchen Sie zwei der ber\u00fchmtesten Realisierungen von Gaud\u00ed, n\u00e4mlich Casa Batll\u00f3 und Casa Mil\u00e0 (La Pedrera). Beide H\u00e4user zeigen, wie der Architekt Funktionalit\u00e4t, Kunst und Fantasie verbinden konnte.<\/li>\n<\/ul>\n<h3 data-start=\"2060\" data-end=\"2367\"><span class=\"ez-toc-section\" id=\"Abendessen_in_Eixample\"><\/span><strong data-start=\"2369\" data-end=\"2390\">Abendessen in Eixample<\/strong><span class=\"ez-toc-section-end\"><\/span><\/h3>\n<ul>\n<li data-start=\"2060\" data-end=\"2367\">Das elegante Viertel Eixample bietet eine Vielzahl von renommierten Restaurants mit katalanischer und internationaler K\u00fcche. G\u00f6nnen Sie sich ein Degustationsmen\u00fc oder moderne Tapas in einer Umgebung, die den anspruchsvollen Charakter der Stadt widerspiegelt.<\/li>\n<li data-start=\"2060\" data-end=\"2367\">Alternativ k\u00f6nnen Sie einen Kochkurs buchen, z. B. einen Abendkurs zur Zubereitung des traditionellen spanischen Gerichts Paella. Pers\u00f6nlich halten K\u00e1ja und ich dieses abendliche Kochen f\u00fcr eines der besten Erlebnisse in Barcelona und ich empfehle, dass dieses Erlebnis auch in Ihrem Reiseplan f\u00fcr ein Wochenende in Barcelona nicht fehlen sollte:<\/li>\n<li data-start=\"2060\" data-end=\"2367\"><span style=\"color: #008000;\"><strong><a style=\"color: #008000;\" href=\"https:\/\/www.dovolenkarka.cz\/co-zazit-v-barcelone-vecerni-kurz-vareni-tradicni-spanelske-kuchyne\/\" target=\"_blank\" rel=\"noopener\">Tipp f\u00fcr einen abendlichen Kochkurs in Barcelona <\/a><\/strong><\/span><\/li>\n<\/ul>\n<p><a href=\"https:\/\/www.dovolenkarka.cz\/de\/fullsizeoutput_53e\/\" rel=\"attachment wp-att-6574\"><img loading=\"lazy\" decoding=\"async\" class=\"aligncenter size-full wp-image-6574\" src=\"https:\/\/www.dovolenkarka.cz\/wp-content\/uploads\/2019\/11\/fullsizeoutput_53e.jpeg\" alt=\"Kochkurs in Barcelona \" width=\"4013\" height=\"2428\" srcset=\"https:\/\/www.dovolenkarka.cz\/wp-content\/uploads\/2019\/11\/fullsizeoutput_53e.jpeg 4013w, https:\/\/www.dovolenkarka.cz\/wp-content\/uploads\/2019\/11\/fullsizeoutput_53e-768x464.jpeg 768w\" sizes=\"auto, (max-width: 4013px) 100vw, 4013px\" \/><\/a><\/p>\n<hr \/>\n<h2 data-start=\"2606\" data-end=\"2648\"><span class=\"ez-toc-section\" id=\"Tag_3_%E2%80%94_Parc_Gueell_Ausblicke_und_Kultur_Wochenende_in_Barcelona\"><\/span>Tag 3 \u2014 Parc G\u00fcell, Ausblicke und Kultur \/ <span style=\"color: #000000;\"><strong>Wochenende in Barcelona<\/strong><\/span><span class=\"ez-toc-section-end\"><\/span><\/h2>\n<h3 data-start=\"2650\" data-end=\"2921\"><span class=\"ez-toc-section\" id=\"_Gueell\"><\/span><strong data-start=\"2650\" data-end=\"2664\">\u00a0G\u00fcell<\/strong><span class=\"ez-toc-section-end\"><\/span><\/h3>\n<ul>\n<li data-start=\"2650\" data-end=\"2921\">Beginnen Sie den Tag in einem der ikonischsten Parks Europas. Dieser Ort sollte in Ihrem Reiseplan f\u00fcr ein Wochenende in Barcelona auf keinen Fall fehlen. Der Parc G\u00fcell ist eine farbenfrohe Feier der Natur und der Fantasie von Antoni Gaud\u00ed. Er bietet Panoramablicke auf die Stadt und jedes Detail, von Mosaiken bis hin zu architektonischen Elementen, erz\u00e4hlt eine Geschichte \u00fcber Kreativit\u00e4t.<\/li>\n<li data-start=\"2650\" data-end=\"2921\">F\u00fcr eine private F\u00fchrung und die Sicherheit einer Eintrittsreservierung empfehle ich, sich wieder an <span style=\"color: #008000;\">den zertifizierten Reiseleiter von Barcelona &#8211; Richard Hlad\u00edk <\/span> zu wenden.<\/li>\n<li><span style=\"color: #008000;\"><strong><a style=\"color: #008000;\" href=\"https:\/\/www.dovolenkarka.cz\/park-guell-barcelona-pohadkove-misto-ktere-vas-uchvati-nejen-gaudiho-architekturou\/\" target=\"_blank\" rel=\"noopener\">Parc G\u00fcell: ein m\u00e4rchenhafter Ort, der Sie nicht nur mit seiner Architektur begeistern wird<\/a><\/strong><\/span><\/li>\n<\/ul>\n<p><a href=\"https:\/\/www.dovolenkarka.cz\/de\/wochenende-in-barcelona-ein-4-tage-reiseplan\/obrazek-15-4\/\" rel=\"attachment wp-att-10390\"><img loading=\"lazy\" decoding=\"async\" class=\"aligncenter size-full wp-image-10390\" src=\"https:\/\/www.dovolenkarka.cz\/wp-content\/uploads\/2025\/10\/Obrazek-15-1-scaled.jpg\" alt=\"Wochenende in Barcelona\" width=\"2560\" height=\"2560\" srcset=\"https:\/\/www.dovolenkarka.cz\/wp-content\/uploads\/2025\/10\/Obrazek-15-1-scaled.jpg 2560w, https:\/\/www.dovolenkarka.cz\/wp-content\/uploads\/2025\/10\/Obrazek-15-1-300x300.jpg 300w, https:\/\/www.dovolenkarka.cz\/wp-content\/uploads\/2025\/10\/Obrazek-15-1-150x150.jpg 150w, https:\/\/www.dovolenkarka.cz\/wp-content\/uploads\/2025\/10\/Obrazek-15-1-1536x1536.jpg 1536w, https:\/\/www.dovolenkarka.cz\/wp-content\/uploads\/2025\/10\/Obrazek-15-1-2048x2048.jpg 2048w, https:\/\/www.dovolenkarka.cz\/wp-content\/uploads\/2025\/10\/Obrazek-15-1-70x70.jpg 70w\" sizes=\"auto, (max-width: 2560px) 100vw, 2560px\" \/><\/a><\/p>\n<h3 data-start=\"2923\" data-end=\"3146\"><span class=\"ez-toc-section\" id=\"Bunkers_del_Carmel\"><\/span><strong data-start=\"2923\" data-end=\"2945\">Bunkers del Carmel<\/strong><span class=\"ez-toc-section-end\"><\/span><\/h3>\n<ul>\n<li data-start=\"2923\" data-end=\"3146\">Unweit des Parks befindet sich der Aussichtspunkt Bunkers del Carmel, von dem sich einer der besten Ausblicke auf ganz Barcelona bietet. Es ist ein idealer Ort f\u00fcr die Nachmittagsruhe und die Beobachtung des Sonnenuntergangs \u00fcber der Stadt.<\/li>\n<\/ul>\n<h3 data-start=\"3148\" data-end=\"3357\"><span class=\"ez-toc-section\" id=\"Picasso-Museum\"><\/span><strong data-start=\"3148\" data-end=\"3166\">Picasso-Museum<\/strong><span class=\"ez-toc-section-end\"><\/span><\/h3>\n<ul>\n<li data-start=\"3148\" data-end=\"3357\">Am Nachmittag kehren Sie ins Zentrum zur\u00fcck, in das Viertel El Born, wo sich das Picasso-Museum befindet. Die Sammlung zeigt die Entwicklung des K\u00fcnstlers von der Jugend bis zur fr\u00fchen kubistischen Periode und geh\u00f6rt zu den bedeutendsten ihrer Art.<\/li>\n<\/ul>\n<h3 data-start=\"3359\" data-end=\"3560\"><span class=\"ez-toc-section\" id=\"Abend_auf_der_Carrer_de_Blai\"><\/span><strong data-start=\"3359\" data-end=\"3386\">Abend auf der Carrer de Blai<\/strong><span class=\"ez-toc-section-end\"><\/span><\/h3>\n<ul>\n<li data-start=\"3359\" data-end=\"3560\">Beenden Sie den Tag mit Tapas im Viertel Poble Sec. Die Stra\u00dfe Carrer de Blai ist bekannt f\u00fcr ihre Bars, in denen Sie kleine Portionen Pinchos ausw\u00e4hlen und lokale Weine in ungezwungener Atmosph\u00e4re probieren k\u00f6nnen.<\/li>\n<\/ul>\n<hr \/>\n<h2 data-start=\"3567\" data-end=\"3595\"><span class=\"ez-toc-section\" id=\"Tag_4_%E2%80%94_Montjuic_und_das_Meer_Wochenende_in_Barcelona\"><\/span>Tag 4 \u2014 Montju\u00efc und das Meer \/ <span style=\"color: #000000;\"><strong>Wochenende in Barcelona<\/strong><\/span><span class=\"ez-toc-section-end\"><\/span><\/h2>\n<h3 data-start=\"3597\" data-end=\"3840\"><span class=\"ez-toc-section\" id=\"Montjuic\"><\/span><strong data-start=\"3597\" data-end=\"3609\">Montju\u00efc<\/strong><span class=\"ez-toc-section-end\"><\/span><\/h3>\n<ul>\n<li data-start=\"3597\" data-end=\"3840\">Widmen Sie den letzten Tag dem gr\u00fcnen H\u00fcgel Montju\u00efc. Der Besuch des Schlosses Castell de Montju\u00efc bietet nicht nur einen Einblick in die Geschichte, sondern auch weitreichende Ausblicke auf den Hafen. Ich empfehle, mit der Seilbahn hinaufzufahren, die Fahrt selbst bietet Ihnen einen tollen Blick auf die Stadt von oben.<\/li>\n<li data-start=\"3597\" data-end=\"3840\">Dieses Programm f\u00fcr den letzten Tag ist wahrscheinlich mein Lieblingsprogramm f\u00fcr ein Wochenende in Barcelona. Ich kann mir vorstellen, dass, wenn Sie schon mehrmals hierher kommen, die Erlebnisse dieses Tages leicht in ein entspanntes, aktives Wochenende aufgeteilt werden k\u00f6nnen.<\/li>\n<\/ul>\n<p><a href=\"https:\/\/www.dovolenkarka.cz\/de\/wochenende-in-barcelona-ein-4-tage-reiseplan\/obrazek-7-4\/\" rel=\"attachment wp-att-10392\"><img loading=\"lazy\" decoding=\"async\" class=\"aligncenter size-full wp-image-10392\" src=\"https:\/\/www.dovolenkarka.cz\/wp-content\/uploads\/2025\/10\/Obrazek-7.jpg\" alt=\"Wochenende in Barcelona\" width=\"1920\" height=\"1280\" srcset=\"https:\/\/www.dovolenkarka.cz\/wp-content\/uploads\/2025\/10\/Obrazek-7.jpg 1920w, https:\/\/www.dovolenkarka.cz\/wp-content\/uploads\/2025\/10\/Obrazek-7-768x512.jpg 768w\" sizes=\"auto, (max-width: 1920px) 100vw, 1920px\" \/><\/a><\/p>\n<p><a href=\"https:\/\/www.dovolenkarka.cz\/de\/wochenende-in-barcelona-ein-4-tage-reiseplan\/cable-car-7060573_1920\/\" rel=\"attachment wp-att-10396\"><img loading=\"lazy\" decoding=\"async\" class=\"aligncenter size-full wp-image-10396\" src=\"https:\/\/www.dovolenkarka.cz\/wp-content\/uploads\/2025\/10\/cable-car-7060573_1920.jpg\" alt=\"Wochenende in Barcelona\" width=\"1920\" height=\"1000\" srcset=\"https:\/\/www.dovolenkarka.cz\/wp-content\/uploads\/2025\/10\/cable-car-7060573_1920.jpg 1920w, https:\/\/www.dovolenkarka.cz\/wp-content\/uploads\/2025\/10\/cable-car-7060573_1920-768x400.jpg 768w\" sizes=\"auto, (max-width: 1920px) 100vw, 1920px\" \/><\/a><\/p>\n<h3 data-start=\"3842\" data-end=\"4080\"><span class=\"ez-toc-section\" id=\"Fundacio_Joan_Miro_und_Botanischer_Garten_Wochenende_in_Barcelona\"><\/span><strong data-start=\"3842\" data-end=\"3884\">Fundaci\u00f3 Joan Mir\u00f3 und Botanischer Garten \/<span style=\"color: #000000;\">Wochenende in Barcelona<\/span><\/strong><span class=\"ez-toc-section-end\"><\/span><\/h3>\n<ul>\n<li data-start=\"3842\" data-end=\"4080\">In der Umgebung von Montju\u00efc befindet sich die Galerie Fundaci\u00f3 Joan Mir\u00f3 mit einer umfangreichen Sammlung von Werken des katalanischen Surrealisten. Ein Spaziergang durch die angrenzenden botanischen G\u00e4rten ist ein angenehmer Kontrast zum st\u00e4dtischen Trubel.<\/li>\n<\/ul>\n<h3 data-start=\"4082\" data-end=\"4304\"><span class=\"ez-toc-section\" id=\"Barceloneta_und_Strand\"><\/span><strong data-start=\"4082\" data-end=\"4104\">Barceloneta und Strand<\/strong><span class=\"ez-toc-section-end\"><\/span><\/h3>\n<ul>\n<li data-start=\"4082\" data-end=\"4304\">Am Nachmittag kehren Sie zur\u00fcck zum Meer. Das Viertel Barceloneta ist der ideale Ort zum Entspannen. Sie k\u00f6nnen entlang der K\u00fcstenpromenade spazieren oder in einem Fischrestaurant mit Blick auf das Mittelmeer zu Mittag essen.<\/li>\n<li data-start=\"4082\" data-end=\"4304\">Ich pers\u00f6nlich empfehle, Fahrr\u00e4der zu mieten und mit dem Fahrrad entlang des Radwegs die K\u00fcste um Barcelona zu erkunden.<\/li>\n<li data-start=\"4082\" data-end=\"4304\"><span style=\"color: #008000;\"><strong><a style=\"color: #008000;\" href=\"https:\/\/www.dovolenkarka.cz\/barcelona-na-kole-originalni-zpusob-jak-ochutnat-nejen-pobrezi-tohoto-uchvatneho-mesta\/\" target=\"_blank\" rel=\"noopener\">Barcelona mit dem Fahrrad: eine originelle Art, diese Stadt zu genie\u00dfen<\/a><\/strong><\/span><\/li>\n<\/ul>\n<p><a href=\"https:\/\/www.dovolenkarka.cz\/de\/wochenende-in-barcelona-ein-4-tage-reiseplan\/obrazek-10-8\/\" rel=\"attachment wp-att-10393\"><img loading=\"lazy\" decoding=\"async\" class=\"aligncenter size-full wp-image-10393\" src=\"https:\/\/www.dovolenkarka.cz\/wp-content\/uploads\/2025\/10\/Obrazek-10.jpg\" alt=\"Wochenende in Barcelona\" width=\"999\" height=\"625\" srcset=\"https:\/\/www.dovolenkarka.cz\/wp-content\/uploads\/2025\/10\/Obrazek-10.jpg 999w, https:\/\/www.dovolenkarka.cz\/wp-content\/uploads\/2025\/10\/Obrazek-10-768x480.jpg 768w\" sizes=\"auto, (max-width: 999px) 100vw, 999px\" \/><\/a><\/p>\n<p><a href=\"https:\/\/www.dovolenkarka.cz\/de\/wochenende-in-barcelona-ein-4-tage-reiseplan\/obrazek-11-5\/\" rel=\"attachment wp-att-10394\"><img loading=\"lazy\" decoding=\"async\" class=\"aligncenter size-full wp-image-10394\" src=\"https:\/\/www.dovolenkarka.cz\/wp-content\/uploads\/2025\/10\/Obrazek-11.jpg\" alt=\"Wochenende in Barcelona\" width=\"990\" height=\"619\" srcset=\"https:\/\/www.dovolenkarka.cz\/wp-content\/uploads\/2025\/10\/Obrazek-11.jpg 990w, https:\/\/www.dovolenkarka.cz\/wp-content\/uploads\/2025\/10\/Obrazek-11-768x480.jpg 768w\" sizes=\"auto, (max-width: 990px) 100vw, 990px\" \/><\/a><\/p>\n<p data-start=\"4306\" data-end=\"4570\"><strong data-start=\"4306\" data-end=\"4337\">Abschlie\u00dfendes Abendessen mit Aussicht<\/strong><\/p>\n<ul>\n<li data-start=\"4306\" data-end=\"4570\">W\u00e4hlen Sie f\u00fcr den letzten Abend Ihres Wochenendes in Barcelona z. B. ein Dachrestaurant oder eine Bar mit Panoramablick auf die Stadt. Zum Beispiel in der Gegend von Port Olimpic oder \u00fcber dem Passeig de Gr\u00e0cia. Barcelona h\u00fcllt sich am Abend in Lichter und bietet den bestm\u00f6glichen Abschluss Ihres viert\u00e4gigen Aufenthalts<\/li>\n<\/ul>\n<hr \/>\n<p style=\"text-align: center;\"><span style=\"color: #000000;\"><strong>Ich hoffe, Sie haben Ihr Wochenende in Barcelona genossen und werden sich noch lange angenehm daran erinnern. Und wenn Sie bereits weitere Ausfl\u00fcge planen, lassen Sie sich <\/strong><\/span><span style=\"color: #000000;\"><span style=\"caret-color: #000000;\"><b>von meinen weiteren Tipps inspirieren: <\/b><\/span><\/span><\/p>\n<ul>\n<li><span style=\"color: #008000;\"><strong><a style=\"color: #008000;\" href=\"https:\/\/rakouskajezera.cz\/vikend-v-gosau\/\" target=\"_blank\" rel=\"noopener\">Wochenende in Gosau und Umgebung: Ein 3-Tage-Reiseplan<\/a><\/strong><\/span><\/li>\n<li><span style=\"color: #008000;\"><strong><a style=\"color: #008000;\" href=\"https:\/\/rakouskajezera.cz\/vikend-u-traunsee\/\" target=\"_blank\" rel=\"noopener\">Wochenende am Traunsee: 9 Ausflugstipps<\/a><\/strong><\/span><\/li>\n<li><span style=\"color: #008000;\"><strong><a style=\"color: #008000;\" href=\"https:\/\/www.dovolenkarka.cz\/dovolena-v-sitges-spanelsko\/\" target=\"_blank\" rel=\"noopener\">Urlaub in Sitges &#8211; gerne auch nur f\u00fcr ein Wochenende <\/a><\/strong><\/span><\/li>\n<\/ul>\n","protected":false},"excerpt":{"rendered":"<p>Wochenende in Barcelona: Ein 4-Tage-Reiseplan voller Architektur, Gastronomie und Atmosph\u00e4re Barcelona geh\u00f6rt zu den attraktivsten europ\u00e4ischen St\u00e4dten \u2014 es vereint Eleganz, Geschichte und Entspannung am Meer. Wenn Sie sich vier Tage Zeit nehmen, k\u00f6nnen Sie die ber\u00fchmtesten Orte ohne Eile erleben und haben Raum f\u00fcr echte Entdeckungen. Ich habe diesen Reiseplan so zusammengestellt, dass die Routen geografisch und zeitlich sinnvoll sind und gleichzeitig ein harmonisches Tempo zwischen Erkundung und Erholung bieten. Ich glaube, dass Sie in meinem Reiseplan Inspiration finden werden, auch wenn Sie wiederholt nach Barcelona zur\u00fcckkehren. Besonders das Programm des 4. Tages ist mein Favorit f\u00fcr wiederholte Besuche. <\/p>\n","protected":false},"author":1,"featured_media":12953,"comment_status":"closed","ping_status":"closed","sticky":false,"template":"","format":"standard","meta":{"footnotes":""},"categories":[5182],"tags":[5199,5202,5183,5200,5196,5201],"class_list":["post-12950","post","type-post","status-publish","format-standard","has-post-thumbnail","hentry","category-barcelona","tag-barcelona","tag-barcelona-reiseplan","tag-unterkunft-in-barcelona","tag-was-man-in-barcelona-sehen-kann","tag-was-man-in-barcelona-unternehmen-kann","tag-wochenende-in-barcelona","has_thumb"],"aioseo_notices":[],"_links":{"self":[{"href":"https:\/\/www.dovolenkarka.cz\/de\/wp-json\/wp\/v2\/posts\/12950","targetHints":{"allow":["GET"]}}],"collection":[{"href":"https:\/\/www.dovolenkarka.cz\/de\/wp-json\/wp\/v2\/posts"}],"about":[{"href":"https:\/\/www.dovolenkarka.cz\/de\/wp-json\/wp\/v2\/types\/post"}],"author":[{"embeddable":true,"href":"https:\/\/www.dovolenkarka.cz\/de\/wp-json\/wp\/v2\/users\/1"}],"replies":[{"embeddable":true,"href":"https:\/\/www.dovolenkarka.cz\/de\/wp-json\/wp\/v2\/comments?post=12950"}],"version-history":[{"count":2,"href":"https:\/\/www.dovolenkarka.cz\/de\/wp-json\/wp\/v2\/posts\/12950\/revisions"}],"predecessor-version":[{"id":12986,"href":"https:\/\/www.dovolenkarka.cz\/de\/wp-json\/wp\/v2\/posts\/12950\/revisions\/12986"}],"wp:featuredmedia":[{"embeddable":true,"href":"https:\/\/www.dovolenkarka.cz\/de\/wp-json\/wp\/v2\/media\/12953"}],"wp:attachment":[{"href":"https:\/\/www.dovolenkarka.cz\/de\/wp-json\/wp\/v2\/media?parent=12950"}],"wp:term":[{"taxonomy":"category","embeddable":true,"href":"https:\/\/www.dovolenkarka.cz\/de\/wp-json\/wp\/v2\/categories?post=12950"},{"taxonomy":"post_tag","embeddable":true,"href":"https:\/\/www.dovolenkarka.cz\/de\/wp-json\/wp\/v2\/tags?post=12950"}],"curies":[{"name":"wp","href":"https:\/\/api.w.org\/{rel}","templated":true}]}}