{"id":12954,"date":"2026-01-05T18:19:59","date_gmt":"2026-01-05T17:19:59","guid":{"rendered":"https:\/\/www.dovolenkarka.cz\/valencia-reisefuehrer-fuer-4-tage-was-man-sehen-und-wo-man-uebernachten-kann\/"},"modified":"2026-02-01T17:10:19","modified_gmt":"2026-02-01T16:10:19","slug":"valencia-reisefuhrer","status":"publish","type":"post","link":"https:\/\/www.dovolenkarka.cz\/de\/valencia-reisefuhrer\/","title":{"rendered":"Valencia Reisef\u00fchrer f\u00fcr 4 Tage: Was man sehen und wo man \u00fcbernachten kann"},"content":{"rendered":"<div id=\"ez-toc-container\" class=\"ez-toc-v2_0_82_2 counter-hierarchy ez-toc-counter ez-toc-grey ez-toc-container-direction\">\n<div class=\"ez-toc-title-container\">\n<p class=\"ez-toc-title\" style=\"cursor:inherit\">Table of Contents<\/p>\n<span class=\"ez-toc-title-toggle\"><a href=\"#\" class=\"ez-toc-pull-right ez-toc-btn ez-toc-btn-xs ez-toc-btn-default ez-toc-toggle\" aria-label=\"Toggle Table of Content\"><span class=\"ez-toc-js-icon-con\"><span class=\"\"><span class=\"eztoc-hide\" style=\"display:none;\">Toggle<\/span><span class=\"ez-toc-icon-toggle-span\"><svg style=\"fill: #999;color:#999\" xmlns=\"http:\/\/www.w3.org\/2000\/svg\" class=\"list-377408\" width=\"20px\" height=\"20px\" viewBox=\"0 0 24 24\" fill=\"none\"><path d=\"M6 6H4v2h2V6zm14 0H8v2h12V6zM4 11h2v2H4v-2zm16 0H8v2h12v-2zM4 16h2v2H4v-2zm16 0H8v2h12v-2z\" fill=\"currentColor\"><\/path><\/svg><svg style=\"fill: #999;color:#999\" class=\"arrow-unsorted-368013\" xmlns=\"http:\/\/www.w3.org\/2000\/svg\" width=\"10px\" height=\"10px\" viewBox=\"0 0 24 24\" version=\"1.2\" baseProfile=\"tiny\"><path d=\"M18.2 9.3l-6.2-6.3-6.2 6.3c-.2.2-.3.4-.3.7s.1.5.3.7c.2.2.4.3.7.3h11c.3 0 .5-.1.7-.3.2-.2.3-.5.3-.7s-.1-.5-.3-.7zM5.8 14.7l6.2 6.3 6.2-6.3c.2-.2.3-.5.3-.7s-.1-.5-.3-.7c-.2-.2-.4-.3-.7-.3h-11c-.3 0-.5.1-.7.3-.2.2-.3.5-.3.7s.1.5.3.7z\"\/><\/svg><\/span><\/span><\/span><\/a><\/span><\/div>\n<nav><ul class='ez-toc-list ez-toc-list-level-1 ' ><li class='ez-toc-page-1 ez-toc-heading-level-2'><a class=\"ez-toc-link ez-toc-heading-1\" href=\"https:\/\/www.dovolenkarka.cz\/de\/valencia-reisefuhrer\/#Valencia_Reisefuehrer_nicht_nur_fuer_4_Tage_Was_man_sehen_und_wo_man_uebernachten_kann\" >Valencia Reisef\u00fchrer (nicht nur) f\u00fcr 4 Tage: Was man sehen und wo man \u00fcbernachten kann<\/a><\/li><li class='ez-toc-page-1 ez-toc-heading-level-2'><a class=\"ez-toc-link ez-toc-heading-2\" href=\"https:\/\/www.dovolenkarka.cz\/de\/valencia-reisefuhrer\/#Unterkuenfte_in_Valencia\" >Unterk\u00fcnfte in Valencia<\/a><ul class='ez-toc-list-level-3' ><li class='ez-toc-heading-level-3'><a class=\"ez-toc-link ez-toc-heading-3\" href=\"https:\/\/www.dovolenkarka.cz\/de\/valencia-reisefuhrer\/#1_Guenstigere_Wohnung_mit_Top-Preis-Leistungs-Verhaeltnis\" >1. G\u00fcnstigere Wohnung mit Top-Preis-Leistungs-Verh\u00e4ltnis<\/a><\/li><li class='ez-toc-page-1 ez-toc-heading-level-3'><a class=\"ez-toc-link ez-toc-heading-4\" href=\"https:\/\/www.dovolenkarka.cz\/de\/valencia-reisefuhrer\/#2_Schoene_Unterkunft_in_Valencia_im_historischen_Zentrum\" >2. Sch\u00f6ne Unterkunft in Valencia, im historischen Zentrum<\/a><\/li><li class='ez-toc-page-1 ez-toc-heading-level-3'><a class=\"ez-toc-link ez-toc-heading-5\" href=\"https:\/\/www.dovolenkarka.cz\/de\/valencia-reisefuhrer\/#3_Hotel_der_mittleren_Kategorie_in_Strandnaehe\" >3. Hotel der mittleren Kategorie in Strandn\u00e4he<\/a><\/li><\/ul><\/li><li class='ez-toc-page-1 ez-toc-heading-level-2'><a class=\"ez-toc-link ez-toc-heading-6\" href=\"https:\/\/www.dovolenkarka.cz\/de\/valencia-reisefuhrer\/#Valencia_%E2%80%93_Historisches_Zentrum\" >Valencia &#8211; Historisches Zentrum<\/a><ul class='ez-toc-list-level-3' ><li class='ez-toc-heading-level-3'><a class=\"ez-toc-link ez-toc-heading-7\" href=\"https:\/\/www.dovolenkarka.cz\/de\/valencia-reisefuhrer\/#Was_Sie_sich_nicht_entgehen_lassen_sollten\" >Was Sie sich nicht entgehen lassen sollten:<\/a><\/li><\/ul><\/li><li class='ez-toc-page-1 ez-toc-heading-level-2'><a class=\"ez-toc-link ez-toc-heading-8\" href=\"https:\/\/www.dovolenkarka.cz\/de\/valencia-reisefuhrer\/#Kirche_St_Nikolaus_Sixtinische_Kapelle_von_Valencia\" >Kirche St. Nikolaus: Sixtinische Kapelle von Valencia<\/a><\/li><li class='ez-toc-page-1 ez-toc-heading-level-2'><a class=\"ez-toc-link ez-toc-heading-9\" href=\"https:\/\/www.dovolenkarka.cz\/de\/valencia-reisefuhrer\/#Maerkte_und_Gastronomie_%E2%80%93_was_man_in_Valencia_probieren_sollte\" >M\u00e4rkte und Gastronomie &#8211; was man in Valencia probieren sollte?<\/a><ul class='ez-toc-list-level-3' ><li class='ez-toc-heading-level-3'><a class=\"ez-toc-link ez-toc-heading-10\" href=\"https:\/\/www.dovolenkarka.cz\/de\/valencia-reisefuhrer\/#Zentrale_Markthalle\" >Zentrale Markthalle<\/a><\/li><\/ul><\/li><li class='ez-toc-page-1 ez-toc-heading-level-2'><a class=\"ez-toc-link ez-toc-heading-11\" href=\"https:\/\/www.dovolenkarka.cz\/de\/valencia-reisefuhrer\/#Wo_ist_die_Paella_entstanden_Naturpark_Albufera\" >Wo ist die Paella entstanden? Naturpark Albufera<\/a><\/li><li class='ez-toc-page-1 ez-toc-heading-level-2'><a class=\"ez-toc-link ez-toc-heading-12\" href=\"https:\/\/www.dovolenkarka.cz\/de\/valencia-reisefuhrer\/#Straende_in_Valencia_und_Hafen\" >Str\u00e4nde in Valencia und Hafen<\/a><ul class='ez-toc-list-level-3' ><li class='ez-toc-heading-level-3'><a class=\"ez-toc-link ez-toc-heading-13\" href=\"https:\/\/www.dovolenkarka.cz\/de\/valencia-reisefuhrer\/#Playa_de_la_Malvarrosa\" >Playa de la Malvarrosa<\/a><\/li><li class='ez-toc-page-1 ez-toc-heading-level-3'><a class=\"ez-toc-link ez-toc-heading-14\" href=\"https:\/\/www.dovolenkarka.cz\/de\/valencia-reisefuhrer\/#Marina_de_Valencia\" >Marina de Valencia<\/a><\/li><\/ul><\/li><li class='ez-toc-page-1 ez-toc-heading-level-2'><a class=\"ez-toc-link ez-toc-heading-15\" href=\"https:\/\/www.dovolenkarka.cz\/de\/valencia-reisefuhrer\/#Museen_in_Valencia\" >Museen in Valencia<\/a><\/li><li class='ez-toc-page-1 ez-toc-heading-level-2'><a class=\"ez-toc-link ez-toc-heading-16\" href=\"https:\/\/www.dovolenkarka.cz\/de\/valencia-reisefuhrer\/#Stadt_der_Kuenste_und_Wissenschaften_Valencia\" >Stadt der K\u00fcnste und Wissenschaften Valencia<\/a><ul class='ez-toc-list-level-3' ><li class='ez-toc-heading-level-3'><a class=\"ez-toc-link ez-toc-heading-17\" href=\"https:\/\/www.dovolenkarka.cz\/de\/valencia-reisefuhrer\/#Die_groessten_Attraktionen\" >Die gr\u00f6\u00dften Attraktionen:<\/a><\/li><\/ul><\/li><li class='ez-toc-page-1 ez-toc-heading-level-2'><a class=\"ez-toc-link ez-toc-heading-18\" href=\"https:\/\/www.dovolenkarka.cz\/de\/valencia-reisefuhrer\/#Park_Turia_%E2%80%93_Valencia\" >Park T\u00faria &#8211; Valencia<\/a><\/li><li class='ez-toc-page-1 ez-toc-heading-level-2'><a class=\"ez-toc-link ez-toc-heading-19\" href=\"https:\/\/www.dovolenkarka.cz\/de\/valencia-reisefuhrer\/#Der_schoenste_Aussichtspunkt_Valencias_Torres_de_Serranos\" >Der sch\u00f6nste Aussichtspunkt Valencias: Torres de Serranos<\/a><\/li><li class='ez-toc-page-1 ez-toc-heading-level-2'><a class=\"ez-toc-link ez-toc-heading-20\" href=\"https:\/\/www.dovolenkarka.cz\/de\/valencia-reisefuhrer\/#Tipps_fuer_Stadtteile_ausserhalb_des_Zentrums_von_Valencia\" >Tipps f\u00fcr Stadtteile au\u00dferhalb des Zentrums von Valencia<\/a><ul class='ez-toc-list-level-3' ><li class='ez-toc-heading-level-3'><a class=\"ez-toc-link ez-toc-heading-21\" href=\"https:\/\/www.dovolenkarka.cz\/de\/valencia-reisefuhrer\/#Ruzafa\" >Ruzafa<\/a><\/li><li class='ez-toc-page-1 ez-toc-heading-level-3'><a class=\"ez-toc-link ez-toc-heading-22\" href=\"https:\/\/www.dovolenkarka.cz\/de\/valencia-reisefuhrer\/#Barrio_del_Carmen\" >Barrio del Carmen<\/a><\/li><\/ul><\/li><li class='ez-toc-page-1 ez-toc-heading-level-2'><a class=\"ez-toc-link ez-toc-heading-23\" href=\"https:\/\/www.dovolenkarka.cz\/de\/valencia-reisefuhrer\/#Tagesausflug_nach_Montanejos\" >Tagesausflug nach Montanejos<\/a><\/li><li class='ez-toc-page-1 ez-toc-heading-level-2'><a class=\"ez-toc-link ez-toc-heading-24\" href=\"https:\/\/www.dovolenkarka.cz\/de\/valencia-reisefuhrer\/#Valencia_%E2%80%93_Transport\" >Valencia &#8211; Transport<\/a><\/li><\/ul><\/nav><\/div>\n<h2><span class=\"ez-toc-section\" id=\"Valencia_Reisefuehrer_nicht_nur_fuer_4_Tage_Was_man_sehen_und_wo_man_uebernachten_kann\"><\/span>Valencia Reisef\u00fchrer (nicht nur) f\u00fcr 4 Tage: Was man sehen und wo man \u00fcbernachten kann<span class=\"ez-toc-section-end\"><\/span><\/h2>\n<p>Meiner Meinung nach geh\u00f6rt Valencia zu den angenehmsten spanischen St\u00e4dten zum Reisen. Sie liegt an der K\u00fcste des Mittelmeers und obwohl sie die drittgr\u00f6\u00dfte Stadt des Landes ist, bewahrt sie immer noch eine entspannte Atmosph\u00e4re ohne \u00fcberf\u00fcllte Stra\u00dfen, wie sie f\u00fcr Barcelona oder Madrid typisch sind. Sie bietet eine ideale Kombination aus Geschichte, moderner Architektur, Str\u00e4nden und exzellenter Gastronomie. <span style=\"color: #008000;\"><a style=\"color: #008000;\" href=\"https:\/\/www.booking.com\/searchresults.en.html?city=-406131&amp;aid=347511&amp;no_rooms=1&amp;group_adults=2\" target=\"_blank\" rel=\"noopener\">Auch die Unterk\u00fcnfte in Valencia werden Sie begeistern.<\/a><\/span><\/p>\n<div id=\"attachment_12012\" style=\"width: 1930px\" class=\"wp-caption aligncenter\"><a href=\"https:\/\/www.dovolenkarka.cz\/de\/valencia-reisefuhrer\/valencia-5030452_1920-2\/\" rel=\"attachment wp-att-12012\"><img loading=\"lazy\" decoding=\"async\" aria-describedby=\"caption-attachment-12012\" class=\"wp-image-12012 size-full\" src=\"https:\/\/www.dovolenkarka.cz\/wp-content\/uploads\/2026\/01\/valencia-5030452_1920.jpg\" alt=\"Valencia \" width=\"1920\" height=\"1280\" srcset=\"https:\/\/www.dovolenkarka.cz\/wp-content\/uploads\/2026\/01\/valencia-5030452_1920.jpg 1920w, https:\/\/www.dovolenkarka.cz\/wp-content\/uploads\/2026\/01\/valencia-5030452_1920-768x512.jpg 768w\" sizes=\"auto, (max-width: 1920px) 100vw, 1920px\" \/><\/a><p id=\"caption-attachment-12012\" class=\"wp-caption-text\">Valencia<\/p><\/div>\n<p data-start=\"591\" data-end=\"737\">In diesem Reisef\u00fchrer finden Sie das Beste, was ich in Valencia zu sehen und zu erleben empfehle, von Sehensw\u00fcrdigkeiten \u00fcber Viertel und Parks bis hin zu Tipps f\u00fcr Ausfl\u00fcge und praktische Ratschl\u00e4ge, <span style=\"color: #008000;\"><a style=\"color: #008000;\" href=\"https:\/\/www.booking.com\/searchresults.en.html?city=-406131&amp;aid=347511&amp;no_rooms=1&amp;group_adults=2\" target=\"_blank\" rel=\"noopener\">einschlie\u00dflich Unterkunftstipps.<\/a><\/span><\/p>\n<hr \/>\n<h2 data-start=\"591\" data-end=\"737\"><span class=\"ez-toc-section\" id=\"Unterkuenfte_in_Valencia\"><\/span>Unterk\u00fcnfte in Valencia<span class=\"ez-toc-section-end\"><\/span><\/h2>\n<p>Es gibt <span style=\"color: #000000;\"><a style=\"color: #000000;\" href=\"https:\/\/www.booking.com\/searchresults.en.html?city=-406131&amp;aid=347511&amp;no_rooms=1&amp;group_adults=2\" target=\"_blank\" rel=\"noopener\">viele Unterk\u00fcnfte in Valencia<\/a><\/span>. Ich habe f\u00fcr Sie diejenigen ausgew\u00e4hlt, die gut bewertet sind und meiner Erfahrung nach ideal f\u00fcr Spazierg\u00e4nge durch die Stadt und f\u00fcr einen Urlaub in Meeresn\u00e4he sind. Lassen Sie sich inspirieren:<\/p>\n<h3 data-start=\"189\" data-end=\"239\"><span class=\"ez-toc-section\" id=\"1_Guenstigere_Wohnung_mit_Top-Preis-Leistungs-Verhaeltnis\"><\/span>1. G\u00fcnstigere Wohnung mit Top-Preis-Leistungs-Verh\u00e4ltnis<span class=\"ez-toc-section-end\"><\/span><\/h3>\n<div data-et-view=\"YdXfdKNKNKZUTPVLBLPONVDTXT:2\"><span style=\"color: #000000;\"><a style=\"color: #000000;\" href=\"https:\/\/www.booking.com\/hotel\/es\/apartamento-exclusivo-en-valencia.en.html?aid=347511&amp;no_rooms=1&amp;group_adults=2\" target=\"_blank\" rel=\"noopener\"><strong>Apartamento Exclusivo en Valencia<\/strong><\/a><\/span><\/div>\n<ul data-start=\"302\" data-end=\"606\">\n<li data-start=\"302\" data-end=\"407\">\n<p data-start=\"304\" data-end=\"407\">sehr gute Bewertungen und eine gro\u00dfartige Lage, so dass Sie die wichtigsten Sehensw\u00fcrdigkeiten und Restaurants zu Fu\u00df erreichen k\u00f6nnen<\/p>\n<\/li>\n<li data-start=\"515\" data-end=\"606\">\n<p data-start=\"517\" data-end=\"606\">ideal, wenn Sie im Zentrum sein und gleichzeitig ein Apartment mit K\u00fcche haben m\u00f6chten<\/p>\n<\/li>\n<\/ul>\n<blockquote>\n<p style=\"text-align: center;\"><span style=\"color: #008000;\"><a style=\"color: #008000;\" href=\"https:\/\/www.booking.com\/hotel\/es\/apartamento-exclusivo-en-valencia.en.html?aid=347511&amp;no_rooms=1&amp;group_adults=2\" target=\"_blank\" rel=\"noopener\"><strong><em>&gt; \u00dcBERPR\u00dcFEN SIE HIER DIE VERF\u00dcGBARKEIT UND DEN PREIS<\/em><\/strong><\/a><\/span><\/p>\n<\/blockquote>\n<h3 data-start=\"679\" data-end=\"734\"><span class=\"ez-toc-section\" id=\"2_Schoene_Unterkunft_in_Valencia_im_historischen_Zentrum\"><\/span>2. Sch\u00f6ne Unterkunft in Valencia, im historischen Zentrum<span class=\"ez-toc-section-end\"><\/span><\/h3>\n<p data-start=\"735\" data-end=\"778\"><span style=\"color: #000000;\"><a style=\"color: #000000;\" href=\"https:\/\/www.booking.com\/hotel\/es\/caro.en.html?aid=347511&amp;no_rooms=1&amp;group_adults=2\" target=\"_blank\" rel=\"noopener\"><strong>Caro Hotel <\/strong><\/a><\/span><\/p>\n<ul>\n<li data-start=\"735\" data-end=\"778\">ausgezeichnet bewertetes Hotel und ideale Lage im Stadtzentrum<\/li>\n<\/ul>\n<blockquote>\n<p style=\"text-align: center;\"><span style=\"color: #008000;\"><a style=\"color: #008000;\" href=\"https:\/\/www.booking.com\/hotel\/es\/caro.en.html?aid=347511&amp;no_rooms=1&amp;group_adults=2\" target=\"_blank\" rel=\"noopener\"><em><strong>&gt; \u00dcBERPR\u00dcFEN SIE HIER DIE VERF\u00dcGBARKEIT UND DEN PREIS <\/strong><\/em><\/a><\/span><\/p>\n<\/blockquote>\n<div id=\"attachment_12025\" style=\"width: 677px\" class=\"wp-caption aligncenter\"><a href=\"https:\/\/www.booking.com\/hotel\/es\/caro.en.html?aid=347511&amp;no_rooms=1&amp;group_adults=2\" target=\"_blank\" rel=\"noopener\"><img loading=\"lazy\" decoding=\"async\" aria-describedby=\"caption-attachment-12025\" class=\"wp-image-12025 size-large\" src=\"https:\/\/www.dovolenkarka.cz\/wp-content\/uploads\/2026\/01\/Obrazek-59-1200x630.jpg\" alt=\"Unterk\u00fcnfte in Valencia\" width=\"667\" height=\"350\" \/><\/a><p id=\"caption-attachment-12025\" class=\"wp-caption-text\">Caro Hotel Valencia<\/p><\/div>\n<h3><span class=\"ez-toc-section\" id=\"3_Hotel_der_mittleren_Kategorie_in_Strandnaehe\"><\/span>3. Hotel der mittleren Kategorie in Strandn\u00e4he<span class=\"ez-toc-section-end\"><\/span><\/h3>\n<p><span style=\"color: #000000;\"><a style=\"color: #000000;\" href=\"https:\/\/www.booking.com\/hotel\/es\/pamphylia-valencia.en.html?aid=347511&amp;no_rooms=1&amp;group_adults=2\" target=\"_blank\" rel=\"noopener\"><strong>PAMPHYLIA HOTEL &#8211; Malvarrosa Beach<\/strong><\/a><\/span><\/p>\n<ul>\n<li>ausgezeichnet bewertetes Hotel direkt am Strand<\/li>\n<\/ul>\n<blockquote>\n<p style=\"text-align: center;\"><span style=\"color: #008000;\"><a style=\"color: #008000;\" href=\"https:\/\/www.booking.com\/hotel\/es\/pamphylia-valencia.en.html?aid=347511&amp;no_rooms=1&amp;group_adults=2\" target=\"_blank\" rel=\"noopener\"><em><strong>&gt; \u00dcBERPR\u00dcFEN SIE HIER DIE VERF\u00dcGBARKEIT UND DEN PREIS<\/strong><\/em><\/a><\/span><\/p>\n<\/blockquote>\n<div id=\"attachment_12026\" style=\"width: 677px\" class=\"wp-caption aligncenter\"><a href=\"https:\/\/www.booking.com\/hotel\/es\/pamphylia-valencia.en.html?aid=347511&amp;no_rooms=1&amp;group_adults=2\" target=\"_blank\" rel=\"noopener\"><img loading=\"lazy\" decoding=\"async\" aria-describedby=\"caption-attachment-12026\" class=\"wp-image-12026 size-large\" src=\"https:\/\/www.dovolenkarka.cz\/wp-content\/uploads\/2026\/01\/Obrazek-60-1200x630.jpg\" alt=\"Unterk\u00fcnfte in Valencia \" width=\"667\" height=\"350\" \/><\/a><p id=\"caption-attachment-12026\" class=\"wp-caption-text\">PAMPHYLIA HOTEL &#8211; Valencia<\/p><\/div>\n<hr \/>\n<p style=\"text-align: center;\" data-start=\"744\" data-end=\"788\"><span style=\"color: #000000;\"><strong>Finden Sie eine Unterkunft in Valencia nach Ihren W\u00fcnschen: <\/strong><\/span><\/p>\n<blockquote>\n<p style=\"text-align: center;\" data-start=\"744\" data-end=\"788\"><span style=\"color: #008000;\"><em><strong>&gt;&gt; Verf\u00fcgbare Unterk\u00fcnfte in Valencia &lt;&lt; <\/strong><\/em><\/span><\/p>\n<\/blockquote>\n<p style=\"text-align: center;\" data-start=\"744\" data-end=\"788\"><iframe loading=\"lazy\" id=\"stay22-widget\" src=\"https:\/\/www.stay22.com\/embed\/695bf3cae2fb2ac1f1606d7c\" width=\"100%\" height=\"428\" frameborder=\"0\"><\/iframe><\/p>\n<hr \/>\n<h2 data-start=\"744\" data-end=\"788\"><span class=\"ez-toc-section\" id=\"Valencia_%E2%80%93_Historisches_Zentrum\"><\/span>Valencia &#8211; Historisches Zentrum<span class=\"ez-toc-section-end\"><\/span><\/h2>\n<p data-start=\"790\" data-end=\"968\">Ich sage gerne, dass das <span style=\"color: #008000;\"><a style=\"color: #008000;\" href=\"https:\/\/www.booking.com\/searchresults.en.html?city=-406131&amp;aid=347511&amp;no_rooms=1&amp;group_adults=2\" target=\"_blank\" rel=\"noopener\">historische Zentrum von Valencia<\/a><\/span> kompakt und ideal f\u00fcr die Erkundung zu Fu\u00df ist. Die meisten Sehensw\u00fcrdigkeiten liegen nur wenige Gehminuten voneinander entfernt, versteckt in engen Gassen voller Caf\u00e9s und Restaurants. Sie m\u00fcssen sich also keine Sorgen um den Transport im Zentrum machen, wenn Sie eine Unterkunft in Valencia direkt im Zentrum finden.<\/p>\n<h3 data-start=\"970\" data-end=\"994\"><span class=\"ez-toc-section\" id=\"Was_Sie_sich_nicht_entgehen_lassen_sollten\"><\/span>Was Sie sich nicht entgehen lassen sollten:<span class=\"ez-toc-section-end\"><\/span><\/h3>\n<ul>\n<li data-start=\"997\" data-end=\"1072\">Die <strong data-start=\"997\" data-end=\"1022\">Kathedrale von Valencia<\/strong> ist der Ort, an dem der Tradition nach der Heilige Gral aufbewahrt wird.<\/li>\n<li data-start=\"1075\" data-end=\"1136\">Die <strong data-start=\"1075\" data-end=\"1097\">Plaza de la Virgen<\/strong> ist einer der lebhaftesten Pl\u00e4tze der Stadt und sollte unbedingt besucht werden.<\/li>\n<li data-start=\"1139\" data-end=\"1192\">Die <strong data-start=\"1139\" data-end=\"1156\">Plaza Redonda<\/strong>, ein kleiner runder Platz mit Gesch\u00e4ften, die vor allem Frauen sch\u00e4tzen werden.<\/li>\n<li data-start=\"1195\" data-end=\"1263\">Das <strong data-start=\"1195\" data-end=\"1224\">Rathaus und der Nordbahnhof<\/strong> sind Beispiele f\u00fcr die reiche st\u00e4dtische Architektur.<\/li>\n<\/ul>\n<div id=\"attachment_12013\" style=\"width: 1930px\" class=\"wp-caption aligncenter\"><a href=\"https:\/\/www.dovolenkarka.cz\/de\/valencia-reisefuhrer\/spain-2452671_1920\/\" rel=\"attachment wp-att-12013\"><img loading=\"lazy\" decoding=\"async\" aria-describedby=\"caption-attachment-12013\" class=\"size-full wp-image-12013\" src=\"https:\/\/www.dovolenkarka.cz\/wp-content\/uploads\/2026\/01\/spain-2452671_1920.jpg\" alt=\"Valencia \" width=\"1920\" height=\"1115\" srcset=\"https:\/\/www.dovolenkarka.cz\/wp-content\/uploads\/2026\/01\/spain-2452671_1920.jpg 1920w, https:\/\/www.dovolenkarka.cz\/wp-content\/uploads\/2026\/01\/spain-2452671_1920-768x446.jpg 768w\" sizes=\"auto, (max-width: 1920px) 100vw, 1920px\" \/><\/a><p id=\"caption-attachment-12013\" class=\"wp-caption-text\">Valencia &#8211; Stadtzentrum<\/p><\/div>\n<p data-start=\"1266\" data-end=\"1355\">Die <strong data-start=\"1266\" data-end=\"1303\">Seidenb\u00f6rse (Llotja de la Seda)<\/strong> ist f\u00fcr mich die wichtigste Sehensw\u00fcrdigkeit im Stadtzentrum. Wir finden sie im UNESCO-Weltkulturerbe und sie ist ein Symbol f\u00fcr die kommerzielle Vergangenheit Valencias. Die Seidenb\u00f6rse ist auch von innen einen Besuch wert. Urspr\u00fcnglich diente sie dem Handel mit Seide und erinnert noch heute daran, wie wichtig Valencia als Handelszentrum war.<\/p>\n<div id=\"attachment_12010\" style=\"width: 792px\" class=\"wp-caption aligncenter\"><a href=\"https:\/\/www.dovolenkarka.cz\/de\/valencia-reisefuhrer\/snimek-obrazovky-2026-01-05-v-16-56-10\/\" rel=\"attachment wp-att-12010\"><img loading=\"lazy\" decoding=\"async\" aria-describedby=\"caption-attachment-12010\" class=\"wp-image-12010 size-full\" src=\"https:\/\/www.dovolenkarka.cz\/wp-content\/uploads\/2026\/01\/Snimek-obrazovky-2026-01-05-v-165610-e1767629756299.png\" alt=\"Valencia\" width=\"782\" height=\"713\" srcset=\"https:\/\/www.dovolenkarka.cz\/wp-content\/uploads\/2026\/01\/Snimek-obrazovky-2026-01-05-v-165610-e1767629756299.png 782w, https:\/\/www.dovolenkarka.cz\/wp-content\/uploads\/2026\/01\/Snimek-obrazovky-2026-01-05-v-165610-e1767629756299-768x700.png 768w\" sizes=\"auto, (max-width: 782px) 100vw, 782px\" \/><\/a><p id=\"caption-attachment-12010\" class=\"wp-caption-text\">Valencia<\/p><\/div>\n<blockquote>\n<p data-start=\"1266\" data-end=\"1355\"><span style=\"color: #000000;\"><strong><span style=\"color: #000000;\">Mein Tipp:<\/span> Wenn Sie die lokale Geschichte tiefgr\u00fcndig verstehen m\u00f6chten, machen Sie eine kostenlose Stadtf\u00fchrung durch das historische Zentrum \u2013 der ideale Einstieg in die Stadt. Wenn Sie mit dem Reiseleiter zufrieden sind, wird ein symbolischer Beitrag erwartet, der aber nicht obligatorisch ist. <\/strong><\/span><\/p>\n<\/blockquote>\n<hr \/>\n<h2 data-start=\"1640\" data-end=\"1688\"><span class=\"ez-toc-section\" id=\"Kirche_St_Nikolaus_Sixtinische_Kapelle_von_Valencia\"><\/span>Kirche St. Nikolaus: Sixtinische Kapelle von Valencia<span class=\"ez-toc-section-end\"><\/span><\/h2>\n<p data-start=\"1690\" data-end=\"1879\">Eine der beeindruckendsten Sehensw\u00fcrdigkeiten der Stadt ist die Kirche St. Nikolaus, die oft als Sixtinische Kapelle von Valencia bezeichnet wird. Das Innere ist reich mit barocken Fresken geschm\u00fcckt, die fast die gesamte Decke bedecken. Der Eintritt ist symbolisch und beinhaltet einen Audioguide, mit dem Sie die Bedeutung der einzelnen Fresken besser verstehen k\u00f6nnen.<\/p>\n<div id=\"attachment_12017\" style=\"width: 785px\" class=\"wp-caption aligncenter\"><a href=\"https:\/\/www.dovolenkarka.cz\/de\/valencia-reisefuhrer\/screenshot-40\/\" rel=\"attachment wp-att-12017\"><img loading=\"lazy\" decoding=\"async\" aria-describedby=\"caption-attachment-12017\" class=\"size-full wp-image-12017\" src=\"https:\/\/www.dovolenkarka.cz\/wp-content\/uploads\/2026\/01\/Snimek-obrazovky-2026-01-05-v-170624.jpeg\" alt=\"Valencia\" width=\"775\" height=\"524\" srcset=\"https:\/\/www.dovolenkarka.cz\/wp-content\/uploads\/2026\/01\/Snimek-obrazovky-2026-01-05-v-170624.jpeg 775w, https:\/\/www.dovolenkarka.cz\/wp-content\/uploads\/2026\/01\/Snimek-obrazovky-2026-01-05-v-170624-768x519.jpeg 768w\" sizes=\"auto, (max-width: 775px) 100vw, 775px\" \/><\/a><p id=\"caption-attachment-12017\" class=\"wp-caption-text\">Valencia &#8211; Kirche St. Nikolaus<\/p><\/div>\n<hr \/>\n<h2 data-start=\"1990\" data-end=\"2034\"><span class=\"ez-toc-section\" id=\"Maerkte_und_Gastronomie_%E2%80%93_was_man_in_Valencia_probieren_sollte\"><\/span>M\u00e4rkte und Gastronomie &#8211; was man in Valencia probieren sollte?<span class=\"ez-toc-section-end\"><\/span><\/h2>\n<h3 data-start=\"2036\" data-end=\"2057\"><span class=\"ez-toc-section\" id=\"Zentrale_Markthalle\"><\/span>Zentrale Markthalle<span class=\"ez-toc-section-end\"><\/span><\/h3>\n<p data-start=\"2058\" data-end=\"2172\">F\u00fcr mich ist es eine der gr\u00f6\u00dften und sch\u00f6nsten Markthallen Europas. Hier finden Sie frisches Obst, Gem\u00fcse, Fisch und lokale Spezialit\u00e4ten. Wir empfehlen, den Manchego-K\u00e4se und vor allem unseren Lieblingsschinken Jam\u00f3n Iberico zu probieren, den Sie sich hier auch in eine Papiert\u00fcte schneiden lassen k\u00f6nnen.<\/p>\n<p data-start=\"2058\" data-end=\"2172\"><span style=\"color: #000000;\"><strong>Ich empfehle: <\/strong><\/span><\/p>\n<ul>\n<li data-start=\"2227\" data-end=\"2352\">Wenn Sie Ihr Essen in Ruhe genie\u00dfen m\u00f6chten, besuchen Sie die Central Bar, wo Tapas, Sandwiches und typische valencianische Getr\u00e4nke zubereitet werden.<\/li>\n<li data-start=\"2227\" data-end=\"2352\">Wenn Sie jedoch einen Markt mit mehr Bars und Restaurants suchen, besuchen Sie lieber den Mercado de Col\u00f3n.<\/li>\n<\/ul>\n<div id=\"attachment_12018\" style=\"width: 786px\" class=\"wp-caption aligncenter\"><a href=\"https:\/\/www.dovolenkarka.cz\/de\/valencia-reisefuhrer\/screenshot-41\/\" rel=\"attachment wp-att-12018\"><img loading=\"lazy\" decoding=\"async\" aria-describedby=\"caption-attachment-12018\" class=\"wp-image-12018 size-full\" src=\"https:\/\/www.dovolenkarka.cz\/wp-content\/uploads\/2026\/01\/Snimek-obrazovky-2026-01-05-v-170955-e1767629779361.jpeg\" alt=\"Valencia - Mercado de Col\u00f3n\" width=\"776\" height=\"542\" srcset=\"https:\/\/www.dovolenkarka.cz\/wp-content\/uploads\/2026\/01\/Snimek-obrazovky-2026-01-05-v-170955-e1767629779361.jpeg 776w, https:\/\/www.dovolenkarka.cz\/wp-content\/uploads\/2026\/01\/Snimek-obrazovky-2026-01-05-v-170955-e1767629779361-768x536.jpeg 768w\" sizes=\"auto, (max-width: 776px) 100vw, 776px\" \/><\/a><p id=\"caption-attachment-12018\" class=\"wp-caption-text\">Valencia &#8211; Mercado de Col\u00f3n<\/p><\/div>\n<hr \/>\n<h2 data-start=\"76\" data-end=\"461\"><span class=\"ez-toc-section\" id=\"Wo_ist_die_Paella_entstanden_Naturpark_Albufera\"><\/span><strong data-start=\"177\" data-end=\"218\"><span class=\"hover:entity-accent entity-underline inline cursor-pointer align-baseline\"><span class=\"whitespace-normal\">Wo ist die Paella entstanden? Naturpark Albufera <\/span><\/span><\/strong><span class=\"ez-toc-section-end\"><\/span><\/h2>\n<p data-start=\"76\" data-end=\"461\">Nur wenige Kilometer hinter Valencia erstreckt sich ein ruhiges Gebiet voller Reisfelder, W\u00e4lder und einer weitl\u00e4ufigen Lagune. Der <strong data-start=\"177\" data-end=\"218\"><span class=\"hover:entity-accent entity-underline inline cursor-pointer align-baseline\"><span class=\"whitespace-normal\">Naturpark Albufera<\/span><\/span><\/strong> ist der ideale Ort f\u00fcr alle, die Ruhe, sch\u00f6ne Natur und ein langsames Tempo suchen. Er bietet romantische Sonnenunterg\u00e4nge, Bootsfahrten, Vogelbeobachtungen und eine Reihe von Wanderwegen. Was Sie vielleicht nicht wissen: Albufera ist die Heimat der Paella, eines der bekanntesten spanischen Gerichte.<\/p>\n<ul>\n<li data-start=\"76\" data-end=\"461\">Paella wird traditionell vor allem zum Mittagessen oder als geselliges Abendessen am Wochenende gegessen.<\/li>\n<\/ul>\n<div id=\"attachment_12014\" style=\"width: 677px\" class=\"wp-caption aligncenter\"><a href=\"https:\/\/www.dovolenkarka.cz\/de\/valencia-reisefuhrer\/paella-5099460_1920\/\" rel=\"attachment wp-att-12014\"><img loading=\"lazy\" decoding=\"async\" aria-describedby=\"caption-attachment-12014\" class=\"wp-image-12014 size-large\" src=\"https:\/\/www.dovolenkarka.cz\/wp-content\/uploads\/2026\/01\/paella-5099460_1920-1200x630.jpg\" alt=\"Valencia Paella\" width=\"667\" height=\"350\" \/><\/a><p id=\"caption-attachment-12014\" class=\"wp-caption-text\">Valencia Paella<\/p><\/div>\n<p data-start=\"463\" data-end=\"730\">Die Lagune ist auch ohne Auto sehr einfach zu erreichen. Vom Zentrum <span class=\"hover:entity-accent entity-underline inline cursor-pointer align-baseline\"><span class=\"whitespace-normal\">Valencias<\/span><\/span> fahren die Stadtbusse EMT Nummer 24 und 25. Steigen Sie einfach an den Haltestellen Embarcadero oder El Palmar aus und Sie k\u00f6nnen direkt zu einer Panoramarundfahrt auf der Albufera-Lagune aufbrechen.<\/p>\n<p data-start=\"732\" data-end=\"995\">Die Bootsfahrt l\u00e4sst sich gut mit einem Spaziergang in der Umgebung verbinden. Es gibt unz\u00e4hlige Wanderwege. Wir haben uns f\u00fcr einen einfachen Rundweg von etwa drei Kilometern entschieden, der von der Bushaltestelle zum Hafen und zur\u00fcck f\u00fchrte. Unterwegs hatten wir das Gl\u00fcck, viele interessante Vogelarten zu beobachten.<\/p>\n<hr \/>\n<h2 data-start=\"3512\" data-end=\"3542\"><span class=\"ez-toc-section\" id=\"Straende_in_Valencia_und_Hafen\"><\/span>Str\u00e4nde in Valencia und Hafen<span class=\"ez-toc-section-end\"><\/span><\/h2>\n<h3 data-start=\"3544\" data-end=\"3570\"><span class=\"ez-toc-section\" id=\"Playa_de_la_Malvarrosa\"><\/span>Playa de la Malvarrosa<span class=\"ez-toc-section-end\"><\/span><\/h3>\n<p data-start=\"3571\" data-end=\"3743\">Der bekannteste Strand in Valencia hei\u00dft Playa de la Malvarrosa und bietet einen breiten Sandstreifen, Badem\u00f6glichkeiten und eine lange Promenade mit Restaurants. Es ist der ideale Ort, um Sangria oder traditionelle Paella direkt am Meer zu genie\u00dfen. Wenn Sie eine Unterkunft in Valencia am Strand suchen, habe ich Ihnen oben einen Tipp f\u00fcr ein Hotel direkt hier gegeben.<\/p>\n<div id=\"attachment_12016\" style=\"width: 1530px\" class=\"wp-caption aligncenter\"><a href=\"https:\/\/www.dovolenkarka.cz\/de\/valencia-reisefuhrer\/screenshot-39\/\" rel=\"attachment wp-att-12016\"><img loading=\"lazy\" decoding=\"async\" aria-describedby=\"caption-attachment-12016\" class=\"wp-image-12016 size-full\" src=\"https:\/\/www.dovolenkarka.cz\/wp-content\/uploads\/2026\/01\/Snimek-obrazovky-2026-01-05-v-165846.jpeg\" alt=\"Malvarrosa Valencia \" width=\"1520\" height=\"989\" srcset=\"https:\/\/www.dovolenkarka.cz\/wp-content\/uploads\/2026\/01\/Snimek-obrazovky-2026-01-05-v-165846.jpeg 1520w, https:\/\/www.dovolenkarka.cz\/wp-content\/uploads\/2026\/01\/Snimek-obrazovky-2026-01-05-v-165846-768x499.jpeg 768w\" sizes=\"auto, (max-width: 1520px) 100vw, 1520px\" \/><\/a><p id=\"caption-attachment-12016\" class=\"wp-caption-text\">Valencia &#8211; Malvarrosa<\/p><\/div>\n<h3 data-start=\"3745\" data-end=\"3767\"><span class=\"ez-toc-section\" id=\"Marina_de_Valencia\"><\/span>Marina de Valencia<span class=\"ez-toc-section-end\"><\/span><\/h3>\n<p data-start=\"3768\" data-end=\"3841\">Marina de Valencia ist ein moderner Hafen, der sich f\u00fcr Spazierg\u00e4nge, Radfahren, Abendessen oder einen Bootsausflug eignet. Es ist ein angenehmes Ausflugsziel zu jeder Jahreszeit. In der Hauptsaison sollten Sie jedoch bedenken, dass es hier recht lebhaft ist und in den Restaurants eine Reservierung erforderlich ist.<\/p>\n<hr \/>\n<h2 data-start=\"3848\" data-end=\"3868\"><span class=\"ez-toc-section\" id=\"Museen_in_Valencia\"><\/span>Museen in Valencia<span class=\"ez-toc-section-end\"><\/span><\/h2>\n<p data-start=\"3870\" data-end=\"3904\">Ich glaube, dass Valencia auch Museumsliebhaber begeistern wird. Sie k\u00f6nnen beispielsweise folgende Museen besuchen:<\/p>\n<ul>\n<li data-start=\"3907\" data-end=\"3966\"><strong data-start=\"3907\" data-end=\"3931\">Arch\u00e4ologisches Museum<\/strong> &#8211; die Geschichte der Stadt von der R\u00f6merzeit bis heute<\/li>\n<li data-start=\"3969\" data-end=\"4032\"><strong data-start=\"3969\" data-end=\"3996\">Museum der Sch\u00f6nen K\u00fcnste<\/strong> &#8211; eines der gr\u00f6\u00dften in Spanien<\/li>\n<li data-start=\"4035\" data-end=\"4068\"><strong data-start=\"4035\" data-end=\"4066\">Interaktives Wissenschaftsmuseum<\/strong> &#8211; ideal f\u00fcr Kinder und Erwachsene<\/li>\n<li data-start=\"4071\" data-end=\"4092\"><strong data-start=\"4071\" data-end=\"4090\">Keramikmuseum<\/strong> &#8211; Sie werden von den Ausstellungen und den Innenr\u00e4umen selbst begeistert sein<\/li>\n<\/ul>\n<hr \/>\n<h2 data-start=\"4235\" data-end=\"4255\"><span class=\"ez-toc-section\" id=\"Stadt_der_Kuenste_und_Wissenschaften_Valencia\"><\/span>Stadt der K\u00fcnste und Wissenschaften Valencia<span class=\"ez-toc-section-end\"><\/span><\/h2>\n<p data-start=\"4257\" data-end=\"4341\">Der hochmoderne Geb\u00e4udekomplex, der von Wasserfl\u00e4chen umgeben ist, ist zweifellos eines der modernen Symbole Valencias. Ich empfehle auf jeden Fall einen Besuch. Dieses moderne, futuristische Zentrum ist ein beliebtes Ausflugsziel f\u00fcr viele Touristen, daher empfehle ich, Tickets im Voraus zu buchen.<\/p>\n<div id=\"attachment_12020\" style=\"width: 1930px\" class=\"wp-caption aligncenter\"><a href=\"https:\/\/www.dovolenkarka.cz\/de\/valencia-reisefuhrer\/valencia-1049399_1920\/\" rel=\"attachment wp-att-12020\"><img loading=\"lazy\" decoding=\"async\" aria-describedby=\"caption-attachment-12020\" class=\"size-full wp-image-12020\" src=\"https:\/\/www.dovolenkarka.cz\/wp-content\/uploads\/2026\/01\/valencia-1049399_1920.jpg\" alt=\"Valencia - Stadt der K\u00fcnste und Wissenschaften \" width=\"1920\" height=\"1280\" srcset=\"https:\/\/www.dovolenkarka.cz\/wp-content\/uploads\/2026\/01\/valencia-1049399_1920.jpg 1920w, https:\/\/www.dovolenkarka.cz\/wp-content\/uploads\/2026\/01\/valencia-1049399_1920-768x512.jpg 768w\" sizes=\"auto, (max-width: 1920px) 100vw, 1920px\" \/><\/a><p id=\"caption-attachment-12020\" class=\"wp-caption-text\">Valencia &#8211; Stadt der K\u00fcnste und Wissenschaften<\/p><\/div>\n<h3 data-start=\"4343\" data-end=\"4364\"><span class=\"ez-toc-section\" id=\"Die_groessten_Attraktionen\"><\/span>Die gr\u00f6\u00dften Attraktionen:<span class=\"ez-toc-section-end\"><\/span><\/h3>\n<ul data-start=\"4365\" data-end=\"4453\">\n<li data-start=\"4365\" data-end=\"4414\">\n<p data-start=\"4367\" data-end=\"4414\"><strong data-start=\"4367\" data-end=\"4383\">Oceanogr\u00e0fic<\/strong> \u2013 das gr\u00f6\u00dfte Aquarium Europas<\/p>\n<\/li>\n<li data-start=\"4415\" data-end=\"4437\">\n<p data-start=\"4417\" data-end=\"4437\"><strong data-start=\"4417\" data-end=\"4435\">Wissenschaftsmuseum<\/strong><\/p>\n<\/li>\n<li data-start=\"4438\" data-end=\"4453\">\n<p data-start=\"4440\" data-end=\"4453\"><strong data-start=\"4440\" data-end=\"4451\">3D-Kino<\/strong><\/p>\n<\/li>\n<\/ul>\n<div id=\"attachment_12019\" style=\"width: 1930px\" class=\"wp-caption aligncenter\"><a href=\"https:\/\/www.dovolenkarka.cz\/de\/valencia-reisefuhrer\/valencia-1049389_1920\/\" rel=\"attachment wp-att-12019\"><img loading=\"lazy\" decoding=\"async\" aria-describedby=\"caption-attachment-12019\" class=\"size-full wp-image-12019\" src=\"https:\/\/www.dovolenkarka.cz\/wp-content\/uploads\/2026\/01\/valencia-1049389_1920.jpg\" alt=\"Valencia - Stadt der K\u00fcnste und Wissenschaften \" width=\"1920\" height=\"1280\" srcset=\"https:\/\/www.dovolenkarka.cz\/wp-content\/uploads\/2026\/01\/valencia-1049389_1920.jpg 1920w, https:\/\/www.dovolenkarka.cz\/wp-content\/uploads\/2026\/01\/valencia-1049389_1920-768x512.jpg 768w\" sizes=\"auto, (max-width: 1920px) 100vw, 1920px\" \/><\/a><p id=\"caption-attachment-12019\" class=\"wp-caption-text\">Valencia &#8211; Stadt der K\u00fcnste und Wissenschaften<\/p><\/div>\n<hr \/>\n<h2 data-start=\"3973\" data-end=\"4006\"><span class=\"ez-toc-section\" id=\"Park_Turia_%E2%80%93_Valencia\"><\/span>Park T\u00faria &#8211; Valencia<span class=\"ez-toc-section-end\"><\/span><\/h2>\n<p data-start=\"4008\" data-end=\"4098\">Das ehemalige Flussbett, heute ein neun Kilometer langer Park, der die ganze Stadt durchzieht. Ein idealer Ort zum Radfahren und Laufen, aber auch f\u00fcr ein Picknick und eine angenehme Erholung in der Natur. Der Park wird von etwa 18 Br\u00fccken \u00fcberspannt und beherbergt auch ein modernes architektonisches Juwel Valencias.<\/p>\n<div id=\"attachment_12021\" style=\"width: 1350px\" class=\"wp-caption aligncenter\"><a href=\"https:\/\/www.dovolenkarka.cz\/de\/valencia-reisefuhrer\/screenshot-42\/\" rel=\"attachment wp-att-12021\"><img loading=\"lazy\" decoding=\"async\" aria-describedby=\"caption-attachment-12021\" class=\"size-full wp-image-12021\" src=\"https:\/\/www.dovolenkarka.cz\/wp-content\/uploads\/2026\/01\/Snimek-obrazovky-2026-01-05-v-172613.jpeg\" alt=\"Valencia\" width=\"1340\" height=\"815\" srcset=\"https:\/\/www.dovolenkarka.cz\/wp-content\/uploads\/2026\/01\/Snimek-obrazovky-2026-01-05-v-172613.jpeg 1340w, https:\/\/www.dovolenkarka.cz\/wp-content\/uploads\/2026\/01\/Snimek-obrazovky-2026-01-05-v-172613-768x467.jpeg 768w\" sizes=\"auto, (max-width: 1340px) 100vw, 1340px\" \/><\/a><p id=\"caption-attachment-12021\" class=\"wp-caption-text\">Valencia<\/p><\/div>\n<hr \/>\n<h2 data-start=\"3747\" data-end=\"3787\"><span class=\"ez-toc-section\" id=\"Der_schoenste_Aussichtspunkt_Valencias_Torres_de_Serranos\"><\/span>Der sch\u00f6nste Aussichtspunkt Valencias: Torres de Serranos<span class=\"ez-toc-section-end\"><\/span><\/h2>\n<p data-start=\"3789\" data-end=\"3966\">Torres de Serranos ist eines der urspr\u00fcnglichen Stadttore. Gegen ein geringes Eintrittsgeld gelangen Sie auf den Gipfel, von wo aus Sie einen der besten Ausblicke auf das historische Zentrum von Valencia auf der einen Seite und auf den Park auf der anderen Seite haben.<\/p>\n<div id=\"attachment_12022\" style=\"width: 1596px\" class=\"wp-caption aligncenter\"><a href=\"https:\/\/www.dovolenkarka.cz\/de\/valencia-reisefuhrer\/screenshot-43\/\" rel=\"attachment wp-att-12022\"><img loading=\"lazy\" decoding=\"async\" aria-describedby=\"caption-attachment-12022\" class=\"size-full wp-image-12022\" src=\"https:\/\/www.dovolenkarka.cz\/wp-content\/uploads\/2026\/01\/Snimek-obrazovky-2026-01-05-v-172524.jpeg\" alt=\"Valencia\" width=\"1586\" height=\"1034\" srcset=\"https:\/\/www.dovolenkarka.cz\/wp-content\/uploads\/2026\/01\/Snimek-obrazovky-2026-01-05-v-172524.jpeg 1586w, https:\/\/www.dovolenkarka.cz\/wp-content\/uploads\/2026\/01\/Snimek-obrazovky-2026-01-05-v-172524-768x500.jpeg 768w, https:\/\/www.dovolenkarka.cz\/wp-content\/uploads\/2026\/01\/Snimek-obrazovky-2026-01-05-v-172524-265x174.jpeg 265w\" sizes=\"auto, (max-width: 1586px) 100vw, 1586px\" \/><\/a><p id=\"caption-attachment-12022\" class=\"wp-caption-text\">Valencia<\/p><\/div>\n<hr \/>\n<p data-start=\"3789\" data-end=\"3966\"><span style=\"color: #000000;\"><strong>Das k\u00f6nnte Sie auch interessieren: <\/strong><\/span><\/p>\n<ul>\n<li data-start=\"3789\" data-end=\"3966\"><span style=\"color: #008000;\"><strong><a style=\"color: #008000;\" href=\"https:\/\/www.dovolenkarka.cz\/de\/wochenende-in-barcelona-ein-4-tage-reiseplan-voller-toller-erlebnisse-2026\/\" target=\"_blank\" rel=\"noopener\">Wochenende in Barcelona: Reiseroute f\u00fcr 4 Tage <\/a><\/strong><\/span><\/li>\n<li data-start=\"3789\" data-end=\"3966\"><span style=\"color: #008000;\"><strong><a style=\"color: #008000;\" href=\"https:\/\/www.dovolenkarka.cz\/de\/urlaub-in-barcelona-2026-11-orte-die-sie-hier-nicht-verpassen-sollten\/\" target=\"_blank\" rel=\"noopener\">Urlaub in Barcelona: 11 Orte, die Sie hier nicht verpassen sollten<\/a><\/strong><\/span><\/li>\n<li data-start=\"3789\" data-end=\"3966\"><span style=\"color: #008000;\"><strong><a style=\"color: #008000;\" href=\"https:\/\/www.dovolenkarka.cz\/de\/7-tipps-fuer-luxushotels-in-barcelona-mit-dachterrasse-und-aussicht\/\" target=\"_blank\" rel=\"noopener\">7 Tipps f\u00fcr Luxushotels mit Dachterrasse in Barcelona<\/a><\/strong><\/span><\/li>\n<\/ul>\n<hr \/>\n<h2 data-start=\"3408\" data-end=\"3458\"><span class=\"ez-toc-section\" id=\"Tipps_fuer_Stadtteile_ausserhalb_des_Zentrums_von_Valencia\"><\/span>Tipps f\u00fcr Stadtteile au\u00dferhalb des Zentrums von Valencia<span class=\"ez-toc-section-end\"><\/span><\/h2>\n<h3 data-start=\"3460\" data-end=\"3470\"><span class=\"ez-toc-section\" id=\"Ruzafa\"><\/span>Ruzafa<span class=\"ez-toc-section-end\"><\/span><\/h3>\n<p data-start=\"3471\" data-end=\"3627\">Ruzafa ist ein beliebtes Viertel voller Caf\u00e9s, Bars und Restaurants. Am lebhaftesten ist es abends, vor allem freitags und samstags. Wenn Sie in einem beliebten Lokal essen m\u00f6chten, ist eine Reservierung erforderlich.<\/p>\n<h3 data-start=\"3629\" data-end=\"3650\"><span class=\"ez-toc-section\" id=\"Barrio_del_Carmen\"><\/span>Barrio del Carmen<span class=\"ez-toc-section-end\"><\/span><\/h3>\n<p data-start=\"3651\" data-end=\"3740\">Barrio del Carmen ist ein bekanntes b\u00f6hmisches Viertel der Stadt mit einer k\u00fcnstlerischen Seele, mittelalterlicher Architektur und historischen Denkm\u00e4lern. Wenn Sie Kunst m\u00f6gen, sollten Sie diesen Ort nicht verpassen. Es lohnt sich auch, hier nach einer Unterkunft in Valencia zu suchen, wenn Sie au\u00dferhalb des Stadtzentrums wohnen m\u00f6chten.<\/p>\n<hr \/>\n<h2 data-start=\"4497\" data-end=\"4537\"><span class=\"ez-toc-section\" id=\"Tagesausflug_nach_Montanejos\"><\/span>Tagesausflug nach Montanejos<span class=\"ez-toc-section-end\"><\/span><\/h2>\n<p data-start=\"4539\" data-end=\"4602\">Wenn Sie einen l\u00e4ngeren Urlaub in Valencia planen, empfehle ich Ihnen, auch die Stadt zu verlassen. Zum Beispiel nach Montanejos, einem Berggebiet mit Schluchten und Thermalquellen. Ein idealer Ausflug f\u00fcr eine leichte Wanderung, wenn Sie der Stadt entfliehen m\u00f6chten. Sie werden auch das Baden in den nat\u00fcrlichen Pools genie\u00dfen.<\/p>\n<div id=\"attachment_12024\" style=\"width: 1930px\" class=\"wp-caption aligncenter\"><a href=\"https:\/\/www.dovolenkarka.cz\/de\/valencia-reisefuhrer\/nature-6811796_1920\/\" rel=\"attachment wp-att-12024\"><img loading=\"lazy\" decoding=\"async\" aria-describedby=\"caption-attachment-12024\" class=\"size-full wp-image-12024\" src=\"https:\/\/www.dovolenkarka.cz\/wp-content\/uploads\/2026\/01\/nature-6811796_1920.jpg\" alt=\"Montanejos\" width=\"1920\" height=\"1440\" srcset=\"https:\/\/www.dovolenkarka.cz\/wp-content\/uploads\/2026\/01\/nature-6811796_1920.jpg 1920w, https:\/\/www.dovolenkarka.cz\/wp-content\/uploads\/2026\/01\/nature-6811796_1920-768x576.jpg 768w\" sizes=\"auto, (max-width: 1920px) 100vw, 1920px\" \/><\/a><p id=\"caption-attachment-12024\" class=\"wp-caption-text\">Montanejos<\/p><\/div>\n<p data-start=\"4539\" data-end=\"4602\"><span style=\"color: #000000;\"><strong>Mein Tipp f\u00fcr Montanejos: <\/strong><\/span><\/p>\n<ul>\n<li data-start=\"3651\" data-end=\"3740\">Wir begannen unseren Ausflug mit einer sch\u00f6nen Wanderung entlang des Flusses und in die Berge. Danach hatten wir gen\u00fcgend Freizeit zum Baden in den Thermalbecken. Ich kann mir aber auch vorstellen, dass wir den Spaziergang auslassen und nur zum Baden in den Thermalb\u00e4dern hierher kommen.<\/li>\n<li data-start=\"3651\" data-end=\"3740\">Finden Sie auf der Karte die Thermalb\u00e4der, in denen wir gebadet haben: <em>Fuente de los Ba\u00f1os<\/em><\/li>\n<\/ul>\n<hr \/>\n<h2><span class=\"ez-toc-section\" id=\"Valencia_%E2%80%93_Transport\"><\/span>Valencia &#8211; Transport<span class=\"ez-toc-section-end\"><\/span><\/h2>\n<p>Valencia ist flach und hat \u00fcber 150 Kilometer Radwege. Das Fahrrad ist daher das billigste und gleichzeitig das schnellste Verkehrsmittel, wenn Sie eine Unterkunft in Valencia w\u00e4hlen. Ich empfehle, die lokalen Leihfahrr\u00e4der zu mieten &#8211; Valenbisi.<\/p>\n<p>Eine Alternative zum Radfahren sind die \u00f6ffentlichen Verkehrsmittel &#8211; EMT-Busse und die U-Bahn.<\/p>\n<p>Wenn Sie die Stadt verlassen, empfehle ich einen Zug oder ein Mietauto.<\/p>\n<hr \/>\n<p>Valencia ist eine der sch\u00f6nsten St\u00e4dte Spaniens. Sie bietet Sehensw\u00fcrdigkeiten, Meer, Natur und moderne Architektur, und das alles ohne extreme Touristenmassen. Wenn Sie ein Reiseziel suchen, das einen Aufenthalt in der Stadt, Str\u00e4nde und eine authentische Atmosph\u00e4re kombiniert, ist Valencia eine ausgezeichnete Wahl.<\/p>\n<hr \/>\n<p style=\"text-align: center;\"><span style=\"color: #000000;\"><strong>Hat Ihnen mein Artikel mit Tipps f\u00fcr Ausfl\u00fcge und Unterk\u00fcnfte in Valencia gefallen? Speichern Sie ihn auch auf Pinterest: <\/strong><\/span><\/p>\n<p>&nbsp;<\/p>\n","protected":false},"excerpt":{"rendered":"<p>Valencia Reisef\u00fchrer (nicht nur) f\u00fcr 4 Tage: Was man sehen und wo man \u00fcbernachten kann Meiner Meinung nach geh\u00f6rt Valencia zu den angenehmsten spanischen St\u00e4dten zum Reisen. Sie liegt an der K\u00fcste des Mittelmeers und obwohl sie die drittgr\u00f6\u00dfte Stadt des Landes ist, bewahrt sie immer noch eine entspannte Atmosph\u00e4re ohne \u00fcberf\u00fcllte Stra\u00dfen, wie sie f\u00fcr Barcelona oder Madrid typisch sind. Sie bietet eine ideale Kombination aus Geschichte, moderner Architektur, Str\u00e4nden und exzellenter Gastronomie. Auch die Unterk\u00fcnfte in Valencia werden Sie begeistern. In diesem Reisef\u00fchrer finden Sie das Beste, was ich in Valencia zu sehen und zu erleben empfehle, von <\/p>\n","protected":false},"author":1,"featured_media":12956,"comment_status":"closed","ping_status":"closed","sticky":false,"template":"","format":"standard","meta":{"footnotes":""},"categories":[5181],"tags":[5204,5203,5206,5205],"class_list":["post-12954","post","type-post","status-publish","format-standard","has-post-thumbnail","hentry","category-spanien","tag-unterkunfte-in-valencia","tag-valencia","tag-valencia-reisefuhrer","tag-wochenende-in-valencia","has_thumb"],"aioseo_notices":[],"_links":{"self":[{"href":"https:\/\/www.dovolenkarka.cz\/de\/wp-json\/wp\/v2\/posts\/12954","targetHints":{"allow":["GET"]}}],"collection":[{"href":"https:\/\/www.dovolenkarka.cz\/de\/wp-json\/wp\/v2\/posts"}],"about":[{"href":"https:\/\/www.dovolenkarka.cz\/de\/wp-json\/wp\/v2\/types\/post"}],"author":[{"embeddable":true,"href":"https:\/\/www.dovolenkarka.cz\/de\/wp-json\/wp\/v2\/users\/1"}],"replies":[{"embeddable":true,"href":"https:\/\/www.dovolenkarka.cz\/de\/wp-json\/wp\/v2\/comments?post=12954"}],"version-history":[{"count":2,"href":"https:\/\/www.dovolenkarka.cz\/de\/wp-json\/wp\/v2\/posts\/12954\/revisions"}],"predecessor-version":[{"id":12972,"href":"https:\/\/www.dovolenkarka.cz\/de\/wp-json\/wp\/v2\/posts\/12954\/revisions\/12972"}],"wp:featuredmedia":[{"embeddable":true,"href":"https:\/\/www.dovolenkarka.cz\/de\/wp-json\/wp\/v2\/media\/12956"}],"wp:attachment":[{"href":"https:\/\/www.dovolenkarka.cz\/de\/wp-json\/wp\/v2\/media?parent=12954"}],"wp:term":[{"taxonomy":"category","embeddable":true,"href":"https:\/\/www.dovolenkarka.cz\/de\/wp-json\/wp\/v2\/categories?post=12954"},{"taxonomy":"post_tag","embeddable":true,"href":"https:\/\/www.dovolenkarka.cz\/de\/wp-json\/wp\/v2\/tags?post=12954"}],"curies":[{"name":"wp","href":"https:\/\/api.w.org\/{rel}","templated":true}]}}