{"id":14863,"date":"2025-03-18T18:07:28","date_gmt":"2025-03-18T17:07:28","guid":{"rendered":"https:\/\/www.dovolenkarka.cz\/15-tipps-fur-ausfluge-in-den-dolomiten-im-jahr-2026\/"},"modified":"2026-03-30T13:43:29","modified_gmt":"2026-03-30T11:43:29","slug":"ausfluge-in-den-dolomiten","status":"publish","type":"post","link":"https:\/\/www.dovolenkarka.cz\/de\/ausfluge-in-den-dolomiten\/","title":{"rendered":"15 Tipps f\u00fcr Ausfl\u00fcge in den Dolomiten im Jahr 2026"},"content":{"rendered":"<p>Planst du im Sommer einen Aktivurlaub und suchst nach Inspiration, <span style=\"color: #008000;\"><a style=\"color: #008000;\" href=\"https:\/\/www.booking.com\/searchresults.en.html?city=-123483&amp;aid=347511&amp;no_rooms=1&amp;group_adults=2\" target=\"_blank\" rel=\"noopener\">welche Ausfl\u00fcge in den Dolomiten du nicht verpassen solltest?<\/a> <\/span>Dann kommt dir mein heutiger Artikel mit bew\u00e4hrten Tipps f\u00fcr die Dolomiten aus den letzten Jahren gerade recht. Es ist kein Geheimnis, dass Italien zu unseren Lieblingsl\u00e4ndern geh\u00f6rt, die wir wirklich regelm\u00e4\u00dfig besuchen.<\/p>\n<p>Italien macht uns gl\u00fccklich. Einerseits ist es die vielf\u00e4ltige Natur, die einem buchst\u00e4blich auf Schritt und Tritt den Atem raubt, ganz egal, ob man in die Berge, an die Seen oder ans Meer f\u00e4hrt.<\/p>\n<p style=\"text-align: center;\"><a style=\"display: inline-block; background-color: #2e7d32; color: #ffffff; padding: 10px 18px; text-decoration: none; border-radius: 4px; font-weight: bold; margin-top: 8px;\" href=\"https:\/\/www.booking.com\/searchresults.en.html?city=-123483&amp;aid=347511&amp;no_rooms=1&amp;group_adults=2\" target=\"_blank\" rel=\"noopener\">TOP 10 UNTERK\u00dcNFTE IN DEN DOLOMITEN <\/a><\/p>\n<div id=\"attachment_8135\" style=\"width: 677px\" class=\"wp-caption aligncenter\"><a href=\"https:\/\/www.booking.com\/searchresults.en.html?city=-123483&amp;aid=347511&amp;no_rooms=1&amp;group_adults=2\" target=\"_blank\" rel=\"noopener\"><img loading=\"lazy\" decoding=\"async\" aria-describedby=\"caption-attachment-8135\" class=\"size-large wp-image-8135\" src=\"https:\/\/www.dovolenkarka.cz\/wp-content\/uploads\/2023\/12\/IMG_6370-1-1200x630.jpeg\" alt=\"Lago di Carezza \u2013 Ausfl\u00fcge in den Dolomiten\" width=\"667\" height=\"350\" \/><\/a><p id=\"caption-attachment-8135\" class=\"wp-caption-text\">Lago di Carezza \/ Dovolenk\u00e1\u0159ka<\/p><\/div>\n<p>Gleichzeitig liegt es an der lokalen italienischen K\u00fcche, die zudem uns Z\u00f6liakiebetroffenen gegen\u00fcber mehr als freundlich ist. Ich will es nicht leugnen: Obwohl die meisten unserer Urlaube sehr aktiv sind, kehren wir aus Italien immer mit dem einen oder anderen Kilo mehr zur\u00fcck. Nat\u00fcrlich auch mit einem Koffer voller italienischer (vor allem) glutenfreier Leckereien. Heute werde ich mich hier jedoch nicht \u00fcber das Essen auslassen, das heben wir uns f\u00fcr einen der n\u00e4chsten Artikel auf.<\/p>\n<p><a href=\"https:\/\/www.booking.com\/searchresults.en.html?city=-123483&amp;aid=347511&amp;no_rooms=1&amp;group_adults=2\" target=\"_blank\" rel=\"noopener\"><img loading=\"lazy\" decoding=\"async\" class=\"aligncenter size-large wp-image-9343\" src=\"https:\/\/www.dovolenkarka.cz\/wp-content\/uploads\/2025\/03\/landscape-5561675_1920-1200x630.jpg\" alt=\"Ausfl\u00fcge in den Dolomiten \u2013 Seceda \" width=\"667\" height=\"350\" \/><\/a><\/p>\n<p><span style=\"color: #008000;\"><a style=\"color: #008000;\" href=\"https:\/\/www.booking.com\/searchresults.en.html?city=-123483&amp;aid=347511&amp;no_rooms=1&amp;group_adults=2\" target=\"_blank\" rel=\"noopener\">Heute begeben wir uns n\u00e4mlich auf die beliebtesten Ausfl\u00fcge in den Dolomiten<\/a><\/span>. Keine Sorge, die meisten der in den heutigen Tipps beschriebenen Wege sind recht einfach und erfordern keine Bergsteigererfahrung. Eine normale k\u00f6rperliche Fitness und eine gute Bergausr\u00fcstung in Form von festen Wanderschuhen und atmungsaktiver Kleidung reichen v\u00f6llig aus. Eine leichte Regenjacke sollte ebenfalls einen Platz in deinem Rucksack haben.<\/p>\n<div id=\"ez-toc-container\" class=\"ez-toc-v2_0_82_2 counter-hierarchy ez-toc-counter ez-toc-grey ez-toc-container-direction\">\n<div class=\"ez-toc-title-container\">\n<p class=\"ez-toc-title\" style=\"cursor:inherit\">Table of Contents<\/p>\n<span class=\"ez-toc-title-toggle\"><a href=\"#\" class=\"ez-toc-pull-right ez-toc-btn ez-toc-btn-xs ez-toc-btn-default ez-toc-toggle\" aria-label=\"Toggle Table of Content\"><span class=\"ez-toc-js-icon-con\"><span class=\"\"><span class=\"eztoc-hide\" style=\"display:none;\">Toggle<\/span><span class=\"ez-toc-icon-toggle-span\"><svg style=\"fill: #999;color:#999\" xmlns=\"http:\/\/www.w3.org\/2000\/svg\" class=\"list-377408\" width=\"20px\" height=\"20px\" viewBox=\"0 0 24 24\" fill=\"none\"><path d=\"M6 6H4v2h2V6zm14 0H8v2h12V6zM4 11h2v2H4v-2zm16 0H8v2h12v-2zM4 16h2v2H4v-2zm16 0H8v2h12v-2z\" fill=\"currentColor\"><\/path><\/svg><svg style=\"fill: #999;color:#999\" class=\"arrow-unsorted-368013\" xmlns=\"http:\/\/www.w3.org\/2000\/svg\" width=\"10px\" height=\"10px\" viewBox=\"0 0 24 24\" version=\"1.2\" baseProfile=\"tiny\"><path d=\"M18.2 9.3l-6.2-6.3-6.2 6.3c-.2.2-.3.4-.3.7s.1.5.3.7c.2.2.4.3.7.3h11c.3 0 .5-.1.7-.3.2-.2.3-.5.3-.7s-.1-.5-.3-.7zM5.8 14.7l6.2 6.3 6.2-6.3c.2-.2.3-.5.3-.7s-.1-.5-.3-.7c-.2-.2-.4-.3-.7-.3h-11c-.3 0-.5.1-.7.3-.2.2-.3.5-.3.7s.1.5.3.7z\"\/><\/svg><\/span><\/span><\/span><\/a><\/span><\/div>\n<nav><ul class='ez-toc-list ez-toc-list-level-1 ' ><li class='ez-toc-page-1 ez-toc-heading-level-2'><a class=\"ez-toc-link ez-toc-heading-1\" href=\"https:\/\/www.dovolenkarka.cz\/de\/ausfluge-in-den-dolomiten\/#Ausfluege_in_den_Dolomiten\" >Ausfl\u00fcge in den Dolomiten<\/a><ul class='ez-toc-list-level-3' ><li class='ez-toc-heading-level-3'><a class=\"ez-toc-link ez-toc-heading-2\" href=\"https:\/\/www.dovolenkarka.cz\/de\/ausfluge-in-den-dolomiten\/#Seceda\" >Seceda<\/a><\/li><li class='ez-toc-page-1 ez-toc-heading-level-3'><a class=\"ez-toc-link ez-toc-heading-3\" href=\"https:\/\/www.dovolenkarka.cz\/de\/ausfluge-in-den-dolomiten\/#Seiser_Alm\" >Seiser Alm<\/a><\/li><li class='ez-toc-page-1 ez-toc-heading-level-3'><a class=\"ez-toc-link ez-toc-heading-4\" href=\"https:\/\/www.dovolenkarka.cz\/de\/ausfluge-in-den-dolomiten\/#Villnoesstal\" >Villn\u00f6sstal<\/a><\/li><li class='ez-toc-page-1 ez-toc-heading-level-3'><a class=\"ez-toc-link ez-toc-heading-5\" href=\"https:\/\/www.dovolenkarka.cz\/de\/ausfluge-in-den-dolomiten\/#Pragser_Wildsee_%E2%80%93_Dolomiten\" >Pragser Wildsee \u2013 Dolomiten<\/a><\/li><li class='ez-toc-page-1 ez-toc-heading-level-3'><a class=\"ez-toc-link ez-toc-heading-6\" href=\"https:\/\/www.dovolenkarka.cz\/de\/ausfluge-in-den-dolomiten\/#Karersee_%E2%80%93_Dolomiten\" >Karersee \u2013 Dolomiten<\/a><\/li><li class='ez-toc-page-1 ez-toc-heading-level-3'><a class=\"ez-toc-link ez-toc-heading-7\" href=\"https:\/\/www.dovolenkarka.cz\/de\/ausfluge-in-den-dolomiten\/#Ausfluege_in_den_Dolomiten_%E2%80%93_Sorapis-See\" >Ausfl\u00fcge in den Dolomiten \u2013 Sorapis-See<\/a><\/li><li class='ez-toc-page-1 ez-toc-heading-level-3'><a class=\"ez-toc-link ez-toc-heading-8\" href=\"https:\/\/www.dovolenkarka.cz\/de\/ausfluge-in-den-dolomiten\/#Kronplatz_im_Sommer_%E2%80%93_Dolomiten\" >Kronplatz im Sommer \u2013 Dolomiten<\/a><\/li><li class='ez-toc-page-1 ez-toc-heading-level-3'><a class=\"ez-toc-link ez-toc-heading-9\" href=\"https:\/\/www.dovolenkarka.cz\/de\/ausfluge-in-den-dolomiten\/#Antholz_im_Sommer_Ausfluege_in_den_Dolomiten\" >Antholz im Sommer \/ Ausfl\u00fcge in den Dolomiten<\/a><\/li><li class='ez-toc-page-1 ez-toc-heading-level-3'><a class=\"ez-toc-link ez-toc-heading-10\" href=\"https:\/\/www.dovolenkarka.cz\/de\/ausfluge-in-den-dolomiten\/#Aussichtspunkt_auf_die_Cadini_di_Misurina_Ausfluege_in_den_Dolomiten\" >Aussichtspunkt auf die Cadini di Misurina \/ Ausfl\u00fcge in den Dolomiten<\/a><\/li><li class='ez-toc-page-1 ez-toc-heading-level-3'><a class=\"ez-toc-link ez-toc-heading-11\" href=\"https:\/\/www.dovolenkarka.cz\/de\/ausfluge-in-den-dolomiten\/#Misurinasee_Ausfluege_in_den_Dolomiten\" >Misurinasee \/ Ausfl\u00fcge in den Dolomiten<\/a><\/li><li class='ez-toc-page-1 ez-toc-heading-level-3'><a class=\"ez-toc-link ez-toc-heading-12\" href=\"https:\/\/www.dovolenkarka.cz\/de\/ausfluge-in-den-dolomiten\/#Drei_Zinnen_%E2%80%93_Dolomiten\" >Drei Zinnen \u2013 Dolomiten<\/a><\/li><li class='ez-toc-page-1 ez-toc-heading-level-3'><a class=\"ez-toc-link ez-toc-heading-13\" href=\"https:\/\/www.dovolenkarka.cz\/de\/ausfluge-in-den-dolomiten\/#Langkofel_%E2%80%93_Dolomiten\" >Langkofel \u2013 Dolomiten<\/a><\/li><li class='ez-toc-page-1 ez-toc-heading-level-3'><a class=\"ez-toc-link ez-toc-heading-14\" href=\"https:\/\/www.dovolenkarka.cz\/de\/ausfluge-in-den-dolomiten\/#Pordoijoch_Ausfluege_in_den_Dolomiten\" >Pordoijoch \/ Ausfl\u00fcge in den Dolomiten<\/a><\/li><li class='ez-toc-page-1 ez-toc-heading-level-3'><a class=\"ez-toc-link ez-toc-heading-15\" href=\"https:\/\/www.dovolenkarka.cz\/de\/ausfluge-in-den-dolomiten\/#Ausfluege_in_den_Dolomiten_%E2%80%93_Groedner_Joch_Ausfluege_in_den_Dolomiten\" >Ausfl\u00fcge in den Dolomiten \u2013 Gr\u00f6dner Joch \/ Ausfl\u00fcge in den Dolomiten<\/a><\/li><li class='ez-toc-page-1 ez-toc-heading-level-3'><a class=\"ez-toc-link ez-toc-heading-16\" href=\"https:\/\/www.dovolenkarka.cz\/de\/ausfluge-in-den-dolomiten\/#Giau-Pass_Ausfluege_in_den_Dolomiten\" >Giau-Pass \/ Ausfl\u00fcge in den Dolomiten<\/a><\/li><\/ul><\/li><\/ul><\/nav><\/div>\n<h2><span class=\"ez-toc-section\" id=\"Ausfluege_in_den_Dolomiten\"><\/span>Ausfl\u00fcge in den Dolomiten<span class=\"ez-toc-section-end\"><\/span><\/h2>\n<hr \/>\n<p style=\"text-align: center;\"><iframe loading=\"lazy\" id=\"stay22-widget\" src=\"https:\/\/www.stay22.com\/embed\/6963f9c77ebd74cd495876fa\" width=\"100%\" height=\"428\" frameborder=\"0\"><\/iframe><\/p>\n<hr \/>\n<h3><span class=\"ez-toc-section\" id=\"Seceda\"><\/span>Seceda<span class=\"ez-toc-section-end\"><\/span><\/h3>\n<p>Ich glaube, den Gipfel der Seceda muss ich vielen von euch nicht mehr gro\u00df vorstellen. Ein Foto von diesem m\u00e4rchenhaften Ort in den Bergen habt ihr sicher schon einmal in den sozialen Medien gesehen. Obwohl dieser Ort bekannt ist, solltet ihr nicht auf allzu viele Touristen treffen, wenn ihr au\u00dferhalb der Hauptferienmonate zu einem Ausflug aufbrecht.<\/p>\n<p>Der Gipfel der Seceda in den italienischen Dolomiten geh\u00f6rt zu den fotogensten Ausflugszielen in den Dolomiten, und bei sch\u00f6nem Wetter wirst du von hier sicher ein unvergessliches Erlebnis mit nach Hause nehmen. Ein idealer Ausgangspunkt ist das St\u00e4dtchen St. Ulrich (Ortisei), wo ich auch eine \u00dcbernachtung empfehle und von wo aus du bequem mit der Seilbahn Ortisei-Furnes-Seceda direkt auf das Hochplateau gelangst. Eine weitere M\u00f6glichkeit ist es, direkt an der Talstation der Seilbahn zu parken, falls du woanders untergebracht bist.<\/p>\n<blockquote><p><span style=\"color: #008000;\"><strong><a style=\"color: #008000;\" href=\"https:\/\/www.booking.com\/searchresults.en.html?city=-123483&amp;aid=347511&amp;no_rooms=1&amp;group_adults=2\" target=\"_blank\" rel=\"noopener\">&gt; FREIE UNTERK\u00dcNFTE IN ST. ULRICH ANZEIGEN<\/a><\/strong><\/span><\/p><\/blockquote>\n<p><a href=\"https:\/\/www.booking.com\/searchresults.en.html?city=-123483&amp;aid=347511&amp;no_rooms=1&amp;group_adults=2\" target=\"_blank\" rel=\"noopener\"><img loading=\"lazy\" decoding=\"async\" class=\"aligncenter size-large wp-image-9342\" src=\"https:\/\/www.dovolenkarka.cz\/wp-content\/uploads\/2025\/03\/landscape-5561680_1920-1200x630.jpg\" alt=\"Ausfl\u00fcge in den Dolomiten \u2013 Seceda \" width=\"667\" height=\"350\" \/><\/a><\/p>\n<h3><span class=\"ez-toc-section\" id=\"Seiser_Alm\"><\/span>Seiser Alm<span class=\"ez-toc-section-end\"><\/span><\/h3>\n<p data-start=\"0\" data-end=\"569\">Die Seiser Alm (Alpe di Siusi) ist die gr\u00f6\u00dfte Hochalm Europas und bietet atemberaubende Ausblicke auf die Massive Langkofel, Plattkofel und Schlern. Der beste Ausgangspunkt ist der Ort Seis am Schlern, von wo aus dich die Seiser Alm Bahn direkt auf das Hochplateau bringt. Wenn du mit dem Auto anreist, empfehle ich, in Seis zu parken, da die Zufahrt zur Seiser Alm tags\u00fcber f\u00fcr Privatfahrzeuge beschr\u00e4nkt ist.<\/p>\n<p data-start=\"0\" data-end=\"569\"><span style=\"color: #008000;\"><a style=\"color: #008000;\" href=\"https:\/\/www.booking.com\/searchresults.en.html?city=-123483&amp;aid=347511&amp;no_rooms=1&amp;group_adults=2\" target=\"_blank\" rel=\"noopener\">Die Wanderwege auf der Seiser Alm haben unterschiedliche Schwierigkeitsgrade<\/a><\/span>, von einfachen Spazierg\u00e4ngen zwischen den Weiden bis hin zum Aufstieg zum Monte Pana mit einem H\u00f6henunterschied von etwa 500 Metern. Pers\u00f6nlich m\u00f6gen wir diesen Ort am liebsten f\u00fcr entspannte, einfache Spazierg\u00e4nge \u00fcber die lokalen Weiden, die ohne Zweifel zu den beliebtesten Ausfl\u00fcgen in den Dolomiten geh\u00f6ren. Daher z\u00e4hlen wir die traditionellen Bergh\u00fctten, in denen du typische S\u00fcdtiroler Spezialit\u00e4ten genie\u00dfen kannst, oder die ikonischen, fotogenen Holzh\u00fctten, die \u00fcber die Wiesen verstreut sind und eine m\u00e4rchenhafte Atmosph\u00e4re schaffen, zu den Hauptattraktionen.<\/p>\n<p data-start=\"0\" data-end=\"569\">Im Sommer ist das Gebiet ein Paradies zum Wandern und Radfahren. F\u00fcr die Unterkunft sind Seis am Schlern oder St. Ulrich eine hervorragende Wahl, von wo aus die Seiser Alm bequem mit der Seilbahn oder dem Bus erreichbar ist.<\/p>\n<blockquote>\n<p data-start=\"0\" data-end=\"569\"><span style=\"color: #008000;\"><strong><a style=\"color: #008000;\" href=\"https:\/\/www.booking.com\/searchresults.en.html?city=-123483&amp;aid=347511&amp;no_rooms=1&amp;group_adults=2\" target=\"_blank\" rel=\"noopener\">&gt; UNTERK\u00dcNFTE IN DER UMGEBUNG VON ST. ULRICH HIER ANZEIGEN<\/a><\/strong><\/span><\/p>\n<\/blockquote>\n<p data-start=\"0\" data-end=\"569\"><a href=\"https:\/\/www.booking.com\/searchresults.en.html?city=-123483&amp;aid=347511&amp;no_rooms=1&amp;group_adults=2\" target=\"_blank\" rel=\"noopener\"><img loading=\"lazy\" decoding=\"async\" class=\"aligncenter size-large wp-image-9371\" src=\"https:\/\/www.dovolenkarka.cz\/wp-content\/uploads\/2025\/03\/mountains-4299684_1920-1200x630.jpg\" alt=\"Ausfl\u00fcge in den Dolomiten \u2013 Seiser Alm\" width=\"667\" height=\"350\" \/><\/a><\/p>\n<h3><span class=\"ez-toc-section\" id=\"Villnoesstal\"><\/span>Villn\u00f6sstal<span class=\"ez-toc-section-end\"><\/span><\/h3>\n<p>Das Villn\u00f6sstal (Val di Funes) ist eines der malerischsten T\u00e4ler der Dolomiten, ber\u00fchmt f\u00fcr die Ausblicke auf das Geisler-Massiv und die zauberhaften Bergd\u00f6rfer. Ein idealer Ausgangspunkt ist das Dorf St. Magdalena, das bequem mit dem Auto erreichbar ist. Hier erwarten dich atemberaubende Ausblicke auf die Berglandschaft mit dem ikonischen Kirchlein. Den Aussichtspunkt auf die ber\u00fchmte Kirche St. Magdalena findest du auf dem H\u00fcgel oberhalb des Dorfes.<\/p>\n<p>Parken kannst du auf den ausgewiesenen Parkpl\u00e4tzen \u2013 auf der Karte sind die Parkpl\u00e4tze gut beschrieben. Ein weiterer interessanter Ort ist das malerische Kirchlein St. Johann in Ranui, das zu den meistfotografierten Orten der Dolomiten geh\u00f6rt. F\u00fcr eine Unterkunft ist es ideal, sich in Richtung Brixen umzusehen. Von Brixen aus brauchst du etwa 30 Minuten mit dem Auto hierher. Direkt in den D\u00f6rfern rund um die beliebtesten Aussichtspunkte sind die Unterk\u00fcnfte meist fr\u00fch ausgebucht oder unverh\u00e4ltnism\u00e4\u00dfig teuer.<\/p>\n<blockquote><p><a href=\"https:\/\/www.booking.com\/searchresults.en.html?city=-112159&amp;aid=347511&amp;no_rooms=1&amp;group_adults=2\" target=\"_blank\" rel=\"noopener\"><span style=\"color: #008000;\"><strong>&gt; UNTERK\u00dcNFTE IN DER UMGEBUNG VON BRIXEN HIER ANZEIGEN<\/strong><\/span><\/a><\/p><\/blockquote>\n<p><a href=\"https:\/\/www.booking.com\/searchresults.en.html?city=-112159&amp;aid=347511&amp;no_rooms=1&amp;group_adults=2\" target=\"_blank\" rel=\"noopener\"><img loading=\"lazy\" decoding=\"async\" class=\"aligncenter size-large wp-image-9374\" src=\"https:\/\/www.dovolenkarka.cz\/wp-content\/uploads\/2025\/03\/funes-4984899_1920-1200x630.jpg\" alt=\"Ausfl\u00fcge in den Dolomiten \u2013 St. Magdalena\" width=\"667\" height=\"350\" \/><\/a><\/p>\n<h3><span class=\"ez-toc-section\" id=\"Pragser_Wildsee_%E2%80%93_Dolomiten\"><\/span>Pragser Wildsee \u2013 Dolomiten<span class=\"ez-toc-section-end\"><\/span><\/h3>\n<p><span style=\"color: #008000;\"><a style=\"color: #008000;\" href=\"https:\/\/www.booking.com\/hotel\/it\/lago-di-braies.en.html?aid=347511&amp;no_rooms=1&amp;group_adults=2\" target=\"_blank\" rel=\"noopener\">Der Pragser Wildsee geh\u00f6rt zu den bekanntesten Ausflugszielen in den Dolomiten<\/a><\/span>, und obwohl du hier mit gro\u00dfer Wahrscheinlichkeit nicht allein sein wirst, empfehle ich definitiv, diesen Bergsee mindestens einmal im Leben zu besuchen. Du wirst mir sicher zustimmen, dass er einen Besuch wert ist. Der Rundweg ist nicht anspruchsvoll und auch mit aktiven Kindern machbar. Mit dem Kinderwagen kannst du nur einen Teil des Weges befahren (an einer Stelle gibt es Treppen und schmales Gel\u00e4nde). Wenn du mit einem Kleinkind den gesamten Weg um den See wandern m\u00f6chtest, packe f\u00fcr den Urlaub eine R\u00fcckentrage ein.<\/p>\n<hr \/>\n<p>Achtung! Im Sommer ist die Zufahrt zum oberen Parkplatz nur mit einer Genehmigung gestattet, die vorab beantragt werden muss. Eine Variante ist die Buchung einer Unterkunft im historischen Hotel Lago di Braies. Ein Aufenthalt dort ist an sich schon ein Erlebnis.<\/p>\n<p>Auch im Sommer 2026 gelten die Verkehrsbeschr\u00e4nkungen f\u00fcr Autos t\u00e4glich <span style=\"color: #000000;\"><strong>vom 01.07. bis 15.09.2026 zwischen 09:00 und 16:00 <\/strong><\/span><em>Uhr. Es ist daher ratsam, in dieser Zeit mit \u00f6ffentlichen Verkehrsmitteln, zu Fu\u00df, mit dem Fahrrad oder nach Vorlage einer Online-Reservierung bzw. einer g\u00fcltigen Durchfahrtsgenehmigung zu planen.<\/em><\/p>\n<p><em>F\u00fcr einen entspannten Besuch an Feiertagen wie <span style=\"color: #000000;\"><strong><u>Ostern, dem Tag der Befreiung und dem Tag der Arbeit (1.\u20134. Mai)<\/u><\/strong><\/span> empfehlen wir die Nutzung \u00f6ffentlicher Verkehrsmittel.<\/em><\/p>\n<p><em><u>Andernfalls kannst du an diesen Tagen vorab den Parkplatz P1 reservieren und den Shuttle-Service zum See nutzen:<\/u><\/em><\/p>\n<hr \/>\n<p>Ich empfehle dir auch, den separaten Artikel zu lesen, den ich \u00fcber den Ausflug zum Pragser Wildsee geschrieben habe:<\/p>\n<ul>\n<li><span style=\"color: #008000;\"><strong><a style=\"color: #008000;\" href=\"https:\/\/www.dovolenkarka.cz\/vylet-k-jezeru-lago-di-braies\/\" target=\"_blank\" rel=\"noopener\">Ausflug zum Pragser Wildsee \u2013 Rundweg, Parken und Unterkunft<\/a><\/strong><\/span><\/li>\n<li><span style=\"color: #008000;\"><strong><a style=\"color: #008000;\" href=\"https:\/\/www.booking.com\/hotel\/it\/lago-di-braies.en.html?aid=347511&amp;no_rooms=1&amp;group_adults=2\" target=\"_blank\" rel=\"noopener\">Unterkunft im historischen Hotel am Pragser Wildsee \u2013 PREISE ANZEIGEN<\/a><\/strong><\/span><\/li>\n<\/ul>\n<div id=\"attachment_7975\" style=\"width: 677px\" class=\"wp-caption aligncenter\"><a href=\"https:\/\/www.booking.com\/hotel\/it\/lago-di-braies.en.html?aid=347511&amp;no_rooms=1&amp;group_adults=2\" target=\"_blank\" rel=\"noopener\"><img loading=\"lazy\" decoding=\"async\" aria-describedby=\"caption-attachment-7975\" class=\"size-large wp-image-7975\" src=\"https:\/\/www.dovolenkarka.cz\/wp-content\/uploads\/2023\/07\/IMG_5521-1200x630.jpeg\" alt=\"Pragser Wildsee \/ dovolenkarka.cz\" width=\"667\" height=\"350\" \/><\/a><p id=\"caption-attachment-7975\" class=\"wp-caption-text\">Pragser Wildsee \/ dovolenkarka.cz<\/p><\/div>\n<p><a href=\"https:\/\/www.booking.com\/hotel\/it\/lago-di-braies.en.html?aid=347511&amp;no_rooms=1&amp;group_adults=2\" target=\"_blank\" rel=\"noopener\"><img loading=\"lazy\" decoding=\"async\" class=\"aligncenter size-large wp-image-7988\" src=\"https:\/\/www.dovolenkarka.cz\/wp-content\/uploads\/2023\/07\/Snimek-obrazovky-2023-07-24-v-21.12.41-1200x630.png\" alt=\"Unterkunft am Pragser Wildsee\" width=\"667\" height=\"350\" \/><\/a><\/p>\n<h3><span class=\"ez-toc-section\" id=\"Karersee_%E2%80%93_Dolomiten\"><\/span>Karersee \u2013 Dolomiten<span class=\"ez-toc-section-end\"><\/span><\/h3>\n<p><span style=\"color: #008000;\"><a style=\"color: #008000;\" href=\"https:\/\/www.booking.com\/searchresults.en.html?city=-113340&amp;aid=347511&amp;no_rooms=1&amp;group_adults=2\" target=\"_blank\" rel=\"noopener\">Den Karersee solltest du auf keinen Fall verpassen, und ich sage gerne, dass er zu den Ausfl\u00fcgen in den Dolomiten geh\u00f6rt,<\/a><\/span> die wirklich jeder machen kann. In der N\u00e4he des Sees befindet sich ein geb\u00fchrenpflichtiger Parkplatz, von dem aus du durch eine bequeme Unterf\u00fchrung zum See gelangst. Dieser Ausflug nimmt nicht viel Zeit in Anspruch (es sei denn, du begibst dich auf eine anspruchsvollere Wanderung weiter in die Berge), sodass du ihn als Erg\u00e4nzung bei der Fahrt zu anderen Orten in deinen Reiseplan aufnehmen kannst.<\/p>\n<p>Wir haben den Karersee in den Morgenstunden Anfang Juni besucht, und das war definitiv eine gute Wahl. Der Parkplatz war fast leer und nur wenige Touristen waren mit uns am See unterwegs. Praktisch hatten wir den Gro\u00dfteil des Weges und die Aussichtsterrasse nur f\u00fcr uns. Mit einem Outdoor-Kinderwagen kannst du den Weg problemlos umrunden.<\/p>\n<p>Lass dich auch von meinem separaten Artikel zum Karersee inspirieren, in dem du mehr Fotos von diesem m\u00e4rchenhaften Ort findest, um dir ein besseres Bild zu machen:<\/p>\n<ul>\n<li><span style=\"color: #008000;\"><strong><a style=\"color: #008000;\" href=\"https:\/\/www.dovolenkarka.cz\/lago-di-carezza\/\" target=\"_blank\" rel=\"noopener\">Karersee: Wo man parken und wo man \u00fcbernachten kann<\/a><\/strong><\/span><\/li>\n<li><span style=\"color: #008000;\"><strong><a style=\"color: #008000;\" href=\"https:\/\/www.booking.com\/searchresults.en.html?city=-113340&amp;aid=347511&amp;no_rooms=1&amp;group_adults=2\" target=\"_blank\" rel=\"noopener\">FREIE UNTERK\u00dcNFTE IN DER N\u00c4HE DES KARERSEES ANZEIGEN<\/a><\/strong><\/span><\/li>\n<\/ul>\n<p><a href=\"https:\/\/www.booking.com\/searchresults.en.html?city=-113340&amp;aid=347511&amp;no_rooms=1&amp;group_adults=2\" target=\"_blank\" rel=\"noopener\"><img loading=\"lazy\" decoding=\"async\" class=\"size-large wp-image-8127 aligncenter\" src=\"https:\/\/www.dovolenkarka.cz\/wp-content\/uploads\/2023\/12\/IMG_6401-2-1-1200x630.jpeg\" alt=\"Karersee\" width=\"667\" height=\"350\" \/><\/a><\/p>\n<div id=\"attachment_8118\" style=\"width: 677px\" class=\"wp-caption aligncenter\"><a href=\"https:\/\/www.booking.com\/searchresults.en.html?city=-113340&amp;aid=347511&amp;no_rooms=1&amp;group_adults=2\" target=\"_blank\" rel=\"noopener\"><img loading=\"lazy\" decoding=\"async\" aria-describedby=\"caption-attachment-8118\" class=\"size-large wp-image-8118\" src=\"https:\/\/www.dovolenkarka.cz\/wp-content\/uploads\/2023\/12\/IMG_6412-1200x630.jpeg\" alt=\"Karersee\" width=\"667\" height=\"350\" \/><\/a><p id=\"caption-attachment-8118\" class=\"wp-caption-text\">Karersee \/ Dovolenk\u00e1\u0159ka<\/p><\/div>\n<h3><span class=\"ez-toc-section\" id=\"Ausfluege_in_den_Dolomiten_%E2%80%93_Sorapis-See\"><\/span>Ausfl\u00fcge in den Dolomiten \u2013 Sorapis-See<span class=\"ez-toc-section-end\"><\/span><\/h3>\n<p>Wenn du k\u00f6rperlich fit bist, solltest du unter den Ausfl\u00fcgen in den Dolomiten auch den m\u00e4rchenhaften Sorapis-See (Lago di Sorapis) nicht auslassen. Die Wanderung zum Sorapis-See, einem der sch\u00f6nsten t\u00fcrkis-milchigen Seen in den Dolomiten, beginnt am Passo Tre Croci, einem Gebirgspass zwischen Cortina d\u2019Ampezzo und Misurina.<\/p>\n<p>Die Route f\u00fchrt \u00fcber den Weg Nr. 215 und ist etwa 12 km lang (hin und zur\u00fcck) mit einem H\u00f6henunterschied von rund 450 Metern. Den Schwierigkeitsgrad stufe ich als mittel ein. Obwohl der Aufstieg nicht extrem steil ist, erfordern einige schmale Abschnitte mit Sicherungen und Felstreppen Trittsicherheit und festes Schuhwerk. Ich w\u00fcrde diesen Ausflug definitiv nicht bei Regenwetter machen oder nach mehreren Regentagen, da man hier leicht ausrutschen k\u00f6nnte.<\/p>\n<p>Die gesamte Runde dauert je nach Kondition und Anzahl der Fotostopps etwa 3,5 bis 5 Stunden. Das Auto kann man auf dem Parkplatz direkt am Passo Tre Croci stehen lassen, von wo aus man zu Fu\u00df startet. <span style=\"color: #008000;\"><a style=\"color: #008000;\" href=\"https:\/\/www.booking.com\/searchresults.en.html?city=-116371&amp;aid=347511&amp;no_rooms=1&amp;group_adults=2\">F\u00fcr die Unterkunft ist Cortina d\u2019Ampezzo ideal, das eine breite Palette an Hotels und Apartments sowie die tolle Atmosph\u00e4re eines Bergst\u00e4dtchens bietet.<\/a><\/span> Stell dich darauf ein, dass die Preise f\u00fcr Unterk\u00fcnfte hier nicht zu den g\u00fcnstigsten geh\u00f6ren. Wenn du nach einer preiswerteren \u00dcbernachtung suchst, empfehle ich, hierher nur f\u00fcr einen Ausflug zu kommen.<\/p>\n<blockquote><p><span style=\"color: #008000;\"><strong><a style=\"color: #008000;\" href=\"https:\/\/www.booking.com\/searchresults.en.html?city=-116371&amp;aid=347511&amp;no_rooms=1&amp;group_adults=2\" target=\"_blank\" rel=\"noopener\">&gt; FREIE UNTERK\u00dcNFTE IN CORTINA D&#8217;AMPEZZO ANZEIGEN<\/a><\/strong><\/span><\/p><\/blockquote>\n<p><a href=\"https:\/\/www.dovolenkarka.cz\/de\/ausfluge-in-den-dolomiten\/lake-sorapis-2004747_1920\/\" rel=\"attachment wp-att-9349\"><img loading=\"lazy\" decoding=\"async\" class=\"aligncenter size-large wp-image-9349\" src=\"https:\/\/www.dovolenkarka.cz\/wp-content\/uploads\/2025\/03\/lake-sorapis-2004747_1920-1200x630.jpg\" alt=\"Sorapis-See \u2013 Ausfl\u00fcge in den Dolomiten\" width=\"667\" height=\"350\" \/><\/a><\/p>\n<h3><span class=\"ez-toc-section\" id=\"Kronplatz_im_Sommer_%E2%80%93_Dolomiten\"><\/span>Kronplatz im Sommer \u2013 Dolomiten<span class=\"ez-toc-section-end\"><\/span><\/h3>\n<p><span style=\"color: #008000;\"><a style=\"color: #008000;\" href=\"https:\/\/www.booking.com\/searchresults.en.html?city=900040748&amp;aid=347511&amp;no_rooms=1&amp;group_adults=2\" target=\"_blank\" rel=\"noopener\">Der Kronplatz im Sommer und anschlie\u00dfend auch Antholz im Sommer sind f\u00fcr mich zwei entspannte Ausfl\u00fcge in den Dolomiten<\/a><\/span>, die du wahrscheinlich eher auf einer Winterliste erwarten w\u00fcrdest. Ich wage jedoch zu behaupten, dass viele von euch diese Orte auch in der Sommersaison begeistern werden und ihr die Dolomiten vielleicht genauso lieben lernt wie wir. Im Winter ist der Kronplatz unsere sichere Bank, und im Sommer kannst du diesen beliebten Berg ebenfalls erwandern und bei sch\u00f6nem Wetter diese 360-Grad-Aussichten in die umliegende Bergnatur genie\u00dfen.<\/p>\n<p style=\"text-align: left;\">Ich empfehle, woanders als in Olang (Valdaora) zu \u00fcbernachten:<\/p>\n<blockquote>\n<p style=\"text-align: center;\"><span style=\"color: #008000;\"><strong><a style=\"color: #008000;\" href=\"https:\/\/www.booking.com\/searchresults.en.html?city=900040748&amp;aid=347511&amp;no_rooms=1&amp;group_adults=2\" target=\"_blank\" rel=\"noopener\">&gt; FREIE UNTERK\u00dcNFTE IN OLANG ANZEIGEN<\/a><\/strong><\/span><\/p>\n<\/blockquote>\n<p><a href=\"https:\/\/www.booking.com\/searchresults.en.html?city=900040748&amp;aid=347511&amp;no_rooms=1&amp;group_adults=2\" target=\"_blank\" rel=\"noopener\"><img loading=\"lazy\" decoding=\"async\" class=\"aligncenter size-large wp-image-7991\" src=\"https:\/\/www.dovolenkarka.cz\/wp-content\/uploads\/2023\/07\/210098435-1200x630.jpg\" alt=\"Unterkunft Olang\" width=\"667\" height=\"350\" \/><\/a><\/p>\n<p><a href=\"https:\/\/www.booking.com\/searchresults.en.html?city=900040748&amp;aid=347511&amp;no_rooms=1&amp;group_adults=2\" target=\"_blank\" rel=\"noopener\"><img loading=\"lazy\" decoding=\"async\" class=\"aligncenter size-large wp-image-9351\" src=\"https:\/\/www.dovolenkarka.cz\/wp-content\/uploads\/2025\/03\/excursion-1613739_1920-1200x630.jpg\" alt=\"Kronplatz im Sommer \u2013 Ausfl\u00fcge in den Dolomiten \" width=\"667\" height=\"350\" \/><\/a><\/p>\n<h3><span class=\"ez-toc-section\" id=\"Antholz_im_Sommer_Ausfluege_in_den_Dolomiten\"><\/span>Antholz im Sommer \/ Ausfl\u00fcge in den Dolomiten<span class=\"ez-toc-section-end\"><\/span><\/h3>\n<p>Habe ich hier irgendwelche Biathlon-Fans? Wenn du unsere Biathleten auch bei den Weltcups verfolgst, dann wirst du dich sicher erinnern, dass in Antholz fast immer sch\u00f6nes Wetter ist, und ich wage zu behaupten, dass das Gleiche auch f\u00fcr die Sommersaison hier gilt. Abgesehen davon, dass es von hier aus nur ein Katzensprung zum Kronplatz und ebenso zum Pragser Wildsee ist, kannst du dich direkt hier zum gleichnamigen Antholzer See begeben oder einen der entspannten oder anspruchsvolleren Wege weiter in die Berge w\u00e4hlen.<\/p>\n<p><span style=\"color: #008000;\"><a style=\"color: #008000;\" href=\"https:\/\/www.booking.com\/hotel\/it\/restaurant-seehaus-montain-lake-resort.en.html?aid=347511&amp;no_rooms=1&amp;group_adults=2\" target=\"_blank\" rel=\"noopener\">Die Einheimischen sagen, dass ihr Antholzer See sch\u00f6ner ist als der von Touristen belagerte Pragser Wildsee<\/a><\/span>. Das Urteil \u00fcberlasse ich dir selbst. Auf jeden Fall ist dieser Ort einer der weiteren, die auf unserer Liste f\u00fcr Ausfl\u00fcge in den Dolomiten definitiv nicht fehlen d\u00fcrfen.<\/p>\n<p>Ich empfehle, direkt am See zu \u00fcbernachten, mit atemberaubenden Ausblicken direkt aus dem Hotel. Hier befindet sich auch ein gut bewertetes Restaurant. Es w\u00fcrde mich also nicht wundern, wenn du von hier gar nicht mehr wegfahren m\u00f6chtest. Ich bin sicher, dass die Dolomiten auch dich gewinnen werden.<\/p>\n<p style=\"text-align: center;\"><span style=\"color: #008000;\"><strong><a style=\"color: #008000;\" href=\"https:\/\/www.booking.com\/hotel\/it\/restaurant-seehaus-montain-lake-resort.en.html?aid=347511&amp;no_rooms=1&amp;group_adults=2\" target=\"_blank\" rel=\"noopener\">&gt; PREISE F\u00dcR UNTERK\u00dcNFTE IM HOTEL ANTERSELVA ANZEIGEN<\/a><\/strong><\/span><\/p>\n<p><a href=\"https:\/\/www.booking.com\/hotel\/it\/restaurant-seehaus-montain-lake-resort.en.html?aid=347511&amp;no_rooms=1&amp;group_adults=2\" target=\"_blank\" rel=\"noopener\"><img loading=\"lazy\" decoding=\"async\" class=\"aligncenter size-large wp-image-9352\" src=\"https:\/\/www.dovolenkarka.cz\/wp-content\/uploads\/2025\/03\/Obrazek-42-1200x630.jpg\" alt=\"Ausfl\u00fcge in den Dolomiten \u2013 Antholz\" width=\"667\" height=\"350\" \/><\/a><\/p>\n<h3><span class=\"ez-toc-section\" id=\"Aussichtspunkt_auf_die_Cadini_di_Misurina_Ausfluege_in_den_Dolomiten\"><\/span>Aussichtspunkt auf die Cadini di Misurina \/ Ausfl\u00fcge in den Dolomiten<span class=\"ez-toc-section-end\"><\/span><\/h3>\n<p><span style=\"color: #008000;\"><a style=\"color: #008000;\" href=\"https:\/\/www.booking.com\/searchresults.en.html?city=-116371&amp;aid=347511&amp;no_rooms=1&amp;group_adults=2\" target=\"_blank\" rel=\"noopener\">Der Aussichtspunkt auf die Cadini di Misurina bietet einen der dramatischsten Ausblicke<\/a><\/span> auf die majest\u00e4tischen Gipfel der Dolomiten. Ausgangspunkt ist der Parkplatz bei der Auronzoh\u00fctte (Rifugio Auronzo), die man \u00fcber eine mautpflichtige Stra\u00dfe von Misurina aus erreicht. Von dort f\u00fchrt der recht einfache Weg Nr. 117, der leicht am Bergr\u00fccken ansteigt.<\/p>\n<p>Die Route ist etwa 2,5\u20133 km lang (hin und zur\u00fcck) mit einem H\u00f6henunterschied von rund 150 Metern, sodass sie f\u00fcr die meisten Touristen machbar ist. Dennoch ist festes Schuhwerk erforderlich, und an schmalen Abschnitten mit steilem Abgrund ist Vorsicht geboten. Die Wanderung dauert etwa 1,5\u20132 Stunden, inklusive Zeit zum Genie\u00dfen \u2013 aber wir kennen uns ja mit diesen Fotostopps, oder?<\/p>\n<p>Parken ist direkt an der Auronzoh\u00fctte m\u00f6glich, auch wenn es in der Saison oft fr\u00fch voll ist. <span style=\"color: #008000;\"><a style=\"color: #008000;\" href=\"https:\/\/www.booking.com\/searchresults.en.html?city=-116371&amp;aid=347511&amp;no_rooms=1&amp;group_adults=2\" target=\"_blank\" rel=\"noopener\">F\u00fcr die Unterkunft sind Misurina oder Cortina d\u2019Ampezzo ideal<\/a><\/span>, von wo aus du nach einer kurzen Autofahrt hierher gelangst. <span style=\"color: #000000;\"><strong>Was die Mautstra\u00dfe und das Parken betrifft: Je beliebter dieser Aussichtspunkt, der Misurinasee und andere Wege werden, desto schwieriger ist es (nicht nur) bei sch\u00f6nem Wetter, hier zu parken (bzw. \u00fcberhaupt hierher zu kommen). <\/strong><\/span><\/p>\n<ul>\n<li>Die Stra\u00dfe \u00f6ffnet um 07:00 Uhr morgens und die Maut betr\u00e4gt 30 EUR<\/li>\n<\/ul>\n<p><span style=\"color: #000000;\"><strong>Wenn du dich nicht stressen willst, ob es hier einen Platz f\u00fcr dein Auto gibt: <\/strong><\/span><\/p>\n<ul>\n<li>Von Ende Juni bis Anfang Oktober f\u00e4hrt der Bus 444 von Toblach zur Auronzoh\u00fctte, wobei zwischen dem 10. Juli und dem 10. September eine Reservierung erforderlich ist: drei-zinnen.bz\/en\/ticket<\/li>\n<li>So kannst du auch von anderen Orten, an denen du untergebracht bist, in den Bus 444 umsteigen, z. B. von Cortina \u2013 diese Strecke haben wir nicht ausprobiert, ich empfehle, die Anschlussbusse direkt in deiner Unterkunft zu erfragen<\/li>\n<li>Ich rate grunds\u00e4tzlich davon ab, bis ganz zum Ende des Aussichtspunkts zu gehen \u2013 klar, meistens bildet sich dort am Ende des Vorsprungs eine Schlange zum Fotografieren, aber ich empfehle pers\u00f6nlich, den Moment zu nutzen, wenn man an der Reihe ist, und den Ausblick ohne Menschen zu fotografieren, anstatt einen m\u00f6glichen Felssturz zu riskieren<\/li>\n<\/ul>\n<p><a href=\"https:\/\/www.booking.com\/searchresults.en.html?city=-116371&amp;aid=347511&amp;no_rooms=1&amp;group_adults=2\" target=\"_blank\" rel=\"noopener\"><img loading=\"lazy\" decoding=\"async\" class=\"aligncenter size-large wp-image-9356\" src=\"https:\/\/www.dovolenkarka.cz\/wp-content\/uploads\/2025\/03\/IMG_4993-1200x630.jpeg\" alt=\"Ausfl\u00fcge in den Dolomiten \u2013 Aussichtspunkt auf die Cadini di Misurina\" width=\"667\" height=\"350\" \/><\/a><\/p>\n<h3><span class=\"ez-toc-section\" id=\"Misurinasee_Ausfluege_in_den_Dolomiten\"><\/span>Misurinasee \/ Ausfl\u00fcge in den Dolomiten<span class=\"ez-toc-section-end\"><\/span><\/h3>\n<p data-start=\"0\" data-end=\"461\"><span style=\"color: #008000;\"><a style=\"color: #008000;\" href=\"https:\/\/www.booking.com\/searchresults.en.html?city=-121853&amp;aid=347511&amp;no_rooms=1&amp;group_adults=2\" target=\"_blank\" rel=\"noopener\">Der Misurinasee ist ein malerischer Bergsee auf einer H\u00f6he von 1.754 Metern,<\/a> <\/span>umgeben von den majest\u00e4tischen Gipfeln, auf die die Dolomiten so stolz sind. Ein idealer Ausgangspunkt ist Misurina selbst, das mit dem Auto oder dem Bus von Cortina d\u2019Ampezzo aus erreichbar ist. Es kann somit auch der Basisausgangspunkt f\u00fcr deine weiteren Ausfl\u00fcge sein \u2013 zum Aussichtspunkt Cadini di Misurina und z. B. auch zum Ausflug zu den Drei Zinnen.<\/p>\n<p data-start=\"0\" data-end=\"461\">Um den See f\u00fchrt ein einfacher Weg, den jeder bew\u00e4ltigen kann. Es handelt sich eher um einen entspannten Spaziergang als um eine anspruchsvolle Wanderung. Wenn du einen Parkplatz suchst, sind die Pl\u00e4tze direkt am See oder bei den umliegenden Unterk\u00fcnften die beste Wahl.<\/p>\n<p data-start=\"463\" data-end=\"1002\" data-is-last-node=\"\" data-is-only-node=\"\">Um den See rankt sich eine Legende, nach der hier einst das sch\u00f6ne M\u00e4dchen Misurina lebte, das sich einen Zauberspiegel w\u00fcnschte, der in die Herzen der Menschen blicken konnte. Ihr Vater, K\u00f6nig Sorapiss, gewann ihn f\u00fcr sie, aber der Preis war hoch: Im Gegenzug verwandelte er sich in einen Berg und seine Tr\u00e4nen bildeten den See. Heute kannst du hier nicht nur den herrlichen Blick auf das Massiv der Drei Zinnen genie\u00dfen, sondern auch die ruhige Atmosph\u00e4re, die ideal zum Entspannen ist.<\/p>\n<blockquote>\n<p data-start=\"463\" data-end=\"1002\" data-is-last-node=\"\" data-is-only-node=\"\"><span style=\"color: #008000;\"><strong><a style=\"color: #008000;\" href=\"https:\/\/www.booking.com\/searchresults.en.html?city=-121853&amp;aid=347511&amp;no_rooms=1&amp;group_adults=2\" target=\"_blank\" rel=\"noopener\">&gt;FREIE UNTERK\u00dcNFTE AM MISURINASEE HIER ANZEIGEN<\/a><\/strong><\/span><\/p>\n<\/blockquote>\n<p data-start=\"463\" data-end=\"1002\" data-is-last-node=\"\" data-is-only-node=\"\"><a href=\"https:\/\/www.booking.com\/searchresults.en.html?city=-121853&amp;aid=347511&amp;no_rooms=1&amp;group_adults=2\" target=\"_blank\" rel=\"noopener\"><img loading=\"lazy\" decoding=\"async\" class=\"aligncenter size-large wp-image-9357\" src=\"https:\/\/www.dovolenkarka.cz\/wp-content\/uploads\/2025\/03\/lake-misurina-7224480_1920-1200x630.jpg\" alt=\"Ausfl\u00fcge in den Dolomiten \u2013 Misurinasee\" width=\"667\" height=\"350\" \/><\/a><\/p>\n<h3><span class=\"ez-toc-section\" id=\"Drei_Zinnen_%E2%80%93_Dolomiten\"><\/span>Drei Zinnen \u2013 Dolomiten<span class=\"ez-toc-section-end\"><\/span><\/h3>\n<p data-start=\"0\" data-end=\"556\">Die Drei Zinnen (Tre Cime di Lavaredo) geh\u00f6ren zu den ikonischsten Gipfeln der Dolomiten und bieten eine unvergessliche Tour um diese monumentalen Felst\u00fcrme. Ein idealer Ausgangspunkt ist die uns bereits bekannte Auronzoh\u00fctte, die man mit dem Auto \u00fcber die mautpflichtige Bergstra\u00dfe von Misurina oder mit dem Bus Nr. 444 erreicht (mehr Infos bei den Ausfl\u00fcgen oben).<\/p>\n<p data-start=\"0\" data-end=\"556\">Der Rundweg um die Drei Zinnen ist etwa 10 km lang mit einem H\u00f6henunterschied von ca. 400 Metern und dauert etwa 4 Stunden. Der Weg ist mittelschwer, in den Sommermonaten und bei gutem Wetter meist gut begehbar, aber stell dich darauf ein, dass einige Abschnitte steinig und unebener sein k\u00f6nnen.<\/p>\n<p data-start=\"558\" data-end=\"968\" data-is-last-node=\"\" data-is-only-node=\"\">Parken ist direkt an der Auronzoh\u00fctte m\u00f6glich, wenn man fr\u00fch genug am Morgen startet, wie wir bereits oben gesagt haben. Ja, du siehst, dass dieser Ort f\u00fcr gleich mehrere Ausfl\u00fcge wirklich beliebt ist, und deshalb mache ich mit der Belegung wirklich keine unn\u00f6tige Panik. Freunde haben mir f\u00fcr den n\u00e4chsten Ausflug zu den Drei Zinnen empfohlen, dass wir f\u00fcr den Sonnenaufgang fr\u00fcher aufstehen und in einer der Bergh\u00fctten \u00fcbernachten sollten. Vielleicht treffen wir uns ja das n\u00e4chste Mal hier, wenn du dich aufmachst, die Dolomiten zu bereisen.<\/p>\n<p data-start=\"558\" data-end=\"968\" data-is-last-node=\"\" data-is-only-node=\"\"><span style=\"color: #000000;\"><strong>Lokale Bergh\u00fctten:<\/strong><\/span> Auronzoh\u00fctte, Lavaredoh\u00fctte oder Dreizinnenh\u00fctte (Rifugio Locatelli)<\/p>\n<p data-start=\"558\" data-end=\"968\" data-is-last-node=\"\" data-is-only-node=\"\"><span style=\"color: #008000;\"><a style=\"color: #008000;\" href=\"https:\/\/www.booking.com\/searchresults.en.html?city=-121853&amp;aid=347511&amp;no_rooms=1&amp;group_adults=2\" target=\"_blank\" rel=\"noopener\">Weitere \u00dcbernachtungsm\u00f6glichkeiten in Misurina oder Cortina d\u2019Ampezzo<\/a><\/span><\/p>\n<blockquote>\n<p data-start=\"558\" data-end=\"968\" data-is-last-node=\"\" data-is-only-node=\"\"><span style=\"color: #008000;\"><strong><a style=\"color: #008000;\" href=\"https:\/\/www.booking.com\/searchresults.en.html?city=-116371&amp;aid=347511&amp;no_rooms=1&amp;group_adults=2\" target=\"_blank\" rel=\"noopener\">&gt; FREIE UNTERK\u00dcNFTE IN CORTINA D&#8217;AMPEZZO ANZEIGEN<\/a><\/strong><\/span><\/p>\n<\/blockquote>\n<p data-start=\"558\" data-end=\"968\" data-is-last-node=\"\" data-is-only-node=\"\"><a href=\"https:\/\/www.booking.com\/searchresults.en.html?city=-116371&amp;aid=347511&amp;no_rooms=1&amp;group_adults=2\" target=\"_blank\" rel=\"noopener\"><img loading=\"lazy\" decoding=\"async\" class=\"aligncenter size-large wp-image-9360\" src=\"https:\/\/www.dovolenkarka.cz\/wp-content\/uploads\/2025\/03\/tre-cime-di-lavaredo-4979973_1920-1200x630.jpg\" alt=\"Ausfl\u00fcge in den Dolomiten \u2013 Drei Zinnen \" width=\"667\" height=\"350\" \/><\/a><\/p>\n<h3><span class=\"ez-toc-section\" id=\"Langkofel_%E2%80%93_Dolomiten\"><\/span>Langkofel \u2013 Dolomiten<span class=\"ez-toc-section-end\"><\/span><\/h3>\n<p><span style=\"color: #008000;\"><a style=\"color: #008000;\" href=\"https:\/\/www.booking.com\/hotel\/it\/passo-sella-dolomiti-mountain-resort.en.html?aid=347511&amp;no_rooms=1&amp;group_adults=2\" target=\"_blank\" rel=\"noopener\">Unter den Ausfl\u00fcgen in den Dolomiten, die ich empfehle nicht zu verpassen, muss ich auch das Langkofel-Massiv (Sassolungo) nennen.<\/a><\/span> Der Langkofel ist einer der imposantesten Gipfel der Dolomiten und bietet mehrere, unterschiedlich anspruchsvolle, wundersch\u00f6ne Wanderwege. Wenn du die Dolomiten im Winter besuchst und die Erlebnis-Sellaronda so lieben gelernt hast wie wir, dann muss ich dir diesen Ort sicher nicht weiter vorstellen. Was du aber vielleicht nicht wusstest: Genauso sch\u00f6n wie es hier im Winter ist, kannst du diesen Ort auch im Sommer genie\u00dfen.<\/p>\n<p>Ein idealer Ausgangspunkt ist das Sellajoch (Passo Sella), das du mit dem Auto oder dem Bus von Gr\u00f6den oder Canazei aus erreichst. Von dort f\u00fchrt ein anspruchsvollerer Rundweg um das Langkofel-Massiv, der etwa 17 km lang ist und einen H\u00f6henunterschied von rund 800 Metern aufweist \u2013 wir pers\u00f6nlich sind ihn nicht gegangen und haben nur einen Ausflug mit der Seilbahn gemacht \u2013 der Forcella del Sassolungo, die dich in die Scharte auf 2.685 m \u00fc. M. bringt.<\/p>\n<p data-start=\"492\" data-end=\"867\" data-is-last-node=\"\" data-is-only-node=\"\">F\u00fcr die Unterkunft ist Wolkenstein in Gr\u00f6den (Selva di Val Gardena) oder Canazei ideal, wo du ein breites Angebot an Hotels, Pensionen und Bergh\u00fctten findest. Mein Geheimtipp ist es, direkt am Sellajoch mit Blick auf den Langkofel zu \u00fcbernachten:<\/p>\n<p style=\"text-align: center;\"><span style=\"color: #008000;\"><a style=\"color: #008000;\" href=\"https:\/\/www.booking.com\/hotel\/it\/passo-sella-dolomiti-mountain-resort.en.html?aid=347511&amp;no_rooms=1&amp;group_adults=2\" target=\"_blank\" rel=\"noopener\"><strong>Passo Sella Dolomiti Mountain Resort<\/strong><\/a><\/span><\/p>\n<p><a href=\"https:\/\/www.booking.com\/hotel\/it\/passo-sella-dolomiti-mountain-resort.en.html?aid=347511&amp;no_rooms=1&amp;group_adults=2\" target=\"_blank\" rel=\"noopener\"><img loading=\"lazy\" decoding=\"async\" class=\"aligncenter size-large wp-image-9362\" src=\"https:\/\/www.dovolenkarka.cz\/wp-content\/uploads\/2025\/03\/Obrazek-11-1200x630.jpg\" alt=\"Unterkunft in den Dolomiten \u2013 Passo Sella Dolomiti Mountain Resort\" width=\"667\" height=\"350\" \/><\/a><\/p>\n<p>Wenn wir schon bei den P\u00e4ssen sind: Die Dolomiten sind wirklich reich an ihnen, und so werden sich meine letzten drei Tipps f\u00fcr Ausfl\u00fcge in den Dolomiten genau denen widmen, die f\u00fcr uns am sch\u00f6nsten sind:<\/p>\n<h3><span class=\"ez-toc-section\" id=\"Pordoijoch_Ausfluege_in_den_Dolomiten\"><\/span>Pordoijoch \/ Ausfl\u00fcge in den Dolomiten<span class=\"ez-toc-section-end\"><\/span><\/h3>\n<p>Das Pordoijoch (Passo Pordoi, 2.239 m \u00fc. M.) ist einer der bekanntesten Gebirgsp\u00e4sse in den Dolomiten. Er verbindet das Fassatal und Buchenstein (Livinallongo). Die Stra\u00dfe ist ganzj\u00e4hrig befahrbar und mautfrei, kann jedoch im Winter wegen Schnee vor\u00fcbergehend gesperrt sein. Auf dem Weg befinden sich mehrere Panorama-Aussichtspunkte, die einen Stopp wert sind. Beliebt ist der Sass Pordoi, auf den dich eine Seilbahn bringt und von wo aus sich ein atemberaubender Blick auf die Marmolata, den h\u00f6chsten Berg der Dolomiten, er\u00f6ffnet.<\/p>\n<p><a href=\"https:\/\/www.booking.com\/searchresults.en.html?city=-112922&amp;aid=347511&amp;no_rooms=1&amp;group_adults=2\" target=\"_blank\" rel=\"noopener\"><img loading=\"lazy\" decoding=\"async\" class=\"aligncenter size-large wp-image-9365\" src=\"https:\/\/www.dovolenkarka.cz\/wp-content\/uploads\/2025\/03\/piz-boe-2799585_1920-1200x630.jpg\" alt=\"Ausfl\u00fcge in den Dolomiten \u2013 Sass Pordoi\" width=\"667\" height=\"350\" \/><\/a><\/p>\n<p><span style=\"color: #008000;\"><a style=\"color: #008000;\" href=\"https:\/\/www.booking.com\/searchresults.en.html?city=-112922&amp;aid=347511&amp;no_rooms=1&amp;group_adults=2\" target=\"_blank\" rel=\"noopener\">F\u00fcr die Unterkunft ist Canazei im S\u00fcden<\/a><\/span> oder Arabba im Norden des Passes ideal, wo du Hotels und gem\u00fctliche Bergh\u00fctten findest.<\/p>\n<p><span style=\"color: #008000;\"><a style=\"color: #008000;\" href=\"https:\/\/www.booking.com\/searchresults.en.html?city=-112922&amp;aid=347511&amp;no_rooms=1&amp;group_adults=2\" target=\"_blank\" rel=\"noopener\"><strong>Unser bew\u00e4hrter Tipp f\u00fcr eine Unterkunft in Canazei mit einem tollen Preis-Leistungs-Verh\u00e4ltnis: <\/strong><\/a><\/span><\/p>\n<div id=\"attachment_8133\" style=\"width: 677px\" class=\"wp-caption aligncenter\"><a href=\"https:\/\/www.booking.com\/searchresults.en.html?city=-112922&amp;aid=347511&amp;no_rooms=1&amp;group_adults=2\" target=\"_blank\" rel=\"noopener\"><img loading=\"lazy\" decoding=\"async\" aria-describedby=\"caption-attachment-8133\" class=\"size-large wp-image-8133\" src=\"https:\/\/www.dovolenkarka.cz\/wp-content\/uploads\/2023\/12\/IMG_6234-1-1200x630.jpeg\" alt=\"Unterkunft in Canazei\" width=\"667\" height=\"350\" \/><\/a><p id=\"caption-attachment-8133\" class=\"wp-caption-text\">Unterkunft in Canazei<\/p><\/div>\n<h3><span class=\"ez-toc-section\" id=\"Ausfluege_in_den_Dolomiten_%E2%80%93_Groedner_Joch_Ausfluege_in_den_Dolomiten\"><\/span>Ausfl\u00fcge in den Dolomiten \u2013 Gr\u00f6dner Joch \/ Ausfl\u00fcge in den Dolomiten<span class=\"ez-toc-section-end\"><\/span><\/h3>\n<p>Das Gr\u00f6dner Joch (Passo Gardena, 2.136 m \u00fc. M.) ist ein malerischer Gebirgspass in den Dolomiten, der das Gr\u00f6dnertal und das Gadertal verbindet und in den Sommermonaten zum Wandern \u00fcber gr\u00fcne Wiesen mit atemberaubenden Ausblicken auf die allgegenw\u00e4rtigen Bergmassive einl\u00e4dt. Die Stra\u00dfe ist das ganze Jahr \u00fcber kostenlos befahrbar, kann aber in den Wintermonaten, wie andere P\u00e4sse auch, wegen Schnee vor\u00fcbergehend gesperrt sein.<\/p>\n<p>Unterwegs er\u00f6ffnen sich beeindruckende Ausblicke auf die Massive Sella, Langkofel und Cir, die zu den fotogensten Szenerien der Dolomiten geh\u00f6ren. Verpasse auf keinen Fall einen Stopp am Aussichtspunkt Gardena Pass Viewpoint, von dem aus das gesamte Gadertal zu sehen ist. Wanderfreunde k\u00f6nnen auf weniger oder mehr anspruchsvolle Wege aufbrechen.<\/p>\n<p>F\u00fcr die Unterkunft ist das St\u00e4dtchen Wolkenstein in Gr\u00f6den oder das Dorf Corvara (Colfosco) die beste Wahl, von wo aus es nur ein paar Minuten Fahrt zum Pass sind.<\/p>\n<blockquote><p><span style=\"color: #008000;\"><strong><a style=\"color: #008000;\" href=\"https:\/\/www.booking.com\/searchresults.en.html?city=900039352&amp;aid=347511&amp;no_rooms=1&amp;group_adults=2\" target=\"_blank\" rel=\"noopener\">&gt; FREIE UNTERK\u00dcNFTE IN DER UMGEBUNG VON GR\u00d6DEN HIER ANZEIGEN<\/a><\/strong><\/span><\/p><\/blockquote>\n<p><a href=\"https:\/\/www.booking.com\/searchresults.en.html?city=900039352&amp;aid=347511&amp;no_rooms=1&amp;group_adults=2\" target=\"_blank\" rel=\"noopener\"><img loading=\"lazy\" decoding=\"async\" class=\"aligncenter size-large wp-image-9366\" src=\"https:\/\/www.dovolenkarka.cz\/wp-content\/uploads\/2025\/03\/nature-4371407_1920-1200x630.jpg\" alt=\"Ausfl\u00fcge in den Dolomiten \u2013 Gr\u00f6dner Joch \" width=\"667\" height=\"350\" \/><\/a><\/p>\n<h3><span class=\"ez-toc-section\" id=\"Giau-Pass_Ausfluege_in_den_Dolomiten\"><\/span>Giau-Pass \/ Ausfl\u00fcge in den Dolomiten<span class=\"ez-toc-section-end\"><\/span><\/h3>\n<p>Der Giau-Pass (Passo Giau, 2.236 m \u00fc. M.) ist einer der sch\u00f6nsten Gebirgsp\u00e4sse, auf die die Dolomiten stolz sind. <span style=\"color: #008000;\"><a style=\"color: #008000;\" href=\"https:\/\/www.booking.com\/searchresults.en.html?city=-116371&amp;aid=347511&amp;no_rooms=1&amp;group_adults=2\" target=\"_blank\" rel=\"noopener\">Er liegt zwischen Cortina d\u2019Ampezzo<\/a><\/span> und Selva di Cadore, und ich w\u00fcrde ihn unter den Ausfl\u00fcgen in den Dolomiten auf keinen Fall auslassen. Die Stra\u00dfe ist kostenlos befahrbar und bietet einen steilen Serpentinenaufstieg mit Panoramablicken auf die Massive Tofane, Nuvolau und Monte Averau.<\/p>\n<p>Direkt auf der Passh\u00f6he befindet sich ein herrlicher Aussichtspunkt auf die umliegenden Gipfel, der definitiv einen Besuch wert ist, ebenso wie ein kurzer Spaziergang zur Nuvolau-H\u00fctte, von wo aus sich ein atemberaubender Blick auf Cortina und die Marmolata er\u00f6ffnet. Mountainbike-Liebhaber werden sch\u00e4tzen, dass der Passo Giau eine der anspruchsvollsten Etappen des Giro d&#8217;Italia ist.<\/p>\n<p style=\"text-align: center;\"><a href=\"https:\/\/www.booking.com\/searchresults.en.html?city=-116371&amp;aid=347511&amp;no_rooms=1&amp;group_adults=2\" target=\"_blank\" rel=\"noopener\"><span style=\"color: #008000;\"><strong>F\u00fcr die Unterkunft ist Cortina d\u2019Ampezzo ideal \u2013 FREIE UNTERK\u00dcNFTE HIER ANZEIGEN<\/strong><\/span><\/a><\/p>\n<p><a href=\"https:\/\/www.booking.com\/searchresults.en.html?city=-116371&amp;aid=347511&amp;no_rooms=1&amp;group_adults=2\" target=\"_blank\" rel=\"noopener\"><img loading=\"lazy\" decoding=\"async\" class=\"aligncenter wp-image-9368 size-large\" src=\"https:\/\/www.dovolenkarka.cz\/wp-content\/uploads\/2025\/03\/passport-2799636_1920-1200x630.jpg\" alt=\"Dolomiten \/ Ausfl\u00fcge in den Dolomiten \u2013 Giau-Pass \" width=\"667\" height=\"350\" \/><\/a><\/p>\n<p><a href=\"https:\/\/www.booking.com\/searchresults.en.html?city=-116371&amp;aid=347511&amp;no_rooms=1&amp;group_adults=2\" target=\"_blank\" rel=\"noopener\"><img loading=\"lazy\" decoding=\"async\" class=\"aligncenter wp-image-9369 size-large\" src=\"https:\/\/www.dovolenkarka.cz\/wp-content\/uploads\/2025\/03\/passo-giau-2204718_1920-1200x630.jpg\" alt=\"Dolomiten \/ Ausfl\u00fcge in den Dolomiten \u2013 Giau-Pass\" width=\"667\" height=\"350\" \/><\/a><\/p>\n<hr \/>\n<p>Hat dir der heutige Artikel mit Tipps f\u00fcr Ausfl\u00fcge in den Dolomiten gefallen? Dann freue ich mich, wenn du mir auf FB, IG und Pinterest folgst: Dovolenk\u00e1\u0159ka \/ @dovolenkarka<\/p>\n<hr \/>\n<p style=\"text-align: center;\"><span style=\"color: #000000;\"><strong>Speichere den Artikel mit Tipps f\u00fcr Ausfl\u00fcge in den Dolomiten auf Pinterest, damit du ihn leicht wiederfindest: <\/strong><\/span><\/p>\n<p style=\"text-align: center;\"><iframe loading=\"lazy\" src=\"https:\/\/assets.pinterest.com\/ext\/embed.html?id=1049057306955734654\" width=\"345\" height=\"714\" frameborder=\"0\" scrolling=\"no\"><\/iframe><\/p>\n","protected":false},"excerpt":{"rendered":"<p>Planst du im Sommer einen Aktivurlaub und suchst nach Inspiration, welche Ausfl\u00fcge in den Dolomiten du nicht verpassen solltest? Dann kommt dir mein heutiger Artikel mit bew\u00e4hrten Tipps f\u00fcr die Dolomiten aus den letzten Jahren gerade recht. Es ist kein Geheimnis, dass Italien zu unseren Lieblingsl\u00e4ndern geh\u00f6rt, die wir wirklich regelm\u00e4\u00dfig besuchen. Italien macht uns gl\u00fccklich. Einerseits ist es die vielf\u00e4ltige Natur, die einem buchst\u00e4blich auf Schritt und Tritt den Atem raubt, ganz egal, ob man in die Berge, an die Seen oder ans Meer f\u00e4hrt. TOP 10 UNTERK\u00dcNFTE IN DEN DOLOMITEN Gleichzeitig liegt es an der lokalen italienischen K\u00fcche, <\/p>\n","protected":false},"author":1,"featured_media":14864,"comment_status":"closed","ping_status":"closed","sticky":true,"template":"","format":"standard","meta":{"footnotes":""},"categories":[5749],"tags":[5752,5750,5751,5756,5753,5754,5755],"class_list":["post-14863","post","type-post","status-publish","format-standard","has-post-thumbnail","hentry","category-dolomiten","tag-ausfluge-in-den-dolomiten","tag-dolomiten","tag-dolomiten-ausfluge","tag-sommer-in-den-dolomiten","tag-urlaub-in-den-dolomiten","tag-was-man-in-den-dolomiten-machen-kann","tag-was-man-in-den-dolomiten-sehen-sollte","has_thumb"],"aioseo_notices":[],"_links":{"self":[{"href":"https:\/\/www.dovolenkarka.cz\/de\/wp-json\/wp\/v2\/posts\/14863","targetHints":{"allow":["GET"]}}],"collection":[{"href":"https:\/\/www.dovolenkarka.cz\/de\/wp-json\/wp\/v2\/posts"}],"about":[{"href":"https:\/\/www.dovolenkarka.cz\/de\/wp-json\/wp\/v2\/types\/post"}],"author":[{"embeddable":true,"href":"https:\/\/www.dovolenkarka.cz\/de\/wp-json\/wp\/v2\/users\/1"}],"replies":[{"embeddable":true,"href":"https:\/\/www.dovolenkarka.cz\/de\/wp-json\/wp\/v2\/comments?post=14863"}],"version-history":[{"count":2,"href":"https:\/\/www.dovolenkarka.cz\/de\/wp-json\/wp\/v2\/posts\/14863\/revisions"}],"predecessor-version":[{"id":14994,"href":"https:\/\/www.dovolenkarka.cz\/de\/wp-json\/wp\/v2\/posts\/14863\/revisions\/14994"}],"wp:featuredmedia":[{"embeddable":true,"href":"https:\/\/www.dovolenkarka.cz\/de\/wp-json\/wp\/v2\/media\/14864"}],"wp:attachment":[{"href":"https:\/\/www.dovolenkarka.cz\/de\/wp-json\/wp\/v2\/media?parent=14863"}],"wp:term":[{"taxonomy":"category","embeddable":true,"href":"https:\/\/www.dovolenkarka.cz\/de\/wp-json\/wp\/v2\/categories?post=14863"},{"taxonomy":"post_tag","embeddable":true,"href":"https:\/\/www.dovolenkarka.cz\/de\/wp-json\/wp\/v2\/tags?post=14863"}],"curies":[{"name":"wp","href":"https:\/\/api.w.org\/{rel}","templated":true}]}}