{"id":15245,"date":"2026-04-10T15:47:32","date_gmt":"2026-04-10T13:47:32","guid":{"rendered":"https:\/\/www.dovolenkarka.cz\/kalterer-see-11-grunde-fur-den-warmen-see-in-sudtirol\/"},"modified":"2026-04-13T15:14:45","modified_gmt":"2026-04-13T13:14:45","slug":"kalterer-see-lago-di-caldaro","status":"publish","type":"post","link":"https:\/\/www.dovolenkarka.cz\/de\/kalterer-see-lago-di-caldaro\/","title":{"rendered":"Kalterer See: 11 Gr\u00fcnde f\u00fcr den warmen See in S\u00fcdtirol"},"content":{"rendered":"<p>Kalterer See (Lago di Caldaro), 11 meiner tollen Gr\u00fcnde, warum dir ein Urlaub an einem der w\u00e4rmsten Seen S\u00fcdtirols gefallen wird. Diesen Tipp habe ich f\u00fcr dich aus meiner Schublade mit geheimen Inspirationen geholt, die ich lange nur f\u00fcr uns behalten habe. Vielleicht treffen wir uns dort ja mal im Sommer.<\/p>\n<p><a href=\"https:\/\/www.dovolenkarka.cz\/de\/kalterer-see-lago-di-caldaro\/pexels-manfredo-mozzarella-476184758-32107275-2\/\" rel=\"attachment wp-att-15222\"><img loading=\"lazy\" decoding=\"async\" class=\"aligncenter size-full wp-image-15222\" src=\"https:\/\/www.dovolenkarka.cz\/wp-content\/uploads\/2026\/04\/pexels-manfredo-mozzarella-476184758-32107275.jpg\" alt=\"Lago di Caldaro - Kalterer See\" width=\"1920\" height=\"1440\" srcset=\"https:\/\/www.dovolenkarka.cz\/wp-content\/uploads\/2026\/04\/pexels-manfredo-mozzarella-476184758-32107275.jpg 1920w, https:\/\/www.dovolenkarka.cz\/wp-content\/uploads\/2026\/04\/pexels-manfredo-mozzarella-476184758-32107275-768x576.jpg 768w\" sizes=\"auto, (max-width: 1920px) 100vw, 1920px\" \/><\/a><\/p>\n<p>Der Kalterer See in S\u00fcdtirol geh\u00f6rt zu den w\u00e4rmsten Alpenseen. Wenn du \u00fcberlegst, wo du in Oberitalien deinen diesj\u00e4hrigen Urlaub planen sollst, habe ich f\u00fcr dich Tipps zusammengestellt, wo man am Kalterer See baden kann, was man dort unternehmen kann und warum er einen Besuch wert ist. Genauso gut kannst du hier nur einen Zwischenstopp auf dem Weg in die Dolomiten, zum Gardasee oder in die Toskana einplanen.<\/p>\n<div id=\"ez-toc-container\" class=\"ez-toc-v2_0_82_2 counter-hierarchy ez-toc-counter ez-toc-grey ez-toc-container-direction\">\n<div class=\"ez-toc-title-container\">\n<p class=\"ez-toc-title\" style=\"cursor:inherit\">Table of Content<\/p>\n<span class=\"ez-toc-title-toggle\"><a href=\"#\" class=\"ez-toc-pull-right ez-toc-btn ez-toc-btn-xs ez-toc-btn-default ez-toc-toggle\" aria-label=\"Toggle Table of Content\"><span class=\"ez-toc-js-icon-con\"><span class=\"\"><span class=\"eztoc-hide\" style=\"display:none;\">Toggle<\/span><span class=\"ez-toc-icon-toggle-span\"><svg style=\"fill: #999;color:#999\" xmlns=\"http:\/\/www.w3.org\/2000\/svg\" class=\"list-377408\" width=\"20px\" height=\"20px\" viewBox=\"0 0 24 24\" fill=\"none\"><path d=\"M6 6H4v2h2V6zm14 0H8v2h12V6zM4 11h2v2H4v-2zm16 0H8v2h12v-2zM4 16h2v2H4v-2zm16 0H8v2h12v-2z\" fill=\"currentColor\"><\/path><\/svg><svg style=\"fill: #999;color:#999\" class=\"arrow-unsorted-368013\" xmlns=\"http:\/\/www.w3.org\/2000\/svg\" width=\"10px\" height=\"10px\" viewBox=\"0 0 24 24\" version=\"1.2\" baseProfile=\"tiny\"><path d=\"M18.2 9.3l-6.2-6.3-6.2 6.3c-.2.2-.3.4-.3.7s.1.5.3.7c.2.2.4.3.7.3h11c.3 0 .5-.1.7-.3.2-.2.3-.5.3-.7s-.1-.5-.3-.7zM5.8 14.7l6.2 6.3 6.2-6.3c.2-.2.3-.5.3-.7s-.1-.5-.3-.7c-.2-.2-.4-.3-.7-.3h-11c-.3 0-.5.1-.7.3-.2.2-.3.5-.3.7s.1.5.3.7z\"\/><\/svg><\/span><\/span><\/span><\/a><\/span><\/div>\n<nav><ul class='ez-toc-list ez-toc-list-level-1 ' ><li class='ez-toc-page-1 ez-toc-heading-level-2'><a class=\"ez-toc-link ez-toc-heading-1\" href=\"https:\/\/www.dovolenkarka.cz\/de\/kalterer-see-lago-di-caldaro\/#Unterkunft_am_Kalterer_See\" >Unterkunft am Kalterer See<\/a><ul class='ez-toc-list-level-3' ><li class='ez-toc-heading-level-3'><a class=\"ez-toc-link ez-toc-heading-2\" href=\"https:\/\/www.dovolenkarka.cz\/de\/kalterer-see-lago-di-caldaro\/#Garni_Hotel_Sonnleitenhof_3\" >Garni Hotel Sonnleitenhof 3*<\/a><\/li><li class='ez-toc-page-1 ez-toc-heading-level-3'><a class=\"ez-toc-link ez-toc-heading-3\" href=\"https:\/\/www.dovolenkarka.cz\/de\/kalterer-see-lago-di-caldaro\/#Seehotel_Ambach_4\" >Seehotel Ambach 4*<\/a><\/li><\/ul><\/li><li class='ez-toc-page-1 ez-toc-heading-level-2'><a class=\"ez-toc-link ez-toc-heading-4\" href=\"https:\/\/www.dovolenkarka.cz\/de\/kalterer-see-lago-di-caldaro\/#Kalterer_See_Lago_di_Caldaro\" >Kalterer See (Lago di Caldaro)<\/a><\/li><li class='ez-toc-page-1 ez-toc-heading-level-2'><a class=\"ez-toc-link ez-toc-heading-5\" href=\"https:\/\/www.dovolenkarka.cz\/de\/kalterer-see-lago-di-caldaro\/#Warum_an_den_Kalterer_See_Lago_di_Caldaro_fahren\" >Warum an den Kalterer See (Lago di Caldaro) fahren?<\/a><ul class='ez-toc-list-level-3' ><li class='ez-toc-heading-level-3'><a class=\"ez-toc-link ez-toc-heading-6\" href=\"https:\/\/www.dovolenkarka.cz\/de\/kalterer-see-lago-di-caldaro\/#1_Der_Kalterer_See_gehoert_zu_den_waermsten_Seen_im_Alpenraum\" >1. Der Kalterer See geh\u00f6rt zu den w\u00e4rmsten Seen im Alpenraum<\/a><\/li><li class='ez-toc-page-1 ez-toc-heading-level-3'><a class=\"ez-toc-link ez-toc-heading-7\" href=\"https:\/\/www.dovolenkarka.cz\/de\/kalterer-see-lago-di-caldaro\/#2_Der_Kalterer_See_liegt_nur_ein_Stueck_von_Bozen_entfernt\" >2. Der Kalterer See liegt nur ein St\u00fcck von Bozen entfernt<\/a><\/li><li class='ez-toc-page-1 ez-toc-heading-level-3'><a class=\"ez-toc-link ez-toc-heading-8\" href=\"https:\/\/www.dovolenkarka.cz\/de\/kalterer-see-lago-di-caldaro\/#3_Baden_im_Kalterer_See\" >3. Baden im Kalterer See<\/a><\/li><li class='ez-toc-page-1 ez-toc-heading-level-3'><a class=\"ez-toc-link ez-toc-heading-9\" href=\"https:\/\/www.dovolenkarka.cz\/de\/kalterer-see-lago-di-caldaro\/#4_Tolle_Bedingungen_fuer_Windsurfen_und_Paddleboarding\" >4. Tolle Bedingungen f\u00fcr Windsurfen und Paddleboarding<\/a><\/li><li class='ez-toc-page-1 ez-toc-heading-level-3'><a class=\"ez-toc-link ez-toc-heading-10\" href=\"https:\/\/www.dovolenkarka.cz\/de\/kalterer-see-lago-di-caldaro\/#5_Rundweg_um_den_Kalterer_See\" >5. Rundweg um den Kalterer See<\/a><\/li><li class='ez-toc-page-1 ez-toc-heading-level-3'><a class=\"ez-toc-link ez-toc-heading-11\" href=\"https:\/\/www.dovolenkarka.cz\/de\/kalterer-see-lago-di-caldaro\/#6_Weinbau_in_Suedtirol\" >6. Weinbau in S\u00fcdtirol<\/a><\/li><li class='ez-toc-page-1 ez-toc-heading-level-3'><a class=\"ez-toc-link ez-toc-heading-12\" href=\"https:\/\/www.dovolenkarka.cz\/de\/kalterer-see-lago-di-caldaro\/#7_Ausflug_zum_Aussichtspunkt_bei_der_Leuchtenburg\" >7. Ausflug zum Aussichtspunkt bei der Leuchtenburg<\/a><\/li><li class='ez-toc-page-1 ez-toc-heading-level-3'><a class=\"ez-toc-link ez-toc-heading-13\" href=\"https:\/\/www.dovolenkarka.cz\/de\/kalterer-see-lago-di-caldaro\/#8_Das_Suedufer_des_Kalterer_Sees_ist_ein_geschuetztes_Biotop\" >8. Das S\u00fcdufer des Kalterer Sees ist ein gesch\u00fctztes Biotop<\/a><\/li><li class='ez-toc-page-1 ez-toc-heading-level-3'><a class=\"ez-toc-link ez-toc-heading-14\" href=\"https:\/\/www.dovolenkarka.cz\/de\/kalterer-see-lago-di-caldaro\/#9_Die_Umgebung_des_Kalterer_Sees_ist_auch_ideal_zum_Radfahren\" >9. Die Umgebung des Kalterer Sees ist auch ideal zum Radfahren<\/a><\/li><li class='ez-toc-page-1 ez-toc-heading-level-3'><a class=\"ez-toc-link ez-toc-heading-15\" href=\"https:\/\/www.dovolenkarka.cz\/de\/kalterer-see-lago-di-caldaro\/#10_Mit_der_Mendelbahn_von_St_Anton_bei_Kaltern_auf_den_Mendelpass\" >10. Mit der Mendelbahn von St. Anton bei Kaltern auf den Mendelpass<\/a><\/li><li class='ez-toc-page-1 ez-toc-heading-level-3'><a class=\"ez-toc-link ez-toc-heading-16\" href=\"https:\/\/www.dovolenkarka.cz\/de\/kalterer-see-lago-di-caldaro\/#11_Ausflug_zur_Rastenbachklamm\" >11. Ausflug zur Rastenbachklamm<\/a><\/li><\/ul><\/li><\/ul><\/nav><\/div>\n<h2><span class=\"ez-toc-section\" id=\"Unterkunft_am_Kalterer_See\"><\/span><span style=\"color: #000000;\"><strong><a style=\"color: #000000;\" href=\"https:\/\/www.booking.com\/searchresults.en.html?city=-112542&amp;aid=347511&amp;no_rooms=1&amp;group_adults=2\" target=\"_blank\" rel=\"noopener\">Unterkunft am Kalterer See<\/a><\/strong><\/span><span class=\"ez-toc-section-end\"><\/span><\/h2>\n<hr \/>\n<p style=\"text-align: center;\"><a style=\"display: inline-block; background-color: #2e7d32; color: #ffffff; padding: 10px 18px; text-decoration: none; border-radius: 4px; font-weight: bold; margin-top: 8px;\" href=\"https:\/\/www.booking.com\/searchresults.en.html?city=-112542&amp;aid=347511&amp;no_rooms=1&amp;group_adults=2\" target=\"_blank\" rel=\"noopener\"> UNTERKUNFT AM KALTERER SEE W\u00c4HLEN<\/a><\/p>\n<hr \/>\n<p>Ich habe eine pers\u00f6nliche Empfehlung f\u00fcr eines der sch\u00f6nsten, <span style=\"color: #000000;\"><a style=\"color: #000000;\" href=\"https:\/\/www.booking.com\/hotel\/it\/garni-sonnleitenhof.en.html?aid=347511&amp;no_rooms=1&amp;group_adults=2\" target=\"_blank\" rel=\"noopener\">preiswerten Hotels mit Blick auf den Kalterer See<\/a><\/span>, auch von einigen Zimmern oder Apartments aus. Im Hotel kannst du in Zimmern mit Fr\u00fchst\u00fcck oder in Apartments \u00fcbernachten. Du kannst dich auch auf einen Pool freuen.<\/p>\n<h3><span class=\"ez-toc-section\" id=\"Garni_Hotel_Sonnleitenhof_3\"><\/span><span style=\"color: #000000;\"><a style=\"color: #000000;\" href=\"https:\/\/www.booking.com\/hotel\/it\/garni-sonnleitenhof.en.html?aid=347511&amp;no_rooms=1&amp;group_adults=2\" target=\"_blank\" rel=\"noopener\"><strong>Garni Hotel Sonnleitenhof 3*<\/strong><\/a><\/span><span class=\"ez-toc-section-end\"><\/span><\/h3>\n<ul>\n<li>Hervorragendes Hotel zum guten Preis mit Blick auf den Kalterer See<\/li>\n<\/ul>\n<blockquote><p><span style=\"color: #008000;\"><a style=\"color: #008000;\" href=\"https:\/\/www.booking.com\/hotel\/it\/garni-sonnleitenhof.en.html?aid=347511&amp;no_rooms=1&amp;group_adults=2\" target=\"_blank\" rel=\"noopener\"><em><strong>&gt; VERF\u00dcGBARKEIT PR\u00dcFEN UND AUFENTHALT HIER BUCHEN<\/strong><\/em><\/a><\/span><\/p><\/blockquote>\n<div id=\"attachment_15212\" style=\"width: 1034px\" class=\"wp-caption aligncenter\"><a href=\"https:\/\/www.booking.com\/hotel\/it\/garni-sonnleitenhof.en.html?aid=347511&amp;no_rooms=1&amp;group_adults=2\" target=\"_blank\" rel=\"noopener\"><img loading=\"lazy\" decoding=\"async\" aria-describedby=\"caption-attachment-15212\" class=\"size-full wp-image-15212\" src=\"https:\/\/www.dovolenkarka.cz\/wp-content\/uploads\/2026\/04\/Obrazek-43.jpg\" alt=\"KALTERER SEE - Lago di Caldaro \/ Garni Hotel Sonnleitenhof\" width=\"1024\" height=\"576\" srcset=\"https:\/\/www.dovolenkarka.cz\/wp-content\/uploads\/2026\/04\/Obrazek-43.jpg 1024w, https:\/\/www.dovolenkarka.cz\/wp-content\/uploads\/2026\/04\/Obrazek-43-768x432.jpg 768w\" sizes=\"auto, (max-width: 1024px) 100vw, 1024px\" \/><\/a><p id=\"caption-attachment-15212\" class=\"wp-caption-text\">Garni Hotel Sonnleitenhof<\/p><\/div>\n<hr \/>\n<p>Wenn du direkt am See in einem luxuri\u00f6sen 4*-Hotel \u00fcbernachten m\u00f6chtest, das immer noch einen vern\u00fcnftigen Preis hat, dann <span style=\"color: #000000;\"><a style=\"color: #000000;\" href=\"https:\/\/www.booking.com\/hotel\/it\/seehotel-ambach.en.html?aid=347511&amp;no_rooms=1&amp;group_adults=2\" target=\"_blank\" rel=\"noopener\">empfehle ich das Seehotel Ambach.<\/a> <\/span>Ich mag das Hotel auch f\u00fcr angenehme Sommerwochenenden, an denen man dank des hervorragenden Abendessens diesen Ort nicht verlassen muss und ungest\u00f6rte Entspannung am See genie\u00dfen kann.<\/p>\n<h3><span class=\"ez-toc-section\" id=\"Seehotel_Ambach_4\"><\/span><span style=\"color: #000000;\"><strong><a style=\"color: #000000;\" href=\"https:\/\/www.booking.com\/hotel\/it\/seehotel-ambach.en.html?aid=347511&amp;no_rooms=1&amp;group_adults=2\" target=\"_blank\" rel=\"noopener\">Seehotel Ambach 4*<\/a><\/strong><\/span><span class=\"ez-toc-section-end\"><\/span><\/h3>\n<ul>\n<li>Hotel am Ufer mit eigenem Strand und Wellnesscenter<\/li>\n<li>Hervorragende Halbpension (Fr\u00fchst\u00fccksbuffet &#8211; serviertes F\u00fcnf-G\u00e4nge-Abendessen) &#8211; glutenfreie Ern\u00e4hrung war kein Problem<\/li>\n<\/ul>\n<blockquote><p><span style=\"color: #008000;\"><a style=\"color: #008000;\" href=\"https:\/\/www.booking.com\/hotel\/it\/seehotel-ambach.en.html?aid=347511&amp;no_rooms=1&amp;group_adults=2\" target=\"_blank\" rel=\"noopener\"><em><strong>&gt; VERF\u00dcGBARKEIT PR\u00dcFEN UND AUFENTHALT HIER BUCHEN<\/strong><\/em><\/a><\/span><\/p><\/blockquote>\n<div id=\"attachment_15214\" style=\"width: 1034px\" class=\"wp-caption aligncenter\"><a href=\"https:\/\/www.booking.com\/hotel\/it\/seehotel-ambach.en.html?aid=347511&amp;no_rooms=1&amp;group_adults=2\" target=\"_blank\" rel=\"noopener\"><img loading=\"lazy\" decoding=\"async\" aria-describedby=\"caption-attachment-15214\" class=\"size-full wp-image-15214\" src=\"https:\/\/www.dovolenkarka.cz\/wp-content\/uploads\/2026\/04\/Obrazek-46.jpg\" alt=\"KALTERER SEE - Lago di Caldaro \/ Seehotel Ambach\" width=\"1024\" height=\"569\" srcset=\"https:\/\/www.dovolenkarka.cz\/wp-content\/uploads\/2026\/04\/Obrazek-46.jpg 1024w, https:\/\/www.dovolenkarka.cz\/wp-content\/uploads\/2026\/04\/Obrazek-46-768x426.jpg 768w\" sizes=\"auto, (max-width: 1024px) 100vw, 1024px\" \/><\/a><p id=\"caption-attachment-15214\" class=\"wp-caption-text\">Seehotel Ambach<\/p><\/div>\n<hr \/>\n<p style=\"text-align: center;\"><span style=\"color: #000000;\"><a style=\"color: #000000;\" href=\"https:\/\/www.booking.com\/searchresults.en.html?city=-112542&amp;aid=347511&amp;no_rooms=1&amp;group_adults=2\" target=\"_blank\" rel=\"noopener\"><strong>Ist die empfohlene Unterkunft ausgebucht? Suche dir eine Unterkunft am Kalterer See auf der Karte: <\/strong><\/a><\/span><\/p>\n<p style=\"text-align: center;\"><iframe loading=\"lazy\" id=\"stay22-widget\" src=\"https:\/\/stay22.com\/embed\/69d8c890af682ea2d4c248fc\" width=\"100%\" height=\"428\" frameborder=\"0\"><\/iframe><\/p>\n<hr \/>\n<h2><span class=\"ez-toc-section\" id=\"Kalterer_See_Lago_di_Caldaro\"><\/span>Kalterer See (Lago di Caldaro)<span class=\"ez-toc-section-end\"><\/span><\/h2>\n<p data-start=\"465\" data-end=\"904\">Der Kalterer See, auch bekannt als <strong data-start=\"497\" data-end=\"518\">Kalternsk\u00e9 jezero<\/strong> oder im italienischen Original <strong data-start=\"532\" data-end=\"551\">Lago di Caldaro<\/strong>, geh\u00f6rt zu den Orten auf der Karte Norditaliens, die leicht zwischen bekannteren Namen untergehen. Auch deshalb glaube ich, dass sich dieser See immer noch seinen Charme bewahrt. Wenn du dich aber hierher begibst, wirst du schnell verstehen, warum wir ihn liebgewonnen haben. F\u00fcr die Verh\u00e4ltnisse der Alpenregion ist er unerwartet warm, was auch Familien mit Kindern zu sch\u00e4tzen wissen.<\/p>\n<p data-start=\"465\" data-end=\"904\"><a href=\"https:\/\/www.dovolenkarka.cz\/de\/kalterer-see-lago-di-caldaro\/pexels-joerg-hartmann-626385254-17632981\/\" rel=\"attachment wp-att-15223\"><img loading=\"lazy\" decoding=\"async\" class=\"aligncenter size-full wp-image-15223\" src=\"https:\/\/www.dovolenkarka.cz\/wp-content\/uploads\/2026\/04\/pexels-joerg-hartmann-626385254-17632981.jpg\" alt=\"Kalterer See - Lago di Caldaro\" width=\"1920\" height=\"1146\" srcset=\"https:\/\/www.dovolenkarka.cz\/wp-content\/uploads\/2026\/04\/pexels-joerg-hartmann-626385254-17632981.jpg 1920w, https:\/\/www.dovolenkarka.cz\/wp-content\/uploads\/2026\/04\/pexels-joerg-hartmann-626385254-17632981-768x458.jpg 768w\" sizes=\"auto, (max-width: 1920px) 100vw, 1920px\" \/><\/a><\/p>\n<p data-start=\"465\" data-end=\"904\">Zudem ist er von Weinbergen umgeben, auf dem See kannst du gleich mehreren Wassersportarten nachgehen und dazu ist hier die traditionelle Atmosph\u00e4re S\u00fcdtirols zu sp\u00fcren. Ich habe 11 tolle Gr\u00fcnde f\u00fcr dich vorbereitet, warum du diesen Ort nicht verpassen solltest:<\/p>\n<h2 data-start=\"465\" data-end=\"904\"><span class=\"ez-toc-section\" id=\"Warum_an_den_Kalterer_See_Lago_di_Caldaro_fahren\"><\/span>Warum an den Kalterer See (Lago di Caldaro) fahren?<span class=\"ez-toc-section-end\"><\/span><\/h2>\n<h3><span class=\"ez-toc-section\" id=\"1_Der_Kalterer_See_gehoert_zu_den_waermsten_Seen_im_Alpenraum\"><\/span>1. Der Kalterer See geh\u00f6rt zu den w\u00e4rmsten Seen im Alpenraum<span class=\"ez-toc-section-end\"><\/span><\/h3>\n<p>Der Kalterer See geh\u00f6rt zu den w\u00e4rmsten Badeseen in den Alpen, und im Sommer erw\u00e4rmt sich das Wasser regelm\u00e4\u00dfig auf bis zu 28 \u00b0C, was ihn zu einem tollen Ort zum Baden macht, auch f\u00fcr Familien mit Kindern. Dank der g\u00fcnstigen Lage, der geringen Tiefe und einer Gr\u00f6\u00dfe von etwa 1,8 \u00d7 1 Kilometer erw\u00e4rmt er sich zudem schnell, sodass das Wasser schon zu Beginn der Saison angenehm ist. Wenn du von uns <span style=\"color: #000000;\"><a style=\"color: #000000;\" href=\"https:\/\/rakouskajezera.cz\" target=\"_blank\" rel=\"noopener\">k\u00e4ltere \u00f6sterreichische Seen<\/a><\/span> gewohnt bist, dann kannst du hier schon im Juni angenehm baden.<\/p>\n<h3><span class=\"ez-toc-section\" id=\"2_Der_Kalterer_See_liegt_nur_ein_Stueck_von_Bozen_entfernt\"><\/span>2. Der Kalterer See liegt nur ein St\u00fcck von Bozen entfernt<span class=\"ez-toc-section-end\"><\/span><\/h3>\n<p>Der Kalterer See liegt nur etwa 18 Kilometer von Bozen entfernt, ist also auch ein tolles Ziel f\u00fcr einen Tagesausflug. Es wird dich aber \u00fcberraschen, dass er sich trotzdem eine ruhige, fast l\u00e4ndliche Atmosph\u00e4re bewahrt. Die umliegende Landschaft mit Weinbergen und Obstg\u00e4rten wirkt fast mediterran, und du genie\u00dft hier den traditionellen Charakter S\u00fcdtirols, wo deutsche und italienische Einfl\u00fcsse nat\u00fcrlich verschmelzen, nicht nur in der Sprache, sondern auch z. B. in der Gastronomie.<\/p>\n<p><span style=\"color: #000000;\"><strong>Mein Tipp:<\/strong><\/span><\/p>\n<ul>\n<li>Nach Bozen fahren wir immer auf dem R\u00fcckweg, um italienische Vorr\u00e4te und glutenfreie Lebensmittel einzukaufen, einschlie\u00dflich hochwertiger Oliven\u00f6le.<\/li>\n<\/ul>\n<p><a href=\"https:\/\/www.dovolenkarka.cz\/de\/kalterer-see-lago-di-caldaro\/pexels-ryo-f-2147984658-29991491\/\" rel=\"attachment wp-att-15224\"><img loading=\"lazy\" decoding=\"async\" class=\"aligncenter size-full wp-image-15224\" src=\"https:\/\/www.dovolenkarka.cz\/wp-content\/uploads\/2026\/04\/pexels-ryo-f-2147984658-29991491.jpg\" alt=\"Bozen\" width=\"1920\" height=\"1280\" srcset=\"https:\/\/www.dovolenkarka.cz\/wp-content\/uploads\/2026\/04\/pexels-ryo-f-2147984658-29991491.jpg 1920w, https:\/\/www.dovolenkarka.cz\/wp-content\/uploads\/2026\/04\/pexels-ryo-f-2147984658-29991491-768x512.jpg 768w\" sizes=\"auto, (max-width: 1920px) 100vw, 1920px\" \/><\/a><\/p>\n<h3><span class=\"ez-toc-section\" id=\"3_Baden_im_Kalterer_See\"><\/span>3. Baden im Kalterer See<span class=\"ez-toc-section-end\"><\/span><\/h3>\n<p>Der Kalterer See ist sch\u00f6n anzusehen und vor allem ist er wirklich zum Baden geeignet. Wie ich schon mehrmals geschrieben habe, hat er im Sommer angenehm warmes Wasser, selbst f\u00fcr jene Urlauber, die sonst das Meer bevorzugen, und dank der flachen Ufer ist er auch f\u00fcr Familien mit Kindern geeignet. Der Zugang zum Wasser konzentriert sich haupts\u00e4chlich auf gepflegte Freib\u00e4der und Str\u00e4nde mit Infrastruktur, sodass der Ort seinen ruhigen Charakter beh\u00e4lt. Ich pers\u00f6nlich empfehle, f\u00fcr ein Hotel direkt mit eigenem Strand und Pool etwas mehr zu bezahlen.<\/p>\n<ul>\n<li><span style=\"color: #008000;\"><strong><a style=\"color: #008000;\" href=\"https:\/\/www.booking.com\/hotel\/it\/seehotel-ambach.en.html?aid=347511&amp;no_rooms=1&amp;group_adults=2\" target=\"_blank\" rel=\"noopener\">Seehotel Ambach mit eigenem Strand und Wellness<\/a><\/strong><\/span><\/li>\n<\/ul>\n<div id=\"attachment_15229\" style=\"width: 1034px\" class=\"wp-caption aligncenter\"><a href=\"https:\/\/www.booking.com\/hotel\/it\/seehotel-ambach.en.html?aid=347511&amp;no_rooms=1&amp;group_adults=2\" target=\"_blank\" rel=\"noopener\"><img loading=\"lazy\" decoding=\"async\" aria-describedby=\"caption-attachment-15229\" class=\"size-full wp-image-15229\" src=\"https:\/\/www.dovolenkarka.cz\/wp-content\/uploads\/2026\/04\/Obrazek-51.jpg\" alt=\"Seehotel Ambach\" width=\"1024\" height=\"581\" srcset=\"https:\/\/www.dovolenkarka.cz\/wp-content\/uploads\/2026\/04\/Obrazek-51.jpg 1024w, https:\/\/www.dovolenkarka.cz\/wp-content\/uploads\/2026\/04\/Obrazek-51-768x435.jpg 768w\" sizes=\"auto, (max-width: 1024px) 100vw, 1024px\" \/><\/a><p id=\"caption-attachment-15229\" class=\"wp-caption-text\">Seehotel Ambach<\/p><\/div>\n<h3><span class=\"ez-toc-section\" id=\"4_Tolle_Bedingungen_fuer_Windsurfen_und_Paddleboarding\"><\/span>4. Tolle Bedingungen f\u00fcr Windsurfen und Paddleboarding<span class=\"ez-toc-section-end\"><\/span><\/h3>\n<p>Der Kalterer See ist dank des Ora-Windes, der vom Gardasee her\u00fcberkommt, auch ein beliebtes Ziel f\u00fcr Windsurfer. Vormittags ist die Wasseroberfl\u00e4che meist ruhig, was uns f\u00fcr Paddleboards entgegenkommt, und nachmittags ist auf dem Wasser dank des Windes mehr los. Gleichzeitig sch\u00e4tzen wir die Ruhe durch das Fehlen von lauten Motorbooten.<\/p>\n<h3><span class=\"ez-toc-section\" id=\"5_Rundweg_um_den_Kalterer_See\"><\/span>5. Rundweg um den Kalterer See<span class=\"ez-toc-section-end\"><\/span><\/h3>\n<p>Der Kalterer See l\u00e4sst sich bequem auf einer einfachen Route umrunden, die auch Freizeittouristen bew\u00e4ltigen. Freu dich unterwegs auf abwechselnde Ausblicke auf den See, Weinberge und Schilf, sodass die Wanderung eher wegen ihrer vielf\u00e4ltigen Landschaft als wegen der sportlichen Leistung interessant ist.<\/p>\n<p><a href=\"https:\/\/www.dovolenkarka.cz\/de\/kalterer-see-lago-di-caldaro\/pexels-joerg-hartmann-626385254-17646799\/\" rel=\"attachment wp-att-15226\"><img loading=\"lazy\" decoding=\"async\" class=\"aligncenter size-full wp-image-15226\" src=\"https:\/\/www.dovolenkarka.cz\/wp-content\/uploads\/2026\/04\/pexels-joerg-hartmann-626385254-17646799.jpg\" alt=\"Lago di Caldaro - Kalterer See\" width=\"1920\" height=\"1062\" srcset=\"https:\/\/www.dovolenkarka.cz\/wp-content\/uploads\/2026\/04\/pexels-joerg-hartmann-626385254-17646799.jpg 1920w, https:\/\/www.dovolenkarka.cz\/wp-content\/uploads\/2026\/04\/pexels-joerg-hartmann-626385254-17646799-768x424.jpg 768w\" sizes=\"auto, (max-width: 1920px) 100vw, 1920px\" \/><\/a><\/p>\n<h3><span class=\"ez-toc-section\" id=\"6_Weinbau_in_Suedtirol\"><\/span>6. Weinbau in S\u00fcdtirol<span class=\"ez-toc-section-end\"><\/span><\/h3>\n<p>Mit dem Kalterer See ist untrennbar auch der Wein verbunden, da die umliegende Landschaft zu einem bedeutenden Weinbaugebiet S\u00fcdtirols geh\u00f6rt und die Weinberge hier nicht nur das Aussehen des Ortes, sondern auch die lokale Gastronomie beeinflussen. Genau deshalb hat die Gegend eine andere Atmosph\u00e4re als gew\u00f6hnliche Sommerresorts. Ein typischer Ablauf eines Sommertages am See sieht etwa so aus: Baden, Paddleboards, Ausfl\u00fcge in die Natur und abendliches Beisammensein bei einem Glas lokalem Wein.<\/p>\n<p><strong>Mein Tipp: <\/strong><\/p>\n<ul>\n<li><span style=\"color: #008000;\"><strong><a style=\"color: #008000;\" href=\"https:\/\/www.booking.com\/hotel\/it\/garni-sonnleitenhof.en.html?aid=347511&amp;no_rooms=1&amp;group_adults=2\" target=\"_blank\" rel=\"noopener\">\u00dcbernachte in einem Hotel mit Blick direkt in die Weinberge \/ Garni Hotel Sonnleitenhof<\/a><\/strong><\/span><\/li>\n<\/ul>\n<div id=\"attachment_15213\" style=\"width: 1034px\" class=\"wp-caption aligncenter\"><a href=\"https:\/\/www.booking.com\/hotel\/it\/garni-sonnleitenhof.en.html?aid=347511&amp;no_rooms=1&amp;group_adults=2\" target=\"_blank\" rel=\"noopener\"><img loading=\"lazy\" decoding=\"async\" aria-describedby=\"caption-attachment-15213\" class=\"size-full wp-image-15213\" src=\"https:\/\/www.dovolenkarka.cz\/wp-content\/uploads\/2026\/04\/Obrazek-45.jpg\" alt=\"KALTERER SEE - Lago di Caldaro \/ Garni Hotel Sonnleitenhof\" width=\"1024\" height=\"537\" srcset=\"https:\/\/www.dovolenkarka.cz\/wp-content\/uploads\/2026\/04\/Obrazek-45.jpg 1024w, https:\/\/www.dovolenkarka.cz\/wp-content\/uploads\/2026\/04\/Obrazek-45-1200x630.jpg 1200w, https:\/\/www.dovolenkarka.cz\/wp-content\/uploads\/2026\/04\/Obrazek-45-768x402.jpg 768w\" sizes=\"auto, (max-width: 1024px) 100vw, 1024px\" \/><\/a><p id=\"caption-attachment-15213\" class=\"wp-caption-text\">Garni Hotel Sonnleitenhof<\/p><\/div>\n<h3><span class=\"ez-toc-section\" id=\"7_Ausflug_zum_Aussichtspunkt_bei_der_Leuchtenburg\"><\/span>7. Ausflug zum Aussichtspunkt bei der Leuchtenburg<span class=\"ez-toc-section-end\"><\/span><\/h3>\n<p>F\u00fcr mich ist der sch\u00f6nste Blick auf den Kalterer See von der Ruine der Leuchtenburg (Castelchiaro) aus, von wo man gut in die gesamte umliegende Landschaft sehen kann. Du kannst den Blick auf den See und die Weinberge genie\u00dfen. Es ist ein angenehmer Aufstieg und ein Tipp f\u00fcr einen mehrst\u00fcndigen Ausflug, den du mit einer Rundwanderung um den See verbinden kannst.<\/p>\n<h3><span class=\"ez-toc-section\" id=\"8_Das_Suedufer_des_Kalterer_Sees_ist_ein_geschuetztes_Biotop\"><\/span>8. Das S\u00fcdufer des Kalterer Sees ist ein gesch\u00fctztes Biotop<span class=\"ez-toc-section-end\"><\/span><\/h3>\n<p>Der Kalterer See ist auch au\u00dferhalb der Hauptsaison interessant, dank der gesch\u00fctzten Naturzone am S\u00fcdufer, wo Schilf und Feuchtgebiete ein wertvolles Biotop f\u00fcr viele Vogelarten bilden. Der See hat somit auch einen hohen Wert f\u00fcr die Natur selbst.<\/p>\n<hr \/>\n<p><strong>Das k\u00f6nnte Sie auch interessieren: <\/strong><\/p>\n<ul>\n<li><span style=\"color: #008000;\"><strong><a style=\"color: #008000;\" href=\"https:\/\/www.dovolenkarka.cz\/de\/slowenische-seen\/\" target=\"_blank\" rel=\"noopener\">Slowenische Seen: 3 Tipps f\u00fcr deinen Urlaub direkt am See<\/a><\/strong><\/span><\/li>\n<li><span style=\"color: #008000;\"><a style=\"color: #008000;\" href=\"https:\/\/www.dovolenkarka.cz\/de\/ausfluge-in-den-dolomiten\/\" target=\"_blank\" rel=\"noopener\"><strong>15 Tipps f\u00fcr Ausfl\u00fcge in den Dolomiten + Unterk\u00fcnfte<\/strong><\/a><\/span><\/li>\n<li><span style=\"color: #008000;\"><strong><a style=\"color: #008000;\" href=\"https:\/\/www.dovolenkarka.cz\/vikend-v-limone-sul-garda\/\" target=\"_blank\" rel=\"noopener\">Wochenende in Limone sul Garda + Hotel-Tipp am Strand<\/a><\/strong><\/span><\/li>\n<li><span style=\"color: #008000;\"><strong><a style=\"color: #008000;\" href=\"https:\/\/www.dovolenkarka.cz\/ubytovani-na-garde-tip-na-butikovy-hotel\/\" target=\"_blank\" rel=\"noopener\">Tipp f\u00fcr eine Unterkunft in Riva del Garda<\/a><\/strong><\/span><\/li>\n<\/ul>\n<hr \/>\n<h3><span class=\"ez-toc-section\" id=\"9_Die_Umgebung_des_Kalterer_Sees_ist_auch_ideal_zum_Radfahren\"><\/span>9. Die Umgebung des Kalterer Sees ist auch ideal zum Radfahren<span class=\"ez-toc-section-end\"><\/span><\/h3>\n<p>Die Umgebung des Kalterer Sees ist auch toll zum Radfahren, da sie sowohl einfache Routen in flacheren Teilen bietet, die Familien mit Kindern sch\u00e4tzen, als auch anspruchsvollere Abschnitte f\u00fcr k\u00f6rperlich fittere Radfahrer. Gerade wegen dieser Vielfalt genie\u00dfen hier auch Freizeitsportler die Radwege und vom Rad aus genie\u00dft du zudem noch mehr den Kontrast zwischen dem See, den Weinbergen und den kleineren Gemeinden S\u00fcdtirols.<\/p>\n<h3><span class=\"ez-toc-section\" id=\"10_Mit_der_Mendelbahn_von_St_Anton_bei_Kaltern_auf_den_Mendelpass\"><\/span>10. Mit der Mendelbahn von St. Anton bei Kaltern auf den Mendelpass<span class=\"ez-toc-section-end\"><\/span><\/h3>\n<p>Ein weiterer toller Ausflugstipp vom Kalterer See aus ist eine Fahrt mit der Seilbahn auf den Mendelpass. Die Mendelbahn, die 1903 nach einem Entwurf des Schweizer Ingenieurs Emil Strub er\u00f6ffnet wurde, geh\u00f6rt zu den technisch interessanten Verkehrsbauwerken S\u00fcdtirols. Ihre Steigung betr\u00e4gt ca. 64 % und sie gilt als die erste elektrische Seilbahn in Tirol, gleichzeitig als die steilste und l\u00e4ngste durchgehende Standseilbahn in Europa.<\/p>\n<div id=\"attachment_15219\" style=\"width: 1930px\" class=\"wp-caption aligncenter\"><a href=\"https:\/\/www.dovolenkarka.cz\/de\/kalterer-see-lago-di-caldaro\/obrazek-47-4\/\" rel=\"attachment wp-att-15219\"><img loading=\"lazy\" decoding=\"async\" aria-describedby=\"caption-attachment-15219\" class=\"size-full wp-image-15219\" src=\"https:\/\/www.dovolenkarka.cz\/wp-content\/uploads\/2026\/04\/Obrazek-47.jpg\" alt=\"Mendelbahn - Kalterer See\" width=\"1920\" height=\"1280\" srcset=\"https:\/\/www.dovolenkarka.cz\/wp-content\/uploads\/2026\/04\/Obrazek-47.jpg 1920w, https:\/\/www.dovolenkarka.cz\/wp-content\/uploads\/2026\/04\/Obrazek-47-768x512.jpg 768w\" sizes=\"auto, (max-width: 1920px) 100vw, 1920px\" \/><\/a><p id=\"caption-attachment-15219\" class=\"wp-caption-text\">Mendelbahn\/ (c) Tourismusb\u00fcro Kaltern am See<\/p><\/div>\n<p>Auf der 2,37 Kilometer langen Strecke \u00fcberwindet sie mit dir in 12 Minuten einen H\u00f6henunterschied von 850 Metern und bietet neben dem Fahrerlebnis selbst auch beeindruckende Ausblicke auf das Etschtal und das Gebiet S\u00fcdtirols. Eine R\u00fcckfahrkarte kostet 13,50 \u20ac, eine einfache Fahrt 8,50 \u20ac, Kinder unter 6 Jahren fahren kostenlos und Inhaber des South Tyrol Guest Pass haben die Fahrt inklusive. Wenn du mit deinen Hunden zum Ausflug aufbrichst, k\u00f6nnen sie gegen Geb\u00fchr mitreisen, sofern sie angeleint sind und einen Maulkorb tragen (2- 3,50 \u20ac).<\/p>\n<h3><span class=\"ez-toc-section\" id=\"11_Ausflug_zur_Rastenbachklamm\"><\/span>11. Ausflug zur Rastenbachklamm<span class=\"ez-toc-section-end\"><\/span><\/h3>\n<p>Die Rastenbachklamm ist eine atemberaubende Schlucht kurz oberhalb des Kalterer Sees, wo dich der Weg zwischen Felsen, Bach, Wasserfall und \u00fcber Holzstege und Treppen f\u00fchrt. Im Sommer ist es ein sehr angenehmer Ort f\u00fcr einen kurzen Ausflug, da es hier mehr Schatten und K\u00fchle gibt als am See. Die Route ist nicht allzu anspruchsvoll, aber man muss mit einigen Treppen und einem k\u00fcrzeren Anstieg rechnen &#8211; festes Schuhwerk ist nat\u00fcrlich Voraussetzung.<\/p>\n<div id=\"attachment_15220\" style=\"width: 1930px\" class=\"wp-caption aligncenter\"><a href=\"https:\/\/www.dovolenkarka.cz\/de\/kalterer-see-lago-di-caldaro\/obrazek-49-4\/\" rel=\"attachment wp-att-15220\"><img loading=\"lazy\" decoding=\"async\" aria-describedby=\"caption-attachment-15220\" class=\"size-full wp-image-15220\" src=\"https:\/\/www.dovolenkarka.cz\/wp-content\/uploads\/2026\/04\/Obrazek-49.jpg\" alt=\"Kalterer See - Lago di Caldaro \/ Rastenbachklamm\" width=\"1920\" height=\"1079\" srcset=\"https:\/\/www.dovolenkarka.cz\/wp-content\/uploads\/2026\/04\/Obrazek-49.jpg 1920w, https:\/\/www.dovolenkarka.cz\/wp-content\/uploads\/2026\/04\/Obrazek-49-768x431.jpg 768w\" sizes=\"auto, (max-width: 1920px) 100vw, 1920px\" \/><\/a><p id=\"caption-attachment-15220\" class=\"wp-caption-text\">Rastenbachklamm\/ (c) Tourismusb\u00fcro Kaltern am See<\/p><\/div>\n<p>Mein Tipp:<\/p>\n<ul>\n<li>Besuche die Schlucht auch, wenn du Aussichtspunkte liebst. Von der dortigen Aussichtsplattform hast du einen atemberaubenden Blick auf den Kalterer See<\/li>\n<\/ul>\n<div id=\"attachment_15221\" style=\"width: 1930px\" class=\"wp-caption aligncenter\"><a href=\"https:\/\/www.dovolenkarka.cz\/de\/ile-au-cerf-seychellen\/obrazek-50-6\/\" rel=\"attachment wp-att-15221\"><img loading=\"lazy\" decoding=\"async\" aria-describedby=\"caption-attachment-15221\" class=\"size-full wp-image-15221\" src=\"https:\/\/www.dovolenkarka.cz\/wp-content\/uploads\/2026\/04\/Obrazek-50.jpg\" alt=\"Kalterer See - Lago di Caldaro \/ Rastenbachklamm\" width=\"1920\" height=\"826\" srcset=\"https:\/\/www.dovolenkarka.cz\/wp-content\/uploads\/2026\/04\/Obrazek-50.jpg 1920w, https:\/\/www.dovolenkarka.cz\/wp-content\/uploads\/2026\/04\/Obrazek-50-768x330.jpg 768w\" sizes=\"auto, (max-width: 1920px) 100vw, 1920px\" \/><\/a><p id=\"caption-attachment-15221\" class=\"wp-caption-text\">Rastenbachklamm\/ (c) Tourismusb\u00fcro Kaltern am See<\/p><\/div>\n<hr \/>\n<p style=\"text-align: center;\"><span style=\"color: #000000;\"><strong>Hat dir mein heutiger Tipp f\u00fcr den Urlaub am Kalterer See in S\u00fcdtirol, Italien, gefallen? Dann speichere ihn dir auch auf Pinterest, damit du ihn beim n\u00e4chsten Mal leicht wiederfindest: <\/strong><\/span><\/p>\n<p style=\"text-align: center;\"><iframe loading=\"lazy\" src=\"https:\/\/assets.pinterest.com\/ext\/embed.html?id=1049057306970127627\" width=\"345\" height=\"714\" frameborder=\"0\" scrolling=\"no\"><\/iframe><\/p>\n","protected":false},"excerpt":{"rendered":"<p>Kalterer See (Lago di Caldaro), 11 meiner tollen Gr\u00fcnde, warum dir ein Urlaub an einem der w\u00e4rmsten Seen S\u00fcdtirols gefallen wird. Diesen Tipp habe ich f\u00fcr dich aus meiner Schublade mit geheimen Inspirationen geholt, die ich lange nur f\u00fcr uns behalten habe. Vielleicht treffen wir uns dort ja mal im Sommer. Der Kalterer See in S\u00fcdtirol geh\u00f6rt zu den w\u00e4rmsten Alpenseen. Wenn du \u00fcberlegst, wo du in Oberitalien deinen diesj\u00e4hrigen Urlaub planen sollst, habe ich f\u00fcr dich Tipps zusammengestellt, wo man am Kalterer See baden kann, was man dort unternehmen kann und warum er einen Besuch wert ist. Genauso gut <\/p>\n","protected":false},"author":1,"featured_media":15246,"comment_status":"closed","ping_status":"closed","sticky":false,"template":"","format":"standard","meta":{"footnotes":""},"categories":[5140],"tags":[5849,5848,5855,5854,5852,5850,5853,5851],"class_list":["post-15245","post","type-post","status-publish","format-standard","has-post-thumbnail","hentry","category-italien","tag-kalterer-see","tag-lago-di-caldaro","tag-mendelbahn","tag-rastenbachklamm","tag-seen-in-sudtirol","tag-unterkunft-am-kalterer-see","tag-warmster-see-in-den-alpen","tag-was-man-am-kalterer-see-unternehmen-kann","has_thumb"],"aioseo_notices":[],"_links":{"self":[{"href":"https:\/\/www.dovolenkarka.cz\/de\/wp-json\/wp\/v2\/posts\/15245","targetHints":{"allow":["GET"]}}],"collection":[{"href":"https:\/\/www.dovolenkarka.cz\/de\/wp-json\/wp\/v2\/posts"}],"about":[{"href":"https:\/\/www.dovolenkarka.cz\/de\/wp-json\/wp\/v2\/types\/post"}],"author":[{"embeddable":true,"href":"https:\/\/www.dovolenkarka.cz\/de\/wp-json\/wp\/v2\/users\/1"}],"replies":[{"embeddable":true,"href":"https:\/\/www.dovolenkarka.cz\/de\/wp-json\/wp\/v2\/comments?post=15245"}],"version-history":[{"count":1,"href":"https:\/\/www.dovolenkarka.cz\/de\/wp-json\/wp\/v2\/posts\/15245\/revisions"}],"predecessor-version":[{"id":15275,"href":"https:\/\/www.dovolenkarka.cz\/de\/wp-json\/wp\/v2\/posts\/15245\/revisions\/15275"}],"wp:featuredmedia":[{"embeddable":true,"href":"https:\/\/www.dovolenkarka.cz\/de\/wp-json\/wp\/v2\/media\/15246"}],"wp:attachment":[{"href":"https:\/\/www.dovolenkarka.cz\/de\/wp-json\/wp\/v2\/media?parent=15245"}],"wp:term":[{"taxonomy":"category","embeddable":true,"href":"https:\/\/www.dovolenkarka.cz\/de\/wp-json\/wp\/v2\/categories?post=15245"},{"taxonomy":"post_tag","embeddable":true,"href":"https:\/\/www.dovolenkarka.cz\/de\/wp-json\/wp\/v2\/tags?post=15245"}],"curies":[{"name":"wp","href":"https:\/\/api.w.org\/{rel}","templated":true}]}}