{"id":12125,"date":"2021-07-29T17:48:24","date_gmt":"2021-07-29T15:48:24","guid":{"rendered":"https:\/\/www.dovolenkarka.cz\/spain-mallorca-a-trip-tip-to-one-of-the-most-breathtaking-lagoons-on-the-island\/"},"modified":"2026-01-07T17:06:47","modified_gmt":"2026-01-07T16:06:47","slug":"mallorca-lagoon-cala-ratjada","status":"publish","type":"post","link":"https:\/\/www.dovolenkarka.cz\/en\/mallorca-lagoon-cala-ratjada\/","title":{"rendered":"Spain, Mallorca: A trip tip to one of the most breathtaking lagoons on the island"},"content":{"rendered":"<p><span style=\"color: #008000;\"><strong><a style=\"color: #008000;\" href=\"https:\/\/www.booking.com\/searchresults.en.html?city=-374978&amp;aid=347511&amp;no_rooms=1&amp;group_adults=2\" target=\"_blank\" rel=\"noopener\">In today&#8217;s travel and vacation tips, I&#8217;ll take you to the Cala Agulla in Cala Ratjada area<\/a><\/strong><\/span>. Until the COVID era, I was not a fan of seaside holidays. In any case, the beginning of the 2019 holidays in our country, in terms of weather, was not very successful. So, a planned family vacation in Mallorca came in really handy. Visit the lagoon Cala Molt\u00f3:<\/p>\n<div id=\"ez-toc-container\" class=\"ez-toc-v2_0_82_2 counter-hierarchy ez-toc-counter ez-toc-grey ez-toc-container-direction\">\n<div class=\"ez-toc-title-container\">\n<p class=\"ez-toc-title\" style=\"cursor:inherit\">Table of Contents<\/p>\n<span class=\"ez-toc-title-toggle\"><a href=\"#\" class=\"ez-toc-pull-right ez-toc-btn ez-toc-btn-xs ez-toc-btn-default ez-toc-toggle\" aria-label=\"Toggle Table of Content\"><span class=\"ez-toc-js-icon-con\"><span class=\"\"><span class=\"eztoc-hide\" style=\"display:none;\">Toggle<\/span><span class=\"ez-toc-icon-toggle-span\"><svg style=\"fill: #999;color:#999\" xmlns=\"http:\/\/www.w3.org\/2000\/svg\" class=\"list-377408\" width=\"20px\" height=\"20px\" viewBox=\"0 0 24 24\" fill=\"none\"><path d=\"M6 6H4v2h2V6zm14 0H8v2h12V6zM4 11h2v2H4v-2zm16 0H8v2h12v-2zM4 16h2v2H4v-2zm16 0H8v2h12v-2z\" fill=\"currentColor\"><\/path><\/svg><svg style=\"fill: #999;color:#999\" class=\"arrow-unsorted-368013\" xmlns=\"http:\/\/www.w3.org\/2000\/svg\" width=\"10px\" height=\"10px\" viewBox=\"0 0 24 24\" version=\"1.2\" baseProfile=\"tiny\"><path d=\"M18.2 9.3l-6.2-6.3-6.2 6.3c-.2.2-.3.4-.3.7s.1.5.3.7c.2.2.4.3.7.3h11c.3 0 .5-.1.7-.3.2-.2.3-.5.3-.7s-.1-.5-.3-.7zM5.8 14.7l6.2 6.3 6.2-6.3c.2-.2.3-.5.3-.7s-.1-.5-.3-.7c-.2-.2-.4-.3-.7-.3h-11c-.3 0-.5.1-.7.3-.2.2-.3.5-.3.7s.1.5.3.7z\"\/><\/svg><\/span><\/span><\/span><\/a><\/span><\/div>\n<nav><ul class='ez-toc-list ez-toc-list-level-1 ' ><li class='ez-toc-page-1 ez-toc-heading-level-2'><a class=\"ez-toc-link ez-toc-heading-1\" href=\"https:\/\/www.dovolenkarka.cz\/en\/mallorca-lagoon-cala-ratjada\/#Cala_Ratjada_%E2%80%93_Cala_Agulla_beach\" >Cala Ratjada &#8211; Cala Agulla beach<\/a><\/li><li class='ez-toc-page-1 ez-toc-heading-level-2'><a class=\"ez-toc-link ez-toc-heading-2\" href=\"https:\/\/www.dovolenkarka.cz\/en\/mallorca-lagoon-cala-ratjada\/#Accommodation_in_Cala_Ratjada\" >Accommodation in Cala Ratjada:<\/a><ul class='ez-toc-list-level-3' ><li class='ez-toc-heading-level-3'><a class=\"ez-toc-link ez-toc-heading-3\" href=\"https:\/\/www.dovolenkarka.cz\/en\/mallorca-lagoon-cala-ratjada\/#Mar_Azul_Pur_Estil_Hotel_Spa_4\" >Mar Azul Pur Estil Hotel &amp; Spa 4*<\/a><\/li><\/ul><\/li><li class='ez-toc-page-1 ez-toc-heading-level-2'><a class=\"ez-toc-link ez-toc-heading-4\" href=\"https:\/\/www.dovolenkarka.cz\/en\/mallorca-lagoon-cala-ratjada\/#Cala_Molto\" >Cala Molt\u00f3<\/a><\/li><\/ul><\/nav><\/div>\n<h2><span class=\"ez-toc-section\" id=\"Cala_Ratjada_%E2%80%93_Cala_Agulla_beach\"><\/span>Cala Ratjada &#8211; Cala Agulla beach<span class=\"ez-toc-section-end\"><\/span><\/h2>\n<p>I would be lying if I wrote that I wasn&#8217;t worried about the crowds of tourists and overcrowded beaches, but in the corner of my vacationer&#8217;s soul, I subconsciously suspected that our favorite bay, not far from the resort of Cala Ratjada and the popular Cala Agulla beach in the northeast of Mallorca, would be as breathtaking as we know it from the autumn months.<\/p>\n<hr \/>\n<h2><span class=\"ez-toc-section\" id=\"Accommodation_in_Cala_Ratjada\"><\/span>Accommodation in Cala Ratjada:<span class=\"ez-toc-section-end\"><\/span><\/h2>\n<h3><span class=\"ez-toc-section\" id=\"Mar_Azul_Pur_Estil_Hotel_Spa_4\"><\/span><span style=\"color: #008000;\"><a style=\"color: #008000;\" href=\"https:\/\/booking.stay22.com\/dovolenkarka\/OEtVLMweU8\" target=\"_blank\" rel=\"noopener\">Mar Azul Pur Estil Hotel &amp; Spa 4*<\/a><\/span><span class=\"ez-toc-section-end\"><\/span><\/h3>\n<p><a href=\"https:\/\/booking.stay22.com\/dovolenkarka\/OEtVLMweU8\" target=\"_blank\" rel=\"noopener\"><img loading=\"lazy\" decoding=\"async\" class=\"aligncenter size-full wp-image-12199\" src=\"https:\/\/www.dovolenkarka.cz\/wp-content\/uploads\/2021\/07\/Obrazek-74.jpeg\" alt=\"Mallorca - Cala Ratjada - Mar Azul \" width=\"1280\" height=\"853\" srcset=\"https:\/\/www.dovolenkarka.cz\/wp-content\/uploads\/2021\/07\/Obrazek-74.jpeg 1280w, https:\/\/www.dovolenkarka.cz\/wp-content\/uploads\/2021\/07\/Obrazek-74-768x511.jpeg 768w\" sizes=\"auto, (max-width: 1280px) 100vw, 1280px\" \/><\/a><\/p>\n<p style=\"text-align: center;\"><span style=\"color: #008000;\"><a style=\"color: #008000;\" href=\"https:\/\/www.booking.com\/searchresults.en.html?city=-374978&amp;aid=347511&amp;no_rooms=1&amp;group_adults=2\" target=\"_blank\" rel=\"noopener\"><strong>&gt;&gt; ALL ACCOMMODATION &#8211; CALA RATJADA&lt;&lt; <\/strong><\/a><\/span><\/p>\n<div id=\"attachment_6033\" style=\"width: 4042px\" class=\"wp-caption aligncenter\"><a href=\"https:\/\/www.booking.com\/searchresults.en.html?city=-374978&amp;aid=347511&amp;no_rooms=1&amp;group_adults=2\" target=\"_blank\" rel=\"noopener\"><img loading=\"lazy\" decoding=\"async\" aria-describedby=\"caption-attachment-6033\" class=\"size-full wp-image-6033\" src=\"http:\/\/www.dovolenkarka.cz\/wp-content\/uploads\/2019\/07\/fullsizeoutput_393.jpeg\" alt=\"\" width=\"4032\" height=\"2562\" srcset=\"https:\/\/www.dovolenkarka.cz\/wp-content\/uploads\/2019\/07\/fullsizeoutput_393.jpeg 4032w, https:\/\/www.dovolenkarka.cz\/wp-content\/uploads\/2019\/07\/fullsizeoutput_393-768x488.jpeg 768w\" sizes=\"auto, (max-width: 4032px) 100vw, 4032px\" \/><\/a><p id=\"caption-attachment-6033\" class=\"wp-caption-text\">Spain, Mallorca: Cala Agulla &#8211; Cala Molt\u00f3 \/ photo: Petra \u0160vehlov\u00e1 Stowasserov\u00e1<\/p><\/div>\n<hr \/>\n<p><strong>Read my other tips as well: <\/strong><\/p>\n<ul>\n<li><span style=\"color: #008000;\"><a style=\"color: #008000;\" href=\"http:\/\/www.dovolenkarka.cz\/spanelsko-mallorca-tip-na-overeny-4-wellness-hotel-v-oblasti-cala-ratjada\/\" target=\"_blank\" rel=\"noopener noreferrer\"><span style=\"color: #008000;\"><strong>Spain, Mallorca: Tip for a verified 4* wellness hotel in the Cala Ratjada area <\/strong><\/span><\/a><\/span><\/li>\n<li><span style=\"color: #008000;\"><strong><a style=\"color: #008000;\" href=\"https:\/\/www.dovolenkarka.cz\/16-tipu-na-vylety-na-fuerteventure\/\" target=\"_blank\" rel=\"noopener\">16 tips for trips in Fuerteventura<\/a><\/strong><\/span><\/li>\n<li><span style=\"color: #008000;\"><strong><a style=\"color: #008000;\" href=\"https:\/\/www.dovolenkarka.cz\/en\/canary-islands-guide-8-islands-8-different-vacations\/\" target=\"_blank\" rel=\"noopener\">Canary Islands Guide: 8 Islands<\/a><\/strong><\/span><\/li>\n<\/ul>\n<hr \/>\n<h2><span class=\"ez-toc-section\" id=\"Cala_Molto\"><\/span>Cala Molt\u00f3<span class=\"ez-toc-section-end\"><\/span><\/h2>\n<p>You can see from my report today that it really was. Maybe I will also inspire some of you to taste this favorite paradise of ours as part of your own vacation in Mallorca:<\/p>\n<p>On the map, you will find this turquoise lagoon under the name Cala Molt\u00f3. If you would like to live as close as possible to this breathtaking bay, I recommend that you be inspired by our verified luxury tip for <span style=\"color: #008000;\"> <a style=\"color: #008000;\" href=\"https:\/\/www.booking.com\/searchresults.cs.html?aid=347511;sid=7aaee44c9b180f6f41219e935d0a3be9;checkin=2019-07-19;checkout=2019-07-22;city=-374978;highlighted_hotels=12888;hlrd=without_av;keep_landing=1;redirected=1;source=hotel&amp;\" target=\"_blank\" rel=\"noopener noreferrer\">the 4* boutique hotel Mar Azul<\/a>,<\/span> which I wrote about in one of the previous posts. You won&#8217;t go wrong by choosing any other well-rated accommodation in the area either. The only thing you will have to overcome is a walk across the popular and tourist-frequented Cala Agulla beach during the season.<\/p>\n<div id=\"attachment_6036\" style=\"width: 4042px\" class=\"wp-caption aligncenter\"><a href=\"v%C3%BDlet%20k%20jedn%C3%A9%20z%20NEJ%20z%C3%A1tok%20na%20Mallorce\" target=\"_blank\" rel=\"noopener\"><img loading=\"lazy\" decoding=\"async\" aria-describedby=\"caption-attachment-6036\" class=\"size-full wp-image-6036\" src=\"http:\/\/www.dovolenkarka.cz\/wp-content\/uploads\/2019\/07\/fullsizeoutput_394.jpeg\" alt=\"\" width=\"4032\" height=\"2244\" srcset=\"https:\/\/www.dovolenkarka.cz\/wp-content\/uploads\/2019\/07\/fullsizeoutput_394.jpeg 4032w, https:\/\/www.dovolenkarka.cz\/wp-content\/uploads\/2019\/07\/fullsizeoutput_394-768x427.jpeg 768w\" sizes=\"auto, (max-width: 4032px) 100vw, 4032px\" \/><\/a><p id=\"caption-attachment-6036\" class=\"wp-caption-text\">Spain, Mallorca: Cala Agulla seen from the parking lot, which is in the middle of the beach &#8211; July 2019 \/ photo: Petra \u0160vehlov\u00e1 Stowasserov\u00e1<\/p><\/div>\n<div id=\"attachment_6037\" style=\"width: 4036px\" class=\"wp-caption aligncenter\"><img loading=\"lazy\" decoding=\"async\" aria-describedby=\"caption-attachment-6037\" class=\"size-full wp-image-6037\" src=\"http:\/\/www.dovolenkarka.cz\/wp-content\/uploads\/2019\/07\/fullsizeoutput_395.jpeg\" alt=\"\" width=\"4026\" height=\"2029\" srcset=\"https:\/\/www.dovolenkarka.cz\/wp-content\/uploads\/2019\/07\/fullsizeoutput_395.jpeg 4026w, https:\/\/www.dovolenkarka.cz\/wp-content\/uploads\/2019\/07\/fullsizeoutput_395-768x387.jpeg 768w\" sizes=\"auto, (max-width: 4026px) 100vw, 4026px\" \/><p id=\"caption-attachment-6037\" class=\"wp-caption-text\">Spain, Mallorca: Cala Agulla &#8211; July 2019 \/ photo: Petra \u0160vehlov\u00e1 Stowasserov\u00e1, vacationer<\/p><\/div>\n<p>Once you get to the end, don&#8217;t be discouraged by the ropes that are tied around the last house on the beach and go around them via a small bridge along a narrow path further on. Among other things, this is the beginning of a pleasant trek to the top, where you can set yourself the goal of reaching the old watchtower. We personally took this hike once before, and this year we only devoted ourselves to relaxing in the lagoon.<\/p>\n<div id=\"attachment_6040\" style=\"width: 4032px\" class=\"wp-caption aligncenter\"><a href=\"https:\/\/www.dovolenkarka.cz\/en\/mallorca-lagoon-cala-ratjada\/fullsizeoutput_396\/\" rel=\"attachment wp-att-6040\"><img loading=\"lazy\" decoding=\"async\" aria-describedby=\"caption-attachment-6040\" class=\"size-full wp-image-6040\" src=\"https:\/\/www.dovolenkarka.cz\/wp-content\/uploads\/2019\/07\/fullsizeoutput_396.jpeg\" alt=\"Cala Ratjada Mallorca\" width=\"4022\" height=\"2473\" srcset=\"https:\/\/www.dovolenkarka.cz\/wp-content\/uploads\/2019\/07\/fullsizeoutput_396.jpeg 4022w, https:\/\/www.dovolenkarka.cz\/wp-content\/uploads\/2019\/07\/fullsizeoutput_396-768x472.jpeg 768w\" sizes=\"auto, (max-width: 4022px) 100vw, 4022px\" \/><\/a><p id=\"caption-attachment-6040\" class=\"wp-caption-text\">Spain, Mallorca: Cala Molt\u00f3 &#8211; path to the beach from Cala Agulla \/ photo: Petra \u0160vehlov\u00e1 Stowasserov\u00e1, vacationer<\/p><\/div>\n<div id=\"attachment_6039\" style=\"width: 4041px\" class=\"wp-caption aligncenter\"><a href=\"https:\/\/www.dovolenkarka.cz\/en\/mallorca-lagoon-cala-ratjada\/fullsizeoutput_397\/\" rel=\"attachment wp-att-6039\"><img loading=\"lazy\" decoding=\"async\" aria-describedby=\"caption-attachment-6039\" class=\"size-full wp-image-6039\" src=\"https:\/\/www.dovolenkarka.cz\/wp-content\/uploads\/2019\/07\/fullsizeoutput_397.jpeg\" alt=\"Cala Ratjada - Mallorca \" width=\"4031\" height=\"2368\" srcset=\"https:\/\/www.dovolenkarka.cz\/wp-content\/uploads\/2019\/07\/fullsizeoutput_397.jpeg 4031w, https:\/\/www.dovolenkarka.cz\/wp-content\/uploads\/2019\/07\/fullsizeoutput_397-768x451.jpeg 768w\" sizes=\"auto, (max-width: 4031px) 100vw, 4031px\" \/><\/a><p id=\"caption-attachment-6039\" class=\"wp-caption-text\">Spain, Mallorca: Cala Molt\u00f3 &#8211; path to the beach \/ photo: Petra \u0160vehlov\u00e1 Stowasserov\u00e1, vacationer<\/p><\/div>\n<p>After a few minutes of walking, which more or less follows the coastline, you will reach the cliffs, in front of which you will find a sign with the name of the Cala Molt\u00f3 bay. The place cannot be missed. Before you, there will be an absolutely breathtaking view of the turquoise lagoon, which will take your breath away, not just the first time.<\/p>\n<p>In addition, if you are lucky with the weather and there are no storms in the days before your stay here, the sea level will be calm and the water will be crystal clear without algae clouding it.<\/p>\n<p><span style=\"color: #008000;\"><strong><a style=\"color: #008000;\" href=\"v%C3%BDlet%20k%20jedn%C3%A9%20z%20NEJ%20z%C3%A1tok%20na%20Mallorce\" target=\"_blank\" rel=\"noopener\">&gt;&gt; Compare accommodation in the Cala Ratjada area HERE<\/a><\/strong><\/span><\/p>\n<div id=\"attachment_6043\" style=\"width: 4042px\" class=\"wp-caption aligncenter\"><a href=\"v%C3%BDlet%20k%20jedn%C3%A9%20z%20NEJ%20z%C3%A1tok%20na%20Mallorce\" target=\"_blank\" rel=\"noopener\"><img loading=\"lazy\" decoding=\"async\" aria-describedby=\"caption-attachment-6043\" class=\"size-full wp-image-6043\" src=\"http:\/\/www.dovolenkarka.cz\/wp-content\/uploads\/2019\/07\/fullsizeoutput_399.jpeg\" alt=\"\" width=\"4032\" height=\"2428\" srcset=\"https:\/\/www.dovolenkarka.cz\/wp-content\/uploads\/2019\/07\/fullsizeoutput_399.jpeg 4032w, https:\/\/www.dovolenkarka.cz\/wp-content\/uploads\/2019\/07\/fullsizeoutput_399-768x462.jpeg 768w\" sizes=\"auto, (max-width: 4032px) 100vw, 4032px\" \/><\/a><p id=\"caption-attachment-6043\" class=\"wp-caption-text\">Spain, Mallorca: Cala Molt\u00f3 \/ photo: Petra \u0160vehlov\u00e1 Stowasserov\u00e1, vacationer<\/p><\/div>\n<div id=\"attachment_6042\" style=\"width: 4042px\" class=\"wp-caption aligncenter\"><img loading=\"lazy\" decoding=\"async\" aria-describedby=\"caption-attachment-6042\" class=\"size-full wp-image-6042\" src=\"http:\/\/www.dovolenkarka.cz\/wp-content\/uploads\/2019\/07\/fullsizeoutput_398.jpeg\" alt=\"\" width=\"4032\" height=\"2443\" srcset=\"https:\/\/www.dovolenkarka.cz\/wp-content\/uploads\/2019\/07\/fullsizeoutput_398.jpeg 4032w, https:\/\/www.dovolenkarka.cz\/wp-content\/uploads\/2019\/07\/fullsizeoutput_398-768x465.jpeg 768w\" sizes=\"auto, (max-width: 4032px) 100vw, 4032px\" \/><p id=\"caption-attachment-6042\" class=\"wp-caption-text\">Spain, Mallorca: Cala Molt\u00f3 \/ photo: Petra \u0160vehlov\u00e1 Stowasserov\u00e1, vacationer<\/p><\/div>\n<hr \/>\n<p style=\"text-align: center;\"><strong>Save this trip tip to Mallorca on Pinterest so you can easily find it: <\/strong><\/p>\n<p style=\"text-align: center;\"><iframe loading=\"lazy\" src=\"https:\/\/assets.pinterest.com\/ext\/embed.html?id=1049057306956268193\" width=\"345\" height=\"714\" frameborder=\"0\" scrolling=\"no\"><\/iframe><\/p>\n<hr \/>\n<p>It will be up to you to choose your dream beach or place on the cliffs where you will spend your dream day in paradise. Or even your entire vacation.<\/p>\n<p><strong>A few tips and warnings from a vacationer:<\/strong><\/p>\n<ul>\n<li>If you are staying anywhere else on the island of Mallorca, you can comfortably reach Cala Agulla beach by car, which you can park in the paid parking lot for EUR 5 per day. From here, continue across the beach according to the mentioned route<\/li>\n<li>Take water shoes with you. It can be done without them, but keep in mind that the entrance to the water in many places in this bay is over rocks or cliffs. In the lagoon there is then clean sand and in places algae.<\/li>\n<li>The beaches around the Cala Molt\u00f3 lagoon are natural and maintained only by locals, who don&#8217;t mind that there are algae on them, quite the opposite. They know that if they cleaned them up, there would be many more tourists, just like there are on the public beach of Cala Agulla. If you mind the algae deposits, it is better not to come here.<\/li>\n<li>Nowhere is it publicly written, but the small private beaches around the lagoon are also a paradise for naturists. Respectively, no one here will force you to take off your swimsuit, or vice versa, to put on a swimsuit if you like to swim and sunbathe without. However, if you mind nudity on the beach, it is better to avoid this place.<\/li>\n<\/ul>\n<div id=\"attachment_6019\" style=\"width: 3903px\" class=\"wp-caption aligncenter\"><img loading=\"lazy\" decoding=\"async\" aria-describedby=\"caption-attachment-6019\" class=\"size-full wp-image-6019\" src=\"http:\/\/www.dovolenkarka.cz\/wp-content\/uploads\/2019\/07\/fullsizeoutput_380.jpeg\" alt=\"\" width=\"3893\" height=\"2364\" srcset=\"https:\/\/www.dovolenkarka.cz\/wp-content\/uploads\/2019\/07\/fullsizeoutput_380.jpeg 3893w, https:\/\/www.dovolenkarka.cz\/wp-content\/uploads\/2019\/07\/fullsizeoutput_380-768x466.jpeg 768w\" sizes=\"auto, (max-width: 3893px) 100vw, 3893px\" \/><p id=\"caption-attachment-6019\" class=\"wp-caption-text\">Spain, Mallorca &#8211; parking lot at Cala Agulla beach \/ car rental from Goldcar &#8211; Opel Mokka &#8211; ideal for 4 adults \/ photo: Petra \u0160vehlov\u00e1 Stowasserov\u00e1, vacationer<\/p><\/div>\n<p>Have a nice vacation<\/p>\n<p>Your Dovolenkarka<\/p>\n","protected":false},"excerpt":{"rendered":"<p>In today&#8217;s travel and vacation tips, I&#8217;ll take you to the Cala Agulla in Cala Ratjada area. Until the COVID era, I was not a fan of seaside holidays. In any case, the beginning of the 2019 holidays in our country, in terms of weather, was not very successful. So, a planned family vacation in Mallorca came in really handy. Visit the lagoon Cala Molt\u00f3: Cala Ratjada &#8211; Cala Agulla beach I would be lying if I wrote that I wasn&#8217;t worried about the crowds of tourists and overcrowded beaches, but in the corner of my vacationer&#8217;s soul, I subconsciously <\/p>\n","protected":false},"author":1,"featured_media":12126,"comment_status":"closed","ping_status":"closed","sticky":false,"template":"","format":"standard","meta":{"footnotes":""},"categories":[4960,4573,4574],"tags":[4967,4968,4969,4970,4961,4966,4964,4963,4971,4965,4962],"class_list":["post-12125","post","type-post","status-publish","format-standard","has-post-thumbnail","hentry","category-mallorca","category-on-the-road-with-a-vacationer","category-spain","tag-beaches-in-mallorca","tag-cala-agulla-mallorca","tag-cala-agulla-review","tag-cala-molto","tag-mallorca-beaches","tag-mallorca-best-beaches","tag-mallorca-cala-molto","tag-mallorca-trip-tip","tag-mallorca-vacation","tag-mallorca-where-to-swim","tag-spain-mallorca","has_thumb"],"aioseo_notices":[],"_links":{"self":[{"href":"https:\/\/www.dovolenkarka.cz\/en\/wp-json\/wp\/v2\/posts\/12125","targetHints":{"allow":["GET"]}}],"collection":[{"href":"https:\/\/www.dovolenkarka.cz\/en\/wp-json\/wp\/v2\/posts"}],"about":[{"href":"https:\/\/www.dovolenkarka.cz\/en\/wp-json\/wp\/v2\/types\/post"}],"author":[{"embeddable":true,"href":"https:\/\/www.dovolenkarka.cz\/en\/wp-json\/wp\/v2\/users\/1"}],"replies":[{"embeddable":true,"href":"https:\/\/www.dovolenkarka.cz\/en\/wp-json\/wp\/v2\/comments?post=12125"}],"version-history":[{"count":2,"href":"https:\/\/www.dovolenkarka.cz\/en\/wp-json\/wp\/v2\/posts\/12125\/revisions"}],"predecessor-version":[{"id":12200,"href":"https:\/\/www.dovolenkarka.cz\/en\/wp-json\/wp\/v2\/posts\/12125\/revisions\/12200"}],"wp:featuredmedia":[{"embeddable":true,"href":"https:\/\/www.dovolenkarka.cz\/en\/wp-json\/wp\/v2\/media\/12126"}],"wp:attachment":[{"href":"https:\/\/www.dovolenkarka.cz\/en\/wp-json\/wp\/v2\/media?parent=12125"}],"wp:term":[{"taxonomy":"category","embeddable":true,"href":"https:\/\/www.dovolenkarka.cz\/en\/wp-json\/wp\/v2\/categories?post=12125"},{"taxonomy":"post_tag","embeddable":true,"href":"https:\/\/www.dovolenkarka.cz\/en\/wp-json\/wp\/v2\/tags?post=12125"}],"curies":[{"name":"wp","href":"https:\/\/api.w.org\/{rel}","templated":true}]}}