{"id":13172,"date":"2025-02-11T18:14:50","date_gmt":"2025-02-11T17:14:50","guid":{"rendered":"https:\/\/www.dovolenkarka.cz\/najkrajsi-vylet-na-la-digue\/"},"modified":"2026-02-04T17:41:11","modified_gmt":"2026-02-04T16:41:11","slug":"najkrajsi-vylet-na-la-digue","status":"publish","type":"post","link":"https:\/\/www.dovolenkarka.cz\/sk\/najkrajsi-vylet-na-la-digue\/","title":{"rendered":"Najkraj\u0161\u00ed v\u00fdlet na La Digue"},"content":{"rendered":"<p>Pl\u00e1nujete dovolenku na Seychel\u00e1ch a prem\u00fd\u0161\u013eate, <span style=\"color: #008000;\"><a style=\"color: #008000;\" href=\"https:\/\/www.booking.com\/searchresults.en.html?region=7090&amp;aid=347511&amp;no_rooms=1&amp;group_adults=2\" target=\"_blank\" rel=\"noopener\">\u010di sa oplat\u00ed vyda\u0165 sa aj na ostrov La Digue?<\/a><\/span> Potom zbystrite, preto\u017ee pr\u00e1ve tento m\u00f4j tip na v\u00fdlet na La Digue je pod\u013ea m\u0148a jedn\u00fdm z najkraj\u0161\u00edch na Seychel\u00e1ch v\u00f4bec. Ak by som si mala na rajskom ostrove La Digue vybra\u0165 len jeden jedin\u00fd v\u00fdlet, na ktor\u00fd by som sa vybrala, bol by to pr\u00e1ve tento.<\/p>\n<p>A to aj napriek tomu, \u017ee ostrov pon\u00faka kr\u00e1sne miesta a \u00fachvatn\u00e9 pl\u00e1\u017ee prakticky kdeko\u013evek, naokolo. Nebudem v\u00e1s u\u017e dlh\u0161ie nap\u00edna\u0165, o ktor\u00fd v\u00fdlet ide. \u00c1no, pod\u013ea fotografi\u00ed u\u017e mnoh\u00ed z v\u00e1s uh\u00e1dli, \u017ee sa dnes vyd\u00e1me na dychber\u00faci v\u00fdlet na La Digue, ktor\u00fd vedie cez \u0161tyri rajsk\u00e9 pl\u00e1\u017ee juhov\u00fdchodn\u00e9ho pobre\u017eia.<\/p>\n<p><a href=\"https:\/\/www.booking.com\/searchresults.en.html?region=7090&amp;aid=347511&amp;no_rooms=1&amp;group_adults=2\" target=\"_blank\" rel=\"noopener\"><img loading=\"lazy\" decoding=\"async\" class=\"aligncenter size-large wp-image-9144\" src=\"https:\/\/www.dovolenkarka.cz\/wp-content\/uploads\/2025\/02\/IMG_5244-1200x630.jpeg\" alt=\"V\u00fdlet na La Digue - Petra \u0160vehlov\u00e1 Stowasserov\u00e1\" width=\"667\" height=\"350\" \/><\/a><\/p>\n<p><a href=\"https:\/\/www.booking.com\/searchresults.en.html?region=7090&amp;aid=347511&amp;no_rooms=1&amp;group_adults=2\" target=\"_blank\" rel=\"noopener\"><img loading=\"lazy\" decoding=\"async\" class=\"aligncenter size-large wp-image-9145\" src=\"https:\/\/www.dovolenkarka.cz\/wp-content\/uploads\/2025\/02\/IMG_5427-1200x630.jpeg\" alt=\"V\u00fdlet na La Digue - Anse Cocos\" width=\"667\" height=\"350\" \/><\/a><\/p>\n<hr \/>\n<p><span style=\"color: #000000;\"><strong>Mohlo by v\u00e1s tie\u017e zauj\u00edma\u0165: <\/strong><\/span><\/p>\n<ul>\n<li><span style=\"color: #008000;\"><strong><a style=\"color: #008000;\" href=\"https:\/\/www.dovolenkarka.cz\/sk\/ile-au-cerf-ubytovanie-a-7-tipov-na-vylety\/\" target=\"_blank\" rel=\"noopener\">Ile au Cerf: ubytovanie a 7 tipov na v\u00fdlety <\/a><\/strong><\/span><\/li>\n<li><span style=\"color: #008000;\"><strong><a style=\"color: #008000;\" href=\"https:\/\/www.dovolenkarka.cz\/sk\/7-tipov-na-vylety-na-mahe-seychely\/\" target=\"_blank\" rel=\"noopener\">7 tipov na v\u00fdlety na Mah\u00e9 + ubytovanie<\/a><\/strong><\/span><\/li>\n<li><strong><span style=\"color: #008000;\"><a style=\"color: #008000;\" href=\"https:\/\/www.dovolenkarka.cz\/sk\/praslin-sprievodca-2026-9-tipov-co-tu-vidiet-a-zazit-bez-ck\/\" target=\"_blank\" rel=\"noopener\">Praslin: 9 tipov, \u010do tu podnikn\u00fa\u0165 a kde sa ubytova\u0165 <\/a><\/span><\/strong><\/li>\n<li><span style=\"color: #008000;\"><strong><a style=\"color: #008000;\" href=\"https:\/\/www.levnenaseychely.cz\/5-tipu-na-ubytovani-na-la-digue\/\" target=\"_blank\" rel=\"noopener\">5 tipov na ubytovanie na La Digue <\/a><\/strong><\/span><\/li>\n<\/ul>\n<hr \/>\n<div id=\"ez-toc-container\" class=\"ez-toc-v2_0_82_2 counter-hierarchy ez-toc-counter ez-toc-grey ez-toc-container-direction\">\n<div class=\"ez-toc-title-container\">\n<p class=\"ez-toc-title\" style=\"cursor:inherit\">Obsah \u010dl\u00e1nku:<\/p>\n<span class=\"ez-toc-title-toggle\"><a href=\"#\" class=\"ez-toc-pull-right ez-toc-btn ez-toc-btn-xs ez-toc-btn-default ez-toc-toggle\" aria-label=\"Toggle Table of Content\"><span class=\"ez-toc-js-icon-con\"><span class=\"\"><span class=\"eztoc-hide\" style=\"display:none;\">Toggle<\/span><span class=\"ez-toc-icon-toggle-span\"><svg style=\"fill: #999;color:#999\" xmlns=\"http:\/\/www.w3.org\/2000\/svg\" class=\"list-377408\" width=\"20px\" height=\"20px\" viewBox=\"0 0 24 24\" fill=\"none\"><path d=\"M6 6H4v2h2V6zm14 0H8v2h12V6zM4 11h2v2H4v-2zm16 0H8v2h12v-2zM4 16h2v2H4v-2zm16 0H8v2h12v-2z\" fill=\"currentColor\"><\/path><\/svg><svg style=\"fill: #999;color:#999\" class=\"arrow-unsorted-368013\" xmlns=\"http:\/\/www.w3.org\/2000\/svg\" width=\"10px\" height=\"10px\" viewBox=\"0 0 24 24\" version=\"1.2\" baseProfile=\"tiny\"><path d=\"M18.2 9.3l-6.2-6.3-6.2 6.3c-.2.2-.3.4-.3.7s.1.5.3.7c.2.2.4.3.7.3h11c.3 0 .5-.1.7-.3.2-.2.3-.5.3-.7s-.1-.5-.3-.7zM5.8 14.7l6.2 6.3 6.2-6.3c.2-.2.3-.5.3-.7s-.1-.5-.3-.7c-.2-.2-.4-.3-.7-.3h-11c-.3 0-.5.1-.7.3-.2.2-.3.5-.3.7s.1.5.3.7z\"\/><\/svg><\/span><\/span><\/span><\/a><\/span><\/div>\n<nav><ul class='ez-toc-list ez-toc-list-level-1 ' ><li class='ez-toc-page-1 ez-toc-heading-level-2'><a class=\"ez-toc-link ez-toc-heading-1\" href=\"https:\/\/www.dovolenkarka.cz\/sk\/najkrajsi-vylet-na-la-digue\/#Ubytovanie_na_La_Digue\" >Ubytovanie na La Digue<\/a><\/li><li class='ez-toc-page-1 ez-toc-heading-level-2'><a class=\"ez-toc-link ez-toc-heading-2\" href=\"https:\/\/www.dovolenkarka.cz\/sk\/najkrajsi-vylet-na-la-digue\/#Najkrajsi_vylet_na_La_Digue\" >Najkraj\u0161\u00ed v\u00fdlet na La Digue<\/a><ul class='ez-toc-list-level-3' ><li class='ez-toc-heading-level-3'><a class=\"ez-toc-link ez-toc-heading-3\" href=\"https:\/\/www.dovolenkarka.cz\/sk\/najkrajsi-vylet-na-la-digue\/#Grand_Anse\" >Grand Anse<\/a><\/li><li class='ez-toc-page-1 ez-toc-heading-level-3'><a class=\"ez-toc-link ez-toc-heading-4\" href=\"https:\/\/www.dovolenkarka.cz\/sk\/najkrajsi-vylet-na-la-digue\/#Petite_Anse\" >Petite Anse<\/a><\/li><li class='ez-toc-page-1 ez-toc-heading-level-3'><a class=\"ez-toc-link ez-toc-heading-5\" href=\"https:\/\/www.dovolenkarka.cz\/sk\/najkrajsi-vylet-na-la-digue\/#Anse_Cocos_Vylet_na_La_Digue\" >Anse Cocos \/ V\u00fdlet na La Digue<\/a><\/li><li class='ez-toc-page-1 ez-toc-heading-level-3'><a class=\"ez-toc-link ez-toc-heading-6\" href=\"https:\/\/www.dovolenkarka.cz\/sk\/najkrajsi-vylet-na-la-digue\/#Anse_Caiman_Vylet_na_La_Digue\" >Anse Caiman \/ V\u00fdlet na La Digue<\/a><\/li><\/ul><\/li><\/ul><\/nav><\/div>\n<h2><span class=\"ez-toc-section\" id=\"Ubytovanie_na_La_Digue\"><\/span>Ubytovanie na La Digue<span class=\"ez-toc-section-end\"><\/span><\/h2>\n<p>Lacn\u00fd variant:<\/p>\n<p><span style=\"color: #000000;\"><a style=\"color: #000000;\" href=\"https:\/\/www.booking.com\/hotel\/sc\/chez-michelin-pty-ltd-47-pensions-residence.en.html?aid=347511&amp;no_rooms=1&amp;group_adults=2\" target=\"_blank\" rel=\"noopener\"><strong>Chez Michellin Pensions Residence 3* <\/strong><\/a><\/span><\/p>\n<p><a href=\"https:\/\/www.booking.com\/hotel\/sc\/chez-michelin-pty-ltd-47-pensions-residence.en.html?aid=347511&amp;no_rooms=1&amp;group_adults=2\" target=\"_blank\" rel=\"noopener\"><img loading=\"lazy\" decoding=\"async\" class=\"aligncenter size-large wp-image-9122\" src=\"https:\/\/www.dovolenkarka.cz\/wp-content\/uploads\/2025\/02\/Obrazek-5-1200x630.jpg\" alt=\"Ubytovanie na La Digue \" width=\"667\" height=\"350\" \/><\/a><\/p>\n<hr \/>\n<p>Ob\u013e\u00faben\u00fd hotel pri peknej pl\u00e1\u017ei:<\/p>\n<p class=\"d2fee87262 pp-header__title\"><span style=\"color: #000000;\"><strong><a style=\"color: #000000;\" href=\"https:\/\/www.booking.com\/hotel\/sc\/patatran-village.en.html?aid=347511&amp;no_rooms=1&amp;group_adults=2\" target=\"_blank\" rel=\"noopener\">Patatran Village Hotel 3*<\/a><\/strong><\/span><\/p>\n<p><a href=\"https:\/\/www.booking.com\/hotel\/sc\/patatran-village.en.html?aid=347511&amp;no_rooms=1&amp;group_adults=2\" target=\"_blank\" rel=\"noopener\"><img loading=\"lazy\" decoding=\"async\" class=\"aligncenter size-large wp-image-9123\" src=\"https:\/\/www.dovolenkarka.cz\/wp-content\/uploads\/2025\/02\/Obrazek-2-1200x630.jpg\" alt=\"Ubytovanie na La Digue \" width=\"667\" height=\"350\" \/><\/a><\/p>\n<hr \/>\n<p>Butikov\u00fd hotel priamo pri pl\u00e1\u017ei:<\/p>\n<p class=\"d2fee87262 pp-header__title\"><span style=\"color: #000000;\"><strong><a style=\"color: #000000;\" href=\"https:\/\/www.booking.com\/hotel\/sc\/le-repaire-boutique-amp-restaurant.en.html?aid=347511&amp;no_rooms=1&amp;group_adults=2\" target=\"_blank\" rel=\"noopener\">Le Repaire &#8211; Boutique Hotel &amp; Restaurant 4*<\/a><\/strong><\/span><\/p>\n<p><a href=\"https:\/\/www.booking.com\/hotel\/sc\/le-repaire-boutique-amp-restaurant.en.html?aid=347511&amp;no_rooms=1&amp;group_adults=2\" target=\"_blank\" rel=\"noopener\"><img loading=\"lazy\" decoding=\"async\" class=\"aligncenter size-large wp-image-9124\" src=\"https:\/\/www.dovolenkarka.cz\/wp-content\/uploads\/2025\/02\/Obrazek-7-1200x630.jpg\" alt=\"Ubytovanie na La Digue \" width=\"667\" height=\"350\" \/><\/a><\/p>\n<p style=\"text-align: center;\">Pre dne\u0161n\u00fd v\u00fdlet sme ubytovan\u00ed kdeko\u013evek na ostrove. La Digue nie je ve\u013ek\u00fd ostrov a ak sa dopravujete na bicykli, nie je probl\u00e9m dosta\u0165 sa ku Grand Anse za chv\u00ed\u013eu. M\u00f4\u017eete v\u0161ak h\u013eada\u0165 pod\u013ea mapy a ubytova\u0165 sa, aby ste to ku Grand Anse mali \u010do najbli\u017e\u0161ie.<\/p>\n<blockquote>\n<p style=\"text-align: center;\"><span style=\"color: #008000;\"><strong><a style=\"color: #008000;\" href=\"https:\/\/www.booking.com\/searchresults.en.html?region=7090&amp;aid=347511&amp;no_rooms=1&amp;group_adults=2\" target=\"_blank\" rel=\"noopener\">&gt;&gt;UK\u00c1ZA\u0164 UBYTOVANIE NA LA DIGUE&lt;&lt;<\/a><\/strong><\/span><\/p>\n<\/blockquote>\n<p><iframe loading=\"lazy\" id=\"stay22-widget\" src=\"https:\/\/www.stay22.com\/embed\/67ab653552db55499353ef0e\" width=\"100%\" height=\"428\" frameborder=\"0\"><\/iframe><\/p>\n<hr \/>\n<h2><span class=\"ez-toc-section\" id=\"Najkrajsi_vylet_na_La_Digue\"><\/span>Najkraj\u0161\u00ed v\u00fdlet na La Digue<span class=\"ez-toc-section-end\"><\/span><\/h2>\n<p>N\u00e1\u0161 ob\u013e\u00faben\u00fd pobre\u017en\u00fd trek cez \u0161tyri pl\u00e1\u017ee za\u010d\u00edna pri Grand Anse. <span style=\"color: #008000;\"><a style=\"color: #008000;\" href=\"https:\/\/www.booking.com\/searchresults.en.html?region=7090&amp;aid=347511&amp;no_rooms=1&amp;group_adults=2\" target=\"_blank\" rel=\"noopener\">K tejto pl\u00e1\u017ei to m\u00e1me z centra La Digue necel\u00e9 4 kilometre<\/a><\/span> a dopravujeme sa na bicykli. Ako iste viete, bicykle s\u00fa st\u00e1le e\u0161te hlavn\u00fdm dopravn\u00fdm prostriedkom na ostrove, a preto odpor\u00fa\u010dam si ho na mieste zapo\u017ei\u010da\u0165. Ak sa na jazdu na bicykli nec\u00edtite, m\u00f4\u017eete sa vyda\u0165 na dlh\u0161iu prech\u00e1dzku. Niektor\u00e9 hotely vy\u0161\u0161ej kateg\u00f3rie pon\u00fakaj\u00fa aj tzv. elektro-taxi pre svojich klientov.<\/p>\n<p><a href=\"https:\/\/www.dovolenkarka.cz\/sk\/najkrajsi-vylet-na-la-digue\/img_4821-2\/\" rel=\"attachment wp-att-9130\"><img loading=\"lazy\" decoding=\"async\" class=\"aligncenter size-large wp-image-9130\" src=\"https:\/\/www.dovolenkarka.cz\/wp-content\/uploads\/2025\/02\/IMG_4821-1200x630.jpeg\" alt=\"V\u00fdlet na La Digue\" width=\"667\" height=\"350\" \/><\/a><\/p>\n<p><a href=\"https:\/\/www.dovolenkarka.cz\/sk\/najkrajsi-vylet-na-la-digue\/img_4945-2\/\" rel=\"attachment wp-att-9133\"><img loading=\"lazy\" decoding=\"async\" class=\"aligncenter size-large wp-image-9133\" src=\"https:\/\/www.dovolenkarka.cz\/wp-content\/uploads\/2025\/02\/IMG_4945-1200x630.jpeg\" alt=\"V\u00fdlet na La Digue\" width=\"667\" height=\"350\" \/><\/a><\/p>\n<p><a href=\"https:\/\/www.dovolenkarka.cz\/sk\/najkrajsi-vylet-na-la-digue\/img_4952-2\/\" rel=\"attachment wp-att-9134\"><img loading=\"lazy\" decoding=\"async\" class=\"aligncenter size-large wp-image-9134\" src=\"https:\/\/www.dovolenkarka.cz\/wp-content\/uploads\/2025\/02\/IMG_4952-1200x630.jpeg\" alt=\"V\u00fdlet na La Digue\" width=\"667\" height=\"350\" \/><\/a><\/p>\n<h3><span class=\"ez-toc-section\" id=\"Grand_Anse\"><\/span>Grand Anse<span class=\"ez-toc-section-end\"><\/span><\/h3>\n<p>Bicykle parkujeme v tieni a koch\u00e1me sa hne\u010f prvou n\u00e1dhernou pl\u00e1\u017eou. Pri na\u0161ej prvej n\u00e1v\u0161teve sme tu kedysi str\u00e1vili hne\u010f cel\u00e9 dopoludnie, v\u013eavo pri skale. Pl\u00e1nujeme sa sem vr\u00e1ti\u0165 e\u0161te v niektor\u00fd z \u010fal\u0161\u00edch dn\u00ed na La Digue, ale dnes si iba prejdeme Grand Anse z jednej strany na druh\u00fa a vyd\u00e1vame sa \u00fazkou cesti\u010dkou hne\u010f k \u010fal\u0161ej na\u0161ej zast\u00e1vke, pl\u00e1\u017ei Petite Anse. Cestou si z\u00e1jdeme aj na ob\u013e\u00faben\u00fa vyhliadku, na vrchu sk\u00e1l.<\/p>\n<p><span style=\"color: #000000;\"><strong>M\u00f4j tip:<\/strong><\/span> Ak sa fyzicky nec\u00edtite na cel\u00fd trek cez 4 pl\u00e1\u017ee, m\u00f4\u017eete d\u00f4js\u0165 len tam, kam je to pre v\u00e1s pohodln\u00e9. Grand Anse sa oplat\u00ed pokojne aj ako samostatn\u00fd v\u00fdlet na La Digue.<\/p>\n<p><a href=\"https:\/\/www.booking.com\/searchresults.en.html?region=7090&amp;aid=347511&amp;no_rooms=1&amp;group_adults=2\" target=\"_blank\" rel=\"noopener\"><img loading=\"lazy\" decoding=\"async\" class=\"aligncenter size-large wp-image-9132\" src=\"https:\/\/www.dovolenkarka.cz\/wp-content\/uploads\/2025\/02\/IMG_4929-1200x630.jpeg\" alt=\"V\u00fdlet na La Digue - Petra \u0160vehlov\u00e1 Stowasserov\u00e1\" width=\"667\" height=\"350\" \/><\/a><\/p>\n<p><a href=\"https:\/\/www.dovolenkarka.cz\/sk\/najkrajsi-vylet-na-la-digue\/img_4887-2-2\/\" rel=\"attachment wp-att-9131\"><img loading=\"lazy\" decoding=\"async\" class=\"aligncenter size-large wp-image-9131\" src=\"https:\/\/www.dovolenkarka.cz\/wp-content\/uploads\/2025\/02\/IMG_4887-2-1200x630.jpeg\" alt=\"V\u00fdlet na La Digue - Grand Anse\" width=\"667\" height=\"350\" \/><\/a><\/p>\n<h3><span class=\"ez-toc-section\" id=\"Petite_Anse\"><\/span>Petite Anse<span class=\"ez-toc-section-end\"><\/span><\/h3>\n<p>Po p\u00e1r min\u00fatach sch\u00e1dzame zo sk\u00e1l k druhej zo \u0161tyroch \u00fachvatn\u00fdch pl\u00e1\u017e\u00ed, k Petite Anse. M\u00e1me \u0161\u0165astie na jeden vo\u013en\u00fd pr\u00edstre\u0161ok utvoren\u00fd zo spadan\u00fdch listov paliem a z\u00e1rove\u0148 je tu otvoren\u00fd ovocn\u00fd bar s \u010derstv\u00fdmi drinkami. Vyk\u00fapeme sa, zask\u00e1\u010deme si do v\u013an a vyd\u00e1vame sa k Anse Cocos, na ktor\u00fa sa tentokr\u00e1t te\u0161\u00edme zo v\u0161etk\u00fdch pl\u00e1\u017e\u00ed najviac. Pred p\u00e1r rokmi sme si ju nechali nakoniec tohto pobre\u017en\u00e9ho treku a v popolud\u0148aj\u0161\u00edch hodin\u00e1ch sme u\u017e nemali to\u013eko \u010dasu, aby sme si jej kr\u00e1su u\u017eili dos\u00fdta.<\/p>\n<p><a href=\"https:\/\/www.dovolenkarka.cz\/sk\/najkrajsi-vylet-na-la-digue\/img_4958-2\/\" rel=\"attachment wp-att-9135\"><img loading=\"lazy\" decoding=\"async\" class=\"aligncenter size-large wp-image-9135\" src=\"https:\/\/www.dovolenkarka.cz\/wp-content\/uploads\/2025\/02\/IMG_4958-1200x630.jpeg\" alt=\"V\u00fdlet na La Digue\" width=\"667\" height=\"350\" \/><\/a><\/p>\n<p><a href=\"https:\/\/www.dovolenkarka.cz\/sk\/najkrajsi-vylet-na-la-digue\/img_4978-2\/\" rel=\"attachment wp-att-9136\"><img loading=\"lazy\" decoding=\"async\" class=\"aligncenter size-large wp-image-9136\" src=\"https:\/\/www.dovolenkarka.cz\/wp-content\/uploads\/2025\/02\/IMG_4978-1200x630.jpeg\" alt=\"V\u00fdlet na La Digue\" width=\"667\" height=\"350\" \/><\/a><\/p>\n<p><a href=\"https:\/\/www.dovolenkarka.cz\/sk\/najkrajsi-vylet-na-la-digue\/img_5023-2\/\" rel=\"attachment wp-att-9138\"><img loading=\"lazy\" decoding=\"async\" class=\"aligncenter size-large wp-image-9138\" src=\"https:\/\/www.dovolenkarka.cz\/wp-content\/uploads\/2025\/02\/IMG_5023-1200x630.jpeg\" alt=\"V\u00fdlet na La Digue - Petite Anse\" width=\"667\" height=\"350\" \/><\/a><\/p>\n<h3><span class=\"ez-toc-section\" id=\"Anse_Cocos_Vylet_na_La_Digue\"><\/span>Anse Cocos \/ V\u00fdlet na La Digue<span class=\"ez-toc-section-end\"><\/span><\/h3>\n<p><span style=\"color: #008000;\"><a style=\"color: #008000;\" href=\"https:\/\/www.booking.com\/searchresults.en.html?region=7090&amp;aid=347511&amp;no_rooms=1&amp;group_adults=2\" target=\"_blank\" rel=\"noopener\">Jedny z naj\u010dastej\u0161\u00edch ot\u00e1zok, ktor\u00e9 k Seychel\u00e1m dost\u00e1vam<\/a><\/span>, s\u00fa, ktor\u00e9 v\u00fdlety na La Digue a \u010fal\u0161\u00edch ostrovoch by som odporu\u010dila a ak\u00e9 pl\u00e1\u017ee nevynechala. Tieto ot\u00e1zky sa opakuj\u00fa st\u00e1le dokola, a preto rovno odpoved\u00e1m, \u017ee keby sme si mali vybra\u0165 len jednu pl\u00e1\u017e z tohto treku, na ktorej by sme str\u00e1vili pokojne cel\u00fd de\u0148, bola by to Anse Cocos. Prich\u00e1dzame na pl\u00e1\u017e okolo obeda a slnko m\u00e1 dnes naozaj silu. Sk\u00fa\u0161ame d\u00f4js\u0165 do zadnej \u010dasti, k tzv. baz\u00e9niku zo sk\u00e1l, kde sa d\u00e1 pr\u00edjemne k\u00fapa\u0165 aj \u0161norchlova\u0165.<\/p>\n<p><a href=\"https:\/\/www.booking.com\/searchresults.en.html?region=7090&amp;aid=347511&amp;no_rooms=1&amp;group_adults=2\" target=\"_blank\" rel=\"noopener\"><img loading=\"lazy\" decoding=\"async\" class=\"aligncenter size-large wp-image-9141\" src=\"https:\/\/www.dovolenkarka.cz\/wp-content\/uploads\/2025\/02\/IMG_5161-1200x630.jpeg\" alt=\"V\u00fdlet na La Digue\" width=\"667\" height=\"350\" \/><\/a><\/p>\n<p><a href=\"https:\/\/www.dovolenkarka.cz\/sk\/najkrajsi-vylet-na-la-digue\/img_5432-2-2\/\" rel=\"attachment wp-att-9146\"><img loading=\"lazy\" decoding=\"async\" class=\"aligncenter size-large wp-image-9146\" src=\"https:\/\/www.dovolenkarka.cz\/wp-content\/uploads\/2025\/02\/IMG_5432-1200x630.jpeg\" alt=\"V\u00fdlet na La Digue - Anse Cocos\" width=\"667\" height=\"350\" \/><\/a><\/p>\n<p><a href=\"https:\/\/www.dovolenkarka.cz\/sk\/najkrajsi-vylet-na-la-digue\/img_9872-2\/\" rel=\"attachment wp-att-9153\"><img loading=\"lazy\" decoding=\"async\" class=\"aligncenter size-large wp-image-9153\" src=\"https:\/\/www.dovolenkarka.cz\/wp-content\/uploads\/2025\/02\/IMG_9872-1200x630.jpeg\" alt=\"V\u00fdlet na La Digue - Petra \u0160vehlov\u00e1 Stowasserov\u00e1\" width=\"667\" height=\"350\" \/><\/a><\/p>\n<p>Bohu\u017eia\u013e je tu pomerne plno, ale to n\u00e1s zatia\u013e neodr\u00e1dza a u\u017e\u00edvame si k\u00fapanie v tyrkysovo \u010distom mori s neskuto\u010dnou scen\u00e9riou sk\u00e1l a zelen\u00fdch paliem naokolo. Po chv\u00edli sa uvo\u013enilo miesto pod palmou, a tak posledn\u00fa pl\u00e1\u017e si nech\u00e1vame a\u017e na popoludnie a u\u017e\u00edvame si na\u0161eho novonadobudnut\u00e9ho miesta v tieni, pod palmou, odkia\u013e m\u00e1me na z\u00e1toku rozpr\u00e1vkov\u00fd v\u00fdh\u013ead.<\/p>\n<h3><span class=\"ez-toc-section\" id=\"Anse_Caiman_Vylet_na_La_Digue\"><\/span>Anse Caiman \/ V\u00fdlet na La Digue<span class=\"ez-toc-section-end\"><\/span><\/h3>\n<p>Nakoniec sa teda vyd\u00e1vame a\u017e k Anse Caiman, ktor\u00e1 je poslednou pl\u00e1\u017eou tohto dychber\u00faceho pobre\u017en\u00e9ho treku. Ke\u010f\u017ee sme tu pomerne neskoro, m\u00e1me toto miesto, spolo\u010dne s barmanom, okolo 16. hodiny popoludn\u00ed, len pre seba. Na tejto pl\u00e1\u017ei sme prv\u00fdkr\u00e1t. Ke\u010f sme La Digue nav\u0161t\u00edvili prv\u00fdkr\u00e1t, nebol chodn\u00edk k tejto pl\u00e1\u017ei e\u0161te takto vysekan\u00fd a upraven\u00fd, a preto sa sem odpor\u00fa\u010dalo \u00eds\u0165 len v sprievode sprievodcu, z jednej \u010di druhej strany.<\/p>\n<p><a href=\"https:\/\/www.dovolenkarka.cz\/sk\/najkrajsi-vylet-na-la-digue\/img_5496-2\/\" rel=\"attachment wp-att-9150\"><img loading=\"lazy\" decoding=\"async\" class=\"aligncenter size-large wp-image-9150\" src=\"https:\/\/www.dovolenkarka.cz\/wp-content\/uploads\/2025\/02\/IMG_5496-1200x630.jpeg\" alt=\"V\u00fdlet na La Digue\" width=\"667\" height=\"350\" \/><\/a><\/p>\n<p><a href=\"https:\/\/www.dovolenkarka.cz\/sk\/najkrajsi-vylet-na-la-digue\/img_5451-2\/\" rel=\"attachment wp-att-9147\"><img loading=\"lazy\" decoding=\"async\" class=\"aligncenter size-large wp-image-9147\" src=\"https:\/\/www.dovolenkarka.cz\/wp-content\/uploads\/2025\/02\/IMG_5451-1200x630.jpeg\" alt=\"V\u00fdlet na La Digue - Anse Caiman\" width=\"667\" height=\"350\" \/><\/a><\/p>\n<p><a href=\"https:\/\/www.dovolenkarka.cz\/sk\/najkrajsi-vylet-na-la-digue\/img_5483-2\/\" rel=\"attachment wp-att-9149\"><img loading=\"lazy\" decoding=\"async\" class=\"aligncenter size-large wp-image-9149\" src=\"https:\/\/www.dovolenkarka.cz\/wp-content\/uploads\/2025\/02\/IMG_5483-1200x630.jpeg\" alt=\"V\u00fdlet na La Digue - Anse Caiman\" width=\"667\" height=\"350\" \/><\/a><\/p>\n<p>Teraz sme mali \u0161\u0165astie, \u017ee chodn\u00edk bol navy\u0161e \u010derstvo o\u010disten\u00fd od kr\u00edkov a krov\u00edn. Koch\u00e1me sa teda skaln\u00fdmi \u00fatvarmi a pr\u00edrodn\u00fdmi baz\u00e9nmi a len \u010do si zapl\u00e1vame na hlavnej pl\u00e1\u017ei, ktor\u00e1 je pomerne chr\u00e1nen\u00e1 proti vetru, bal\u00edme sa a pripravujeme na podve\u010dern\u00fa cestu sp\u00e4\u0165. N\u00e1dhern\u00e9 svetlo pri z\u00e1pade slnka na n\u00e1s \u010dak\u00e1 e\u0161te na Petite Anse, kde sa chv\u00ed\u013eu zdr\u017e\u00edme a z Grand Anse t\u00fdm p\u00e1dom vyraz\u00edme na bicykli u\u017e s \u010delovkami, ktor\u00e9 s\u00fa v exotick\u00fdch destin\u00e1ci\u00e1ch v na\u0161ej povinnej v\u00fdbave.<\/p>\n<p><a href=\"https:\/\/www.booking.com\/searchresults.en.html?region=7090&amp;aid=347511&amp;no_rooms=1&amp;group_adults=2\" target=\"_blank\" rel=\"noopener\"><img loading=\"lazy\" decoding=\"async\" class=\"aligncenter size-large wp-image-9154\" src=\"https:\/\/www.dovolenkarka.cz\/wp-content\/uploads\/2025\/02\/IMG_0028-2-1200x630.jpeg\" alt=\"V\u00fdlet na La Digue - Petra \u0160vehlov\u00e1 Stowasserov\u00e1\" width=\"667\" height=\"350\" \/><\/a><\/p>\n<p>D\u00fafam, \u017ee ste si dne\u0161n\u00fd, pod\u013ea m\u0148a, najkraj\u0161\u00ed v\u00fdlet na La Digue u\u017eili s nami a ver\u00edm, \u017ee a\u017e sa sem sami vyd\u00e1te, budete z t\u00fdchto rozpr\u00e1vkov\u00fdch pl\u00e1\u017e\u00ed nemenej nad\u0161en\u00ed.<\/p>\n<hr \/>\n<p><span style=\"color: #000000;\"><strong>Pripravte sa na tento v\u00fdlet na La Digue:<\/strong><\/span> Pri ceste cez skaly sa v\u00e1m bude hodi\u0165 kvalitn\u00e1 obuv. Odpor\u00fa\u010dam tie\u017e pl\u00e1nova\u0165 si v\u00fdlet na jasn\u00fd de\u0148, ke\u010f v\u00e1s tu nezastihne \u017eiadny dlh\u0161\u00ed d\u00e1\u017e\u010f, kv\u00f4li ktor\u00e9mu by sa chodn\u00edk cez skaly \u0161m\u00fdkal. Pobre\u017en\u00fd trek cez tieto 4 pl\u00e1\u017ee hodnot\u00edme ako stredne n\u00e1ro\u010dn\u00fd. Samozrejmos\u0165ou je ma\u0165 so sebou dostatok vody, telef\u00f3n s d\u00f4le\u017eit\u00fdmi kontaktmi a cestovn\u00e9 poistenie. Na pl\u00e1\u017each dbajte na upozornenia oh\u013eadom k\u00fapania.<\/p>\n","protected":false},"excerpt":{"rendered":"<p>Pl\u00e1nujete dovolenku na Seychel\u00e1ch a prem\u00fd\u0161\u013eate, \u010di sa oplat\u00ed vyda\u0165 sa aj na ostrov La Digue? Potom zbystrite, preto\u017ee pr\u00e1ve tento m\u00f4j tip na v\u00fdlet na La Digue je pod\u013ea m\u0148a jedn\u00fdm z najkraj\u0161\u00edch na Seychel\u00e1ch v\u00f4bec. Ak by som si mala na rajskom ostrove La Digue vybra\u0165 len jeden jedin\u00fd v\u00fdlet, na ktor\u00fd by som sa vybrala, bol by to pr\u00e1ve tento. A to aj napriek tomu, \u017ee ostrov pon\u00faka kr\u00e1sne miesta a \u00fachvatn\u00e9 pl\u00e1\u017ee prakticky kdeko\u013evek, naokolo. Nebudem v\u00e1s u\u017e dlh\u0161ie nap\u00edna\u0165, o ktor\u00fd v\u00fdlet ide. \u00c1no, pod\u013ea fotografi\u00ed u\u017e mnoh\u00ed z v\u00e1s uh\u00e1dli, \u017ee sa dnes vyd\u00e1me <\/p>\n","protected":false},"author":1,"featured_media":13188,"comment_status":"closed","ping_status":"closed","sticky":false,"template":"","format":"standard","meta":{"footnotes":""},"categories":[5236],"tags":[5267,5279,5277,5276,5269,5278,5268],"class_list":["post-13172","post","type-post","status-publish","format-standard","has-post-thumbnail","hentry","category-seychely","tag-la-digue","tag-la-digue-vylet","tag-najkrajsi-vylet-na-la-digue","tag-seychely-vylety","tag-ubytovanie-na-la-digue","tag-vylet-na-la-digue","tag-vylety-na-la-digue","has_thumb"],"aioseo_notices":[],"_links":{"self":[{"href":"https:\/\/www.dovolenkarka.cz\/sk\/wp-json\/wp\/v2\/posts\/13172","targetHints":{"allow":["GET"]}}],"collection":[{"href":"https:\/\/www.dovolenkarka.cz\/sk\/wp-json\/wp\/v2\/posts"}],"about":[{"href":"https:\/\/www.dovolenkarka.cz\/sk\/wp-json\/wp\/v2\/types\/post"}],"author":[{"embeddable":true,"href":"https:\/\/www.dovolenkarka.cz\/sk\/wp-json\/wp\/v2\/users\/1"}],"replies":[{"embeddable":true,"href":"https:\/\/www.dovolenkarka.cz\/sk\/wp-json\/wp\/v2\/comments?post=13172"}],"version-history":[{"count":1,"href":"https:\/\/www.dovolenkarka.cz\/sk\/wp-json\/wp\/v2\/posts\/13172\/revisions"}],"predecessor-version":[{"id":13229,"href":"https:\/\/www.dovolenkarka.cz\/sk\/wp-json\/wp\/v2\/posts\/13172\/revisions\/13229"}],"wp:featuredmedia":[{"embeddable":true,"href":"https:\/\/www.dovolenkarka.cz\/sk\/wp-json\/wp\/v2\/media\/13188"}],"wp:attachment":[{"href":"https:\/\/www.dovolenkarka.cz\/sk\/wp-json\/wp\/v2\/media?parent=13172"}],"wp:term":[{"taxonomy":"category","embeddable":true,"href":"https:\/\/www.dovolenkarka.cz\/sk\/wp-json\/wp\/v2\/categories?post=13172"},{"taxonomy":"post_tag","embeddable":true,"href":"https:\/\/www.dovolenkarka.cz\/sk\/wp-json\/wp\/v2\/tags?post=13172"}],"curies":[{"name":"wp","href":"https:\/\/api.w.org\/{rel}","templated":true}]}}