{"id":13289,"date":"2026-01-05T18:19:59","date_gmt":"2026-01-05T17:19:59","guid":{"rendered":"https:\/\/www.dovolenkarka.cz\/valencia-sprievodca-na-4-dni-co-vidiet-a-kde-sa-ubytovat\/"},"modified":"2026-02-06T14:58:20","modified_gmt":"2026-02-06T13:58:20","slug":"valencia-sprievodca","status":"publish","type":"post","link":"https:\/\/www.dovolenkarka.cz\/sk\/valencia-sprievodca\/","title":{"rendered":"Valencia sprievodca na 4 dni: \u010co vidie\u0165 a kde sa ubytova\u0165"},"content":{"rendered":"<div id=\"ez-toc-container\" class=\"ez-toc-v2_0_82_2 counter-hierarchy ez-toc-counter ez-toc-grey ez-toc-container-direction\">\n<div class=\"ez-toc-title-container\">\n<p class=\"ez-toc-title\" style=\"cursor:inherit\">Obsah \u010dl\u00e1nku:<\/p>\n<span class=\"ez-toc-title-toggle\"><a href=\"#\" class=\"ez-toc-pull-right ez-toc-btn ez-toc-btn-xs ez-toc-btn-default ez-toc-toggle\" aria-label=\"Toggle Table of Content\"><span class=\"ez-toc-js-icon-con\"><span class=\"\"><span class=\"eztoc-hide\" style=\"display:none;\">Toggle<\/span><span class=\"ez-toc-icon-toggle-span\"><svg style=\"fill: #999;color:#999\" xmlns=\"http:\/\/www.w3.org\/2000\/svg\" class=\"list-377408\" width=\"20px\" height=\"20px\" viewBox=\"0 0 24 24\" fill=\"none\"><path d=\"M6 6H4v2h2V6zm14 0H8v2h12V6zM4 11h2v2H4v-2zm16 0H8v2h12v-2zM4 16h2v2H4v-2zm16 0H8v2h12v-2z\" fill=\"currentColor\"><\/path><\/svg><svg style=\"fill: #999;color:#999\" class=\"arrow-unsorted-368013\" xmlns=\"http:\/\/www.w3.org\/2000\/svg\" width=\"10px\" height=\"10px\" viewBox=\"0 0 24 24\" version=\"1.2\" baseProfile=\"tiny\"><path d=\"M18.2 9.3l-6.2-6.3-6.2 6.3c-.2.2-.3.4-.3.7s.1.5.3.7c.2.2.4.3.7.3h11c.3 0 .5-.1.7-.3.2-.2.3-.5.3-.7s-.1-.5-.3-.7zM5.8 14.7l6.2 6.3 6.2-6.3c.2-.2.3-.5.3-.7s-.1-.5-.3-.7c-.2-.2-.4-.3-.7-.3h-11c-.3 0-.5.1-.7.3-.2.2-.3.5-.3.7s.1.5.3.7z\"\/><\/svg><\/span><\/span><\/span><\/a><\/span><\/div>\n<nav><ul class='ez-toc-list ez-toc-list-level-1 ' ><li class='ez-toc-page-1 ez-toc-heading-level-2'><a class=\"ez-toc-link ez-toc-heading-1\" href=\"https:\/\/www.dovolenkarka.cz\/sk\/valencia-sprievodca\/#Valencia_sprievodca_nielen_na_4_dni_Co_vidiet_a_kde_sa_ubytovat\" >Valencia sprievodca (nielen) na 4 dni: \u010co vidie\u0165 a kde sa ubytova\u0165<\/a><\/li><li class='ez-toc-page-1 ez-toc-heading-level-2'><a class=\"ez-toc-link ez-toc-heading-2\" href=\"https:\/\/www.dovolenkarka.cz\/sk\/valencia-sprievodca\/#Ubytovanie_vo_Valencii\" >Ubytovanie vo Valencii<\/a><ul class='ez-toc-list-level-3' ><li class='ez-toc-heading-level-3'><a class=\"ez-toc-link ez-toc-heading-3\" href=\"https:\/\/www.dovolenkarka.cz\/sk\/valencia-sprievodca\/#1_Lacnejsi_apartman_s_top_pomerom_cenavykon\" >1. Lacnej\u0161\u00ed apartm\u00e1n s top pomerom cena\/v\u00fdkon<\/a><\/li><li class='ez-toc-page-1 ez-toc-heading-level-3'><a class=\"ez-toc-link ez-toc-heading-4\" href=\"https:\/\/www.dovolenkarka.cz\/sk\/valencia-sprievodca\/#2_Krasne_ubytovanie_vo_Valencii_v_historickom_centre\" >2. Kr\u00e1sne ubytovanie vo Valencii, v historickom centre<\/a><\/li><li class='ez-toc-page-1 ez-toc-heading-level-3'><a class=\"ez-toc-link ez-toc-heading-5\" href=\"https:\/\/www.dovolenkarka.cz\/sk\/valencia-sprievodca\/#3_Hotel_strednej_kategorie_blizko_plaze\" >3. Hotel strednej kateg\u00f3rie bl\u00edzko pl\u00e1\u017ee<\/a><\/li><\/ul><\/li><li class='ez-toc-page-1 ez-toc-heading-level-2'><a class=\"ez-toc-link ez-toc-heading-6\" href=\"https:\/\/www.dovolenkarka.cz\/sk\/valencia-sprievodca\/#Valencia_%E2%80%93_Historicke_centrum\" >Valencia \u2013 Historick\u00e9 centrum<\/a><ul class='ez-toc-list-level-3' ><li class='ez-toc-heading-level-3'><a class=\"ez-toc-link ez-toc-heading-7\" href=\"https:\/\/www.dovolenkarka.cz\/sk\/valencia-sprievodca\/#Co_si_nenechajte_ujst\" >\u010co si nenechajte ujs\u0165:<\/a><\/li><\/ul><\/li><li class='ez-toc-page-1 ez-toc-heading-level-2'><a class=\"ez-toc-link ez-toc-heading-8\" href=\"https:\/\/www.dovolenkarka.cz\/sk\/valencia-sprievodca\/#Kostol_sv_Mikulasa_Sixtinska_kaplnka_Valencia\" >Kostol sv. Mikul\u00e1\u0161a: Sixt\u00ednska kaplnka Valencia<\/a><\/li><li class='ez-toc-page-1 ez-toc-heading-level-2'><a class=\"ez-toc-link ez-toc-heading-9\" href=\"https:\/\/www.dovolenkarka.cz\/sk\/valencia-sprievodca\/#Trhy_a_gastronomia_%E2%80%93_co_ochutnat_vo_Valencii\" >Trhy a gastron\u00f3mia \u2013 \u010do ochutna\u0165 vo Valencii?<\/a><ul class='ez-toc-list-level-3' ><li class='ez-toc-heading-level-3'><a class=\"ez-toc-link ez-toc-heading-10\" href=\"https:\/\/www.dovolenkarka.cz\/sk\/valencia-sprievodca\/#Centralna_trznica\" >Centr\u00e1lna tr\u017enica<\/a><\/li><\/ul><\/li><li class='ez-toc-page-1 ez-toc-heading-level-2'><a class=\"ez-toc-link ez-toc-heading-11\" href=\"https:\/\/www.dovolenkarka.cz\/sk\/valencia-sprievodca\/#Kde_vznikla_Paella_Prirodny_park_Albufera\" >Kde vznikla Paella? Pr\u00edrodn\u00fd park Albufera<\/a><\/li><li class='ez-toc-page-1 ez-toc-heading-level-2'><a class=\"ez-toc-link ez-toc-heading-12\" href=\"https:\/\/www.dovolenkarka.cz\/sk\/valencia-sprievodca\/#Plaze_vo_Valencii_a_pristav\" >Pl\u00e1\u017ee vo Valencii a pr\u00edstav<\/a><ul class='ez-toc-list-level-3' ><li class='ez-toc-heading-level-3'><a class=\"ez-toc-link ez-toc-heading-13\" href=\"https:\/\/www.dovolenkarka.cz\/sk\/valencia-sprievodca\/#Playa_de_la_Malvarrosa\" >Playa de la Malvarrosa<\/a><\/li><li class='ez-toc-page-1 ez-toc-heading-level-3'><a class=\"ez-toc-link ez-toc-heading-14\" href=\"https:\/\/www.dovolenkarka.cz\/sk\/valencia-sprievodca\/#Marina_de_Valencia\" >Marina de Valencia<\/a><\/li><\/ul><\/li><li class='ez-toc-page-1 ez-toc-heading-level-2'><a class=\"ez-toc-link ez-toc-heading-15\" href=\"https:\/\/www.dovolenkarka.cz\/sk\/valencia-sprievodca\/#Muzea_vo_Valencii\" >M\u00faze\u00e1 vo Valencii<\/a><\/li><li class='ez-toc-page-1 ez-toc-heading-level-2'><a class=\"ez-toc-link ez-toc-heading-16\" href=\"https:\/\/www.dovolenkarka.cz\/sk\/valencia-sprievodca\/#Mesto_umeni_a_vied_Valencia\" >Mesto umen\u00ed a vied Valencia<\/a><ul class='ez-toc-list-level-3' ><li class='ez-toc-heading-level-3'><a class=\"ez-toc-link ez-toc-heading-17\" href=\"https:\/\/www.dovolenkarka.cz\/sk\/valencia-sprievodca\/#Najvacsie_lakadla\" >Najv\u00e4\u010d\u0161ie l\u00e1kadl\u00e1:<\/a><\/li><\/ul><\/li><li class='ez-toc-page-1 ez-toc-heading-level-2'><a class=\"ez-toc-link ez-toc-heading-18\" href=\"https:\/\/www.dovolenkarka.cz\/sk\/valencia-sprievodca\/#Park_Turia_%E2%80%93_Valencia\" >Park T\u00faria \u2013 Valencia<\/a><\/li><li class='ez-toc-page-1 ez-toc-heading-level-2'><a class=\"ez-toc-link ez-toc-heading-19\" href=\"https:\/\/www.dovolenkarka.cz\/sk\/valencia-sprievodca\/#Najkrajsia_vyhliadka_%E2%80%93_Valencia_Torres_de_Serranos\" >Najkraj\u0161ia vyhliadka &#8211; Valencia: Torres de Serranos<\/a><\/li><li class='ez-toc-page-1 ez-toc-heading-level-2'><a class=\"ez-toc-link ez-toc-heading-20\" href=\"https:\/\/www.dovolenkarka.cz\/sk\/valencia-sprievodca\/#Tipy_na_stvrte_mimo_centra_Valencie\" >Tipy na \u0161tvrte mimo centra Valencie<\/a><ul class='ez-toc-list-level-3' ><li class='ez-toc-heading-level-3'><a class=\"ez-toc-link ez-toc-heading-21\" href=\"https:\/\/www.dovolenkarka.cz\/sk\/valencia-sprievodca\/#Ruzafa\" >Ruzafa<\/a><\/li><li class='ez-toc-page-1 ez-toc-heading-level-3'><a class=\"ez-toc-link ez-toc-heading-22\" href=\"https:\/\/www.dovolenkarka.cz\/sk\/valencia-sprievodca\/#Barrio_del_Carmen\" >Barrio del Carmen<\/a><\/li><\/ul><\/li><li class='ez-toc-page-1 ez-toc-heading-level-2'><a class=\"ez-toc-link ez-toc-heading-23\" href=\"https:\/\/www.dovolenkarka.cz\/sk\/valencia-sprievodca\/#Jednodenny_vylet_do_Montanejos\" >Jednodenn\u00fd v\u00fdlet do Montanejos<\/a><\/li><li class='ez-toc-page-1 ez-toc-heading-level-2'><a class=\"ez-toc-link ez-toc-heading-24\" href=\"https:\/\/www.dovolenkarka.cz\/sk\/valencia-sprievodca\/#Valencia_%E2%80%93_doprava\" >Valencia \u2013 doprava<\/a><\/li><\/ul><\/nav><\/div>\n<h2><span class=\"ez-toc-section\" id=\"Valencia_sprievodca_nielen_na_4_dni_Co_vidiet_a_kde_sa_ubytovat\"><\/span>Valencia sprievodca (nielen) na 4 dni: \u010co vidie\u0165 a kde sa ubytova\u0165<span class=\"ez-toc-section-end\"><\/span><\/h2>\n<p>Valencia patr\u00ed pod\u013ea m\u0148a medzi najpr\u00edjemnej\u0161ie \u0161panielske mest\u00e1 na cestovanie. Le\u017e\u00ed na pobre\u017e\u00ed Stredozemn\u00e9ho mora a hoci je tret\u00edm najv\u00e4\u010d\u0161\u00edm mestom krajiny, zachov\u00e1va si st\u00e1le uvo\u013enen\u00fa atmosf\u00e9ru bez pre\u013eudnen\u00fdch ul\u00edc, typick\u00fdch pre Barcelonu alebo Madrid. Pon\u00faka ide\u00e1lnu kombin\u00e1ciu hist\u00f3rie, modernej architekt\u00fary, pl\u00e1\u017e\u00ed aj skvelej gastron\u00f3mie. <span style=\"color: #008000;\"><a style=\"color: #008000;\" href=\"https:\/\/www.booking.com\/searchresults.en.html?city=-406131&amp;aid=347511&amp;no_rooms=1&amp;group_adults=2\" target=\"_blank\" rel=\"noopener\">Nadchn\u00fa v\u00e1s aj ubytovanie vo Valencii.<\/a><\/span><\/p>\n<div id=\"attachment_12012\" style=\"width: 1930px\" class=\"wp-caption aligncenter\"><a href=\"https:\/\/www.dovolenkarka.cz\/sk\/valencia-sprievodca\/valencia-5030452_1920-2\/\" rel=\"attachment wp-att-12012\"><img loading=\"lazy\" decoding=\"async\" aria-describedby=\"caption-attachment-12012\" class=\"wp-image-12012 size-full\" src=\"https:\/\/www.dovolenkarka.cz\/wp-content\/uploads\/2026\/01\/valencia-5030452_1920.jpg\" alt=\"Valencia sprievodca\" width=\"1920\" height=\"1280\" srcset=\"https:\/\/www.dovolenkarka.cz\/wp-content\/uploads\/2026\/01\/valencia-5030452_1920.jpg 1920w, https:\/\/www.dovolenkarka.cz\/wp-content\/uploads\/2026\/01\/valencia-5030452_1920-768x512.jpg 768w\" sizes=\"auto, (max-width: 1920px) 100vw, 1920px\" \/><\/a><p id=\"caption-attachment-12012\" class=\"wp-caption-text\">Valencia sprievodca<\/p><\/div>\n<p data-start=\"591\" data-end=\"737\">V tomto sprievodcovi n\u00e1jdete to najlep\u0161ie, \u010do odpor\u00fa\u010dam vo Valencii vidie\u0165 a za\u017ei\u0165, od pamiatok, cez \u0161tvrte a parky, a\u017e po tipy na v\u00fdlety a praktick\u00e9 rady, <span style=\"color: #008000;\"><a style=\"color: #008000;\" href=\"https:\/\/www.booking.com\/searchresults.en.html?city=-406131&amp;aid=347511&amp;no_rooms=1&amp;group_adults=2\" target=\"_blank\" rel=\"noopener\">vr\u00e1tane tipov na ubytovanie.<\/a><\/span><\/p>\n<hr \/>\n<h2 data-start=\"591\" data-end=\"737\"><span class=\"ez-toc-section\" id=\"Ubytovanie_vo_Valencii\"><\/span>Ubytovanie vo Valencii<span class=\"ez-toc-section-end\"><\/span><\/h2>\n<p><span style=\"color: #000000;\"><a style=\"color: #000000;\" href=\"https:\/\/www.booking.com\/searchresults.en.html?city=-406131&amp;aid=347511&amp;no_rooms=1&amp;group_adults=2\" target=\"_blank\" rel=\"noopener\">Ubytovania vo Valencii je ve\u013ea<\/a><\/span>. Ja som pre v\u00e1s vybrala tie, ktor\u00e9 s\u00fa skvele hodnoten\u00e9 a pod\u013ea mojich sk\u00fasenost\u00ed ide\u00e1lne na prech\u00e1dzky mestom aj na dovolenku bl\u00edzko mora. Nechajte sa in\u0161pirova\u0165:<\/p>\n<h3 data-start=\"189\" data-end=\"239\"><span class=\"ez-toc-section\" id=\"1_Lacnejsi_apartman_s_top_pomerom_cenavykon\"><\/span>1. Lacnej\u0161\u00ed apartm\u00e1n s top pomerom cena\/v\u00fdkon<span class=\"ez-toc-section-end\"><\/span><\/h3>\n<div data-et-view=\"YdXfdKNKNKZUTPVLBLPONVDTXT:2\"><span style=\"color: #000000;\"><a style=\"color: #000000;\" href=\"https:\/\/www.booking.com\/hotel\/es\/apartamento-exclusivo-en-valencia.en.html?aid=347511&amp;no_rooms=1&amp;group_adults=2\" target=\"_blank\" rel=\"noopener\"><strong>Apartamento Exclusivo en Valencia<\/strong><\/a><\/span><\/div>\n<ul data-start=\"302\" data-end=\"606\">\n<li data-start=\"302\" data-end=\"407\">\n<p data-start=\"304\" data-end=\"407\">ve\u013emi dobr\u00e9 hodnotenie a skvel\u00e1 poloha, tak\u017ee budete pe\u0161o pri hlavn\u00fdch pamiatkach aj re\u0161taur\u00e1ci\u00e1ch<\/p>\n<\/li>\n<li data-start=\"515\" data-end=\"606\">\n<p data-start=\"517\" data-end=\"606\">ide\u00e1lne, ak chcete by\u0165 v centre a z\u00e1rove\u0148 ma\u0165 apartm\u00e1n s kuchy\u0148ou<\/p>\n<\/li>\n<\/ul>\n<blockquote>\n<p style=\"text-align: center;\"><span style=\"color: #008000;\"><a style=\"color: #008000;\" href=\"https:\/\/www.booking.com\/hotel\/es\/apartamento-exclusivo-en-valencia.en.html?aid=347511&amp;no_rooms=1&amp;group_adults=2\" target=\"_blank\" rel=\"noopener\"><strong><em>&gt; OVERI\u0164 VO\u013dN\u00dd TERM\u00cdN A CENU TU<\/em><\/strong><\/a><\/span><\/p>\n<\/blockquote>\n<h3 data-start=\"679\" data-end=\"734\"><span class=\"ez-toc-section\" id=\"2_Krasne_ubytovanie_vo_Valencii_v_historickom_centre\"><\/span>2. Kr\u00e1sne ubytovanie vo Valencii, v historickom centre<span class=\"ez-toc-section-end\"><\/span><\/h3>\n<p data-start=\"735\" data-end=\"778\"><span style=\"color: #000000;\"><a style=\"color: #000000;\" href=\"https:\/\/www.booking.com\/hotel\/es\/caro.en.html?aid=347511&amp;no_rooms=1&amp;group_adults=2\" target=\"_blank\" rel=\"noopener\"><strong>Caro Hotel <\/strong><\/a><\/span><\/p>\n<ul>\n<li data-start=\"735\" data-end=\"778\">v\u00fdborne hodnoten\u00fd hotel a ide\u00e1lna poloha v centre mesta<\/li>\n<\/ul>\n<blockquote>\n<p style=\"text-align: center;\"><span style=\"color: #008000;\"><a style=\"color: #008000;\" href=\"https:\/\/www.booking.com\/hotel\/es\/caro.en.html?aid=347511&amp;no_rooms=1&amp;group_adults=2\" target=\"_blank\" rel=\"noopener\"><em><strong>&gt; OVERI\u0164 VO\u013dN\u00dd TERM\u00cdN A CENU TU <\/strong><\/em><\/a><\/span><\/p>\n<\/blockquote>\n<div id=\"attachment_12025\" style=\"width: 677px\" class=\"wp-caption aligncenter\"><a href=\"https:\/\/www.booking.com\/hotel\/es\/caro.en.html?aid=347511&amp;no_rooms=1&amp;group_adults=2\" target=\"_blank\" rel=\"noopener\"><img loading=\"lazy\" decoding=\"async\" aria-describedby=\"caption-attachment-12025\" class=\"wp-image-12025 size-large\" src=\"https:\/\/www.dovolenkarka.cz\/wp-content\/uploads\/2026\/01\/Obrazek-59-1200x630.jpg\" alt=\"Ubytovanie vo Valencii\" width=\"667\" height=\"350\" \/><\/a><p id=\"caption-attachment-12025\" class=\"wp-caption-text\">Caro Hotel Valencia<\/p><\/div>\n<h3><span class=\"ez-toc-section\" id=\"3_Hotel_strednej_kategorie_blizko_plaze\"><\/span>3. Hotel strednej kateg\u00f3rie bl\u00edzko pl\u00e1\u017ee<span class=\"ez-toc-section-end\"><\/span><\/h3>\n<p><span style=\"color: #000000;\"><a style=\"color: #000000;\" href=\"https:\/\/www.booking.com\/hotel\/es\/pamphylia-valencia.en.html?aid=347511&amp;no_rooms=1&amp;group_adults=2\" target=\"_blank\" rel=\"noopener\"><strong>PAMPHYLIA HOTEL \u2013 Malvarrosa Beach<\/strong><\/a><\/span><\/p>\n<ul>\n<li>skvele hodnoten\u00fd hotel priamo pri pl\u00e1\u017ei<\/li>\n<\/ul>\n<blockquote>\n<p style=\"text-align: center;\"><span style=\"color: #008000;\"><a style=\"color: #008000;\" href=\"https:\/\/www.booking.com\/hotel\/es\/pamphylia-valencia.en.html?aid=347511&amp;no_rooms=1&amp;group_adults=2\" target=\"_blank\" rel=\"noopener\"><em><strong>&gt; OVERI\u0164 VO\u013dN\u00dd TERM\u00cdN A CENU TU<\/strong><\/em><\/a><\/span><\/p>\n<\/blockquote>\n<div id=\"attachment_12026\" style=\"width: 677px\" class=\"wp-caption aligncenter\"><a href=\"https:\/\/www.booking.com\/hotel\/es\/pamphylia-valencia.en.html?aid=347511&amp;no_rooms=1&amp;group_adults=2\" target=\"_blank\" rel=\"noopener\"><img loading=\"lazy\" decoding=\"async\" aria-describedby=\"caption-attachment-12026\" class=\"wp-image-12026 size-large\" src=\"https:\/\/www.dovolenkarka.cz\/wp-content\/uploads\/2026\/01\/Obrazek-60-1200x630.jpg\" alt=\"Ubytovanie vo Valencii \" width=\"667\" height=\"350\" \/><\/a><p id=\"caption-attachment-12026\" class=\"wp-caption-text\">PAMPHYLIA HOTEL \u2013 Valencia<\/p><\/div>\n<hr \/>\n<p style=\"text-align: center;\" data-start=\"744\" data-end=\"788\"><span style=\"color: #000000;\"><strong>Vyh\u013eadajte si ubytovanie vo Valencii pod\u013ea svojich predst\u00e1v: <\/strong><\/span><\/p>\n<blockquote>\n<p style=\"text-align: center;\" data-start=\"744\" data-end=\"788\"><span style=\"color: #008000;\"><em><strong>&gt;&gt; Dostupn\u00e9 ubytovania vo Valencii &lt;&lt; <\/strong><\/em><\/span><\/p>\n<\/blockquote>\n<p style=\"text-align: center;\" data-start=\"744\" data-end=\"788\"><iframe loading=\"lazy\" id=\"stay22-widget\" src=\"https:\/\/www.stay22.com\/embed\/695bf3cae2fb2ac1f1606d7c\" width=\"100%\" height=\"428\" frameborder=\"0\"><\/iframe><\/p>\n<hr \/>\n<h2 data-start=\"744\" data-end=\"788\"><span class=\"ez-toc-section\" id=\"Valencia_%E2%80%93_Historicke_centrum\"><\/span>Valencia \u2013 Historick\u00e9 centrum<span class=\"ez-toc-section-end\"><\/span><\/h2>\n<p data-start=\"790\" data-end=\"968\">Rada hovor\u00edm, \u017ee <span style=\"color: #008000;\"><a style=\"color: #008000;\" href=\"https:\/\/www.booking.com\/searchresults.en.html?city=-406131&amp;aid=347511&amp;no_rooms=1&amp;group_adults=2\" target=\"_blank\" rel=\"noopener\">historick\u00e9 centrum Valencie<\/a><\/span> je kompaktn\u00e9 a ide\u00e1lne na pe\u0161ie objavovanie. V\u00e4\u010d\u0161ina pamiatok le\u017e\u00ed len p\u00e1r min\u00fat ch\u00f4dze od seba, ukryt\u00e1 v \u00fazkych uli\u010dk\u00e1ch pln\u00fdch kaviarn\u00ed a re\u0161taur\u00e1ci\u00ed. S dopravou si tak v centre nemus\u00edte robi\u0165 starosti, ak si n\u00e1jdete ubytovanie vo Valencii priamo v centre.<\/p>\n<h3 data-start=\"970\" data-end=\"994\"><span class=\"ez-toc-section\" id=\"Co_si_nenechajte_ujst\"><\/span>\u010co si nenechajte ujs\u0165:<span class=\"ez-toc-section-end\"><\/span><\/h3>\n<ul>\n<li data-start=\"997\" data-end=\"1072\"><strong data-start=\"997\" data-end=\"1022\">Valencijsk\u00e1 katedr\u00e1la<\/strong> je miesto, kde je pod\u013ea trad\u00edcie ulo\u017een\u00fd Sv\u00e4t\u00fd gr\u00e1l.<\/li>\n<li data-start=\"1075\" data-end=\"1136\"><strong data-start=\"1075\" data-end=\"1097\">Plaza de la Virgen<\/strong> je jedno z naj\u017eiv\u0161\u00edch n\u00e1mest\u00ed mesta a ur\u010dite ho nav\u0161t\u00edvte.<\/li>\n<li data-start=\"1139\" data-end=\"1192\"><strong data-start=\"1139\" data-end=\"1156\">Plaza Redonda,<\/strong> mal\u00e9 kruhov\u00e9 n\u00e1mestie s obchod\u00edkmi, ktor\u00e9 ocenia hlavne \u017eeny.<\/li>\n<li data-start=\"1195\" data-end=\"1263\"><strong data-start=\"1195\" data-end=\"1224\">Radnica a Severn\u00e1 stanica<\/strong> s\u00fa uk\u00e1\u017ekou bohatej mestskej architekt\u00fary.<\/li>\n<\/ul>\n<div id=\"attachment_12013\" style=\"width: 1930px\" class=\"wp-caption aligncenter\"><a href=\"https:\/\/www.dovolenkarka.cz\/sk\/valencia-sprievodca\/spain-2452671_1920\/\" rel=\"attachment wp-att-12013\"><img loading=\"lazy\" decoding=\"async\" aria-describedby=\"caption-attachment-12013\" class=\"size-full wp-image-12013\" src=\"https:\/\/www.dovolenkarka.cz\/wp-content\/uploads\/2026\/01\/spain-2452671_1920.jpg\" alt=\"Valencia \" width=\"1920\" height=\"1115\" srcset=\"https:\/\/www.dovolenkarka.cz\/wp-content\/uploads\/2026\/01\/spain-2452671_1920.jpg 1920w, https:\/\/www.dovolenkarka.cz\/wp-content\/uploads\/2026\/01\/spain-2452671_1920-768x446.jpg 768w\" sizes=\"auto, (max-width: 1920px) 100vw, 1920px\" \/><\/a><p id=\"caption-attachment-12013\" class=\"wp-caption-text\">Valencia \u2013 centrum mesta<\/p><\/div>\n<p data-start=\"1266\" data-end=\"1355\"><strong data-start=\"1266\" data-end=\"1303\">Hodv\u00e1bna burza (Llotja de la Seda)<\/strong> je pre m\u0148a hlavnou pamiatkou v centre mesta. N\u00e1jdeme ju v UNESCO a je symbolom obchodnej minulosti Valencie. Hodv\u00e1bna burza stoj\u00ed za n\u00e1v\u0161tevu aj zvn\u00fatra. P\u00f4vodne sl\u00fa\u017eila na obchod s hodv\u00e1bom a dodnes pripom\u00edna, ak\u00fdm d\u00f4le\u017eit\u00fdm obchodn\u00fdm centrom Valencia bola.<\/p>\n<div id=\"attachment_12010\" style=\"width: 792px\" class=\"wp-caption aligncenter\"><a href=\"https:\/\/www.dovolenkarka.cz\/sk\/valencia-sprievodca\/snimek-obrazovky-2026-01-05-v-16-56-10\/\" rel=\"attachment wp-att-12010\"><img loading=\"lazy\" decoding=\"async\" aria-describedby=\"caption-attachment-12010\" class=\"wp-image-12010 size-full\" src=\"https:\/\/www.dovolenkarka.cz\/wp-content\/uploads\/2026\/01\/Snimek-obrazovky-2026-01-05-v-165610-e1767629756299.png\" alt=\"Valencia\" width=\"782\" height=\"713\" srcset=\"https:\/\/www.dovolenkarka.cz\/wp-content\/uploads\/2026\/01\/Snimek-obrazovky-2026-01-05-v-165610-e1767629756299.png 782w, https:\/\/www.dovolenkarka.cz\/wp-content\/uploads\/2026\/01\/Snimek-obrazovky-2026-01-05-v-165610-e1767629756299-768x700.png 768w\" sizes=\"auto, (max-width: 782px) 100vw, 782px\" \/><\/a><p id=\"caption-attachment-12010\" class=\"wp-caption-text\">Valencia<\/p><\/div>\n<blockquote>\n<p data-start=\"1266\" data-end=\"1355\"><span style=\"color: #000000;\"><strong><span style=\"color: #000000;\">M\u00f4j tip:<\/span> Ak chcete miestnu hist\u00f3riu pochopi\u0165 do h\u013abky, vydajte sa na free walking tour historick\u00e9ho centra \u2013 ide\u00e1lny \u00favod do mesta. Ak budete so sprievodcom spokojn\u00ed, o\u010dak\u00e1va sa symbolick\u00fd pr\u00edspevok, ale nie je povinn\u00fd. <\/strong><\/span><\/p>\n<\/blockquote>\n<hr \/>\n<h2 data-start=\"1640\" data-end=\"1688\"><span class=\"ez-toc-section\" id=\"Kostol_sv_Mikulasa_Sixtinska_kaplnka_Valencia\"><\/span>Kostol sv. Mikul\u00e1\u0161a: Sixt\u00ednska kaplnka Valencia<span class=\"ez-toc-section-end\"><\/span><\/h2>\n<p data-start=\"1690\" data-end=\"1879\">Jednou z najp\u00f4sobivej\u0161\u00edch pamiatok v meste je kostol sv\u00e4t\u00e9ho Mikul\u00e1\u0161a, \u010dasto prez\u00fdvan\u00fd Sixt\u00ednska kaplnka Valencie. Interi\u00e9r je bohato zdoben\u00fd barokov\u00fdmi freskami, ktor\u00e9 pokr\u00fdvaj\u00fa takmer cel\u00fd strop. Vstupn\u00e9 je symbolick\u00e9 a zah\u0155\u0148a audiosprievodcu, v\u010faka ktor\u00e9mu lep\u0161ie pochop\u00edte v\u00fdznam jednotliv\u00fdch fresiek.<\/p>\n<div id=\"attachment_12017\" style=\"width: 785px\" class=\"wp-caption aligncenter\"><a href=\"https:\/\/www.dovolenkarka.cz\/sk\/valencia-sprievodca\/screenshot-40\/\" rel=\"attachment wp-att-12017\"><img loading=\"lazy\" decoding=\"async\" aria-describedby=\"caption-attachment-12017\" class=\"size-full wp-image-12017\" src=\"https:\/\/www.dovolenkarka.cz\/wp-content\/uploads\/2026\/01\/Snimek-obrazovky-2026-01-05-v-170624.jpeg\" alt=\"Valencia\" width=\"775\" height=\"524\" srcset=\"https:\/\/www.dovolenkarka.cz\/wp-content\/uploads\/2026\/01\/Snimek-obrazovky-2026-01-05-v-170624.jpeg 775w, https:\/\/www.dovolenkarka.cz\/wp-content\/uploads\/2026\/01\/Snimek-obrazovky-2026-01-05-v-170624-768x519.jpeg 768w\" sizes=\"auto, (max-width: 775px) 100vw, 775px\" \/><\/a><p id=\"caption-attachment-12017\" class=\"wp-caption-text\">Valencia \u2013 Kostol sv. Mikul\u00e1\u0161a<\/p><\/div>\n<hr \/>\n<h2 data-start=\"1990\" data-end=\"2034\"><span class=\"ez-toc-section\" id=\"Trhy_a_gastronomia_%E2%80%93_co_ochutnat_vo_Valencii\"><\/span>Trhy a gastron\u00f3mia \u2013 \u010do ochutna\u0165 vo Valencii?<span class=\"ez-toc-section-end\"><\/span><\/h2>\n<h3 data-start=\"2036\" data-end=\"2057\"><span class=\"ez-toc-section\" id=\"Centralna_trznica\"><\/span>Centr\u00e1lna tr\u017enica<span class=\"ez-toc-section-end\"><\/span><\/h3>\n<p data-start=\"2058\" data-end=\"2172\">Pre m\u0148a je to jedna z najv\u00e4\u010d\u0161\u00edch a najkraj\u0161\u00edch tr\u017en\u00edc v Eur\u00f3pe. N\u00e1jdete tu \u010derstv\u00e9 ovocie, zeleninu, ryby aj miestne \u0161peciality. Odpor\u00fa\u010dame ochutna\u0165 syr Manchego a hlavne nami ob\u013e\u00faben\u00fa \u0161unku Jam\u00f3n Iberico, ktor\u00fa si tu m\u00f4\u017eete necha\u0165 nakr\u00e1ja\u0165 aj do papierov\u00e9ho korn\u00fata.<\/p>\n<p data-start=\"2058\" data-end=\"2172\"><span style=\"color: #000000;\"><strong>Odpor\u00fa\u010dam: <\/strong><\/span><\/p>\n<ul>\n<li data-start=\"2227\" data-end=\"2352\">Ak si chcete jedlo vychutna\u0165 v pokoji, zamierte do Central Baru, kde pripravuj\u00fa tapas, sendvi\u010de a typick\u00e9 valencijsk\u00e9 drinky.<\/li>\n<li data-start=\"2227\" data-end=\"2352\">Ak ale h\u013ead\u00e1te tr\u017enicu s v\u00e4\u010d\u0161\u00edm mno\u017estvom barov a re\u0161taur\u00e1ci\u00ed, zamierte rad\u0161ej na Mercado de Col\u00f3n.<\/li>\n<\/ul>\n<div id=\"attachment_12018\" style=\"width: 786px\" class=\"wp-caption aligncenter\"><a href=\"https:\/\/www.dovolenkarka.cz\/sk\/valencia-sprievodca\/screenshot-41\/\" rel=\"attachment wp-att-12018\"><img loading=\"lazy\" decoding=\"async\" aria-describedby=\"caption-attachment-12018\" class=\"wp-image-12018 size-full\" src=\"https:\/\/www.dovolenkarka.cz\/wp-content\/uploads\/2026\/01\/Snimek-obrazovky-2026-01-05-v-170955-e1767629779361.jpeg\" alt=\"Valencia \u2013 Mercado de Col\u00f3n\" width=\"776\" height=\"542\" srcset=\"https:\/\/www.dovolenkarka.cz\/wp-content\/uploads\/2026\/01\/Snimek-obrazovky-2026-01-05-v-170955-e1767629779361.jpeg 776w, https:\/\/www.dovolenkarka.cz\/wp-content\/uploads\/2026\/01\/Snimek-obrazovky-2026-01-05-v-170955-e1767629779361-768x536.jpeg 768w\" sizes=\"auto, (max-width: 776px) 100vw, 776px\" \/><\/a><p id=\"caption-attachment-12018\" class=\"wp-caption-text\">Valencia \u2013 Mercado de Col\u00f3n<\/p><\/div>\n<hr \/>\n<h2 data-start=\"76\" data-end=\"461\"><span class=\"ez-toc-section\" id=\"Kde_vznikla_Paella_Prirodny_park_Albufera\"><\/span><strong data-start=\"177\" data-end=\"218\"><span class=\"hover:entity-accent entity-underline inline cursor-pointer align-baseline\"><span class=\"whitespace-normal\">Kde vznikla Paella? Pr\u00edrodn\u00fd park Albufera <\/span><\/span><\/strong><span class=\"ez-toc-section-end\"><\/span><\/h2>\n<p data-start=\"76\" data-end=\"461\">Len p\u00e1r kilometrov za Valenciou sa rozprestiera tich\u00e9 \u00fazemie pln\u00e9 ry\u017eov\u00fdch pol\u00ed, lesov a rozsiahlej lag\u00fany. <strong data-start=\"177\" data-end=\"218\"><span class=\"hover:entity-accent entity-underline inline cursor-pointer align-baseline\"><span class=\"whitespace-normal\">Pr\u00edrodn\u00fd park Albufera<\/span><\/span><\/strong> je ide\u00e1lnym miestom pre t\u00fdch, ktor\u00ed h\u013eadaj\u00fa pokoj, kr\u00e1snu pr\u00edrodu a pomal\u00e9 tempo. Pon\u00faka romantick\u00e9 z\u00e1pady slnka, plavby po vode, pozorovanie vt\u00e1ctva aj mno\u017estvo tr\u00e1s pre pe\u0161\u00edch. \u010co mo\u017eno neviete, Albufera je domovom paelly, jedn\u00e9ho z najzn\u00e1mej\u0161\u00edch \u0161panielskych jed\u00e1l.<\/p>\n<ul>\n<li data-start=\"76\" data-end=\"461\">Paellu je zvykom d\u00e1va\u0165 si predov\u0161etk\u00fdm na obed, alebo ako spolo\u010densk\u00fa ve\u010deru cez v\u00edkendy.<\/li>\n<\/ul>\n<div id=\"attachment_12014\" style=\"width: 677px\" class=\"wp-caption aligncenter\"><a href=\"https:\/\/www.dovolenkarka.cz\/sk\/valencia-sprievodca\/paella-5099460_1920\/\" rel=\"attachment wp-att-12014\"><img loading=\"lazy\" decoding=\"async\" aria-describedby=\"caption-attachment-12014\" class=\"wp-image-12014 size-large\" src=\"https:\/\/www.dovolenkarka.cz\/wp-content\/uploads\/2026\/01\/paella-5099460_1920-1200x630.jpg\" alt=\"Valencia Paella\" width=\"667\" height=\"350\" \/><\/a><p id=\"caption-attachment-12014\" class=\"wp-caption-text\">Valencia Paella<\/p><\/div>\n<p data-start=\"463\" data-end=\"730\">Dosta\u0165 sa k lag\u00fane je ve\u013emi jednoduch\u00e9 aj bez auta. Z centra <span class=\"hover:entity-accent entity-underline inline cursor-pointer align-baseline\"><span class=\"whitespace-normal\">Valencie<\/span><\/span> jazdia mestsk\u00e9 autobusy EMT \u010d\u00edslo 24 a 25. Sta\u010d\u00ed vyst\u00fapi\u0165 na zast\u00e1vkach Embarcadero alebo El Palmar a m\u00f4\u017eete sa rovno vyda\u0165 na vyhliadkov\u00fa plavbu po lag\u00fane Albufera.<\/p>\n<p data-start=\"732\" data-end=\"995\">Plavbu mo\u017eno \u013eahko spoji\u0165 s prech\u00e1dzkou v okol\u00ed. Pe\u0161\u00edch tr\u00e1s je tu nespo\u010det. My sme zvolili nen\u00e1ro\u010dn\u00fd okruh dlh\u00fd pribli\u017ene tri kilometre, ktor\u00fd viedol od autobusovej zast\u00e1vky k pr\u00edstavisku a sp\u00e4\u0165. Po ceste sme mali \u0161\u0165astie na pozorovanie mnoh\u00fdch zauj\u00edmav\u00fdch druhov vt\u00e1kov.<\/p>\n<hr \/>\n<h2 data-start=\"3512\" data-end=\"3542\"><span class=\"ez-toc-section\" id=\"Plaze_vo_Valencii_a_pristav\"><\/span>Pl\u00e1\u017ee vo Valencii a pr\u00edstav<span class=\"ez-toc-section-end\"><\/span><\/h2>\n<h3 data-start=\"3544\" data-end=\"3570\"><span class=\"ez-toc-section\" id=\"Playa_de_la_Malvarrosa\"><\/span>Playa de la Malvarrosa<span class=\"ez-toc-section-end\"><\/span><\/h3>\n<p data-start=\"3571\" data-end=\"3743\">Najzn\u00e1mej\u0161ia pl\u00e1\u017e vo Valencii sa vol\u00e1 Playa de la Malvarrosa a pon\u00faka \u0161irok\u00fd p\u00e1s pieso\u010dn\u00e9ho priestoru, k\u00fapanie aj dlh\u00fa promen\u00e1du s re\u0161taur\u00e1ciami. Je to ide\u00e1lne miesto, kde si da\u0165 sangriu alebo tradi\u010dn\u00fa paellu priamo pri mori. Ak h\u013ead\u00e1te ubytovanie vo Valencii pri pl\u00e1\u017ei, vy\u0161\u0161ie som v\u00e1m dala tip na hotel priamo tu.<\/p>\n<div id=\"attachment_12016\" style=\"width: 1530px\" class=\"wp-caption aligncenter\"><a href=\"https:\/\/www.dovolenkarka.cz\/sk\/valencia-sprievodca\/screenshot-39\/\" rel=\"attachment wp-att-12016\"><img loading=\"lazy\" decoding=\"async\" aria-describedby=\"caption-attachment-12016\" class=\"wp-image-12016 size-full\" src=\"https:\/\/www.dovolenkarka.cz\/wp-content\/uploads\/2026\/01\/Snimek-obrazovky-2026-01-05-v-165846.jpeg\" alt=\"Malvarrosa Valencia \" width=\"1520\" height=\"989\" srcset=\"https:\/\/www.dovolenkarka.cz\/wp-content\/uploads\/2026\/01\/Snimek-obrazovky-2026-01-05-v-165846.jpeg 1520w, https:\/\/www.dovolenkarka.cz\/wp-content\/uploads\/2026\/01\/Snimek-obrazovky-2026-01-05-v-165846-768x499.jpeg 768w\" sizes=\"auto, (max-width: 1520px) 100vw, 1520px\" \/><\/a><p id=\"caption-attachment-12016\" class=\"wp-caption-text\">Valencia \u2013 Malvarrosa<\/p><\/div>\n<h3 data-start=\"3745\" data-end=\"3767\"><span class=\"ez-toc-section\" id=\"Marina_de_Valencia\"><\/span>Marina de Valencia<span class=\"ez-toc-section-end\"><\/span><\/h3>\n<p data-start=\"3768\" data-end=\"3841\">Marina de Valencia je modern\u00fd pr\u00edstav vhodn\u00fd na prech\u00e1dzky, cyklistiku, ve\u010deru alebo lodn\u00fd v\u00fdlet. Je pr\u00edjemn\u00fdm v\u00fdletn\u00fdm cie\u013eom kedyko\u013evek po\u010das roka. V hlavnej sez\u00f3ne v\u0161ak po\u010d\u00edtajte s t\u00fdm, \u017ee to tu pomerne \u017eije a v re\u0161taur\u00e1ci\u00e1ch je potrebn\u00e9 ma\u0165 rezerv\u00e1ciu.<\/p>\n<hr \/>\n<h2 data-start=\"3848\" data-end=\"3868\"><span class=\"ez-toc-section\" id=\"Muzea_vo_Valencii\"><\/span>M\u00faze\u00e1 vo Valencii<span class=\"ez-toc-section-end\"><\/span><\/h2>\n<p data-start=\"3870\" data-end=\"3904\">Ver\u00edm, \u017ee Valencia pote\u0161\u00ed aj milovn\u00edkov m\u00faze\u00ed. Nav\u0161t\u00edvi\u0165 m\u00f4\u017eete napr\u00edklad tieto:<\/p>\n<ul>\n<li data-start=\"3907\" data-end=\"3966\"><strong data-start=\"3907\" data-end=\"3931\">Archeologick\u00e9 m\u00fazeum \u2013 <\/strong>hist\u00f3ria mesta od r\u00edmskych \u010dias<\/li>\n<li data-start=\"3969\" data-end=\"4032\"><strong data-start=\"3969\" data-end=\"3996\">M\u00fazeum v\u00fdtvarn\u00e9ho umenia<\/strong> \u2013 jedno z najv\u00e4\u010d\u0161\u00edch v \u0160panielsku<\/li>\n<li data-start=\"4035\" data-end=\"4068\"><strong data-start=\"4035\" data-end=\"4066\">Interakt\u00edvne vedeck\u00e9 m\u00fazeum \u2013<\/strong> ide\u00e1lne pre deti aj dospel\u00fdch<\/li>\n<li data-start=\"4071\" data-end=\"4092\"><strong data-start=\"4071\" data-end=\"4090\">M\u00fazeum keramiky \u2013 <\/strong>o\u010dar\u00ed v\u00e1s expoz\u00edcia aj samotn\u00e9 interi\u00e9ry<\/li>\n<\/ul>\n<hr \/>\n<h2 data-start=\"4235\" data-end=\"4255\"><span class=\"ez-toc-section\" id=\"Mesto_umeni_a_vied_Valencia\"><\/span>Mesto umen\u00ed a vied Valencia<span class=\"ez-toc-section-end\"><\/span><\/h2>\n<p data-start=\"4257\" data-end=\"4341\">Ultramodern\u00fd komplex budov obklopen\u00fdch vodn\u00fdmi plochami je bezpochyby jeden z modern\u00fdch symbolov Valencie. Ur\u010dite odpor\u00fa\u010dam nav\u0161t\u00edvi\u0165. Toto modern\u00e9 futuristick\u00e9 centrum je ob\u013e\u00faben\u00fdm v\u00fdletn\u00fdm cie\u013eom mnoh\u00fdch turistov, a preto odpor\u00fa\u010dam rezervova\u0165 si vstupenky dopredu.<\/p>\n<div id=\"attachment_12020\" style=\"width: 1930px\" class=\"wp-caption aligncenter\"><a href=\"https:\/\/www.dovolenkarka.cz\/sk\/valencia-sprievodca\/valencia-1049399_1920\/\" rel=\"attachment wp-att-12020\"><img loading=\"lazy\" decoding=\"async\" aria-describedby=\"caption-attachment-12020\" class=\"size-full wp-image-12020\" src=\"https:\/\/www.dovolenkarka.cz\/wp-content\/uploads\/2026\/01\/valencia-1049399_1920.jpg\" alt=\"Valencia \u2013 Mesto umen\u00ed a vied \" width=\"1920\" height=\"1280\" srcset=\"https:\/\/www.dovolenkarka.cz\/wp-content\/uploads\/2026\/01\/valencia-1049399_1920.jpg 1920w, https:\/\/www.dovolenkarka.cz\/wp-content\/uploads\/2026\/01\/valencia-1049399_1920-768x512.jpg 768w\" sizes=\"auto, (max-width: 1920px) 100vw, 1920px\" \/><\/a><p id=\"caption-attachment-12020\" class=\"wp-caption-text\">Valencia \u2013 Mesto umen\u00ed a vied<\/p><\/div>\n<h3 data-start=\"4343\" data-end=\"4364\"><span class=\"ez-toc-section\" id=\"Najvacsie_lakadla\"><\/span>Najv\u00e4\u010d\u0161ie l\u00e1kadl\u00e1:<span class=\"ez-toc-section-end\"><\/span><\/h3>\n<ul data-start=\"4365\" data-end=\"4453\">\n<li data-start=\"4365\" data-end=\"4414\">\n<p data-start=\"4367\" data-end=\"4414\"><strong data-start=\"4367\" data-end=\"4383\">Oceanogr\u00e0fic<\/strong> \u2013 najv\u00e4\u010d\u0161ie akv\u00e1rium v Eur\u00f3pe<\/p>\n<\/li>\n<li data-start=\"4415\" data-end=\"4437\">\n<p data-start=\"4417\" data-end=\"4437\"><strong data-start=\"4417\" data-end=\"4435\">Vedeck\u00e9 m\u00fazeum<\/strong><\/p>\n<\/li>\n<li data-start=\"4438\" data-end=\"4453\">\n<p data-start=\"4440\" data-end=\"4453\"><strong data-start=\"4440\" data-end=\"4451\">3D kino<\/strong><\/p>\n<\/li>\n<\/ul>\n<div id=\"attachment_12019\" style=\"width: 1930px\" class=\"wp-caption aligncenter\"><a href=\"https:\/\/www.dovolenkarka.cz\/sk\/valencia-sprievodca\/valencia-1049389_1920\/\" rel=\"attachment wp-att-12019\"><img loading=\"lazy\" decoding=\"async\" aria-describedby=\"caption-attachment-12019\" class=\"size-full wp-image-12019\" src=\"https:\/\/www.dovolenkarka.cz\/wp-content\/uploads\/2026\/01\/valencia-1049389_1920.jpg\" alt=\"Valencia \u2013 Mesto umen\u00ed a vied \" width=\"1920\" height=\"1280\" srcset=\"https:\/\/www.dovolenkarka.cz\/wp-content\/uploads\/2026\/01\/valencia-1049389_1920.jpg 1920w, https:\/\/www.dovolenkarka.cz\/wp-content\/uploads\/2026\/01\/valencia-1049389_1920-768x512.jpg 768w\" sizes=\"auto, (max-width: 1920px) 100vw, 1920px\" \/><\/a><p id=\"caption-attachment-12019\" class=\"wp-caption-text\">Valencia \u2013 Mesto umen\u00ed a vied<\/p><\/div>\n<hr \/>\n<h2 data-start=\"3973\" data-end=\"4006\"><span class=\"ez-toc-section\" id=\"Park_Turia_%E2%80%93_Valencia\"><\/span>Park T\u00faria \u2013 Valencia<span class=\"ez-toc-section-end\"><\/span><\/h2>\n<p data-start=\"4008\" data-end=\"4098\">B\u00fdval\u00e9 koryto rieky, dnes dev\u00e4\u0165kilometrov\u00fd park pret\u00ednaj\u00faci cel\u00e9 mesto. Ide\u00e1lne miesto na cyklistiku a beh, ale aj na piknik a pr\u00edjemn\u00fd odpo\u010dinok v pr\u00edrode. Parkom vedie asi 18 mostov a nach\u00e1dza sa tu aj modern\u00fd architektonick\u00fd skvost Valencie.<\/p>\n<div id=\"attachment_12021\" style=\"width: 1350px\" class=\"wp-caption aligncenter\"><a href=\"https:\/\/www.dovolenkarka.cz\/sk\/valencia-sprievodca\/screenshot-42\/\" rel=\"attachment wp-att-12021\"><img loading=\"lazy\" decoding=\"async\" aria-describedby=\"caption-attachment-12021\" class=\"size-full wp-image-12021\" src=\"https:\/\/www.dovolenkarka.cz\/wp-content\/uploads\/2026\/01\/Snimek-obrazovky-2026-01-05-v-172613.jpeg\" alt=\"Valencia\" width=\"1340\" height=\"815\" srcset=\"https:\/\/www.dovolenkarka.cz\/wp-content\/uploads\/2026\/01\/Snimek-obrazovky-2026-01-05-v-172613.jpeg 1340w, https:\/\/www.dovolenkarka.cz\/wp-content\/uploads\/2026\/01\/Snimek-obrazovky-2026-01-05-v-172613-768x467.jpeg 768w\" sizes=\"auto, (max-width: 1340px) 100vw, 1340px\" \/><\/a><p id=\"caption-attachment-12021\" class=\"wp-caption-text\">Valencia<\/p><\/div>\n<hr \/>\n<h2 data-start=\"3747\" data-end=\"3787\"><span class=\"ez-toc-section\" id=\"Najkrajsia_vyhliadka_%E2%80%93_Valencia_Torres_de_Serranos\"><\/span>Najkraj\u0161ia vyhliadka &#8211; Valencia: Torres de Serranos<span class=\"ez-toc-section-end\"><\/span><\/h2>\n<p data-start=\"3789\" data-end=\"3966\">Torres de Serranos je jednou z p\u00f4vodn\u00fdch mestsk\u00fdch br\u00e1n. Za mal\u00e9 vstupn\u00e9 sa dostanete a\u017e na vrchol, odkia\u013e je jeden z najlep\u0161\u00edch v\u00fdh\u013eadov na historick\u00e9 centrum Valencie na jednej strane a na druhej strane na park.<\/p>\n<div id=\"attachment_12022\" style=\"width: 1596px\" class=\"wp-caption aligncenter\"><a href=\"https:\/\/www.dovolenkarka.cz\/sk\/valencia-sprievodca\/screenshot-43\/\" rel=\"attachment wp-att-12022\"><img loading=\"lazy\" decoding=\"async\" aria-describedby=\"caption-attachment-12022\" class=\"size-full wp-image-12022\" src=\"https:\/\/www.dovolenkarka.cz\/wp-content\/uploads\/2026\/01\/Snimek-obrazovky-2026-01-05-v-172524.jpeg\" alt=\"Valencia\" width=\"1586\" height=\"1034\" srcset=\"https:\/\/www.dovolenkarka.cz\/wp-content\/uploads\/2026\/01\/Snimek-obrazovky-2026-01-05-v-172524.jpeg 1586w, https:\/\/www.dovolenkarka.cz\/wp-content\/uploads\/2026\/01\/Snimek-obrazovky-2026-01-05-v-172524-768x500.jpeg 768w, https:\/\/www.dovolenkarka.cz\/wp-content\/uploads\/2026\/01\/Snimek-obrazovky-2026-01-05-v-172524-265x174.jpeg 265w\" sizes=\"auto, (max-width: 1586px) 100vw, 1586px\" \/><\/a><p id=\"caption-attachment-12022\" class=\"wp-caption-text\">Valencia<\/p><\/div>\n<hr \/>\n<p data-start=\"3789\" data-end=\"3966\"><span style=\"color: #000000;\"><strong>Mohlo by v\u00e1s tie\u017e zauj\u00edma\u0165: <\/strong><\/span><\/p>\n<ul>\n<li data-start=\"3789\" data-end=\"3966\"><span style=\"color: #008000;\"><strong><a style=\"color: #008000;\" href=\"https:\/\/www.dovolenkarka.cz\/sk\/vikend-v-barcelone-itinerar-na-4-dni-plne-skvelych-zazitkov-2026\/\" target=\"_blank\" rel=\"noopener\">V\u00edkend v Barcelone: Itiner\u00e1r na 4 dni <\/a><\/strong><\/span><\/li>\n<li data-start=\"3789\" data-end=\"3966\"><span style=\"color: #008000;\"><strong><a style=\"color: #008000;\" href=\"https:\/\/www.dovolenkarka.cz\/sk\/dovolenka-v-barcelone-2026-11-miest-ktore-tu-nevynechat\/\" target=\"_blank\" rel=\"noopener\">Dovolenka v Barcelone: 11 miest, ktor\u00e9 tu nevynecha\u0165<\/a><\/strong><\/span><\/li>\n<li data-start=\"3789\" data-end=\"3966\"><span style=\"color: #008000;\"><strong><a style=\"color: #008000;\" href=\"https:\/\/www.dovolenkarka.cz\/sk\/7-tipov-na-luxusne-hotely-v-barcelone-so-stresnou-terasou-a-vyhladom\/\" target=\"_blank\" rel=\"noopener\">7 tipov na luxusn\u00e9 hotely so stre\u0161nou terasou v Barcelone<\/a><\/strong><\/span><\/li>\n<\/ul>\n<hr \/>\n<h2 data-start=\"3408\" data-end=\"3458\"><span class=\"ez-toc-section\" id=\"Tipy_na_stvrte_mimo_centra_Valencie\"><\/span>Tipy na \u0161tvrte mimo centra Valencie<span class=\"ez-toc-section-end\"><\/span><\/h2>\n<h3 data-start=\"3460\" data-end=\"3470\"><span class=\"ez-toc-section\" id=\"Ruzafa\"><\/span>Ruzafa<span class=\"ez-toc-section-end\"><\/span><\/h3>\n<p data-start=\"3471\" data-end=\"3627\">Ruzafa je popul\u00e1rna \u0161tvr\u0165 pln\u00e1 kaviarn\u00ed, barov a re\u0161taur\u00e1ci\u00ed. Naj\u017eiv\u0161ia je ve\u010der, hlavne v piatok a sobotu. Ak chcete ve\u010dera\u0165 v popul\u00e1rnom podniku, rezerv\u00e1cia je tu nutnos\u0165ou.<\/p>\n<h3 data-start=\"3629\" data-end=\"3650\"><span class=\"ez-toc-section\" id=\"Barrio_del_Carmen\"><\/span>Barrio del Carmen<span class=\"ez-toc-section-end\"><\/span><\/h3>\n<p data-start=\"3651\" data-end=\"3740\">Barrio del Carmen je zn\u00e1ma boh\u00e9mska \u010das\u0165 mesta s umeleckou du\u0161ou, stredovekou architekt\u00farou a historick\u00fdmi pamiatkami. Ak m\u00e1te radi umenie, toto miesto nevynechajte. Oplat\u00ed sa tu h\u013eada\u0165 aj ubytovanie vo Valencii, ak chcete b\u00fdva\u0165 mimo hlavn\u00e9ho centra mesta.<\/p>\n<hr \/>\n<h2 data-start=\"4497\" data-end=\"4537\"><span class=\"ez-toc-section\" id=\"Jednodenny_vylet_do_Montanejos\"><\/span>Jednodenn\u00fd v\u00fdlet do Montanejos<span class=\"ez-toc-section-end\"><\/span><\/h2>\n<p data-start=\"4539\" data-end=\"4602\">Ak pl\u00e1nujete vo Valencii dlh\u0161iu dovolenku, odpor\u00fa\u010dam vyda\u0165 sa aj za mesto. Napr\u00edklad do Montanejos, \u010do je horsk\u00e1 oblas\u0165 s ka\u0148onmi a term\u00e1lnymi jazierkami. Ide\u00e1lny v\u00fdlet pre nen\u00e1ro\u010dn\u00fa turistiku, ke\u010f chcete unikn\u00fa\u0165 z mesta. Pote\u0161\u00ed v\u00e1s aj k\u00fapanie v pr\u00edrodn\u00fdch baz\u00e9noch.<\/p>\n<div id=\"attachment_12024\" style=\"width: 1930px\" class=\"wp-caption aligncenter\"><a href=\"https:\/\/www.dovolenkarka.cz\/sk\/valencia-sprievodca\/nature-6811796_1920\/\" rel=\"attachment wp-att-12024\"><img loading=\"lazy\" decoding=\"async\" aria-describedby=\"caption-attachment-12024\" class=\"size-full wp-image-12024\" src=\"https:\/\/www.dovolenkarka.cz\/wp-content\/uploads\/2026\/01\/nature-6811796_1920.jpg\" alt=\"Montanejos\" width=\"1920\" height=\"1440\" srcset=\"https:\/\/www.dovolenkarka.cz\/wp-content\/uploads\/2026\/01\/nature-6811796_1920.jpg 1920w, https:\/\/www.dovolenkarka.cz\/wp-content\/uploads\/2026\/01\/nature-6811796_1920-768x576.jpg 768w\" sizes=\"auto, (max-width: 1920px) 100vw, 1920px\" \/><\/a><p id=\"caption-attachment-12024\" class=\"wp-caption-text\">Montanejos<\/p><\/div>\n<p data-start=\"4539\" data-end=\"4602\"><span style=\"color: #000000;\"><strong>M\u00f4j tip do Montanejos: <\/strong><\/span><\/p>\n<ul>\n<li data-start=\"3651\" data-end=\"3740\">V\u00fdlet sme za\u010dali kr\u00e1snou pe\u0161ou t\u00farou pozd\u013a\u017e rieky a do h\u00f4r. Potom sme mali dostatok vo\u013en\u00e9ho \u010dasu na k\u00fapanie v term\u00e1lnych baz\u00e9noch. Viem si ale predstavi\u0165, \u017ee by sme vynechali prech\u00e1dzku a pri\u0161li sa sem len vyk\u00fapa\u0165 do term\u00e1lov.<\/li>\n<li data-start=\"3651\" data-end=\"3740\">N\u00e1jdite si na mape term\u00e1ly, kde sme sa k\u00fapali my: <em>Fuente de los Ba\u00f1os<\/em><\/li>\n<\/ul>\n<hr \/>\n<h2><span class=\"ez-toc-section\" id=\"Valencia_%E2%80%93_doprava\"><\/span>Valencia \u2013 doprava<span class=\"ez-toc-section-end\"><\/span><\/h2>\n<p>Valencia je rovinat\u00e1 a m\u00e1 cez 150 kilometrov cyklotr\u00e1s. Doprava na bicykli je tak najlacnej\u0161ia a z\u00e1rove\u0148 najr\u00fdchlej\u0161ia, ak si vyberiete ubytovanie vo Valencii. Odpor\u00fa\u010dam zapo\u017ei\u010da\u0165 si miestne zdie\u013ean\u00e9 bicykle \u2013 Valenbisi.<\/p>\n<p>Alternat\u00edvou k cyklistike je miestna MHD \u2013 autobusy EMT a metro.<\/p>\n<p>Ak sa vyd\u00e1vate za mesto, odpor\u00fa\u010dam vlak \u010di zapo\u017ei\u010danie auta.<\/p>\n<hr \/>\n<p>Valencia je jedno z najkraj\u0161\u00edch miest v \u0160panielsku. Pon\u00faka pamiatky, more, pr\u00edrodu aj modern\u00fa architekt\u00faru, a to v\u0161etko bez extr\u00e9mnych davov turistov. Ak h\u013ead\u00e1te destin\u00e1ciu, ktor\u00e1 kombinuje pobyt v meste, pl\u00e1\u017ee a autentick\u00fa atmosf\u00e9ru, Valencia je v\u00fdborn\u00e1 vo\u013eba.<\/p>\n<hr \/>\n<p style=\"text-align: center;\"><span style=\"color: #000000;\"><strong>P\u00e1\u010dil sa v\u00e1m m\u00f4j \u010dl\u00e1nok s tipmi na v\u00fdlety a ubytovanie vo Valencii? Ulo\u017ete si ho aj na Pintereste: <\/strong><\/span><\/p>\n<p>&nbsp;<\/p>\n","protected":false},"excerpt":{"rendered":"<p>Valencia sprievodca (nielen) na 4 dni: \u010co vidie\u0165 a kde sa ubytova\u0165 Valencia patr\u00ed pod\u013ea m\u0148a medzi najpr\u00edjemnej\u0161ie \u0161panielske mest\u00e1 na cestovanie. Le\u017e\u00ed na pobre\u017e\u00ed Stredozemn\u00e9ho mora a hoci je tret\u00edm najv\u00e4\u010d\u0161\u00edm mestom krajiny, zachov\u00e1va si st\u00e1le uvo\u013enen\u00fa atmosf\u00e9ru bez pre\u013eudnen\u00fdch ul\u00edc, typick\u00fdch pre Barcelonu alebo Madrid. Pon\u00faka ide\u00e1lnu kombin\u00e1ciu hist\u00f3rie, modernej architekt\u00fary, pl\u00e1\u017e\u00ed aj skvelej gastron\u00f3mie. Nadchn\u00fa v\u00e1s aj ubytovanie vo Valencii. V tomto sprievodcovi n\u00e1jdete to najlep\u0161ie, \u010do odpor\u00fa\u010dam vo Valencii vidie\u0165 a za\u017ei\u0165, od pamiatok, cez \u0161tvrte a parky, a\u017e po tipy na v\u00fdlety a praktick\u00e9 rady, vr\u00e1tane tipov na ubytovanie. Ubytovanie vo Valencii Ubytovania vo Valencii <\/p>\n","protected":false},"author":1,"featured_media":13291,"comment_status":"closed","ping_status":"closed","sticky":false,"template":"","format":"standard","meta":{"footnotes":""},"categories":[5280],"tags":[5282,5281,5284,5283],"class_list":["post-13289","post","type-post","status-publish","format-standard","has-post-thumbnail","hentry","category-spanielsko","tag-ubytovanie-vo-valencii","tag-valencia","tag-valencia-sprievodca","tag-vikend-vo-valencii","has_thumb"],"aioseo_notices":[],"_links":{"self":[{"href":"https:\/\/www.dovolenkarka.cz\/sk\/wp-json\/wp\/v2\/posts\/13289","targetHints":{"allow":["GET"]}}],"collection":[{"href":"https:\/\/www.dovolenkarka.cz\/sk\/wp-json\/wp\/v2\/posts"}],"about":[{"href":"https:\/\/www.dovolenkarka.cz\/sk\/wp-json\/wp\/v2\/types\/post"}],"author":[{"embeddable":true,"href":"https:\/\/www.dovolenkarka.cz\/sk\/wp-json\/wp\/v2\/users\/1"}],"replies":[{"embeddable":true,"href":"https:\/\/www.dovolenkarka.cz\/sk\/wp-json\/wp\/v2\/comments?post=13289"}],"version-history":[{"count":2,"href":"https:\/\/www.dovolenkarka.cz\/sk\/wp-json\/wp\/v2\/posts\/13289\/revisions"}],"predecessor-version":[{"id":13331,"href":"https:\/\/www.dovolenkarka.cz\/sk\/wp-json\/wp\/v2\/posts\/13289\/revisions\/13331"}],"wp:featuredmedia":[{"embeddable":true,"href":"https:\/\/www.dovolenkarka.cz\/sk\/wp-json\/wp\/v2\/media\/13291"}],"wp:attachment":[{"href":"https:\/\/www.dovolenkarka.cz\/sk\/wp-json\/wp\/v2\/media?parent=13289"}],"wp:term":[{"taxonomy":"category","embeddable":true,"href":"https:\/\/www.dovolenkarka.cz\/sk\/wp-json\/wp\/v2\/categories?post=13289"},{"taxonomy":"post_tag","embeddable":true,"href":"https:\/\/www.dovolenkarka.cz\/sk\/wp-json\/wp\/v2\/tags?post=13289"}],"curies":[{"name":"wp","href":"https:\/\/api.w.org\/{rel}","templated":true}]}}