{"id":13403,"date":"2024-05-24T09:05:03","date_gmt":"2024-05-24T07:05:03","guid":{"rendered":"https:\/\/www.dovolenkarka.cz\/7-tipov-na-vylety-pri-attersee\/"},"modified":"2026-02-07T15:52:39","modified_gmt":"2026-02-07T14:52:39","slug":"vylety-pri-attersee","status":"publish","type":"post","link":"https:\/\/www.dovolenkarka.cz\/sk\/vylety-pri-attersee\/","title":{"rendered":"7 tipov na v\u00fdlety pri Attersee"},"content":{"rendered":"<p>H\u013ead\u00e1te, kam sa vyberiete na v\u00fdlety pri Attersee? Predpoklad\u00e1m, \u017ee ste tu na dovolenke a okrem samotn\u00e9ho jazera by ste radi videli a za\u017eili aj \u010fal\u0161ie kr\u00e1sne miesta v okol\u00ed. Potom som pr\u00e1ve pre v\u00e1s pripravila dne\u0161n\u00fd \u010dl\u00e1nok s overen\u00fdmi tipmi do Rak\u00faska. Ver\u00edm, \u017ee to svoje si tu n\u00e1jde naozaj ka\u017ed\u00fd. Z\u00e1rove\u0148 pre v\u00e1s m\u00e1m aj p\u00e1r &#8222;mokr\u00fdch&#8220; variantov pre pr\u00edpad, \u017ee v\u00e1s po\u010das dovolenky zastihne d\u00e1\u017e\u010f. Po\u010fme sa teda na moje ob\u013e\u00faben\u00e9 tipy na v\u00fdlety pri Attersee pozrie\u0165.<\/p>\n<div id=\"ez-toc-container\" class=\"ez-toc-v2_0_82_2 counter-hierarchy ez-toc-counter ez-toc-grey ez-toc-container-direction\">\n<div class=\"ez-toc-title-container\">\n<p class=\"ez-toc-title\" style=\"cursor:inherit\">Obsah \u010dl\u00e1nku:<\/p>\n<span class=\"ez-toc-title-toggle\"><a href=\"#\" class=\"ez-toc-pull-right ez-toc-btn ez-toc-btn-xs ez-toc-btn-default ez-toc-toggle\" aria-label=\"Toggle Table of Content\"><span class=\"ez-toc-js-icon-con\"><span class=\"\"><span class=\"eztoc-hide\" style=\"display:none;\">Toggle<\/span><span class=\"ez-toc-icon-toggle-span\"><svg style=\"fill: #999;color:#999\" xmlns=\"http:\/\/www.w3.org\/2000\/svg\" class=\"list-377408\" width=\"20px\" height=\"20px\" viewBox=\"0 0 24 24\" fill=\"none\"><path d=\"M6 6H4v2h2V6zm14 0H8v2h12V6zM4 11h2v2H4v-2zm16 0H8v2h12v-2zM4 16h2v2H4v-2zm16 0H8v2h12v-2z\" fill=\"currentColor\"><\/path><\/svg><svg style=\"fill: #999;color:#999\" class=\"arrow-unsorted-368013\" xmlns=\"http:\/\/www.w3.org\/2000\/svg\" width=\"10px\" height=\"10px\" viewBox=\"0 0 24 24\" version=\"1.2\" baseProfile=\"tiny\"><path d=\"M18.2 9.3l-6.2-6.3-6.2 6.3c-.2.2-.3.4-.3.7s.1.5.3.7c.2.2.4.3.7.3h11c.3 0 .5-.1.7-.3.2-.2.3-.5.3-.7s-.1-.5-.3-.7zM5.8 14.7l6.2 6.3 6.2-6.3c.2-.2.3-.5.3-.7s-.1-.5-.3-.7c-.2-.2-.4-.3-.7-.3h-11c-.3 0-.5.1-.7.3-.2.2-.3.5-.3.7s.1.5.3.7z\"\/><\/svg><\/span><\/span><\/span><\/a><\/span><\/div>\n<nav><ul class='ez-toc-list ez-toc-list-level-1 ' ><li class='ez-toc-page-1 ez-toc-heading-level-2'><a class=\"ez-toc-link ez-toc-heading-1\" href=\"https:\/\/www.dovolenkarka.cz\/sk\/vylety-pri-attersee\/#Jazero_Attersee\" >Jazero Attersee<\/a><\/li><li class='ez-toc-page-1 ez-toc-heading-level-2'><a class=\"ez-toc-link ez-toc-heading-2\" href=\"https:\/\/www.dovolenkarka.cz\/sk\/vylety-pri-attersee\/#Ubytovanie_pri_Attersee\" >Ubytovanie pri Attersee<\/a><ul class='ez-toc-list-level-3' ><li class='ez-toc-heading-level-3'><a class=\"ez-toc-link ez-toc-heading-3\" href=\"https:\/\/www.dovolenkarka.cz\/sk\/vylety-pri-attersee\/#Ferienhof_Margarethengut_4\" >Ferienhof Margarethengut 4*<\/a><\/li><\/ul><\/li><li class='ez-toc-page-1 ez-toc-heading-level-2'><a class=\"ez-toc-link ez-toc-heading-4\" href=\"https:\/\/www.dovolenkarka.cz\/sk\/vylety-pri-attersee\/#Vylety_pri_Attersee\" >V\u00fdlety pri Attersee<\/a><ul class='ez-toc-list-level-3' ><li class='ez-toc-heading-level-3'><a class=\"ez-toc-link ez-toc-heading-5\" href=\"https:\/\/www.dovolenkarka.cz\/sk\/vylety-pri-attersee\/#Jazero_Mondsee\" >Jazero Mondsee<\/a><\/li><li class='ez-toc-page-1 ez-toc-heading-level-3'><a class=\"ez-toc-link ez-toc-heading-6\" href=\"https:\/\/www.dovolenkarka.cz\/sk\/vylety-pri-attersee\/#Jazero_Traunsee\" >Jazero Traunsee<\/a><\/li><li class='ez-toc-page-1 ez-toc-heading-level-3'><a class=\"ez-toc-link ez-toc-heading-7\" href=\"https:\/\/www.dovolenkarka.cz\/sk\/vylety-pri-attersee\/#Jazera_Langbathseen\" >Jazer\u00e1 Langbathseen<\/a><\/li><li class='ez-toc-page-1 ez-toc-heading-level-3'><a class=\"ez-toc-link ez-toc-heading-8\" href=\"https:\/\/www.dovolenkarka.cz\/sk\/vylety-pri-attersee\/#Jazero_Wolfgangsee\" >Jazero Wolfgangsee<\/a><\/li><li class='ez-toc-page-1 ez-toc-heading-level-3'><a class=\"ez-toc-link ez-toc-heading-9\" href=\"https:\/\/www.dovolenkarka.cz\/sk\/vylety-pri-attersee\/#Hallstatt_Vylety_pri_Attersee\" >Hallstatt \/ V\u00fdlety pri Attersee<\/a><\/li><li class='ez-toc-page-1 ez-toc-heading-level-3'><a class=\"ez-toc-link ez-toc-heading-10\" href=\"https:\/\/www.dovolenkarka.cz\/sk\/vylety-pri-attersee\/#Salzburg_Vylety_pri_Attersee\" >Salzburg \/ V\u00fdlety pri Attersee<\/a><\/li><li class='ez-toc-page-1 ez-toc-heading-level-3'><a class=\"ez-toc-link ez-toc-heading-11\" href=\"https:\/\/www.dovolenkarka.cz\/sk\/vylety-pri-attersee\/#Bad_Ischl_Vylety_pri_Attersee\" >Bad Ischl \/ V\u00fdlety pri Attersee<\/a><\/li><\/ul><\/li><\/ul><\/nav><\/div>\n<h2><span class=\"ez-toc-section\" id=\"Jazero_Attersee\"><\/span>Jazero Attersee<span class=\"ez-toc-section-end\"><\/span><\/h2>\n<p>Najprv si ale povieme nie\u010do m\u00e1lo k samotn\u00e9mu Attersee. Jazero je najv\u00e4\u010d\u0161ie v rak\u00faskom regi\u00f3ne Salzkammergut, l\u00e1ka n\u00e1v\u0161tevn\u00edkov svojou kri\u0161t\u00e1\u013eovo \u010distou vodou a malebn\u00fdm okol\u00edm. S plochou 47 km\u00b2 a h\u013abkou a\u017e 171 metrov je ide\u00e1lnym miestom pre milovn\u00edkov vodn\u00fdch \u0161portov, ako je pl\u00e1vanie, windsurfing, kitesurfing a jachting.<\/p>\n<p>Osobne sem radi chod\u00edme v letn\u00fdch mesiacoch na paddleboard. V\u010faka svojej vynikaj\u00facej vidite\u013enosti pod vodou je tie\u017e ob\u013e\u00faben\u00fdm cie\u013eom pre pot\u00e1pa\u010dov, ktor\u00ed tu m\u00f4\u017eu objavova\u0165 podmorsk\u00fd svet pln\u00fd fascinuj\u00facej fauny a fl\u00f3ry. Stru\u010dne povedan\u00e9, Attersee pon\u00faka perfektn\u00fa kombin\u00e1ciu \u0161portov\u00fdch aktiv\u00edt a pr\u00edle\u017eitost\u00ed na relax\u00e1ciu na jeho brehoch.<\/p>\n<blockquote>\n<p style=\"text-align: center;\"><span style=\"color: #008000;\"><strong style=\"color: #008000;\"><a style=\"color: #008000;\" href=\"https:\/\/www.booking.com\/searchresults.en.html?region=2764&amp;aid=347511&amp;no_rooms=1&amp;group_adults=2\" target=\"_blank\" rel=\"noopener\">&gt;&gt; TOP 10 UBYTOVAN\u00cd PRI ATTERSEE TU &lt;&lt; <\/a><\/strong><\/span><\/p>\n<\/blockquote>\n<div id=\"attachment_8389\" style=\"width: 1930px\" class=\"wp-caption aligncenter\"><a href=\"https:\/\/www.booking.com\/searchresults.en.html?region=2764&amp;aid=347511&amp;no_rooms=1&amp;group_adults=2\" target=\"_blank\" rel=\"noopener\"><img loading=\"lazy\" decoding=\"async\" aria-describedby=\"caption-attachment-8389\" class=\"size-full wp-image-8389\" src=\"https:\/\/www.dovolenkarka.cz\/wp-content\/uploads\/2024\/05\/lake-atter-8370270_1920.jpg\" alt=\"V\u00fdlety pri Attersee\" width=\"1920\" height=\"1164\" srcset=\"https:\/\/www.dovolenkarka.cz\/wp-content\/uploads\/2024\/05\/lake-atter-8370270_1920.jpg 1920w, https:\/\/www.dovolenkarka.cz\/wp-content\/uploads\/2024\/05\/lake-atter-8370270_1920-768x465.jpg 768w\" sizes=\"auto, (max-width: 1920px) 100vw, 1920px\" \/><\/a><p id=\"caption-attachment-8389\" class=\"wp-caption-text\">V\u00fdlety pri Attersee \/ Rak\u00faske jazer\u00e1<\/p><\/div>\n<p>Okolie Attersee je rajom pre turistov a cyklistov, ktor\u00ed m\u00f4\u017eu vyu\u017ei\u0165 rozsiahlu sie\u0165 chodn\u00edkov ved\u00facich okolo jazera aj do okolit\u00fdch h\u00f4r. Jedna z najob\u013e\u00fabenej\u0161\u00edch tr\u00e1s vedie okolo cel\u00e9ho jazera a pon\u00faka \u00fachvatn\u00e9 v\u00fdh\u013eady na alpsk\u00fa krajinu. Po\u010das svojich v\u00fdletov m\u00f4\u017eu dovolenk\u00e1ri v\u0161etk\u00fdch vekov\u00fdch kateg\u00f3ri\u00ed objavova\u0165 p\u00f4vabn\u00e9 dedinky, ako je Seewalchen alebo Attersee am Attersee a \u010fal\u0161ie.<\/p>\n<p>Odpor\u00fa\u010dam zastavi\u0165 sa v niektorej z miestnych re\u0161taur\u00e1ci\u00ed a ochutna\u0165 skvele pripraven\u00e9 pstruhy \u010di sivo\u0148ov, ktor\u00e9 patria medzi naj\u010dastej\u0161ie \u00falovky v jazere. Okrem pr\u00edrodn\u00fdch kr\u00e1s a \u0161portov\u00fdch aktiv\u00edt pon\u00faka Attersee aj bohat\u00e9 kult\u00farne z\u00e1\u017eitky.<\/p>\n<hr \/>\n<h2><span class=\"ez-toc-section\" id=\"Ubytovanie_pri_Attersee\"><\/span>Ubytovanie pri Attersee<span class=\"ez-toc-section-end\"><\/span><\/h2>\n<p>Okolo Attersee n\u00e1jdete <span style=\"color: #008000;\"><a style=\"color: #008000;\" href=\"https:\/\/www.booking.com\/searchresults.en.html?region=2764&amp;aid=347511&amp;no_rooms=1&amp;group_adults=2\" target=\"_blank\" rel=\"noopener\">ve\u013ea pekn\u00fdch ubytovan\u00ed<\/a><\/span>. Tie, ktor\u00e9 maj\u00fa pr\u00edstup k jazeru, alebo maj\u00fa dychber\u00face v\u00fdh\u013eady, b\u00fdvaj\u00fa skoro rezervovan\u00e9. Odpor\u00fa\u010dam s rezerv\u00e1ciami neot\u00e1\u013ea\u0165. Nechajte sa in\u0161pirova\u0165 na\u0161\u00edm osobn\u00fdm tipom, pr\u00edpadne si <span style=\"color: #008000;\"><a style=\"color: #008000;\" href=\"https:\/\/www.booking.com\/searchresults.en.html?region=2764&amp;aid=347511&amp;no_rooms=1&amp;group_adults=2\" target=\"_blank\" rel=\"noopener\">vyh\u013eadajte ubytovanie pod\u013ea vlastn\u00fdch predst\u00e1v a po\u017eiadaviek.<\/a><\/span><\/p>\n<h3 class=\"a4ac75716e f546354b44 cc045b173b\" style=\"text-align: center;\"><span class=\"ez-toc-section\" id=\"Ferienhof_Margarethengut_4\"><\/span><span style=\"color: #000000;\"><strong><a style=\"color: #000000;\" href=\"https:\/\/booking.stay22.com\/dovolenkarka\/7nzDoI_YYY\" target=\"_blank\" rel=\"noopener\">Ferienhof Margarethengut 4* <\/a><\/strong><\/span><span class=\"ez-toc-section-end\"><\/span><\/h3>\n<p style=\"text-align: center;\"><span style=\"color: #008000;\"><a style=\"color: #008000;\" href=\"https:\/\/booking.stay22.com\/dovolenkarka\/7nzDoI_YYY\" target=\"_blank\" rel=\"noopener\"><strong><em>&gt;&gt; Overi\u0165 dostupnos\u0165 a rezervova\u0165 pobyt TU<\/em><\/strong><\/a><\/span><\/p>\n<div id=\"attachment_10490\" style=\"width: 677px\" class=\"wp-caption aligncenter\"><a href=\"https:\/\/booking.stay22.com\/dovolenkarka\/7nzDoI_YYY\" target=\"_blank\" rel=\"noopener\"><img loading=\"lazy\" decoding=\"async\" aria-describedby=\"caption-attachment-10490\" class=\"size-large wp-image-10490\" src=\"https:\/\/www.dovolenkarka.cz\/wp-content\/uploads\/2024\/05\/Obrazek-29-1200x630.jpg\" alt=\"Ubytovanie pri Attersee - Ferienhof Margarethengut\" width=\"667\" height=\"350\" \/><\/a><p id=\"caption-attachment-10490\" class=\"wp-caption-text\">Ferienhof Margarethengut &#8211; Attersee<\/p><\/div>\n<hr \/>\n<p style=\"text-align: center;\"><span style=\"color: #000000;\"><strong>Vyh\u013eadajte si ubytovanie pri Attersee pod\u013ea mapy: <\/strong><\/span><\/p>\n<p style=\"text-align: center;\"><iframe loading=\"lazy\" id=\"stay22-widget\" src=\"https:\/\/www.stay22.com\/embed\/6963fa7e7ebd74cd495878b3\" width=\"100%\" height=\"428\" frameborder=\"0\"><\/iframe><\/p>\n<hr \/>\n<p>Ak ste na tento \u010dl\u00e1nok narazili n\u00e1hodou, odpor\u00fa\u010dam pre\u010d\u00edta\u0165 si aj pr\u00edspevok, ktor\u00fd som venovala samostatne jazeru Attersee na na\u0161om webe o <a href=\"https:\/\/rakouskajezera.cz\" target=\"_blank\" rel=\"noopener\"><span style=\"color: #008000;\"><strong>RAK\u00daSKYCH JAZER\u00c1CH:<\/strong><\/span><\/a><\/p>\n<ul>\n<li><span style=\"color: #008000;\"><strong><a style=\"color: #008000;\" href=\"https:\/\/rakouskajezera.cz\/attersee-zazitkove-rakouske-jezero\/\" target=\"_blank\" rel=\"noopener\">Attersee: rak\u00faske jazero pln\u00e9 z\u00e1\u017eitkov<\/a><\/strong><\/span><\/li>\n<li><span style=\"color: #008000;\"><strong><a style=\"color: #008000;\" href=\"https:\/\/rakouskajezera.cz\/jezera-v-hornim-rakousku-pro-letni-dovolenou\/\" target=\"_blank\" rel=\"noopener\">5 tipov na jazer\u00e1 v Hornom Rak\u00fasku (nielen) na letn\u00fa dovolenku<\/a><\/strong><\/span><\/li>\n<\/ul>\n<p><a href=\"https:\/\/rakouskajezera.cz\/attersee-zazitkove-rakouske-jezero\/\" target=\"_blank\" rel=\"noopener\"><img loading=\"lazy\" decoding=\"async\" class=\"aligncenter size-full wp-image-8388\" src=\"https:\/\/www.dovolenkarka.cz\/wp-content\/uploads\/2024\/05\/unterach-am-attersee-4461728_1920.jpg\" alt=\"V\u00fdlety pri Attersee\" width=\"1920\" height=\"791\" srcset=\"https:\/\/www.dovolenkarka.cz\/wp-content\/uploads\/2024\/05\/unterach-am-attersee-4461728_1920.jpg 1920w, https:\/\/www.dovolenkarka.cz\/wp-content\/uploads\/2024\/05\/unterach-am-attersee-4461728_1920-768x316.jpg 768w\" sizes=\"auto, (max-width: 1920px) 100vw, 1920px\" \/><\/a><\/p>\n<hr \/>\n<h2><span class=\"ez-toc-section\" id=\"Vylety_pri_Attersee\"><\/span>V\u00fdlety pri Attersee<span class=\"ez-toc-section-end\"><\/span><\/h2>\n<p><span style=\"color: #008000;\"><a style=\"color: #008000;\" href=\"https:\/\/www.booking.com\/searchresults.en.html?region=2764&amp;aid=347511&amp;no_rooms=1&amp;group_adults=2\" target=\"_blank\" rel=\"noopener\">Jazero Attersee<\/a><\/span> m\u00e1te u\u017e precestovan\u00e9, ale radi by ste sa pozreli aj p\u00e1r kilometrov \u010falej? Potom pokra\u010dujte v \u010d\u00edtan\u00ed a nechajte sa in\u0161pirova\u0165 mojimi overen\u00fdmi tipmi na v\u00fdlety pri Attersee pre \u010fal\u0161ie \u00fa\u017easn\u00e9 miesta v Rak\u00fasku, kam to odtia\u013eto budete ma\u0165 maxim\u00e1lne do jednej hodiny autom:<\/p>\n<h3><span class=\"ez-toc-section\" id=\"Jazero_Mondsee\"><\/span>Jazero Mondsee<span class=\"ez-toc-section-end\"><\/span><\/h3>\n<p>Jazero Mondsee, ktor\u00e9 sa nach\u00e1dza v samom srdci So\u013enej komory, je skuto\u010dn\u00fdm pokladom pre v\u00fdlety v bl\u00edzkom okol\u00ed pre v\u00fdlety pri Attersee. Ak \u017eiadne in\u00e9, potom pr\u00e1ve Mondsee odpor\u00fa\u010dam po\u010das dovolenky tu nav\u0161t\u00edvi\u0165. Obklopen\u00e9 je ohromuj\u00facimi horsk\u00fdmi panor\u00e1mami a bujnou zele\u0148ou, \u010do vytv\u00e1ra idylick\u00fa atmosf\u00e9ru pre ide\u00e1lnu relax\u00e1ciu. Ak prich\u00e1dzate na dovolenku do Rak\u00faska s paddleboardom, ur\u010dite si ho nezabudnite aj na tento v\u00fdlet.<\/p>\n<p>Mondsee v\u0161ak nie je iba pr\u00edrodn\u00fdm pokladom. Na svoje si tu pr\u00eddu aj milovn\u00edci hist\u00f3rie a kult\u00fary. V tom pr\u00edpade neopome\u0148te n\u00e1v\u0161tevu Mondsee am Mondsee. Za zmienku stoj\u00ed napr. Bazilika Sv. Michala.<\/p>\n<ul>\n<li><strong><span style=\"color: #008000;\"><a style=\"color: #008000;\" href=\"https:\/\/rakouskajezera.cz\/na-vylet-i-dovolenou-k-mondsee\/\" target=\"_blank\" rel=\"noopener\">Viac inform\u00e1ci\u00ed o jazere Mondsee n\u00e1jdete TU<\/a><\/span><\/strong><\/li>\n<li><a href=\"https:\/\/www.booking.com\/searchresults.en.html?region=3437&amp;aid=347511&amp;no_rooms=1&amp;group_adults=2\" target=\"_blank\" rel=\"noopener\"><span style=\"color: #008000;\"><strong>Porovna\u0165 najkraj\u0161ie ubytovanie pri Mondsee TU<\/strong><\/span><\/a><\/li>\n<\/ul>\n<p><a href=\"https:\/\/www.booking.com\/searchresults.en.html?region=3437&amp;aid=347511&amp;no_rooms=1&amp;group_adults=2\" target=\"_blank\" rel=\"noopener\"><img loading=\"lazy\" decoding=\"async\" class=\"aligncenter size-full wp-image-8393\" src=\"https:\/\/www.dovolenkarka.cz\/wp-content\/uploads\/2024\/05\/Obrazek-10.jpg\" alt=\"Ubytovanie pri Mondsee\" width=\"937\" height=\"670\" srcset=\"https:\/\/www.dovolenkarka.cz\/wp-content\/uploads\/2024\/05\/Obrazek-10.jpg 937w, https:\/\/www.dovolenkarka.cz\/wp-content\/uploads\/2024\/05\/Obrazek-10-768x549.jpg 768w\" sizes=\"auto, (max-width: 937px) 100vw, 937px\" \/><\/a><\/p>\n<h3><span class=\"ez-toc-section\" id=\"Jazero_Traunsee\"><\/span>Jazero Traunsee<span class=\"ez-toc-section-end\"><\/span><\/h3>\n<p>Ak si spomedzi v\u00fdletov pri Attersee zvol\u00edte n\u00e1v\u0161tevu jazera Traunsee, autom k nemu d\u00f4jdete cca za pol hodiny. Nav\u0161t\u00edvi\u0165 m\u00f4\u017eete jednotliv\u00e9 malebn\u00e9 meste\u010dk\u00e1, ak\u00fdmi s\u00fa napr. Gmunden, Altm\u00fcnster \u010di na druhom konci Traunkirchen a Ebensee. Ob\u013e\u00faben\u00fd pre v\u00fdlety je aj z\u00e1mok Ort, ktor\u00fd ste u\u017e ur\u010dite minim\u00e1lne niekde zahliadli na fotografi\u00e1ch. Traunsee je v\u0161ak \u00fa\u017easn\u00fdm jazerom aj na k\u00fapanie a horsk\u00e9 v\u00fd\u0161\u013eapy.<\/p>\n<ul>\n<li><span style=\"color: #008000;\"><strong><a style=\"color: #008000;\" href=\"https:\/\/rakouskajezera.cz\/dovolena-u-traunsee\/\" target=\"_blank\" rel=\"noopener\">Viac inform\u00e1ci\u00ed o jazere Traunsee n\u00e1jdete TU<\/a><\/strong><\/span><\/li>\n<li><span style=\"color: #008000;\"><strong><a style=\"color: #008000;\" href=\"https:\/\/www.booking.com\/searchresults.en.html?region=2371&amp;aid=347511&amp;no_rooms=1&amp;group_adults=2\" target=\"_blank\" rel=\"noopener\">Porovna\u0165 najkraj\u0161ie ubytovanie pri Traunsee TU<\/a><\/strong><\/span><\/li>\n<\/ul>\n<h3><a href=\"https:\/\/www.booking.com\/searchresults.en.html?region=2371&amp;aid=347511&amp;no_rooms=1&amp;group_adults=2\" target=\"_blank\" rel=\"noopener\"><img loading=\"lazy\" decoding=\"async\" class=\"aligncenter size-full wp-image-4700\" src=\"https:\/\/www.dovolenkarka.cz\/wp-content\/uploads\/2018\/04\/IMG_1090.jpg\" alt=\"Traunkirchen \" width=\"4032\" height=\"2525\" srcset=\"https:\/\/www.dovolenkarka.cz\/wp-content\/uploads\/2018\/04\/IMG_1090.jpg 4032w, https:\/\/www.dovolenkarka.cz\/wp-content\/uploads\/2018\/04\/IMG_1090-768x480.jpg 768w\" sizes=\"auto, (max-width: 4032px) 100vw, 4032px\" \/><\/a><\/h3>\n<h3><span class=\"ez-toc-section\" id=\"Jazera_Langbathseen\"><\/span>Jazer\u00e1 Langbathseen<span class=\"ez-toc-section-end\"><\/span><\/h3>\n<p>Len o p\u00e1r kilometrov \u010falej do kopca to budete ma\u0165 od jazera Traunsee, konkr\u00e9tne z mesta Ebensee, k dvom rozpr\u00e1vkov\u00fdm horsk\u00fdm jazer\u00e1m, ktor\u00e9 sa volaj\u00fa Langbathseen. Osobne odpor\u00fa\u010dam napl\u00e1nova\u0165 si sem za pekn\u00e9ho po\u010dasia celodenn\u00fd v\u00fdlet (nielen) od Attersee.<\/p>\n<ul>\n<li><a href=\"https:\/\/rakouskajezera.cz\/jezera-langbathseen\/\" target=\"_blank\" rel=\"noopener\"><span style=\"color: #008000;\"><strong>Viac inform\u00e1ci\u00ed o v\u00fdlete k Langbathseen n\u00e1jdete TU<\/strong><\/span><\/a><\/li>\n<li><span style=\"color: #008000;\"><strong><a style=\"color: #008000;\" href=\"https:\/\/www.booking.com\/searchresults.en.html?city=-1976039&amp;aid=347511&amp;no_rooms=1&amp;group_adults=2\" target=\"_blank\" rel=\"noopener\">Porovna\u0165 najkraj\u0161ie ubytovanie v meste Ebensee TU<\/a><\/strong><\/span><\/li>\n<\/ul>\n<p><a href=\"https:\/\/www.booking.com\/searchresults.en.html?city=-1976039&amp;aid=347511&amp;no_rooms=1&amp;group_adults=2\" target=\"_blank\" rel=\"noopener\"><img loading=\"lazy\" decoding=\"async\" class=\"aligncenter size-full wp-image-8401\" src=\"https:\/\/www.dovolenkarka.cz\/wp-content\/uploads\/2024\/05\/IMG_1594.jpg\" alt=\"Langbathseen \" width=\"1170\" height=\"846\" srcset=\"https:\/\/www.dovolenkarka.cz\/wp-content\/uploads\/2024\/05\/IMG_1594.jpg 1170w, https:\/\/www.dovolenkarka.cz\/wp-content\/uploads\/2024\/05\/IMG_1594-768x555.jpg 768w\" sizes=\"auto, (max-width: 1170px) 100vw, 1170px\" \/><\/a><\/p>\n<h3><a href=\"https:\/\/www.booking.com\/searchresults.en.html?city=-1976039&amp;aid=347511&amp;no_rooms=1&amp;group_adults=2\" target=\"_blank\" rel=\"noopener\"><img loading=\"lazy\" decoding=\"async\" class=\"aligncenter size-full wp-image-8408\" src=\"https:\/\/www.dovolenkarka.cz\/wp-content\/uploads\/2024\/05\/IMG_1609.jpg\" alt=\"Langbathseen - Rak\u00faske jazer\u00e1 \" width=\"1170\" height=\"848\" srcset=\"https:\/\/www.dovolenkarka.cz\/wp-content\/uploads\/2024\/05\/IMG_1609.jpg 1170w, https:\/\/www.dovolenkarka.cz\/wp-content\/uploads\/2024\/05\/IMG_1609-768x556.jpg 768w\" sizes=\"auto, (max-width: 1170px) 100vw, 1170px\" \/><\/a><\/h3>\n<h3><span class=\"ez-toc-section\" id=\"Jazero_Wolfgangsee\"><\/span>Jazero Wolfgangsee<span class=\"ez-toc-section-end\"><\/span><\/h3>\n<p>P\u00edsala som to u\u017e mnohokr\u00e1t, ale jazero Wolfgangsee bolo niekedy v roku 2008 t\u00fdm prv\u00fdm rak\u00faskym jazerom, pri ktorom sme tr\u00e1vili letn\u00fa dovolenku a asi sa nemus\u00edm viac rozpisova\u0165 o tom, \u017ee to bola l\u00e1ska na prv\u00fd poh\u013ead a \u017ee toto rozpr\u00e1vkov\u00e9 miesto od\u0161tartovalo na\u0161u zvedavos\u0165 k objavovaniu aj \u010fal\u0161\u00edch kr\u00e1snych jazier v Rak\u00fasku.<\/p>\n<p>Pri Wolfgangsee odpor\u00fa\u010dam nav\u0161t\u00edvi\u0165 tradi\u010dn\u00e9 mesto St. Wolfgang, ktor\u00e9 m\u00e1 a\u017e k\u00fape\u013en\u00fa atmosf\u00e9ru. Na chodn\u00edk okolo jazera sa vydajte do Stroblu a samozrejme nesmiete vynecha\u0165 ani jazdu parn\u00edkom a v\u00fdjazd zuba\u010dkou na Schafberg.<\/p>\n<ul>\n<li><span style=\"color: #008000;\"><strong><a style=\"color: #008000;\" href=\"https:\/\/rakouskajezera.cz\/wolfgangsee-rakouske-jezero\/\" target=\"_blank\" rel=\"noopener\">Viac inform\u00e1ci\u00ed k v\u00fdletu pri Wolfgangsee n\u00e1jdete TU<\/a><\/strong><\/span><\/li>\n<li><span style=\"color: #008000;\"><strong><a style=\"color: #008000;\" href=\"https:\/\/www.booking.com\/searchresults.en.html?region=1879&amp;aid=347511&amp;no_rooms=1&amp;group_adults=2\" target=\"_blank\" rel=\"noopener\">Porovna\u0165 najkraj\u0161ie ubytovanie pri Wolfgangsee TU<\/a><\/strong><\/span><\/li>\n<\/ul>\n<h3><a href=\"https:\/\/www.booking.com\/searchresults.en.html?region=1879&amp;aid=347511&amp;no_rooms=1&amp;group_adults=2\" target=\"_blank\" rel=\"noopener\"><img loading=\"lazy\" decoding=\"async\" class=\"aligncenter size-full wp-image-8402\" src=\"https:\/\/www.dovolenkarka.cz\/wp-content\/uploads\/2024\/05\/st-3735372_1920.jpg\" alt=\"Wolfgangsee\" width=\"1920\" height=\"1280\" srcset=\"https:\/\/www.dovolenkarka.cz\/wp-content\/uploads\/2024\/05\/st-3735372_1920.jpg 1920w, https:\/\/www.dovolenkarka.cz\/wp-content\/uploads\/2024\/05\/st-3735372_1920-768x512.jpg 768w\" sizes=\"auto, (max-width: 1920px) 100vw, 1920px\" \/><\/a><\/h3>\n<h3><span class=\"ez-toc-section\" id=\"Hallstatt_Vylety_pri_Attersee\"><\/span>Hallstatt \/ V\u00fdlety pri Attersee<span class=\"ez-toc-section-end\"><\/span><\/h3>\n<p>Hallstatt ur\u010dite nemus\u00edm viac predstavova\u0165. Jedno z najkraj\u0161\u00edch a najnav\u0161tevovanej\u0161\u00edch miest v Rak\u00fasku je celoro\u010dn\u00fdm l\u00e1kadlom nielen na jednod\u0148ov\u00e9 v\u00fdlety. Odpor\u00fa\u010dam napl\u00e1nova\u0165 si tu pokojne aj 1-2 noci s ubytovan\u00edm priamo v historickej \u010dasti mesta. Najkraj\u0161ie je pod\u013ea m\u0148a mesto v t\u00fd\u017edni mimo hlavnej pr\u00e1zdninovej sez\u00f3ny.<\/p>\n<p>Okrem klasickej prech\u00e1dzky mestom a\u017e k popul\u00e1rnej hallstattskej vyhliadke si vyjdite lanovkou \/ vyjdite pe\u0161o na Skywalk vyhliadku nad mesto a nav\u0161t\u00edvte miestne m\u00faze\u00e1 a historick\u00e9 bane.<\/p>\n<ul>\n<li><span style=\"color: #008000;\"><strong><a style=\"color: #008000;\" href=\"https:\/\/rakouskajezera.cz\/hallstatt-nejen-v-lete\/\" target=\"_blank\" rel=\"noopener\">Viac inform\u00e1ci\u00ed k v\u00fdletu do Hallstattu n\u00e1jdete TU<\/a><\/strong><\/span><\/li>\n<li><span style=\"color: #008000;\"><strong><a style=\"color: #008000;\" href=\"https:\/\/www.booking.com\/searchresults.en.html?city=-1979686&amp;aid=347511&amp;no_rooms=1&amp;group_adults=2\" target=\"_blank\" rel=\"noopener\">Porovna\u0165 najkraj\u0161ie ubytovanie v Hallstatte TU<\/a><\/strong><\/span><\/li>\n<\/ul>\n<h3><a href=\"https:\/\/www.booking.com\/searchresults.en.html?city=-1979686&amp;aid=347511&amp;no_rooms=1&amp;group_adults=2\" target=\"_blank\" rel=\"noopener\"><img loading=\"lazy\" decoding=\"async\" class=\"aligncenter size-full wp-image-8403\" src=\"https:\/\/www.dovolenkarka.cz\/wp-content\/uploads\/2024\/05\/Obrazek-64.jpg\" alt=\"Hallstatt - Rak\u00faske jazer\u00e1\" width=\"1000\" height=\"750\" srcset=\"https:\/\/www.dovolenkarka.cz\/wp-content\/uploads\/2024\/05\/Obrazek-64.jpg 1000w, https:\/\/www.dovolenkarka.cz\/wp-content\/uploads\/2024\/05\/Obrazek-64-768x576.jpg 768w\" sizes=\"auto, (max-width: 1000px) 100vw, 1000px\" \/><\/a><\/h3>\n<h3><span class=\"ez-toc-section\" id=\"Salzburg_Vylety_pri_Attersee\"><\/span>Salzburg \/ V\u00fdlety pri Attersee<span class=\"ez-toc-section-end\"><\/span><\/h3>\n<p>Salzburg je pr\u00e1vom pova\u017eovan\u00fd za klenot Rak\u00faska. Je mestom, ktor\u00e9 doslova d\u00fdcha hist\u00f3riou a kult\u00farou. Toto malebn\u00e9 miesto, ktor\u00e9 je zn\u00e1me ako rodisko skladate\u013ea Wolfganga Amadea Mozarta, pon\u00faka dovolenk\u00e1rom v\u0161etk\u00fdch vekov\u00fdch kateg\u00f3ri\u00ed nezabudnute\u013en\u00e9 z\u00e1\u017eitky.<\/p>\n<p>Te\u0161i\u0165 sa m\u00f4\u017eete na barokov\u00fa architekt\u00faru, dychber\u00face v\u00fdh\u013eady a gastronomick\u00e9 z\u00e1\u017eitky z miestnych re\u0161taur\u00e1ci\u00ed a kaviarn\u00ed. Prejdite sa uli\u010dkami historick\u00e9ho mesta, ktor\u00e9 n\u00e1jdete zap\u00edsan\u00e9 aj na zozname svetov\u00e9ho dedi\u010dstva UNESCO.<\/p>\n<p>\u010eal\u0161ie miesta, ktor\u00e9 v Salzburgu nesmiete vynecha\u0165: pevnos\u0165 Hohensalzburg, rodn\u00fd dom Mozarta, z\u00e1mok a z\u00e1hrady Mirabell aj Hellbrunnsk\u00fd z\u00e1mok.<\/p>\n<ul>\n<li><span style=\"color: #008000;\"><strong><a style=\"color: #008000;\" href=\"https:\/\/www.booking.com\/searchresults.en.html?city=-1989985&amp;aid=347511&amp;no_rooms=1&amp;group_adults=2\" target=\"_blank\" rel=\"noopener\">Porovna\u0165 najkraj\u0161ie ubytovanie v Salzburgu<\/a><\/strong><\/span><\/li>\n<li><span style=\"color: #008000;\"><strong><a style=\"color: #008000;\" href=\"https:\/\/rakouskajezera.cz\/salzburg-co-zde-videt-a-delat\/\" target=\"_blank\" rel=\"noopener\">Salzburg: 13 tipov, \u010do tu robi\u0165 a ak\u00e9 miesta nevynecha\u0165<\/a><\/strong><\/span><\/li>\n<\/ul>\n<p><a href=\"https:\/\/www.booking.com\/searchresults.en.html?city=-1989985&amp;aid=347511&amp;no_rooms=1&amp;group_adults=2\" target=\"_blank\" rel=\"noopener\"><img loading=\"lazy\" decoding=\"async\" class=\"aligncenter size-full wp-image-8405\" src=\"https:\/\/www.dovolenkarka.cz\/wp-content\/uploads\/2024\/05\/salzburg-7416144_1920.jpg\" alt=\"Salzburg\" width=\"1861\" height=\"1151\" srcset=\"https:\/\/www.dovolenkarka.cz\/wp-content\/uploads\/2024\/05\/salzburg-7416144_1920.jpg 1861w, https:\/\/www.dovolenkarka.cz\/wp-content\/uploads\/2024\/05\/salzburg-7416144_1920-768x474.jpg 768w\" sizes=\"auto, (max-width: 1861px) 100vw, 1861px\" \/><\/a><\/p>\n<h3><span class=\"ez-toc-section\" id=\"Bad_Ischl_Vylety_pri_Attersee\"><\/span>Bad Ischl \/ V\u00fdlety pri Attersee<span class=\"ez-toc-section-end\"><\/span><\/h3>\n<p>Bad Ischl je ne\u010falek\u00e9 k\u00fape\u013en\u00e9 mesto, ktor\u00e9 je ide\u00e1lne na v\u00fdlety pri Attersee. M\u00f4\u017eete sem vyrazi\u0165 za ak\u00e9hoko\u013evek po\u010dasia a v\u017edy v\u00e1s toto mesto dok\u00e1\u017ee o\u010dari\u0165. Prejdite si historick\u00fa \u010das\u0165 mesta, ur\u010dite nevynechajte Cis\u00e1rsku vilu a z\u00e1jdite si do re\u0161taur\u00e1cie \u010di do miestnych kaviarn\u00ed a nielen za da\u017ediv\u00e9ho d\u0148a sa v\u00e1m pon\u00faka aj miestne wellness centrum.<\/p>\n<p>K\u00fapele s\u00fa s\u00fa\u010das\u0165ou skupiny wellness centier Eurothermen v Hornom Rak\u00fasku, \u010do v\u00e1m d\u00e1va pr\u00eds\u013eub dokonalej relax\u00e1cie. V na\u0161om \u010dl\u00e1nku o wellness centr\u00e1ch v Rak\u00fasku ide o tip \u010d. 10:<\/p>\n<ul>\n<li><span style=\"color: #008000;\"><strong><a style=\"color: #008000;\" href=\"https:\/\/rakouskajezera.cz\/11-tipu-na-wellness-centra-v-rakousku\/\" target=\"_blank\" rel=\"noopener\">11 tipov na wellness centr\u00e1 v Rak\u00fasku n\u00e1jdete TU <\/a><\/strong><\/span><\/li>\n<li><strong><span style=\"color: #008000;\"><a style=\"color: #008000;\" href=\"https:\/\/www.booking.com\/searchresults.en.html?city=-1974508&amp;aid=347511&amp;no_rooms=1&amp;group_adults=2\" target=\"_blank\" rel=\"noopener\">Porovna\u0165 najkraj\u0161ie ubytovanie v Bad Ischl TU<\/a><\/span><\/strong><\/li>\n<\/ul>\n<p><a href=\"https:\/\/www.booking.com\/searchresults.en.html?city=-1974508&amp;aid=347511&amp;no_rooms=1&amp;group_adults=2\" target=\"_blank\" rel=\"noopener\"><img loading=\"lazy\" decoding=\"async\" class=\"aligncenter size-full wp-image-8406\" src=\"https:\/\/www.dovolenkarka.cz\/wp-content\/uploads\/2024\/05\/imperial-villa-2485537_1920.jpg\" alt=\"Bad Ischl - Cis\u00e1rska vila\" width=\"1920\" height=\"1282\" srcset=\"https:\/\/www.dovolenkarka.cz\/wp-content\/uploads\/2024\/05\/imperial-villa-2485537_1920.jpg 1920w, https:\/\/www.dovolenkarka.cz\/wp-content\/uploads\/2024\/05\/imperial-villa-2485537_1920-768x512.jpg 768w\" sizes=\"auto, (max-width: 1920px) 100vw, 1920px\" \/><\/a><\/p>\n<hr \/>\n<p style=\"text-align: center;\">Nech u\u017e sa vyberiete na v\u00fdlety pri Attersee kamko\u013evek, prajem, nech si Rak\u00fasko a jeho pr\u00edrodn\u00e9 aj kult\u00farne klenoty zamilujete a budete sa sem chcie\u0165 pravidelne vraca\u0165, rovnako ako my, s moj\u00edm dovolenk\u00e1rom.<\/p>\n<p style=\"text-align: center;\"><span style=\"color: #008000;\"><strong><a style=\"color: #008000;\" href=\"https:\/\/rakouskajezera.cz\" target=\"_blank\" rel=\"noopener\">\u010eal\u0161ie tipy na v\u00fdlety aj dovolenky do Rak\u00faska n\u00e1jdete na na\u0161om webe RAK\u00daSKE JAZER\u00c1 <\/a><\/strong><\/span><\/p>\n<hr \/>\n<p><span style=\"color: #000000;\"><strong>Mohlo by v\u00e1s tie\u017e zauj\u00edma\u0165: <\/strong><\/span><\/p>\n<ul>\n<li><span style=\"color: #000000;\"><strong><a style=\"color: #000000;\" href=\"https:\/\/www.dovolenkarka.cz\/7-tipu-na-rakouska-jezera-nejen-pro-vikendove-vylety\/\" target=\"_blank\" rel=\"noopener\">7 tipov na rak\u00faske jazer\u00e1 <\/a><\/strong><\/span><\/li>\n<li><strong><a href=\"https:\/\/www.dovolenkarka.cz\/vylet-k-jezeru-lago-di-braies\/\" target=\"_blank\" rel=\"noopener\"><span style=\"color: #000000;\">V\u00fdlet k jazeru Lago di Braies <\/span><\/a><\/strong><\/li>\n<li><span style=\"color: #000000;\"><strong><a style=\"color: #000000;\" href=\"https:\/\/www.dovolenkarka.cz\/lago-di-carezza\/\" target=\"_blank\" rel=\"noopener\">Lago di Carezza: rozpr\u00e1vkov\u00e9 jazero v Dolomitoch <\/a><\/strong><\/span><\/li>\n<\/ul>\n<hr \/>\n<p style=\"text-align: center;\"><span style=\"color: #000000;\"><strong>Ulo\u017ete si \u010dl\u00e1nok na Pintereste, aby ste ho \u013eahko na\u0161li: <\/strong><\/span><\/p>\n<p style=\"text-align: center;\"><iframe loading=\"lazy\" src=\"https:\/\/assets.pinterest.com\/ext\/embed.html?id=1049057306954953127\" width=\"345\" height=\"714\" frameborder=\"0\" scrolling=\"no\"><\/iframe><\/p>\n","protected":false},"excerpt":{"rendered":"<p>H\u013ead\u00e1te, kam sa vyberiete na v\u00fdlety pri Attersee? Predpoklad\u00e1m, \u017ee ste tu na dovolenke a okrem samotn\u00e9ho jazera by ste radi videli a za\u017eili aj \u010fal\u0161ie kr\u00e1sne miesta v okol\u00ed. Potom som pr\u00e1ve pre v\u00e1s pripravila dne\u0161n\u00fd \u010dl\u00e1nok s overen\u00fdmi tipmi do Rak\u00faska. Ver\u00edm, \u017ee to svoje si tu n\u00e1jde naozaj ka\u017ed\u00fd. Z\u00e1rove\u0148 pre v\u00e1s m\u00e1m aj p\u00e1r &#8222;mokr\u00fdch&#8220; variantov pre pr\u00edpad, \u017ee v\u00e1s po\u010das dovolenky zastihne d\u00e1\u017e\u010f. Po\u010fme sa teda na moje ob\u013e\u00faben\u00e9 tipy na v\u00fdlety pri Attersee pozrie\u0165. Jazero Attersee Najprv si ale povieme nie\u010do m\u00e1lo k samotn\u00e9mu Attersee. Jazero je najv\u00e4\u010d\u0161ie v rak\u00faskom regi\u00f3ne Salzkammergut, l\u00e1ka n\u00e1v\u0161tevn\u00edkov <\/p>\n","protected":false},"author":1,"featured_media":13405,"comment_status":"closed","ping_status":"closed","sticky":false,"template":"","format":"standard","meta":{"footnotes":""},"categories":[5330],"tags":[5333,5331,5334,5336,5337,5335,5332],"class_list":["post-13403","post","type-post","status-publish","format-standard","has-post-thumbnail","hentry","category-rakusko","tag-jazero-attersee","tag-rakuske-jazera","tag-vylet-do-hallstattu","tag-vylet-k-langbathseen","tag-vylet-k-traunsee","tag-vylet-k-wolfgangsee","tag-vylety-pri-attersee","has_thumb"],"aioseo_notices":[],"_links":{"self":[{"href":"https:\/\/www.dovolenkarka.cz\/sk\/wp-json\/wp\/v2\/posts\/13403","targetHints":{"allow":["GET"]}}],"collection":[{"href":"https:\/\/www.dovolenkarka.cz\/sk\/wp-json\/wp\/v2\/posts"}],"about":[{"href":"https:\/\/www.dovolenkarka.cz\/sk\/wp-json\/wp\/v2\/types\/post"}],"author":[{"embeddable":true,"href":"https:\/\/www.dovolenkarka.cz\/sk\/wp-json\/wp\/v2\/users\/1"}],"replies":[{"embeddable":true,"href":"https:\/\/www.dovolenkarka.cz\/sk\/wp-json\/wp\/v2\/comments?post=13403"}],"version-history":[{"count":2,"href":"https:\/\/www.dovolenkarka.cz\/sk\/wp-json\/wp\/v2\/posts\/13403\/revisions"}],"predecessor-version":[{"id":13420,"href":"https:\/\/www.dovolenkarka.cz\/sk\/wp-json\/wp\/v2\/posts\/13403\/revisions\/13420"}],"wp:featuredmedia":[{"embeddable":true,"href":"https:\/\/www.dovolenkarka.cz\/sk\/wp-json\/wp\/v2\/media\/13405"}],"wp:attachment":[{"href":"https:\/\/www.dovolenkarka.cz\/sk\/wp-json\/wp\/v2\/media?parent=13403"}],"wp:term":[{"taxonomy":"category","embeddable":true,"href":"https:\/\/www.dovolenkarka.cz\/sk\/wp-json\/wp\/v2\/categories?post=13403"},{"taxonomy":"post_tag","embeddable":true,"href":"https:\/\/www.dovolenkarka.cz\/sk\/wp-json\/wp\/v2\/tags?post=13403"}],"curies":[{"name":"wp","href":"https:\/\/api.w.org\/{rel}","templated":true}]}}