{"id":13432,"date":"2025-03-26T14:00:18","date_gmt":"2025-03-26T13:00:18","guid":{"rendered":"https:\/\/www.dovolenkarka.cz\/zelenci-prirodna-rezervacia-so-smaragdovym-jazierkom\/"},"modified":"2026-02-09T13:30:05","modified_gmt":"2026-02-09T12:30:05","slug":"zelenci-prirodna-rezervacia","status":"publish","type":"post","link":"https:\/\/www.dovolenkarka.cz\/sk\/zelenci-prirodna-rezervacia\/","title":{"rendered":"Zelenci \u2013 pr\u00edrodn\u00e1 rezerv\u00e1cia so smaragdov\u00fdm jazierkom"},"content":{"rendered":"<p>Pozn\u00e1te pr\u00edrodn\u00fa rezerv\u00e1ciu Zelenci? Ke\u010f sa povie Slovinsko, v\u00e4\u010d\u0161ina z v\u00e1s si automaticky vybav\u00ed popul\u00e1rne miesta ako jazero Bled, rieka So\u010da, \u010di najkraj\u0161ie mesto slovinsk\u00e9ho pobre\u017eia, Piran. Ja v\u00e1s dnes zavediem na kr\u00e1tky a nen\u00e1ro\u010dn\u00fd v\u00fdlet do r\u00fddzej pr\u00edrody, ktor\u00e1 v\u00e1m pri \u0161\u0165ast\u00ed na po\u010dasie a minimum n\u00e1v\u0161tevn\u00edkov, bude doslova bra\u0165 dych.<\/p>\n<div id=\"ez-toc-container\" class=\"ez-toc-v2_0_82_2 counter-hierarchy ez-toc-counter ez-toc-grey ez-toc-container-direction\">\n<div class=\"ez-toc-title-container\">\n<p class=\"ez-toc-title\" style=\"cursor:inherit\">Obsah \u010dl\u00e1nku:<\/p>\n<span class=\"ez-toc-title-toggle\"><a href=\"#\" class=\"ez-toc-pull-right ez-toc-btn ez-toc-btn-xs ez-toc-btn-default ez-toc-toggle\" aria-label=\"Toggle Table of Content\"><span class=\"ez-toc-js-icon-con\"><span class=\"\"><span class=\"eztoc-hide\" style=\"display:none;\">Toggle<\/span><span class=\"ez-toc-icon-toggle-span\"><svg style=\"fill: #999;color:#999\" xmlns=\"http:\/\/www.w3.org\/2000\/svg\" class=\"list-377408\" width=\"20px\" height=\"20px\" viewBox=\"0 0 24 24\" fill=\"none\"><path d=\"M6 6H4v2h2V6zm14 0H8v2h12V6zM4 11h2v2H4v-2zm16 0H8v2h12v-2zM4 16h2v2H4v-2zm16 0H8v2h12v-2z\" fill=\"currentColor\"><\/path><\/svg><svg style=\"fill: #999;color:#999\" class=\"arrow-unsorted-368013\" xmlns=\"http:\/\/www.w3.org\/2000\/svg\" width=\"10px\" height=\"10px\" viewBox=\"0 0 24 24\" version=\"1.2\" baseProfile=\"tiny\"><path d=\"M18.2 9.3l-6.2-6.3-6.2 6.3c-.2.2-.3.4-.3.7s.1.5.3.7c.2.2.4.3.7.3h11c.3 0 .5-.1.7-.3.2-.2.3-.5.3-.7s-.1-.5-.3-.7zM5.8 14.7l6.2 6.3 6.2-6.3c.2-.2.3-.5.3-.7s-.1-.5-.3-.7c-.2-.2-.4-.3-.7-.3h-11c-.3 0-.5.1-.7.3-.2.2-.3.5-.3.7s.1.5.3.7z\"\/><\/svg><\/span><\/span><\/span><\/a><\/span><\/div>\n<nav><ul class='ez-toc-list ez-toc-list-level-1 ' ><li class='ez-toc-page-1 ez-toc-heading-level-2'><a class=\"ez-toc-link ez-toc-heading-1\" href=\"https:\/\/www.dovolenkarka.cz\/sk\/zelenci-prirodna-rezervacia\/#Zelenci_%E2%80%93_prirodna_rezervacia_so_smaragdovym_jazierkom\" >Zelenci \u2013 pr\u00edrodn\u00e1 rezerv\u00e1cia so smaragdov\u00fdm jazierkom<\/a><ul class='ez-toc-list-level-3' ><li class='ez-toc-heading-level-3'><a class=\"ez-toc-link ez-toc-heading-2\" href=\"https:\/\/www.dovolenkarka.cz\/sk\/zelenci-prirodna-rezervacia\/#Ako_sa_k_Zelenci_dostat_a_kde_zaparkovat\" >Ako sa k Zelenci dosta\u0165 a kde zaparkova\u0165?<\/a><\/li><li class='ez-toc-page-1 ez-toc-heading-level-3'><a class=\"ez-toc-link ez-toc-heading-3\" href=\"https:\/\/www.dovolenkarka.cz\/sk\/zelenci-prirodna-rezervacia\/#Ubytovanie_v_Kranjskej_Gore\" >Ubytovanie v Kranjskej Gore<\/a><\/li><li class='ez-toc-page-1 ez-toc-heading-level-3'><a class=\"ez-toc-link ez-toc-heading-4\" href=\"https:\/\/www.dovolenkarka.cz\/sk\/zelenci-prirodna-rezervacia\/#Aka_je_dlzka_chodnika\" >Ak\u00e1 je d\u013a\u017eka chodn\u00edka?<\/a><\/li><li class='ez-toc-page-1 ez-toc-heading-level-3'><a class=\"ez-toc-link ez-toc-heading-5\" href=\"https:\/\/www.dovolenkarka.cz\/sk\/zelenci-prirodna-rezervacia\/#Kedy_sa_vybrat_do_prirodnej_rezervacie_Zelenci\" >Kedy sa vybra\u0165 do pr\u00edrodnej rezerv\u00e1cie Zelenci?<\/a><\/li><li class='ez-toc-page-1 ez-toc-heading-level-3'><a class=\"ez-toc-link ez-toc-heading-6\" href=\"https:\/\/www.dovolenkarka.cz\/sk\/zelenci-prirodna-rezervacia\/#Prakticke_tipy_na_vylet\" >Praktick\u00e9 tipy na v\u00fdlet:<\/a><\/li><\/ul><\/li><\/ul><\/nav><\/div>\n<h2><span class=\"ez-toc-section\" id=\"Zelenci_%E2%80%93_prirodna_rezervacia_so_smaragdovym_jazierkom\"><\/span>Zelenci \u2013 pr\u00edrodn\u00e1 rezerv\u00e1cia so smaragdov\u00fdm jazierkom<span class=\"ez-toc-section-end\"><\/span><\/h2>\n<p data-pm-slice=\"1 1 []\">Slovinsko som si u\u017e pred viac ako desiatimi rokmi zamilovala pre jeho n\u00e1dhern\u00fa pr\u00edrodu. Jedn\u00fdm z miest, ktor\u00e9 odpor\u00fa\u010dam vo va\u0161om itiner\u00e1ri nevynecha\u0165, je pr\u00edrodn\u00e1 rezerv\u00e1cia Zelenci so smaragdovo sfarben\u00fdm jazierkom. Fotografiu tohto miesta ste u\u017e ur\u010dite niekedy zahliadli a teraz je \u010das, aby ste sa sem aj sami vybrali na v\u00fdlet, po\u010das va\u0161ej vlastnej dovolenky v Slovinsku. Hne\u010f ako do Zelenci doraz\u00edte, ver\u00edm, \u017ee \u010doskoro pochop\u00edte, pre\u010do je tak\u00fdm ob\u013e\u00faben\u00fdm cie\u013eom v\u00fdletov pre milovn\u00edkov pr\u00edrody.<\/p>\n<blockquote>\n<p data-pm-slice=\"1 1 []\"><span style=\"color: #008000;\"><strong><a style=\"color: #008000;\" href=\"https:\/\/www.booking.com\/searchresults.en.html?city=-85676&amp;aid=347511&amp;no_rooms=1&amp;group_adults=2\" target=\"_blank\" rel=\"noopener\">&gt; UK\u00c1ZA\u0164 AKCIOV\u00c9 UBYTOVANIE V KRANJSKEJ GORE TU<\/a><\/strong><\/span><\/p>\n<\/blockquote>\n<div id=\"attachment_7636\" style=\"width: 4042px\" class=\"wp-caption aligncenter\"><a href=\"https:\/\/www.booking.com\/searchresults.en.html?city=-85676&amp;aid=347511&amp;no_rooms=1&amp;group_adults=2\" target=\"_blank\" rel=\"noopener\"><img loading=\"lazy\" decoding=\"async\" aria-describedby=\"caption-attachment-7636\" class=\"size-full wp-image-7636\" src=\"https:\/\/www.dovolenkarka.cz\/wp-content\/uploads\/2022\/08\/IMG_0226.jpg\" alt=\"Pr\u00edrodn\u00e1 rezerv\u00e1cia Zelenci\" width=\"4032\" height=\"3024\" \/><\/a><p id=\"caption-attachment-7636\" class=\"wp-caption-text\">Pr\u00edrodn\u00e1 rezerv\u00e1cia Zelenci<\/p><\/div>\n<h3><span class=\"ez-toc-section\" id=\"Ako_sa_k_Zelenci_dostat_a_kde_zaparkovat\"><\/span>Ako sa k Zelenci dosta\u0165 a kde zaparkova\u0165?<span class=\"ez-toc-section-end\"><\/span><\/h3>\n<p>Pr\u00edrodn\u00e1 rezerv\u00e1cia Zelenci sa nach\u00e1dza len p\u00e1r min\u00fat jazdy od Kranjskej Gory a je s\u00fa\u010das\u0165ou Triglavsk\u00e9ho n\u00e1rodn\u00e9ho parku. D\u00e1 sa sem \u013eahko dosta\u0165 autom alebo na bicykli. My sme tu naposledy zaparkovali s K\u00e1jou a Nikol, s na\u0161\u00edm zapo\u017ei\u010dan\u00fdm<span style=\"color: #008000;\"> \u201eObytn\u00fdm autom z Podklet\u00ed\u201c<\/span>, cestou do kempu na Blede. Od hlavnej cesty vedie kr\u00e1tka, nen\u00e1ro\u010dn\u00e1 dreven\u00e1 cesti\u010dka, ktor\u00e1 je dlh\u00e1 pribli\u017ene 500 metrov. Po nej d\u00f4jdete a\u017e k vyhliadkovej plo\u0161ine, odkia\u013e sa v\u00e1m naskytne ten najkraj\u0161\u00ed poh\u013ead na jazierko a okolit\u00e9 vrcholky h\u00f4r.<\/p>\n<div id=\"attachment_9447\" style=\"width: 1180px\" class=\"wp-caption aligncenter\"><a href=\"https:\/\/www.dovolenkarka.cz\/sk\/zelenci-prirodna-rezervacia\/img_5239-2\/\" rel=\"attachment wp-att-9447\"><img loading=\"lazy\" decoding=\"async\" aria-describedby=\"caption-attachment-9447\" class=\"size-full wp-image-9447\" src=\"https:\/\/www.dovolenkarka.cz\/wp-content\/uploads\/2025\/03\/IMG_5239.jpg\" alt=\"Kranjska Gora \" width=\"1170\" height=\"840\" srcset=\"https:\/\/www.dovolenkarka.cz\/wp-content\/uploads\/2025\/03\/IMG_5239.jpg 1170w, https:\/\/www.dovolenkarka.cz\/wp-content\/uploads\/2025\/03\/IMG_5239-768x551.jpg 768w\" sizes=\"auto, (max-width: 1170px) 100vw, 1170px\" \/><\/a><p id=\"caption-attachment-9447\" class=\"wp-caption-text\">Kranjska Gora \u2013 cestou od pr\u00edrodnej rezerv\u00e1cie Zelenci<\/p><\/div>\n<div id=\"attachment_7639\" style=\"width: 2995px\" class=\"wp-caption aligncenter\"><a href=\"https:\/\/www.dovolenkarka.cz\/sk\/img_0156-2\/\" rel=\"attachment wp-att-7639\"><img loading=\"lazy\" decoding=\"async\" aria-describedby=\"caption-attachment-7639\" class=\"size-full wp-image-7639\" src=\"https:\/\/www.dovolenkarka.cz\/wp-content\/uploads\/2022\/08\/IMG_0156-2.jpg\" alt=\"Parkovanie Kranjska Gora\" width=\"2985\" height=\"2144\" srcset=\"https:\/\/www.dovolenkarka.cz\/wp-content\/uploads\/2022\/08\/IMG_0156-2.jpg 2985w, https:\/\/www.dovolenkarka.cz\/wp-content\/uploads\/2022\/08\/IMG_0156-2-768x551.jpg 768w\" sizes=\"auto, (max-width: 2985px) 100vw, 2985px\" \/><\/a><p id=\"caption-attachment-7639\" class=\"wp-caption-text\">Pr\u00edrodn\u00e1 rezerv\u00e1cia Zelenci \u2013 Obytn\u00e9 auto z Podklet\u00ed<\/p><\/div>\n<ul>\n<li><span style=\"color: #008000;\"><strong><a style=\"color: #008000;\" href=\"https:\/\/www.dovolenkarka.cz\/dovolena-obytnakem-po-slovinsku\/\" target=\"_blank\" rel=\"noopener\">Na\u0161a dovolenka obytn\u00fdm autom v Slovinsku <\/a><\/strong><\/span><\/li>\n<\/ul>\n<p>Najviac ma na tomto mieste uchvacuj\u00fa neuverite\u013en\u00e9 odtiene tyrkysovej a smaragdovej vody v jazere, ktor\u00e1 je tu v\u010faka miner\u00e1lnym usadenin\u00e1m a \u0161pecifick\u00e9mu zlo\u017eeniu dna. Niet divu, \u017ee pr\u00e1ve pod\u013ea tejto farby dostalo miesto svoj n\u00e1zov. H\u013abka jazierka je len dva metre, ale v\u010faka \u010distote vody m\u00f4\u017eete vidie\u0165 a\u017e na samotn\u00e9 dno, kde bublaj\u00fa podvodn\u00e9 pramene.<\/p>\n<div id=\"attachment_7638\" style=\"width: 4042px\" class=\"wp-caption aligncenter\"><a href=\"https:\/\/www.booking.com\/searchresults.en.html?city=-85676&amp;aid=347511&amp;no_rooms=1&amp;group_adults=2\" target=\"_blank\" rel=\"noopener\"><img loading=\"lazy\" decoding=\"async\" aria-describedby=\"caption-attachment-7638\" class=\"size-full wp-image-7638\" src=\"https:\/\/www.dovolenkarka.cz\/wp-content\/uploads\/2022\/08\/IMG_0173-3.jpg\" alt=\"Pr\u00edrodn\u00e1 rezerv\u00e1cia Zelenci\" width=\"4032\" height=\"3024\" srcset=\"https:\/\/www.dovolenkarka.cz\/wp-content\/uploads\/2022\/08\/IMG_0173-3.jpg 4032w, https:\/\/www.dovolenkarka.cz\/wp-content\/uploads\/2022\/08\/IMG_0173-3-768x576.jpg 768w\" sizes=\"auto, (max-width: 4032px) 100vw, 4032px\" \/><\/a><p id=\"caption-attachment-7638\" class=\"wp-caption-text\">Pr\u00edrodn\u00e1 rezerv\u00e1cia Zelenci<\/p><\/div>\n<p>Zelenci je pr\u00edrodnou rezerv\u00e1ciou od roku 1992 a je prameniskom rieky S\u00e1vy Dolinky. Voda tu vyviera z h\u013abky pribli\u017ene dvan\u00e1stich metrov. Cel\u00e1 oblas\u0165 p\u00f4sob\u00ed ako rozpr\u00e1vkov\u00e1 scen\u00e9ria, kde sa zrkadlia okolit\u00e9 vrcholky h\u00f4r a \u0161umia vysok\u00e9 tr\u00e1vy.<\/p>\n<h3><span class=\"ez-toc-section\" id=\"Ubytovanie_v_Kranjskej_Gore\"><\/span>Ubytovanie v Kranjskej Gore<span class=\"ez-toc-section-end\"><\/span><\/h3>\n<blockquote>\n<p style=\"text-align: center;\"><a href=\"https:\/\/www.booking.com\/searchresults.en.html?city=-85676&amp;aid=347511&amp;no_rooms=1&amp;group_adults=2\" target=\"_blank\" rel=\"noopener\"><span style=\"color: #008000;\"><strong>&gt; POROVNA\u0164 UBYTOVANIE V KRANJSKEJ GORE &lt;<\/strong><\/span><\/a><\/p>\n<\/blockquote>\n<p>Z Kranjskej Gory to budete ma\u0165 k pr\u00edrodnej rezerv\u00e1cii Zelenci, \u010do by kame\u0148om dohodil. Odpor\u00fa\u010dam ubytova\u0165 sa pr\u00e1ve tu a u\u017ei\u0165 si v\u00fdlety do okolia. Vybera\u0165 je mo\u017en\u00e9 z luxusn\u00fdch hotelov aj apartm\u00e1nov, \u010di jednoduch\u00fdch penzi\u00f3nov. Ver\u00edm, \u017ee ceny za ubytovanie v Slovinsku mnoh\u00fdch pr\u00edjemne prekvapia. Nechajte sa in\u0161pirova\u0165 nami overen\u00fdm hotelom, ktor\u00fd radi vol\u00edme po\u010das zimy aj leta:<\/p>\n<p><span style=\"color: #008000;\"><a style=\"color: #008000;\" href=\"https:\/\/www.booking.com\/hotel\/si\/larix.en.html?aid=347511&amp;no_rooms=1&amp;group_adults=2\" target=\"_blank\" rel=\"noopener\"><strong>RAMADA RESORT KRANJSKA GORA 4*<\/strong><\/a><\/span><\/p>\n<p><a href=\"https:\/\/www.booking.com\/hotel\/si\/larix.en.html?aid=347511&amp;no_rooms=1&amp;group_adults=2\" target=\"_blank\" rel=\"noopener\"><img loading=\"lazy\" decoding=\"async\" class=\"aligncenter size-full wp-image-9400\" src=\"https:\/\/www.dovolenkarka.cz\/wp-content\/uploads\/2025\/03\/Obrazek-48.jpg\" alt=\"Ramada Resort Kranjska Gora\" width=\"1920\" height=\"1280\" srcset=\"https:\/\/www.dovolenkarka.cz\/wp-content\/uploads\/2025\/03\/Obrazek-48.jpg 1920w, https:\/\/www.dovolenkarka.cz\/wp-content\/uploads\/2025\/03\/Obrazek-48-768x512.jpg 768w\" sizes=\"auto, (max-width: 1920px) 100vw, 1920px\" \/><\/a><\/p>\n<h3><span class=\"ez-toc-section\" id=\"Aka_je_dlzka_chodnika\"><\/span>Ak\u00e1 je d\u013a\u017eka chodn\u00edka?<span class=\"ez-toc-section-end\"><\/span><\/h3>\n<p><span style=\"color: #008000;\"><a style=\"color: #008000;\" href=\"https:\/\/www.booking.com\/searchresults.en.html?city=-85676&amp;aid=347511&amp;no_rooms=1&amp;group_adults=2\" target=\"_blank\" rel=\"noopener\">Chodn\u00edk Zelenci je nen\u00e1ro\u010dn\u00fd, meria celkovo pribli\u017ene 1,5 kilometra a ako som u\u017e spomenula<\/a><\/span>, vedie preva\u017ene po dreven\u00fdch chodn\u00edkoch. To z neho rob\u00ed ide\u00e1lny cie\u013e pre v\u0161etky vekov\u00e9 kateg\u00f3rie, vr\u00e1tane rod\u00edn s de\u0165mi. Ak budete ma\u0165 \u0161\u0165astie, ako my naposledy, u\u017eijete si toto miesto osamote. Po\u010das prech\u00e1dzky sa naskyt\u00e1 aj pr\u00edle\u017eitos\u0165 pozorova\u0165 bohat\u00fa faunu a fl\u00f3ru. Pr\u00edrodn\u00e1 rezerv\u00e1cia Zelenci je domovom vz\u00e1cnych druhov rastl\u00edn a vt\u00e1kov, tak\u017ee ak m\u00e1te radi pozorovanie pr\u00edrody, ur\u010dite si nezabudnite \u010falekoh\u013ead.<\/p>\n<p>Ve\u013ek\u00fdm bonusom je dreven\u00e1 vyhliadkov\u00e1 ve\u017ea, odkia\u013e sa pon\u00faka n\u00e1dhern\u00fd panoramatick\u00fd poh\u013ead na t\u00fato \u010darovn\u00fa krajinu so smaragdov\u00fdm jazierkom. St\u00e1\u0165 tam a vn\u00edma\u0165 zvuky pr\u00edrody je ur\u010dite jedn\u00fdm z najkraj\u0161\u00edch z\u00e1\u017eitkov tohto v\u00fdletu.<\/p>\n<div id=\"attachment_7634\" style=\"width: 4042px\" class=\"wp-caption aligncenter\"><a href=\"https:\/\/www.booking.com\/searchresults.en.html?city=-85676&amp;aid=347511&amp;no_rooms=1&amp;group_adults=2\" target=\"_blank\" rel=\"noopener\"><img loading=\"lazy\" decoding=\"async\" aria-describedby=\"caption-attachment-7634\" class=\"size-full wp-image-7634\" src=\"https:\/\/www.dovolenkarka.cz\/wp-content\/uploads\/2022\/08\/IMG_0243.jpg\" alt=\"Pr\u00edrodn\u00e1 rezerv\u00e1cia Zelenci\" width=\"4032\" height=\"3024\" srcset=\"https:\/\/www.dovolenkarka.cz\/wp-content\/uploads\/2022\/08\/IMG_0243.jpg 4032w, https:\/\/www.dovolenkarka.cz\/wp-content\/uploads\/2022\/08\/IMG_0243-768x576.jpg 768w\" sizes=\"auto, (max-width: 4032px) 100vw, 4032px\" \/><\/a><p id=\"caption-attachment-7634\" class=\"wp-caption-text\">Pr\u00edrodn\u00e1 rezerv\u00e1cia Zelenci<\/p><\/div>\n<p>Ak h\u013ead\u00e1te miesto, kde si odd\u00fdchnete od zhonu a na\u010derp\u00e1te energiu, rezerv\u00e1cia Zelenci je t\u00fdm prav\u00fdm miestom. Pr\u00edrodn\u00e1 rezerv\u00e1cia Zelenci je \u013eahko dostupn\u00e1, parkovanie je hne\u010f pri vstupe na chodn\u00edk. Pri n\u00e1v\u0161teve Slovinska by ste si tento pr\u00edrodn\u00fd klenot rozhodne nemali necha\u0165 ujs\u0165.<\/p>\n<hr \/>\n<p><span style=\"color: #000000;\"><strong>Mohlo by v\u00e1s tie\u017e zauj\u00edma\u0165: <\/strong><\/span><\/p>\n<ul>\n<li><span style=\"color: #008000;\"><strong><a style=\"color: #008000;\" href=\"https:\/\/www.dovolenkarka.cz\/sk\/jazero-jasna-tip-na-vylet-a-ubytovanie-v-slovinsku\/\" target=\"_blank\" rel=\"noopener\">Jazero Jasna: tip na v\u00fdlet a ubytovanie v Slovinsku<\/a><\/strong><\/span><\/li>\n<li><span style=\"color: #008000;\"><a style=\"color: #008000;\" href=\"https:\/\/www.dovolenkarka.cz\/piran-nejmalebnejsi-mesto-slovinskeho-pobrezi\/\" target=\"_blank\" rel=\"noopener\"><strong>Piran: najmalebnej\u0161ie mesto slovinsk\u00e9ho pobre\u017eia <\/strong><\/a><\/span><\/li>\n<li><span style=\"color: #008000;\"><strong><a style=\"color: #008000;\" href=\"https:\/\/www.dovolenkarka.cz\/vylety-v-dolomitech\/\" target=\"_blank\" rel=\"noopener\">15 tipov na v\u00fdlety v Dolomitoch <\/a><\/strong><\/span><\/li>\n<li><span style=\"color: #008000;\"><strong><a style=\"color: #008000;\" href=\"https:\/\/rakouskajezera.cz\/jezera-v-hornim-rakousku-pro-letni-dovolenou\/\" target=\"_blank\" rel=\"noopener\">5 tipov na jazer\u00e1 v Hornom Rak\u00fasku (nielen) na letn\u00fa dovolenku<\/a><\/strong><\/span><\/li>\n<\/ul>\n<hr \/>\n<h3><span class=\"ez-toc-section\" id=\"Kedy_sa_vybrat_do_prirodnej_rezervacie_Zelenci\"><\/span>Kedy sa vybra\u0165 do pr\u00edrodnej rezerv\u00e1cie Zelenci?<span class=\"ez-toc-section-end\"><\/span><\/h3>\n<p><span style=\"color: #008000;\"><a style=\"color: #008000;\" href=\"https:\/\/www.booking.com\/searchresults.en.html?city=-85676&amp;aid=347511&amp;no_rooms=1&amp;group_adults=2\" target=\"_blank\" rel=\"noopener\">Miesto m\u00e1 svoje jedine\u010dn\u00e9 \u010daro v ka\u017edom ro\u010dnom obdob\u00ed.<\/a> <\/span>Na jar a v lete tu kvitn\u00fa vz\u00e1cne druhy rastl\u00edn, na jese\u0148 hr\u00e1 okolit\u00e1 pr\u00edroda pestr\u00fdmi farbami a v zime zasne\u017een\u00e9 vrcholky h\u00f4r vytv\u00e1raj\u00fa malebn\u00fa kulisu. Najkraj\u0161ia je ale pr\u00e1ve t\u00e1 pokojn\u00e1 atmosf\u00e9ra. Nie je tu \u017eiadny ruch ve\u013ek\u00fdch turistick\u00fdch atrakci\u00ed, len \u0161umenie vody, spev vt\u00e1kov a \u0161uchot vetra v t\u0155st\u00ed.<\/p>\n<div id=\"attachment_7637\" style=\"width: 4042px\" class=\"wp-caption aligncenter\"><a href=\"https:\/\/www.booking.com\/searchresults.en.html?city=-85676&amp;aid=347511&amp;no_rooms=1&amp;group_adults=2\" target=\"_blank\" rel=\"noopener\"><img loading=\"lazy\" decoding=\"async\" aria-describedby=\"caption-attachment-7637\" class=\"size-full wp-image-7637\" src=\"https:\/\/www.dovolenkarka.cz\/wp-content\/uploads\/2022\/08\/IMG_0206-2.jpg\" alt=\"Pr\u00edrodn\u00e1 rezerv\u00e1cia Zelenci\" width=\"4032\" height=\"3024\" srcset=\"https:\/\/www.dovolenkarka.cz\/wp-content\/uploads\/2022\/08\/IMG_0206-2.jpg 4032w, https:\/\/www.dovolenkarka.cz\/wp-content\/uploads\/2022\/08\/IMG_0206-2-768x576.jpg 768w\" sizes=\"auto, (max-width: 4032px) 100vw, 4032px\" \/><\/a><p id=\"caption-attachment-7637\" class=\"wp-caption-text\">Pr\u00edrodn\u00e1 rezerv\u00e1cia Zelenci<\/p><\/div>\n<h3><span class=\"ez-toc-section\" id=\"Prakticke_tipy_na_vylet\"><\/span>Praktick\u00e9 tipy na v\u00fdlet:<span class=\"ez-toc-section-end\"><\/span><\/h3>\n<ul data-spread=\"false\">\n<li>Vstup do rezerv\u00e1cie je zadarmo a miesto je pr\u00edstupn\u00e9 celoro\u010dne<\/li>\n<li>Chodn\u00edk je kr\u00e1tky a nen\u00e1ro\u010dn\u00fd<\/li>\n<li>Z Kranjskej Gory je to v\u00fdlet max. na p\u00e1r hod\u00edn \u2013 ide\u00e1lne spoji\u0165 s \u010fal\u0161\u00edm v\u00fdletom<\/li>\n<li>Ak chcete ma\u0165 miesto len pre seba, vyrazte sem skoro r\u00e1no alebo cez v\u0161edn\u00fd de\u0148 \u2013 my sme chodn\u00edk uprostred t\u00fd\u017ed\u0148a zdie\u013eali len s jedn\u00fdm p\u00e1rom, ktor\u00fd sa sem pri\u0161iel len odfoti\u0165 a po p\u00e1r min\u00fatach boli pre\u010d<\/li>\n<li>V lete si priba\u013ete repelent, preto\u017ee v mokradiach b\u00fdva ve\u013ea hmyzu<\/li>\n<\/ul>\n<hr \/>\n<p>P\u00e1\u010dia sa v\u00e1m moje tipy na v\u00fdlety a dovolenky? Pote\u0161\u00edte ma, ak si ma prid\u00e1te na FB aj IG: @dovolenkarka<\/p>\n<hr \/>\n<p style=\"text-align: center;\"><strong>Ulo\u017ete si tento tip na v\u00fdlet na Pintereste, aby ste ho \u013eahko na\u0161li: <\/strong><\/p>\n<p style=\"text-align: center;\"><iframe loading=\"lazy\" src=\"https:\/\/assets.pinterest.com\/ext\/embed.html?id=1049057306955986436\" width=\"345\" height=\"714\" frameborder=\"0\" scrolling=\"no\"><\/iframe><\/p>\n","protected":false},"excerpt":{"rendered":"<p>Pozn\u00e1te pr\u00edrodn\u00fa rezerv\u00e1ciu Zelenci? Ke\u010f sa povie Slovinsko, v\u00e4\u010d\u0161ina z v\u00e1s si automaticky vybav\u00ed popul\u00e1rne miesta ako jazero Bled, rieka So\u010da, \u010di najkraj\u0161ie mesto slovinsk\u00e9ho pobre\u017eia, Piran. Ja v\u00e1s dnes zavediem na kr\u00e1tky a nen\u00e1ro\u010dn\u00fd v\u00fdlet do r\u00fddzej pr\u00edrody, ktor\u00e1 v\u00e1m pri \u0161\u0165ast\u00ed na po\u010dasie a minimum n\u00e1v\u0161tevn\u00edkov, bude doslova bra\u0165 dych. Zelenci \u2013 pr\u00edrodn\u00e1 rezerv\u00e1cia so smaragdov\u00fdm jazierkom Slovinsko som si u\u017e pred viac ako desiatimi rokmi zamilovala pre jeho n\u00e1dhern\u00fa pr\u00edrodu. Jedn\u00fdm z miest, ktor\u00e9 odpor\u00fa\u010dam vo va\u0161om itiner\u00e1ri nevynecha\u0165, je pr\u00edrodn\u00e1 rezerv\u00e1cia Zelenci so smaragdovo sfarben\u00fdm jazierkom. Fotografiu tohto miesta ste u\u017e ur\u010dite niekedy zahliadli a teraz <\/p>\n","protected":false},"author":1,"featured_media":13433,"comment_status":"closed","ping_status":"closed","sticky":false,"template":"","format":"standard","meta":{"footnotes":""},"categories":[5346],"tags":[5347,5354,5355,5352,5351,5353,5348,5350,5349],"class_list":["post-13432","post","type-post","status-publish","format-standard","has-post-thumbnail","hentry","category-slovinsko","tag-co-robit-v-slovinsku","tag-kranjska-gora","tag-kranjska-gora-vylety","tag-obytnym-autom-v-slovinsku","tag-prirodna-rezervacia-zelenci","tag-ubytovanie-v-kranjskej-gore","tag-vylety-v-slovinsku","tag-zelenci","tag-zelenci-slovinsko","has_thumb"],"aioseo_notices":[],"_links":{"self":[{"href":"https:\/\/www.dovolenkarka.cz\/sk\/wp-json\/wp\/v2\/posts\/13432","targetHints":{"allow":["GET"]}}],"collection":[{"href":"https:\/\/www.dovolenkarka.cz\/sk\/wp-json\/wp\/v2\/posts"}],"about":[{"href":"https:\/\/www.dovolenkarka.cz\/sk\/wp-json\/wp\/v2\/types\/post"}],"author":[{"embeddable":true,"href":"https:\/\/www.dovolenkarka.cz\/sk\/wp-json\/wp\/v2\/users\/1"}],"replies":[{"embeddable":true,"href":"https:\/\/www.dovolenkarka.cz\/sk\/wp-json\/wp\/v2\/comments?post=13432"}],"version-history":[{"count":1,"href":"https:\/\/www.dovolenkarka.cz\/sk\/wp-json\/wp\/v2\/posts\/13432\/revisions"}],"predecessor-version":[{"id":13563,"href":"https:\/\/www.dovolenkarka.cz\/sk\/wp-json\/wp\/v2\/posts\/13432\/revisions\/13563"}],"wp:featuredmedia":[{"embeddable":true,"href":"https:\/\/www.dovolenkarka.cz\/sk\/wp-json\/wp\/v2\/media\/13433"}],"wp:attachment":[{"href":"https:\/\/www.dovolenkarka.cz\/sk\/wp-json\/wp\/v2\/media?parent=13432"}],"wp:term":[{"taxonomy":"category","embeddable":true,"href":"https:\/\/www.dovolenkarka.cz\/sk\/wp-json\/wp\/v2\/categories?post=13432"},{"taxonomy":"post_tag","embeddable":true,"href":"https:\/\/www.dovolenkarka.cz\/sk\/wp-json\/wp\/v2\/tags?post=13432"}],"curies":[{"name":"wp","href":"https:\/\/api.w.org\/{rel}","templated":true}]}}