{"id":13436,"date":"2025-10-21T16:14:36","date_gmt":"2025-10-21T14:14:36","guid":{"rendered":"https:\/\/www.dovolenkarka.cz\/vikend-v-barcelone-itinerar-na-4-dni-plne-skvelych-zazitkov-2026\/"},"modified":"2026-02-09T13:25:09","modified_gmt":"2026-02-09T12:25:09","slug":"vikend-v-barcelone-itinerar","status":"publish","type":"post","link":"https:\/\/www.dovolenkarka.cz\/sk\/vikend-v-barcelone-itinerar\/","title":{"rendered":"V\u00edkend v Barcelone: Itiner\u00e1r na 4 dni pln\u00e9 skvel\u00fdch z\u00e1\u017eitkov (2026)"},"content":{"rendered":"<p data-start=\"0\" data-end=\"84\"><span style=\"color: #000000;\"><strong>V\u00edkend v Barcelone: Itiner\u00e1r na 4 dni pln\u00e9 architekt\u00fary, gastron\u00f3mie a atmosf\u00e9ry<\/strong><\/span><\/p>\n<p data-start=\"86\" data-end=\"438\"><span style=\"color: #000000;\"><strong><a style=\"color: #000000;\" href=\"https:\/\/www.booking.com\/searchresults.cs.html?aid=347511&amp;label=mkt123sc-be162644-ab72-4058-a62b-2641d8045d4d&amp;sid=2ec81714fa30d6b6b49f17286c59a3f3&amp;sb=1&amp;src=hotel&amp;src_elem=sb&amp;error_url=https%3A%2F%2Fwww.booking.com%2Fhotel%2Fes%2Fayre-rosellon.cs.html%3Faid%3D347511%26label%3Dmkt123sc-be162644-ab72-4058-a62b-2641d8045d4d%26sid%3D2ec81714fa30d6b6b49f17286c59a3f3%26dist%3D0%3Bgroup_adults%3D1%3Bgroup_children%3D0%3Bhapos%3D2%3Bhpos%3D2%3Bno_rooms%3D1%3Breq_adults%3D1%3Breq_children%3D0%3Broom1%3DA%3Bsb_price_type%3Dtotal%3Bsr_order%3Ddistance_from_search%3Bsrepoch%3D1761055576%3Bsrpvid%3D385d63272fad0067%3Btype%3Dtotal%3Bucfs%3D1%26&amp;highlighted_hotels=188825&amp;hp_sbox=1&amp;ss=Barcelona&amp;is_ski_area=0&amp;ssne=Barcelona&amp;ssne_untouched=Barcelona&amp;city=-372490&amp;checkin_year=&amp;checkin_month=&amp;checkout_year=&amp;checkout_month=&amp;group_adults=1&amp;group_children=0&amp;no_rooms=1&amp;from_sf=1\" target=\"_blank\" rel=\"noopener\">Barcelona patr\u00ed k najpr\u00ed\u0165a\u017elivej\u0161\u00edm eur\u00f3pskym mest\u00e1m<\/a><\/strong><\/span> \u2014 sp\u00e1ja eleganciu, hist\u00f3riu aj relax pri mori. Ak si doprajete \u0161tyri dni, za\u017eijete jej najzn\u00e1mej\u0161ie miesta bez zhonu a s priestorom na skuto\u010dn\u00e9 objavovanie. Tento itiner\u00e1r som pre v\u00e1s zostavila tak, aby trasy d\u00e1vali zmysel geograficky aj \u010dasovo a z\u00e1rove\u0148 pon\u00fakali harmonick\u00e9 tempo medzi pozn\u00e1van\u00edm a oddychom.<\/p>\n<p data-start=\"86\" data-end=\"438\">Ver\u00edm, \u017ee v mojom itiner\u00e1ri n\u00e1jdete in\u0161pir\u00e1ciu, aj ke\u010f sa do Barcelony vraciate opakovane. Obzvl\u00e1\u0161\u0165 program 4. d\u0148a je moj\u00edm ob\u013e\u00faben\u00fdm pre opakovan\u00e9 n\u00e1v\u0161tevy. Samozrejme aj s kurzom varenia <a href=\"https:\/\/www.booking.com\/searchresults.cs.html?aid=347511&amp;label=mkt123sc-be162644-ab72-4058-a62b-2641d8045d4d&amp;sid=2ec81714fa30d6b6b49f17286c59a3f3&amp;sb=1&amp;src=hotel&amp;src_elem=sb&amp;error_url=https%3A%2F%2Fwww.booking.com%2Fhotel%2Fes%2Fayre-rosellon.cs.html%3Faid%3D347511%26label%3Dmkt123sc-be162644-ab72-4058-a62b-2641d8045d4d%26sid%3D2ec81714fa30d6b6b49f17286c59a3f3%26dist%3D0%3Bgroup_adults%3D1%3Bgroup_children%3D0%3Bhapos%3D2%3Bhpos%3D2%3Bno_rooms%3D1%3Breq_adults%3D1%3Breq_children%3D0%3Broom1%3DA%3Bsb_price_type%3Dtotal%3Bsr_order%3Ddistance_from_search%3Bsrepoch%3D1761055576%3Bsrpvid%3D385d63272fad0067%3Btype%3Dtotal%3Bucfs%3D1%26&amp;highlighted_hotels=188825&amp;hp_sbox=1&amp;ss=Barcelona&amp;is_ski_area=0&amp;ssne=Barcelona&amp;ssne_untouched=Barcelona&amp;city=-372490&amp;checkin_year=&amp;checkin_month=&amp;checkout_year=&amp;checkout_month=&amp;group_adults=1&amp;group_children=0&amp;no_rooms=1&amp;from_sf=1\" target=\"_blank\" rel=\"noopener\"><span style=\"color: #000000;\">a ubytovan\u00edm sa v jednom zo spom\u00ednan\u00fdch hotelov ni\u017e\u0161ie.<\/span><\/a><\/p>\n<p style=\"text-align: center;\" data-start=\"86\" data-end=\"438\"><span style=\"color: #008000;\"><strong><a style=\"color: #008000;\" href=\"https:\/\/www.dovolenkarka.cz\/sk\/dovolenka-v-barcelone-2026-11-miest-ktore-tu-nevynechat\/\" target=\"_blank\" rel=\"noopener\">Dovolenka v Barcelone: 11 tipov na miesta a z\u00e1\u017eitky, ktor\u00e9 mus\u00edte vidie\u0165 a za\u017ei\u0165<\/a><\/strong><\/span><\/p>\n<p data-start=\"86\" data-end=\"438\"><a href=\"https:\/\/www.booking.com\/searchresults.cs.html?aid=347511&amp;label=mkt123sc-be162644-ab72-4058-a62b-2641d8045d4d&amp;sid=2ec81714fa30d6b6b49f17286c59a3f3&amp;sb=1&amp;src=hotel&amp;src_elem=sb&amp;error_url=https%3A%2F%2Fwww.booking.com%2Fhotel%2Fes%2Fayre-rosellon.cs.html%3Faid%3D347511%26label%3Dmkt123sc-be162644-ab72-4058-a62b-2641d8045d4d%26sid%3D2ec81714fa30d6b6b49f17286c59a3f3%26dist%3D0%3Bgroup_adults%3D1%3Bgroup_children%3D0%3Bhapos%3D2%3Bhpos%3D2%3Bno_rooms%3D1%3Breq_adults%3D1%3Breq_children%3D0%3Broom1%3DA%3Bsb_price_type%3Dtotal%3Bsr_order%3Ddistance_from_search%3Bsrepoch%3D1761055576%3Bsrpvid%3D385d63272fad0067%3Btype%3Dtotal%3Bucfs%3D1%26&amp;highlighted_hotels=188825&amp;hp_sbox=1&amp;ss=Barcelona&amp;is_ski_area=0&amp;ssne=Barcelona&amp;ssne_untouched=Barcelona&amp;city=-372490&amp;checkin_year=&amp;checkin_month=&amp;checkout_year=&amp;checkout_month=&amp;group_adults=1&amp;group_children=0&amp;no_rooms=1&amp;from_sf=1\" target=\"_blank\" rel=\"noopener\"><img loading=\"lazy\" decoding=\"async\" class=\"aligncenter size-full wp-image-10388\" src=\"https:\/\/www.dovolenkarka.cz\/wp-content\/uploads\/2025\/10\/Obrazek-17-scaled.jpg\" alt=\"V\u00edkend v Barcelone\" width=\"2560\" height=\"2560\" srcset=\"https:\/\/www.dovolenkarka.cz\/wp-content\/uploads\/2025\/10\/Obrazek-17-scaled.jpg 2560w, https:\/\/www.dovolenkarka.cz\/wp-content\/uploads\/2025\/10\/Obrazek-17-300x300.jpg 300w, https:\/\/www.dovolenkarka.cz\/wp-content\/uploads\/2025\/10\/Obrazek-17-150x150.jpg 150w, https:\/\/www.dovolenkarka.cz\/wp-content\/uploads\/2025\/10\/Obrazek-17-1536x1536.jpg 1536w, https:\/\/www.dovolenkarka.cz\/wp-content\/uploads\/2025\/10\/Obrazek-17-2048x2048.jpg 2048w, https:\/\/www.dovolenkarka.cz\/wp-content\/uploads\/2025\/10\/Obrazek-17-70x70.jpg 70w\" sizes=\"auto, (max-width: 2560px) 100vw, 2560px\" \/><\/a><\/p>\n<hr \/>\n<div id=\"ez-toc-container\" class=\"ez-toc-v2_0_82_2 counter-hierarchy ez-toc-counter ez-toc-grey ez-toc-container-direction\">\n<div class=\"ez-toc-title-container\">\n<p class=\"ez-toc-title\" style=\"cursor:inherit\">Obsah \u010dl\u00e1nku:<\/p>\n<span class=\"ez-toc-title-toggle\"><a href=\"#\" class=\"ez-toc-pull-right ez-toc-btn ez-toc-btn-xs ez-toc-btn-default ez-toc-toggle\" aria-label=\"Toggle Table of Content\"><span class=\"ez-toc-js-icon-con\"><span class=\"\"><span class=\"eztoc-hide\" style=\"display:none;\">Toggle<\/span><span class=\"ez-toc-icon-toggle-span\"><svg style=\"fill: #999;color:#999\" xmlns=\"http:\/\/www.w3.org\/2000\/svg\" class=\"list-377408\" width=\"20px\" height=\"20px\" viewBox=\"0 0 24 24\" fill=\"none\"><path d=\"M6 6H4v2h2V6zm14 0H8v2h12V6zM4 11h2v2H4v-2zm16 0H8v2h12v-2zM4 16h2v2H4v-2zm16 0H8v2h12v-2z\" fill=\"currentColor\"><\/path><\/svg><svg style=\"fill: #999;color:#999\" class=\"arrow-unsorted-368013\" xmlns=\"http:\/\/www.w3.org\/2000\/svg\" width=\"10px\" height=\"10px\" viewBox=\"0 0 24 24\" version=\"1.2\" baseProfile=\"tiny\"><path d=\"M18.2 9.3l-6.2-6.3-6.2 6.3c-.2.2-.3.4-.3.7s.1.5.3.7c.2.2.4.3.7.3h11c.3 0 .5-.1.7-.3.2-.2.3-.5.3-.7s-.1-.5-.3-.7zM5.8 14.7l6.2 6.3 6.2-6.3c.2-.2.3-.5.3-.7s-.1-.5-.3-.7c-.2-.2-.4-.3-.7-.3h-11c-.3 0-.5.1-.7.3-.2.2-.3.5-.3.7s.1.5.3.7z\"\/><\/svg><\/span><\/span><\/span><\/a><\/span><\/div>\n<nav><ul class='ez-toc-list ez-toc-list-level-1 ' ><li class='ez-toc-page-1 ez-toc-heading-level-2'><a class=\"ez-toc-link ez-toc-heading-1\" href=\"https:\/\/www.dovolenkarka.cz\/sk\/vikend-v-barcelone-itinerar\/#Ubytovanie_v_Barcelone\" >Ubytovanie v Barcelone<\/a><ul class='ez-toc-list-level-3' ><li class='ez-toc-heading-level-3'><a class=\"ez-toc-link ez-toc-heading-2\" href=\"https:\/\/www.dovolenkarka.cz\/sk\/vikend-v-barcelone-itinerar\/#1_SERCOTEL_HOTEL_ROSELLON\" >1. SERCOTEL HOTEL ROSELLON<\/a><\/li><li class='ez-toc-page-1 ez-toc-heading-level-3'><a class=\"ez-toc-link ez-toc-heading-3\" href=\"https:\/\/www.dovolenkarka.cz\/sk\/vikend-v-barcelone-itinerar\/#2_LAMARO_HOTEL\" >2. LAMARO HOTEL<\/a><\/li><\/ul><\/li><li class='ez-toc-page-1 ez-toc-heading-level-2'><a class=\"ez-toc-link ez-toc-heading-4\" href=\"https:\/\/www.dovolenkarka.cz\/sk\/vikend-v-barcelone-itinerar\/#Vikend_v_Barcelone\" >V\u00edkend v Barcelone<\/a><\/li><li class='ez-toc-page-1 ez-toc-heading-level-2'><a class=\"ez-toc-link ez-toc-heading-5\" href=\"https:\/\/www.dovolenkarka.cz\/sk\/vikend-v-barcelone-itinerar\/#Den_1_%E2%80%94_Goticka_stvrt_a_srdce_mesta\" >De\u0148 1 \u2014 Gotick\u00e1 \u0161tvr\u0165 a srdce mesta<\/a><ul class='ez-toc-list-level-3' ><li class='ez-toc-heading-level-3'><a class=\"ez-toc-link ez-toc-heading-6\" href=\"https:\/\/www.dovolenkarka.cz\/sk\/vikend-v-barcelone-itinerar\/#Barri_Gotic\" >Barri G\u00f2tic<\/a><\/li><li class='ez-toc-page-1 ez-toc-heading-level-3'><a class=\"ez-toc-link ez-toc-heading-7\" href=\"https:\/\/www.dovolenkarka.cz\/sk\/vikend-v-barcelone-itinerar\/#La_Rambla_a_Mercat_de_la_Boqueria\" >La Rambla a Mercat de la Boqueria<\/a><\/li><li class='ez-toc-page-1 ez-toc-heading-level-3'><a class=\"ez-toc-link ez-toc-heading-8\" href=\"https:\/\/www.dovolenkarka.cz\/sk\/vikend-v-barcelone-itinerar\/#El_Born_a_bazilika_Santa_Maria_del_Mar\" >El Born a bazilika Santa Mar\u00eda del Mar<\/a><\/li><li class='ez-toc-page-1 ez-toc-heading-level-3'><a class=\"ez-toc-link ez-toc-heading-9\" href=\"https:\/\/www.dovolenkarka.cz\/sk\/vikend-v-barcelone-itinerar\/#Vecera_v_Port_Vell\" >Ve\u010dera v Port Vell<\/a><\/li><\/ul><\/li><li class='ez-toc-page-1 ez-toc-heading-level-2'><a class=\"ez-toc-link ez-toc-heading-10\" href=\"https:\/\/www.dovolenkarka.cz\/sk\/vikend-v-barcelone-itinerar\/#Den_2_%E2%80%94_Modernizmus_a_Gaudiho_majstrovstvo\" >De\u0148 2 \u2014 Modernizmus a Gaud\u00edho majstrovstvo<\/a><ul class='ez-toc-list-level-3' ><li class='ez-toc-heading-level-3'><a class=\"ez-toc-link ez-toc-heading-11\" href=\"https:\/\/www.dovolenkarka.cz\/sk\/vikend-v-barcelone-itinerar\/#Sagrada_Familia\" >Sagrada Fam\u00edlia<\/a><\/li><li class='ez-toc-page-1 ez-toc-heading-level-3'><a class=\"ez-toc-link ez-toc-heading-12\" href=\"https:\/\/www.dovolenkarka.cz\/sk\/vikend-v-barcelone-itinerar\/#Hospital_de_Sant_Pau\" >Hospital de Sant Pau<\/a><\/li><li class='ez-toc-page-1 ez-toc-heading-level-3'><a class=\"ez-toc-link ez-toc-heading-13\" href=\"https:\/\/www.dovolenkarka.cz\/sk\/vikend-v-barcelone-itinerar\/#Passeig_de_Gracia_Casa_Batllo_a_Casa_Mila\" >Passeig de Gr\u00e0cia, Casa Batll\u00f3 a Casa Mil\u00e0<\/a><\/li><li class='ez-toc-page-1 ez-toc-heading-level-3'><a class=\"ez-toc-link ez-toc-heading-14\" href=\"https:\/\/www.dovolenkarka.cz\/sk\/vikend-v-barcelone-itinerar\/#Vecera_v_Eixample\" >Ve\u010dera v Eixample<\/a><\/li><\/ul><\/li><li class='ez-toc-page-1 ez-toc-heading-level-2'><a class=\"ez-toc-link ez-toc-heading-15\" href=\"https:\/\/www.dovolenkarka.cz\/sk\/vikend-v-barcelone-itinerar\/#Den_3_%E2%80%94_Parc_Guell_vyhlady_a_kultura\" >De\u0148 3 \u2014 Parc G\u00fcell, v\u00fdh\u013eady a kult\u00fara<\/a><ul class='ez-toc-list-level-3' ><li class='ez-toc-heading-level-3'><a class=\"ez-toc-link ez-toc-heading-16\" href=\"https:\/\/www.dovolenkarka.cz\/sk\/vikend-v-barcelone-itinerar\/#Parc_Guell\" >Parc G\u00fcell<\/a><\/li><li class='ez-toc-page-1 ez-toc-heading-level-3'><a class=\"ez-toc-link ez-toc-heading-17\" href=\"https:\/\/www.dovolenkarka.cz\/sk\/vikend-v-barcelone-itinerar\/#Bunkers_del_Carmel\" >Bunkers del Carmel<\/a><\/li><li class='ez-toc-page-1 ez-toc-heading-level-3'><a class=\"ez-toc-link ez-toc-heading-18\" href=\"https:\/\/www.dovolenkarka.cz\/sk\/vikend-v-barcelone-itinerar\/#Muzeum_Picasso\" >M\u00fazeum Picasso<\/a><\/li><li class='ez-toc-page-1 ez-toc-heading-level-3'><a class=\"ez-toc-link ez-toc-heading-19\" href=\"https:\/\/www.dovolenkarka.cz\/sk\/vikend-v-barcelone-itinerar\/#Vecer_na_Carrer_de_Blai\" >Ve\u010der na Carrer de Blai<\/a><\/li><\/ul><\/li><li class='ez-toc-page-1 ez-toc-heading-level-2'><a class=\"ez-toc-link ez-toc-heading-20\" href=\"https:\/\/www.dovolenkarka.cz\/sk\/vikend-v-barcelone-itinerar\/#Den_4_%E2%80%94_Montjuic_a_more\" >De\u0148 4 \u2014 Montju\u00efc a more<\/a><ul class='ez-toc-list-level-3' ><li class='ez-toc-heading-level-3'><a class=\"ez-toc-link ez-toc-heading-21\" href=\"https:\/\/www.dovolenkarka.cz\/sk\/vikend-v-barcelone-itinerar\/#Montjuic\" >Montju\u00efc<\/a><\/li><li class='ez-toc-page-1 ez-toc-heading-level-3'><a class=\"ez-toc-link ez-toc-heading-22\" href=\"https:\/\/www.dovolenkarka.cz\/sk\/vikend-v-barcelone-itinerar\/#Fundacio_Joan_Miro_a_botanicke_zahrady\" >Fundaci\u00f3 Joan Mir\u00f3 a botanick\u00e9 z\u00e1hrady<\/a><\/li><li class='ez-toc-page-1 ez-toc-heading-level-3'><a class=\"ez-toc-link ez-toc-heading-23\" href=\"https:\/\/www.dovolenkarka.cz\/sk\/vikend-v-barcelone-itinerar\/#Barceloneta_a_plaz\" >Barceloneta a pl\u00e1\u017e<\/a><\/li><\/ul><\/li><\/ul><\/nav><\/div>\n<h2 data-start=\"86\" data-end=\"438\"><span class=\"ez-toc-section\" id=\"Ubytovanie_v_Barcelone\"><\/span>Ubytovanie v Barcelone<span class=\"ez-toc-section-end\"><\/span><\/h2>\n<hr \/>\n<p><span style=\"color: #000000;\"><a style=\"color: #000000;\" href=\"https:\/\/www.booking.com\/searchresults.cs.html?aid=347511&amp;label=mkt123sc-be162644-ab72-4058-a62b-2641d8045d4d&amp;sid=2ec81714fa30d6b6b49f17286c59a3f3&amp;sb=1&amp;src=hotel&amp;src_elem=sb&amp;error_url=https%3A%2F%2Fwww.booking.com%2Fhotel%2Fes%2Fayre-rosellon.cs.html%3Faid%3D347511%26label%3Dmkt123sc-be162644-ab72-4058-a62b-2641d8045d4d%26sid%3D2ec81714fa30d6b6b49f17286c59a3f3%26dist%3D0%3Bgroup_adults%3D1%3Bgroup_children%3D0%3Bhapos%3D2%3Bhpos%3D2%3Bno_rooms%3D1%3Breq_adults%3D1%3Breq_children%3D0%3Broom1%3DA%3Bsb_price_type%3Dtotal%3Bsr_order%3Ddistance_from_search%3Bsrepoch%3D1761055576%3Bsrpvid%3D385d63272fad0067%3Btype%3Dtotal%3Bucfs%3D1%26&amp;highlighted_hotels=188825&amp;hp_sbox=1&amp;ss=Barcelona&amp;is_ski_area=0&amp;ssne=Barcelona&amp;ssne_untouched=Barcelona&amp;city=-372490&amp;checkin_year=&amp;checkin_month=&amp;checkout_year=&amp;checkout_month=&amp;group_adults=1&amp;group_children=0&amp;no_rooms=1&amp;from_sf=1\" target=\"_blank\" rel=\"noopener\">Ubytovania v Barcelone je ve\u013ea<\/a><\/span> a vybera\u0165 m\u00f4\u017eete medzi ozajstn\u00fdmi historick\u00fdmi aj modern\u00fdmi skvostami. Ak prilietate v hlavnej sez\u00f3ne, odpor\u00fa\u010dam rezerv\u00e1ciu vami vybran\u00e9ho hotela dostato\u010dne dopredu. Mimo sez\u00f3ny si naopak u\u017eijete nielen pokojnej\u0161iu atmosf\u00e9ru tohto ob\u013e\u00faben\u00e9ho katal\u00e1nskeho mesta, ale v\u00e1\u0161 rozpo\u010det pote\u0161ia aj pr\u00edjemn\u00e9 z\u013eavy na ubytovanie.<\/p>\n<p>Vzh\u013eadom na n\u00e1\u0161 \u0161tvord\u0148ov\u00fd itiner\u00e1r odpor\u00fa\u010dam osobne overen\u00e9 tieto dva hotely, ktor\u00e9 sa nach\u00e1dzaj\u00fa priamo v centre, bl\u00edzko mojich tipov na v\u00fdlety:<\/p>\n<h3><span class=\"ez-toc-section\" id=\"1_SERCOTEL_HOTEL_ROSELLON\"><\/span><span style=\"color: #000000;\"><strong><a style=\"color: #000000;\" href=\"https:\/\/www.booking.com\/hotel\/es\/ayre-rosellon.cs.html?aid=347511&amp;label=mkt123sc-be162644-ab72-4058-a62b-2641d8045d4d&amp;sid=2ec81714fa30d6b6b49f17286c59a3f3&amp;dist=0&amp;group_adults=1&amp;group_children=0&amp;hapos=2&amp;hpos=2&amp;no_rooms=1&amp;req_adults=1&amp;req_children=0&amp;room1=A&amp;sb_price_type=total&amp;sr_order=distance_from_search&amp;srepoch=1761055576&amp;srpvid=385d63272fad0067&amp;type=total&amp;ucfs=1tab-main\" target=\"_blank\" rel=\"noopener\">1. SERCOTEL HOTEL ROSELLON<\/a><\/strong><\/span><span class=\"ez-toc-section-end\"><\/span><\/h3>\n<ul>\n<li>Hotel sa nach\u00e1dza priamo pri stavbe Sagrada Familia a od stanice metra to m\u00e1te doslova tie\u017e len p\u00e1r metrov<\/li>\n<li>Ikonick\u00e1 vyhliadka zo stre\u0161nej terasy, kde sa nach\u00e1dza aj bar<\/li>\n<\/ul>\n<p style=\"text-align: center;\"><span style=\"color: #008000;\"><a style=\"color: #008000;\" href=\"https:\/\/www.booking.com\/hotel\/es\/ayre-rosellon.cs.html?aid=347511&amp;label=mkt123sc-be162644-ab72-4058-a62b-2641d8045d4d&amp;sid=2ec81714fa30d6b6b49f17286c59a3f3&amp;dist=0&amp;group_adults=1&amp;group_children=0&amp;hapos=2&amp;hpos=2&amp;no_rooms=1&amp;req_adults=1&amp;req_children=0&amp;room1=A&amp;sb_price_type=total&amp;sr_order=distance_from_search&amp;srepoch=1761055576&amp;srpvid=385d63272fad0067&amp;type=total&amp;ucfs=1tab-main\" target=\"_blank\" rel=\"noopener\"><em><strong>&gt;&gt; Overi\u0165 term\u00edn a rezervova\u0165 pobyt TU<\/strong><\/em><\/a><\/span><\/p>\n<p><a href=\"https:\/\/www.booking.com\/hotel\/es\/ayre-rosellon.cs.html?aid=347511&amp;label=mkt123sc-be162644-ab72-4058-a62b-2641d8045d4d&amp;sid=2ec81714fa30d6b6b49f17286c59a3f3&amp;dist=0&amp;group_adults=1&amp;group_children=0&amp;hapos=2&amp;hpos=2&amp;no_rooms=1&amp;req_adults=1&amp;req_children=0&amp;room1=A&amp;sb_price_type=total&amp;sr_order=distance_from_search&amp;srepoch=1761055576&amp;srpvid=385d63272fad0067&amp;type=total&amp;ucfs=1tab-main\" target=\"_blank\" rel=\"noopener\"><img loading=\"lazy\" decoding=\"async\" class=\"aligncenter size-full wp-image-10383\" src=\"https:\/\/www.dovolenkarka.cz\/wp-content\/uploads\/2025\/10\/Obrazek-12.jpg\" alt=\"V\u00edkend v Barcelone - Secrotel Hotel Rosellon\" width=\"1024\" height=\"682\" srcset=\"https:\/\/www.dovolenkarka.cz\/wp-content\/uploads\/2025\/10\/Obrazek-12.jpg 1024w, https:\/\/www.dovolenkarka.cz\/wp-content\/uploads\/2025\/10\/Obrazek-12-768x511.jpg 768w\" sizes=\"auto, (max-width: 1024px) 100vw, 1024px\" \/><\/a><\/p>\n<h3><span class=\"ez-toc-section\" id=\"2_LAMARO_HOTEL\"><\/span><span style=\"color: #000000;\"><strong><a style=\"color: #000000;\" href=\"https:\/\/www.booking.com\/hotel\/es\/colon-barcelona.cs.html?aid=347511&amp;label=mkt123sc-be162644-ab72-4058-a62b-2641d8045d4d&amp;sid=2ec81714fa30d6b6b49f17286c59a3f3&amp;dest_id=93365&amp;dest_type=hotel&amp;dist=0&amp;group_adults=1&amp;group_children=0&amp;hapos=1&amp;hpos=1&amp;no_rooms=1&amp;req_adults=1&amp;req_children=0&amp;room1=A&amp;sb_price_type=total&amp;sr_order=popularity&amp;srepoch=1761055479&amp;srpvid=3a5962f75f9a06e2&amp;type=total&amp;ucfs=1hotelTmpl\" target=\"_blank\" rel=\"noopener\">2. LAMARO HOTEL<\/a><\/strong><\/span><span class=\"ez-toc-section-end\"><\/span><\/h3>\n<ul>\n<li>Luxusn\u00fd a elegantn\u00fd 5* hotel priamo pri barcelonskej katedr\u00e1le<\/li>\n<li>Len 5 min\u00fat ch\u00f4dze od Plaza Catalunya<\/li>\n<\/ul>\n<p style=\"text-align: center;\"><span style=\"color: #808000;\"><a style=\"color: #808000;\" href=\"https:\/\/www.booking.com\/hotel\/es\/colon-barcelona.cs.html?aid=347511&amp;label=mkt123sc-be162644-ab72-4058-a62b-2641d8045d4d&amp;sid=2ec81714fa30d6b6b49f17286c59a3f3&amp;dest_id=93365&amp;dest_type=hotel&amp;dist=0&amp;group_adults=1&amp;group_children=0&amp;hapos=1&amp;hpos=1&amp;no_rooms=1&amp;req_adults=1&amp;req_children=0&amp;room1=A&amp;sb_price_type=total&amp;sr_order=popularity&amp;srepoch=1761055479&amp;srpvid=3a5962f75f9a06e2&amp;type=total&amp;ucfs=1hotelTmpl\" target=\"_blank\" rel=\"noopener\"><strong><em><span style=\"color: #008000;\">&gt;&gt; Overi\u0165 term\u00edn a rezervova\u0165 pobyt TU<\/span><\/em><\/strong><\/a><\/span><\/p>\n<p><img loading=\"lazy\" decoding=\"async\" class=\"aligncenter size-full wp-image-10384\" src=\"https:\/\/www.dovolenkarka.cz\/wp-content\/uploads\/2025\/10\/Obrazek-13-1.jpg\" alt=\"V\u00edkend v Barcelone - Lamaro Hotel\" width=\"1024\" height=\"683\" srcset=\"https:\/\/www.dovolenkarka.cz\/wp-content\/uploads\/2025\/10\/Obrazek-13-1.jpg 1024w, https:\/\/www.dovolenkarka.cz\/wp-content\/uploads\/2025\/10\/Obrazek-13-1-768x512.jpg 768w\" sizes=\"auto, (max-width: 1024px) 100vw, 1024px\" \/><\/p>\n<hr \/>\n<h2 data-start=\"86\" data-end=\"438\"><span class=\"ez-toc-section\" id=\"Vikend_v_Barcelone\"><\/span>V\u00edkend v Barcelone<span class=\"ez-toc-section-end\"><\/span><\/h2>\n<hr \/>\n<h2 data-start=\"445\" data-end=\"485\"><span class=\"ez-toc-section\" id=\"Den_1_%E2%80%94_Goticka_stvrt_a_srdce_mesta\"><\/span>De\u0148 1 \u2014 Gotick\u00e1 \u0161tvr\u0165 a srdce mesta<span class=\"ez-toc-section-end\"><\/span><\/h2>\n<h3 data-start=\"487\" data-end=\"737\"><span class=\"ez-toc-section\" id=\"Barri_Gotic\"><\/span><strong data-start=\"487\" data-end=\"502\">Barri G\u00f2tic<\/strong><span class=\"ez-toc-section-end\"><\/span><\/h3>\n<ul>\n<li data-start=\"487\" data-end=\"737\">N\u00e1\u0161 v\u00edkend v Barcelone za\u010dnite v historickom jadre Barcelony, kde sa \u00fazke uli\u010dky kri\u017euj\u00fa s mal\u00fdmi n\u00e1mest\u00ed\u010dkami a kamenn\u00fdmi obl\u00fakmi. Gotick\u00e1 \u0161tvr\u0165 pon\u00faka autentick\u00fa atmosf\u00e9ru starej Barcelony, ktor\u00fa najlep\u0161ie poc\u00edtite pri prech\u00e1dzke okolo Katedr\u00e1ly sv. Eul\u00e1lie.<\/li>\n<\/ul>\n<p><a href=\"https:\/\/www.dovolenkarka.cz\/sk\/vikend-v-barcelone-itinerar\/obrazek-2-4\/\" rel=\"attachment wp-att-10387\"><img loading=\"lazy\" decoding=\"async\" class=\"aligncenter size-full wp-image-10387\" src=\"https:\/\/www.dovolenkarka.cz\/wp-content\/uploads\/2025\/10\/Obrazek-2-scaled.jpg\" alt=\"V\u00edkend v Barcelone\" width=\"2560\" height=\"2560\" srcset=\"https:\/\/www.dovolenkarka.cz\/wp-content\/uploads\/2025\/10\/Obrazek-2-scaled.jpg 2560w, https:\/\/www.dovolenkarka.cz\/wp-content\/uploads\/2025\/10\/Obrazek-2-300x300.jpg 300w, https:\/\/www.dovolenkarka.cz\/wp-content\/uploads\/2025\/10\/Obrazek-2-150x150.jpg 150w, https:\/\/www.dovolenkarka.cz\/wp-content\/uploads\/2025\/10\/Obrazek-2-1536x1536.jpg 1536w, https:\/\/www.dovolenkarka.cz\/wp-content\/uploads\/2025\/10\/Obrazek-2-2048x2048.jpg 2048w, https:\/\/www.dovolenkarka.cz\/wp-content\/uploads\/2025\/10\/Obrazek-2-70x70.jpg 70w\" sizes=\"auto, (max-width: 2560px) 100vw, 2560px\" \/><\/a><\/p>\n<h3 data-start=\"739\" data-end=\"1000\"><span class=\"ez-toc-section\" id=\"La_Rambla_a_Mercat_de_la_Boqueria\"><\/span><strong data-start=\"739\" data-end=\"776\">La Rambla a Mercat de la Boqueria<\/strong><span class=\"ez-toc-section-end\"><\/span><\/h3>\n<ul>\n<li data-start=\"739\" data-end=\"1000\">Pokra\u010dujte po sl\u00e1vnej triede La Rambla, kde sa mie\u0161aj\u00fa umelci, v\u00f4ne kvetov aj st\u00e1nky s delikatesami. Zastavte sa na trhu Boqueria, najstar\u0161om a naj\u017eiv\u0161om trhovisku mesta, kde ochutn\u00e1te \u010derstv\u00e9 morsk\u00e9 plody alebo miestnu tradi\u010dn\u00fa su\u0161en\u00fa \u0161unku, jam\u00f3n ib\u00e9rico.<\/li>\n<\/ul>\n<p><a href=\"https:\/\/www.dovolenkarka.cz\/sk\/vikend-v-barcelone-itinerar\/obrazek-6-3\/\" rel=\"attachment wp-att-10386\"><img loading=\"lazy\" decoding=\"async\" class=\"aligncenter size-full wp-image-10386\" src=\"https:\/\/www.dovolenkarka.cz\/wp-content\/uploads\/2025\/10\/Obrazek-6-scaled.jpg\" alt=\"V\u00edkend v Barcelone \" width=\"2560\" height=\"2560\" srcset=\"https:\/\/www.dovolenkarka.cz\/wp-content\/uploads\/2025\/10\/Obrazek-6-scaled.jpg 2560w, https:\/\/www.dovolenkarka.cz\/wp-content\/uploads\/2025\/10\/Obrazek-6-300x300.jpg 300w, https:\/\/www.dovolenkarka.cz\/wp-content\/uploads\/2025\/10\/Obrazek-6-150x150.jpg 150w, https:\/\/www.dovolenkarka.cz\/wp-content\/uploads\/2025\/10\/Obrazek-6-1536x1536.jpg 1536w, https:\/\/www.dovolenkarka.cz\/wp-content\/uploads\/2025\/10\/Obrazek-6-2048x2048.jpg 2048w, https:\/\/www.dovolenkarka.cz\/wp-content\/uploads\/2025\/10\/Obrazek-6-70x70.jpg 70w\" sizes=\"auto, (max-width: 2560px) 100vw, 2560px\" \/><\/a><\/p>\n<h3 data-start=\"1002\" data-end=\"1265\"><span class=\"ez-toc-section\" id=\"El_Born_a_bazilika_Santa_Maria_del_Mar\"><\/span><strong data-start=\"1002\" data-end=\"1044\">El Born a bazilika Santa Mar\u00eda del Mar<\/strong><span class=\"ez-toc-section-end\"><\/span><\/h3>\n<ul>\n<li data-start=\"1002\" data-end=\"1265\">El Born je \u0161t\u00fdlov\u00e1 \u0161tvr\u0165 pln\u00e1 dizajnov\u00fdch obchodov a mal\u00fdch kaviarn\u00ed. Dominantou je bazilika Santa Mar\u00eda del Mar, ktor\u00e1 je majstrovsk\u00e9 dielo katal\u00e1nskej gotiky s impozantn\u00fdm interi\u00e9rom, ktor\u00fd p\u00f4sob\u00ed pokojne aj monument\u00e1lne z\u00e1rove\u0148.<\/li>\n<\/ul>\n<h3 data-start=\"1002\" data-end=\"1265\"><span class=\"ez-toc-section\" id=\"Vecera_v_Port_Vell\"><\/span><strong data-start=\"1267\" data-end=\"1289\">Ve\u010dera v Port Vell<\/strong><span class=\"ez-toc-section-end\"><\/span><\/h3>\n<ul>\n<li data-start=\"1002\" data-end=\"1265\">De\u0148 zakon\u010dite pri pr\u00edstave Port Vell, kde sa pri z\u00e1pade slnka odr\u00e1\u017eaj\u00fa lode a modern\u00e9 sklenen\u00e9 stavby na hladine mora. Doprajte si ve\u010deru v niektorej z re\u0161taur\u00e1ci\u00ed s v\u00fdh\u013eadom na more. Je to ide\u00e1lne priv\u00edtanie do rytmu barcelonsk\u00fdch dlh\u00fdch ve\u010derov. Pam\u00e4tajte, \u017ee v Barcelone sa ve\u010deria dlh\u0161ie, ne\u017e je zvykom v \u010cech\u00e1ch.<\/li>\n<\/ul>\n<hr \/>\n<h2 data-start=\"1505\" data-end=\"1551\"><span class=\"ez-toc-section\" id=\"Den_2_%E2%80%94_Modernizmus_a_Gaudiho_majstrovstvo\"><\/span>De\u0148 2 \u2014 Modernizmus a Gaud\u00edho majstrovstvo<span class=\"ez-toc-section-end\"><\/span><\/h2>\n<h3 data-start=\"1553\" data-end=\"1804\"><span class=\"ez-toc-section\" id=\"Sagrada_Familia\"><\/span><strong data-start=\"1553\" data-end=\"1572\">Sagrada Fam\u00edlia<\/strong><span class=\"ez-toc-section-end\"><\/span><\/h3>\n<ul>\n<li data-start=\"1553\" data-end=\"1804\">R\u00e1no venujte najsl\u00e1vnej\u0161ej stavbe Barcelony. Bazilika Sagrada Fam\u00edlia je symbolom mesta aj dielo, ktor\u00e9 ohromuje detailnou symbolikou a svetlom prenikaj\u00facim cez farebn\u00e9 vitr\u00e1\u017ee. Vstupenky rezervujte vopred &#8211; rady b\u00fdvaj\u00fa dlh\u00e9! Ak si chcete u\u017ei\u0165 prehliadku bez stresu a dozvedie\u0165 sa ve\u013ea zauj\u00edmavost\u00ed, rezervujte si s\u00fakromn\u00fa prehliadku s moj\u00edm kamar\u00e1tom, ktor\u00fd je z\u00e1rove\u0148 <span style=\"color: #008000;\"><em>certifikovan\u00fdm sprievodcom pre Barcelonu &#8211; Richard Hlad\u00edk &#8211; Dovolenka Barcelona <\/em><\/span><\/li>\n<\/ul>\n<p><a href=\"https:\/\/www.dovolenkarka.cz\/sk\/vikend-v-barcelone-itinerar\/sagrada-familia-552084_1920\/\" rel=\"attachment wp-att-10395\"><img loading=\"lazy\" decoding=\"async\" class=\"aligncenter size-full wp-image-10395\" src=\"https:\/\/www.dovolenkarka.cz\/wp-content\/uploads\/2025\/10\/sagrada-familia-552084_1920.jpg\" alt=\"V\u00edkend v Barcelone\" width=\"1920\" height=\"1606\" srcset=\"https:\/\/www.dovolenkarka.cz\/wp-content\/uploads\/2025\/10\/sagrada-familia-552084_1920.jpg 1920w, https:\/\/www.dovolenkarka.cz\/wp-content\/uploads\/2025\/10\/sagrada-familia-552084_1920-768x642.jpg 768w\" sizes=\"auto, (max-width: 1920px) 100vw, 1920px\" \/><\/a><\/p>\n<h3 data-start=\"1806\" data-end=\"2058\"><span class=\"ez-toc-section\" id=\"Hospital_de_Sant_Pau\"><\/span><strong data-start=\"1806\" data-end=\"1830\">Hospital de Sant Pau<\/strong><span class=\"ez-toc-section-end\"><\/span><\/h3>\n<ul>\n<li data-start=\"1806\" data-end=\"2058\">Len nieko\u013eko min\u00fat pe\u0161o od Sagrady Fam\u00edlie le\u017e\u00ed menej zn\u00e1my, ale mimoriadne p\u00f4sobiv\u00fd komplex Hospital de Sant Pau. Tento modernistick\u00fd are\u00e1l je zap\u00edsan\u00fd na zozname UNESCO a prekvap\u00ed svojou kombin\u00e1ciou architekt\u00fary, moza\u00edk a z\u00e1hrad.<\/li>\n<\/ul>\n<h3 data-start=\"2060\" data-end=\"2367\"><span class=\"ez-toc-section\" id=\"Passeig_de_Gracia_Casa_Batllo_a_Casa_Mila\"><\/span><strong data-start=\"2060\" data-end=\"2106\">Passeig de Gr\u00e0cia, Casa Batll\u00f3 a Casa Mil\u00e0<\/strong><span class=\"ez-toc-section-end\"><\/span><\/h3>\n<ul>\n<li data-start=\"2060\" data-end=\"2367\">Popoludn\u00ed sa prejdite po ulici Passeig de Gr\u00e0cia, kde sa stret\u00e1va m\u00f3da, architekt\u00fara aj luxus. Nav\u0161t\u00edvte dve z Gaud\u00edho najzn\u00e1mej\u0161\u00edch realiz\u00e1ci\u00ed, a to Casa Batll\u00f3 a Casa Mil\u00e0 (La Pedrera). Oba domy ukazuj\u00fa, ako architekt dok\u00e1zal spoji\u0165 funk\u010dnos\u0165, umenie a fant\u00e1ziu.<\/li>\n<\/ul>\n<h3 data-start=\"2060\" data-end=\"2367\"><span class=\"ez-toc-section\" id=\"Vecera_v_Eixample\"><\/span><strong data-start=\"2369\" data-end=\"2390\">Ve\u010dera v Eixample<\/strong><span class=\"ez-toc-section-end\"><\/span><\/h3>\n<ul>\n<li data-start=\"2060\" data-end=\"2367\">Elegantn\u00e1 \u0161tvr\u0165 Eixample pon\u00faka mno\u017estvo vych\u00fdren\u00fdch re\u0161taur\u00e1ci\u00ed s katal\u00e1nskou aj medzin\u00e1rodnou kuchy\u0148ou. Doprajte si degusta\u010dn\u00e9 menu alebo modern\u00e9 tapas v prostred\u00ed, ktor\u00e9 odr\u00e1\u017ea sofistikovan\u00fd charakter mesta.<\/li>\n<li data-start=\"2060\" data-end=\"2367\">Pr\u00edpadne si rezervujte kurz varenia, napr. ve\u010dern\u00fd kurz varenia tradi\u010dn\u00e9ho \u0161panielskeho jedla Paella. Osobne toto ve\u010dern\u00e9 varenie pova\u017eujeme s K\u00e1jou za jeden z najlep\u0161\u00edch z\u00e1\u017eitkov v Barcelone a odpor\u00fa\u010dam, aby tento z\u00e1\u017eitok nech\u00fdbal ani vo va\u0161om itiner\u00e1ri pre v\u00edkend v Barcelone:<\/li>\n<li data-start=\"2060\" data-end=\"2367\"><span style=\"color: #008000;\"><strong><a style=\"color: #008000;\" href=\"https:\/\/www.dovolenkarka.cz\/co-zazit-v-barcelone-vecerni-kurz-vareni-tradicni-spanelske-kuchyne\/\" target=\"_blank\" rel=\"noopener\">Tip na ve\u010dern\u00fd kurz varenia v Barcelone <\/a><\/strong><\/span><\/li>\n<\/ul>\n<p><a href=\"https:\/\/www.dovolenkarka.cz\/sk\/fullsizeoutput_53e\/\" rel=\"attachment wp-att-6574\"><img loading=\"lazy\" decoding=\"async\" class=\"aligncenter size-full wp-image-6574\" src=\"https:\/\/www.dovolenkarka.cz\/wp-content\/uploads\/2019\/11\/fullsizeoutput_53e.jpeg\" alt=\"Kurz varenia v Barcelone \" width=\"4013\" height=\"2428\" srcset=\"https:\/\/www.dovolenkarka.cz\/wp-content\/uploads\/2019\/11\/fullsizeoutput_53e.jpeg 4013w, https:\/\/www.dovolenkarka.cz\/wp-content\/uploads\/2019\/11\/fullsizeoutput_53e-768x464.jpeg 768w\" sizes=\"auto, (max-width: 4013px) 100vw, 4013px\" \/><\/a><\/p>\n<hr \/>\n<h2 data-start=\"2606\" data-end=\"2648\"><span class=\"ez-toc-section\" id=\"Den_3_%E2%80%94_Parc_Guell_vyhlady_a_kultura\"><\/span>De\u0148 3 \u2014 Parc G\u00fcell, v\u00fdh\u013eady a kult\u00fara<span class=\"ez-toc-section-end\"><\/span><\/h2>\n<h3 data-start=\"2650\" data-end=\"2921\"><span class=\"ez-toc-section\" id=\"Parc_Guell\"><\/span><strong data-start=\"2650\" data-end=\"2664\">Parc G\u00fcell<\/strong><span class=\"ez-toc-section-end\"><\/span><\/h3>\n<ul>\n<li data-start=\"2650\" data-end=\"2921\">Za\u010dnite de\u0148 v jednom z najikonickej\u0161\u00edch parkov Eur\u00f3py. Toto miesto by nemalo vo va\u0161om itiner\u00e1ri pre v\u00edkend v Barcelone rozhodne ch\u00fdba\u0165. Parc G\u00fcell je farebnou oslavou pr\u00edrody a fant\u00e1zie Antoniho Gaud\u00edho. Pon\u00faka panoramatick\u00e9 v\u00fdh\u013eady na mesto a ka\u017ed\u00fd detail, od moza\u00edk po architektonick\u00e9 prvky, rozpr\u00e1va pr\u00edbeh o kreativite.<\/li>\n<li data-start=\"2650\" data-end=\"2921\">Pre s\u00fakromn\u00fa prehliadku a istotu rezerv\u00e1cie vstupu odpor\u00fa\u010dam op\u00e4\u0165 kontaktova\u0165 <span style=\"color: #008000;\">Certifikovan\u00e9ho sprievodcu Barcelonou &#8211; Richarda Hlad\u00edka <\/span><\/li>\n<li><span style=\"color: #008000;\"><strong><a style=\"color: #008000;\" href=\"https:\/\/www.dovolenkarka.cz\/park-guell-barcelona-pohadkove-misto-ktere-vas-uchvati-nejen-gaudiho-architekturou\/\" target=\"_blank\" rel=\"noopener\">Parc G\u00fcell: rozpr\u00e1vkov\u00e9 miesto, ktor\u00e9 v\u00e1s uchv\u00e1ti nielen svojou architekt\u00farou<\/a><\/strong><\/span><\/li>\n<\/ul>\n<p><a href=\"https:\/\/www.dovolenkarka.cz\/sk\/vikend-v-barcelone-itinerar\/obrazek-15-4\/\" rel=\"attachment wp-att-10390\"><img loading=\"lazy\" decoding=\"async\" class=\"aligncenter size-full wp-image-10390\" src=\"https:\/\/www.dovolenkarka.cz\/wp-content\/uploads\/2025\/10\/Obrazek-15-1-scaled.jpg\" alt=\"V\u00edkend v Barcelone\" width=\"2560\" height=\"2560\" srcset=\"https:\/\/www.dovolenkarka.cz\/wp-content\/uploads\/2025\/10\/Obrazek-15-1-scaled.jpg 2560w, https:\/\/www.dovolenkarka.cz\/wp-content\/uploads\/2025\/10\/Obrazek-15-1-300x300.jpg 300w, https:\/\/www.dovolenkarka.cz\/wp-content\/uploads\/2025\/10\/Obrazek-15-1-150x150.jpg 150w, https:\/\/www.dovolenkarka.cz\/wp-content\/uploads\/2025\/10\/Obrazek-15-1-1536x1536.jpg 1536w, https:\/\/www.dovolenkarka.cz\/wp-content\/uploads\/2025\/10\/Obrazek-15-1-2048x2048.jpg 2048w, https:\/\/www.dovolenkarka.cz\/wp-content\/uploads\/2025\/10\/Obrazek-15-1-70x70.jpg 70w\" sizes=\"auto, (max-width: 2560px) 100vw, 2560px\" \/><\/a><\/p>\n<h3 data-start=\"2923\" data-end=\"3146\"><span class=\"ez-toc-section\" id=\"Bunkers_del_Carmel\"><\/span><strong data-start=\"2923\" data-end=\"2945\">Bunkers del Carmel<\/strong><span class=\"ez-toc-section-end\"><\/span><\/h3>\n<ul>\n<li data-start=\"2923\" data-end=\"3146\">Ne\u010faleko parku sa nach\u00e1dza vyhliadka Bunkers del Carmel, odkia\u013e sa otv\u00e1ra jeden z najlep\u0161\u00edch poh\u013eadov na cel\u00fa Barcelonu. Je to ide\u00e1lne miesto pre popolud\u0148aj\u0161\u00ed pokoj aj pozorovanie z\u00e1padu slnka nad mestom.<\/li>\n<\/ul>\n<h3 data-start=\"3148\" data-end=\"3357\"><span class=\"ez-toc-section\" id=\"Muzeum_Picasso\"><\/span><strong data-start=\"3148\" data-end=\"3166\">M\u00fazeum Picasso<\/strong><span class=\"ez-toc-section-end\"><\/span><\/h3>\n<ul>\n<li data-start=\"3148\" data-end=\"3357\">Popoludn\u00ed sa vr\u00e1\u0165te do centra, do \u0161tvrte El Born, kde sa nach\u00e1dza M\u00fazeum Picasso. Zbierka zachyt\u00e1va v\u00fdvoj umelca od mladosti a\u017e po ran\u00e9 kubistick\u00e9 obdobie a patr\u00ed k najv\u00fdznamnej\u0161\u00edm svojho druhu.<\/li>\n<\/ul>\n<h3 data-start=\"3359\" data-end=\"3560\"><span class=\"ez-toc-section\" id=\"Vecer_na_Carrer_de_Blai\"><\/span><strong data-start=\"3359\" data-end=\"3386\">Ve\u010der na Carrer de Blai<\/strong><span class=\"ez-toc-section-end\"><\/span><\/h3>\n<ul>\n<li data-start=\"3359\" data-end=\"3560\">De\u0148 zakon\u010dite tapas v \u0161tvrti Poble Sec. Ulica Carrer de Blai je zn\u00e1ma svojimi barmi, kde si m\u00f4\u017eete vybra\u0165 mal\u00e9 porcie pinchos a ochutna\u0165 miestne v\u00edna v neform\u00e1lnej atmosf\u00e9re.<\/li>\n<\/ul>\n<hr \/>\n<h2 data-start=\"3567\" data-end=\"3595\"><span class=\"ez-toc-section\" id=\"Den_4_%E2%80%94_Montjuic_a_more\"><\/span>De\u0148 4 \u2014 Montju\u00efc a more<span class=\"ez-toc-section-end\"><\/span><\/h2>\n<h3 data-start=\"3597\" data-end=\"3840\"><span class=\"ez-toc-section\" id=\"Montjuic\"><\/span><strong data-start=\"3597\" data-end=\"3609\">Montju\u00efc<\/strong><span class=\"ez-toc-section-end\"><\/span><\/h3>\n<ul>\n<li data-start=\"3597\" data-end=\"3840\">Posledn\u00fd de\u0148 venujte zelen\u00e9mu kopcu Montju\u00efc. N\u00e1v\u0161teva hradu Castell de Montju\u00efc pon\u00faka nielen poh\u013ead na hist\u00f3riu, ale aj rozsiahle v\u00fdh\u013eady na pr\u00edstav. Odpor\u00fa\u010dam vyviez\u0165 sa lanovkou, samotn\u00e1 cesta v\u00e1m poskytne skvel\u00fd poh\u013ead na mesto z v\u00fd\u0161ky.<\/li>\n<li data-start=\"3597\" data-end=\"3840\">Tento program na posledn\u00fd de\u0148 je asi m\u00f4j najob\u013e\u00fabenej\u0161\u00ed pre v\u00edkend v Barcelone. Viem si predstavi\u0165, \u017ee ak sa sem vyber\u00e1te u\u017e po nieko\u013ek\u00fdkr\u00e1t, daj\u00fa sa z\u00e1\u017eitky z tohto d\u0148a rozdeli\u0165 pokojne do cel\u00e9ho relaxa\u010dno-akt\u00edvneho v\u00edkendu.<\/li>\n<\/ul>\n<p><a href=\"https:\/\/www.dovolenkarka.cz\/sk\/vikend-v-barcelone-itinerar\/obrazek-7-4\/\" rel=\"attachment wp-att-10392\"><img loading=\"lazy\" decoding=\"async\" class=\"aligncenter size-full wp-image-10392\" src=\"https:\/\/www.dovolenkarka.cz\/wp-content\/uploads\/2025\/10\/Obrazek-7.jpg\" alt=\"V\u00edkend v Barcelone\" width=\"1920\" height=\"1280\" srcset=\"https:\/\/www.dovolenkarka.cz\/wp-content\/uploads\/2025\/10\/Obrazek-7.jpg 1920w, https:\/\/www.dovolenkarka.cz\/wp-content\/uploads\/2025\/10\/Obrazek-7-768x512.jpg 768w\" sizes=\"auto, (max-width: 1920px) 100vw, 1920px\" \/><\/a><\/p>\n<p><a href=\"https:\/\/www.dovolenkarka.cz\/sk\/vikend-v-barcelone-itinerar\/cable-car-7060573_1920\/\" rel=\"attachment wp-att-10396\"><img loading=\"lazy\" decoding=\"async\" class=\"aligncenter size-full wp-image-10396\" src=\"https:\/\/www.dovolenkarka.cz\/wp-content\/uploads\/2025\/10\/cable-car-7060573_1920.jpg\" alt=\"V\u00edkend v Barcelone\" width=\"1920\" height=\"1000\" srcset=\"https:\/\/www.dovolenkarka.cz\/wp-content\/uploads\/2025\/10\/cable-car-7060573_1920.jpg 1920w, https:\/\/www.dovolenkarka.cz\/wp-content\/uploads\/2025\/10\/cable-car-7060573_1920-768x400.jpg 768w\" sizes=\"auto, (max-width: 1920px) 100vw, 1920px\" \/><\/a><\/p>\n<h3 data-start=\"3842\" data-end=\"4080\"><span class=\"ez-toc-section\" id=\"Fundacio_Joan_Miro_a_botanicke_zahrady\"><\/span><strong data-start=\"3842\" data-end=\"3884\">Fundaci\u00f3 Joan Mir\u00f3 a botanick\u00e9 z\u00e1hrady<\/strong><span class=\"ez-toc-section-end\"><\/span><\/h3>\n<ul>\n<li data-start=\"3842\" data-end=\"4080\">V okol\u00ed Montju\u00efcu sa nach\u00e1dza gal\u00e9ria Fundaci\u00f3 Joan Mir\u00f3 s rozsiahlou zbierkou diel katal\u00e1nskeho surrealistu. Prech\u00e1dzka pri\u013eahl\u00fdmi botanick\u00fdmi z\u00e1hradami je pr\u00edjemn\u00fdm kontrastom k mestsk\u00e9mu ruchu.<\/li>\n<\/ul>\n<h3 data-start=\"4082\" data-end=\"4304\"><span class=\"ez-toc-section\" id=\"Barceloneta_a_plaz\"><\/span><strong data-start=\"4082\" data-end=\"4104\">Barceloneta a pl\u00e1\u017e<\/strong><span class=\"ez-toc-section-end\"><\/span><\/h3>\n<ul>\n<li data-start=\"4082\" data-end=\"4304\">Popoludn\u00ed sa presuniete sp\u00e4\u0165 k moru. \u0160tvr\u0165 Barceloneta je ide\u00e1lnym miestom na oddych. M\u00f4\u017eete sa prejs\u0165 po pobre\u017enej promen\u00e1de alebo si dopria\u0165 obed v rybej re\u0161taur\u00e1cii s v\u00fdh\u013eadom na Stredozemn\u00e9 more.<\/li>\n<li data-start=\"4082\" data-end=\"4304\">Osobne odpor\u00fa\u010dam zapo\u017ei\u010da\u0165 si bicykle a prejs\u0165 si pobre\u017eie okolo Barcelony po cyklotrase na bicykli.<\/li>\n<li data-start=\"4082\" data-end=\"4304\"><span style=\"color: #008000;\"><strong><a style=\"color: #008000;\" href=\"https:\/\/www.dovolenkarka.cz\/barcelona-na-kole-originalni-zpusob-jak-ochutnat-nejen-pobrezi-tohoto-uchvatneho-mesta\/\" target=\"_blank\" rel=\"noopener\">Barcelona na bicykli: origin\u00e1lny sp\u00f4sob, ako si toto mesto u\u017ei\u0165<\/a><\/strong><\/span><\/li>\n<\/ul>\n<p><a href=\"https:\/\/www.dovolenkarka.cz\/sk\/vikend-v-barcelone-itinerar\/obrazek-10-8\/\" rel=\"attachment wp-att-10393\"><img loading=\"lazy\" decoding=\"async\" class=\"aligncenter size-full wp-image-10393\" src=\"https:\/\/www.dovolenkarka.cz\/wp-content\/uploads\/2025\/10\/Obrazek-10.jpg\" alt=\"V\u00edkend v Barcelone\" width=\"999\" height=\"625\" srcset=\"https:\/\/www.dovolenkarka.cz\/wp-content\/uploads\/2025\/10\/Obrazek-10.jpg 999w, https:\/\/www.dovolenkarka.cz\/wp-content\/uploads\/2025\/10\/Obrazek-10-768x480.jpg 768w\" sizes=\"auto, (max-width: 999px) 100vw, 999px\" \/><\/a><\/p>\n<p><a href=\"https:\/\/www.dovolenkarka.cz\/sk\/vikend-v-barcelone-itinerar\/obrazek-11-5\/\" rel=\"attachment wp-att-10394\"><img loading=\"lazy\" decoding=\"async\" class=\"aligncenter size-full wp-image-10394\" src=\"https:\/\/www.dovolenkarka.cz\/wp-content\/uploads\/2025\/10\/Obrazek-11.jpg\" alt=\"V\u00edkend v Barcelone\" width=\"990\" height=\"619\" srcset=\"https:\/\/www.dovolenkarka.cz\/wp-content\/uploads\/2025\/10\/Obrazek-11.jpg 990w, https:\/\/www.dovolenkarka.cz\/wp-content\/uploads\/2025\/10\/Obrazek-11-768x480.jpg 768w\" sizes=\"auto, (max-width: 990px) 100vw, 990px\" \/><\/a><\/p>\n<p data-start=\"4306\" data-end=\"4570\"><strong data-start=\"4306\" data-end=\"4337\">Z\u00e1vere\u010dn\u00e1 ve\u010dera s v\u00fdh\u013eadom<\/strong><\/p>\n<ul>\n<li data-start=\"4306\" data-end=\"4570\">Na posledn\u00fd ve\u010der pre v\u00edkend v Barcelone zvo\u013ete napr. stre\u0161n\u00fa re\u0161taur\u00e1ciu \u010di bar s panor\u00e1mami mesta. Napr\u00edklad v oblasti Port Olimpic alebo nad Passeig de Gr\u00e0cia. Barcelona sa ve\u010der zahal\u00ed do svetiel a pon\u00faka ten najlep\u0161\u00ed mo\u017en\u00fd z\u00e1ver v\u00e1\u0161ho \u0161tvord\u0148ov\u00e9ho pobytu.<\/li>\n<\/ul>\n<hr \/>\n<p style=\"text-align: center;\"><span style=\"color: #000000;\"><strong>Ver\u00edm, \u017ee ste si svoj v\u00edkend v Barcelone u\u017eili a \u017ee na\u0148 budete e\u0161te dlho pr\u00edjemne spom\u00edna\u0165. A ak pl\u00e1nujete u\u017e \u010fal\u0161ie v\u00fdlety, nechajte sa <\/strong><\/span><span style=\"color: #000000;\"><span style=\"caret-color: #000000;\"><b>in\u0161pirova\u0165 mojimi \u010fal\u0161\u00edmi tipmi: <\/b><\/span><\/span><\/p>\n<ul>\n<li><span style=\"color: #008000;\"><strong><a style=\"color: #008000;\" href=\"https:\/\/rakouskajezera.cz\/vikend-v-gosau\/\" target=\"_blank\" rel=\"noopener\">V\u00edkend v Gosau a okol\u00ed: Itiner\u00e1r na 3 dni<\/a><\/strong><\/span><\/li>\n<li><span style=\"color: #008000;\"><strong><a style=\"color: #008000;\" href=\"https:\/\/rakouskajezera.cz\/vikend-u-traunsee\/\" target=\"_blank\" rel=\"noopener\">V\u00edkend pri Traunsee: 9 tipov na v\u00fdlety<\/a><\/strong><\/span><\/li>\n<li><span style=\"color: #008000;\"><strong><a style=\"color: #008000;\" href=\"https:\/\/www.dovolenkarka.cz\/dovolena-v-sitges-spanelsko\/\" target=\"_blank\" rel=\"noopener\">Dovolenka v Sitges &#8211; pokojne aj len na v\u00edkend <\/a><\/strong><\/span><\/li>\n<\/ul>\n","protected":false},"excerpt":{"rendered":"<p>V\u00edkend v Barcelone: Itiner\u00e1r na 4 dni pln\u00e9 architekt\u00fary, gastron\u00f3mie a atmosf\u00e9ry Barcelona patr\u00ed k najpr\u00ed\u0165a\u017elivej\u0161\u00edm eur\u00f3pskym mest\u00e1m \u2014 sp\u00e1ja eleganciu, hist\u00f3riu aj relax pri mori. Ak si doprajete \u0161tyri dni, za\u017eijete jej najzn\u00e1mej\u0161ie miesta bez zhonu a s priestorom na skuto\u010dn\u00e9 objavovanie. Tento itiner\u00e1r som pre v\u00e1s zostavila tak, aby trasy d\u00e1vali zmysel geograficky aj \u010dasovo a z\u00e1rove\u0148 pon\u00fakali harmonick\u00e9 tempo medzi pozn\u00e1van\u00edm a oddychom. Ver\u00edm, \u017ee v mojom itiner\u00e1ri n\u00e1jdete in\u0161pir\u00e1ciu, aj ke\u010f sa do Barcelony vraciate opakovane. Obzvl\u00e1\u0161\u0165 program 4. d\u0148a je moj\u00edm ob\u013e\u00faben\u00fdm pre opakovan\u00e9 n\u00e1v\u0161tevy. Samozrejme aj s kurzom varenia a ubytovan\u00edm sa v jednom <\/p>\n","protected":false},"author":1,"featured_media":13439,"comment_status":"closed","ping_status":"closed","sticky":false,"template":"","format":"standard","meta":{"footnotes":""},"categories":[5363],"tags":[5364,5369,5365,5366,5367,5368],"class_list":["post-13436","post","type-post","status-publish","format-standard","has-post-thumbnail","hentry","category-barcelona","tag-barcelona","tag-barcelona-itinerar","tag-co-robit-v-barcelone","tag-co-vidiet-v-barcelone","tag-ubytovanie-v-barcelone","tag-vikend-v-barcelone","has_thumb"],"aioseo_notices":[],"_links":{"self":[{"href":"https:\/\/www.dovolenkarka.cz\/sk\/wp-json\/wp\/v2\/posts\/13436","targetHints":{"allow":["GET"]}}],"collection":[{"href":"https:\/\/www.dovolenkarka.cz\/sk\/wp-json\/wp\/v2\/posts"}],"about":[{"href":"https:\/\/www.dovolenkarka.cz\/sk\/wp-json\/wp\/v2\/types\/post"}],"author":[{"embeddable":true,"href":"https:\/\/www.dovolenkarka.cz\/sk\/wp-json\/wp\/v2\/users\/1"}],"replies":[{"embeddable":true,"href":"https:\/\/www.dovolenkarka.cz\/sk\/wp-json\/wp\/v2\/comments?post=13436"}],"version-history":[{"count":1,"href":"https:\/\/www.dovolenkarka.cz\/sk\/wp-json\/wp\/v2\/posts\/13436\/revisions"}],"predecessor-version":[{"id":13530,"href":"https:\/\/www.dovolenkarka.cz\/sk\/wp-json\/wp\/v2\/posts\/13436\/revisions\/13530"}],"wp:featuredmedia":[{"embeddable":true,"href":"https:\/\/www.dovolenkarka.cz\/sk\/wp-json\/wp\/v2\/media\/13439"}],"wp:attachment":[{"href":"https:\/\/www.dovolenkarka.cz\/sk\/wp-json\/wp\/v2\/media?parent=13436"}],"wp:term":[{"taxonomy":"category","embeddable":true,"href":"https:\/\/www.dovolenkarka.cz\/sk\/wp-json\/wp\/v2\/categories?post=13436"},{"taxonomy":"post_tag","embeddable":true,"href":"https:\/\/www.dovolenkarka.cz\/sk\/wp-json\/wp\/v2\/tags?post=13436"}],"curies":[{"name":"wp","href":"https:\/\/api.w.org\/{rel}","templated":true}]}}