{"id":13749,"date":"2025-08-14T12:22:47","date_gmt":"2025-08-14T10:22:47","guid":{"rendered":"https:\/\/www.dovolenkarka.cz\/ubytovanie-v-limone-sul-garda-sogno-del-benaco-4\/"},"modified":"2026-02-16T14:57:23","modified_gmt":"2026-02-16T13:57:23","slug":"ubytovanie-v-limone-sul-garda-sogno-del-benaco","status":"publish","type":"post","link":"https:\/\/www.dovolenkarka.cz\/sk\/ubytovanie-v-limone-sul-garda-sogno-del-benaco\/","title":{"rendered":"Ubytovanie v Limone sul Garda &#8211; Sogno del Benaco 4*"},"content":{"rendered":"<p><span style=\"color: #008000;\"><strong><a style=\"color: #008000;\" href=\"https:\/\/booking.stay22.com\/dovolenkarka\/NT2dORZPSX\" target=\"_blank\" rel=\"noopener\">H\u013ead\u00e1\u0161 pr\u00edjemn\u00e9 ubytovanie v Limone sul Garda? Hotel Sogno del Benaco 4*<\/a><\/strong><\/span> n\u00e1s po\u010das n\u00e1\u0161ho j\u00fanov\u00e9ho v\u00edkendu nadchol nato\u013eko, \u017ee ti na\u0148 sp\u00ed\u0161em extra odpor\u00fa\u010danie v samostatnom pr\u00edspevku.<\/p>\n<div id=\"attachment_9753\" style=\"width: 1034px\" class=\"wp-caption aligncenter\"><a href=\"https:\/\/booking.stay22.com\/dovolenkarka\/NT2dORZPSX\" target=\"_blank\" rel=\"noopener\"><img loading=\"lazy\" decoding=\"async\" aria-describedby=\"caption-attachment-9753\" class=\"wp-image-9753 size-full\" src=\"https:\/\/www.dovolenkarka.cz\/wp-content\/uploads\/2025\/07\/Obrazek-11.jpg\" alt=\"Hotel Sogno del Benaco\" width=\"1024\" height=\"683\" srcset=\"https:\/\/www.dovolenkarka.cz\/wp-content\/uploads\/2025\/07\/Obrazek-11.jpg 1024w, https:\/\/www.dovolenkarka.cz\/wp-content\/uploads\/2025\/07\/Obrazek-11-768x512.jpg 768w\" sizes=\"auto, (max-width: 1024px) 100vw, 1024px\" \/><\/a><p id=\"caption-attachment-9753\" class=\"wp-caption-text\">Poh\u013ead z izby s priamym v\u00fdh\u013eadom na jazero Garda<\/p><\/div>\n<div id=\"ez-toc-container\" class=\"ez-toc-v2_0_82_2 counter-hierarchy ez-toc-counter ez-toc-grey ez-toc-container-direction\">\n<div class=\"ez-toc-title-container\">\n<p class=\"ez-toc-title\" style=\"cursor:inherit\">Obsah \u010dl\u00e1nku:<\/p>\n<span class=\"ez-toc-title-toggle\"><a href=\"#\" class=\"ez-toc-pull-right ez-toc-btn ez-toc-btn-xs ez-toc-btn-default ez-toc-toggle\" aria-label=\"Toggle Table of Content\"><span class=\"ez-toc-js-icon-con\"><span class=\"\"><span class=\"eztoc-hide\" style=\"display:none;\">Toggle<\/span><span class=\"ez-toc-icon-toggle-span\"><svg style=\"fill: #999;color:#999\" xmlns=\"http:\/\/www.w3.org\/2000\/svg\" class=\"list-377408\" width=\"20px\" height=\"20px\" viewBox=\"0 0 24 24\" fill=\"none\"><path d=\"M6 6H4v2h2V6zm14 0H8v2h12V6zM4 11h2v2H4v-2zm16 0H8v2h12v-2zM4 16h2v2H4v-2zm16 0H8v2h12v-2z\" fill=\"currentColor\"><\/path><\/svg><svg style=\"fill: #999;color:#999\" class=\"arrow-unsorted-368013\" xmlns=\"http:\/\/www.w3.org\/2000\/svg\" width=\"10px\" height=\"10px\" viewBox=\"0 0 24 24\" version=\"1.2\" baseProfile=\"tiny\"><path d=\"M18.2 9.3l-6.2-6.3-6.2 6.3c-.2.2-.3.4-.3.7s.1.5.3.7c.2.2.4.3.7.3h11c.3 0 .5-.1.7-.3.2-.2.3-.5.3-.7s-.1-.5-.3-.7zM5.8 14.7l6.2 6.3 6.2-6.3c.2-.2.3-.5.3-.7s-.1-.5-.3-.7c-.2-.2-.4-.3-.7-.3h-11c-.3 0-.5.1-.7.3-.2.2-.3.5-.3.7s.1.5.3.7z\"\/><\/svg><\/span><\/span><\/span><\/a><\/span><\/div>\n<nav><ul class='ez-toc-list ez-toc-list-level-1 ' ><li class='ez-toc-page-1 ez-toc-heading-level-2'><a class=\"ez-toc-link ez-toc-heading-1\" href=\"https:\/\/www.dovolenkarka.cz\/sk\/ubytovanie-v-limone-sul-garda-sogno-del-benaco\/#Limone_Sul_Garda\" >Limone Sul Garda<\/a><\/li><li class='ez-toc-page-1 ez-toc-heading-level-2'><a class=\"ez-toc-link ez-toc-heading-2\" href=\"https:\/\/www.dovolenkarka.cz\/sk\/ubytovanie-v-limone-sul-garda-sogno-del-benaco\/#Ubytovanie_v_Limone_sul_Garda\" >Ubytovanie v Limone sul Garda<\/a><ul class='ez-toc-list-level-3' ><li class='ez-toc-heading-level-3'><a class=\"ez-toc-link ez-toc-heading-3\" href=\"https:\/\/www.dovolenkarka.cz\/sk\/ubytovanie-v-limone-sul-garda-sogno-del-benaco\/#Hotel_Sogno_del_Benaco_4_Ubytovanie_v_Limone_sul_Garda\" >Hotel Sogno del Benaco 4* \/ Ubytovanie v Limone sul Garda<\/a><\/li><\/ul><\/li><\/ul><\/nav><\/div>\n<h2><span class=\"ez-toc-section\" id=\"Limone_Sul_Garda\"><\/span>Limone Sul Garda<span class=\"ez-toc-section-end\"><\/span><\/h2>\n<hr \/>\n<p style=\"text-align: center;\"><span style=\"color: #008000;\"><strong>&gt;&gt; VYH\u013dADA\u0164 VO\u013dN\u00c9 UBYTOVANIE V LIMONE SUL GARDA TU &lt;&lt;<\/strong><\/span><\/p>\n<hr \/>\n<p><span style=\"color: #008000;\"><a style=\"color: #008000;\" href=\"https:\/\/booking.stay22.com\/dovolenkarka\/-2ZkQVuKbc\" target=\"_blank\" rel=\"noopener\">Limone sul Garda je mal\u00e9, av\u0161ak malebn\u00e9 meste\u010dko na severoz\u00e1padnom brehu jazera Lago di Garda<\/a><\/span>, ktor\u00e9 si aj napriek rast\u00facej popularite st\u00e1le zachov\u00e1va svoj tradi\u010dn\u00fd charakter. \u00dazke uli\u010dky lemuj\u00fa kamenn\u00e9 domy s okenicami, za ktor\u00fdmi sa skr\u00fdvaj\u00fa kaviarne, obchod\u00edky s miestnymi (predov\u0161etk\u00fdm citr\u00f3nov\u00fdmi) produktmi a re\u0161taur\u00e1cie s terasami s v\u00fdh\u013eadom na jazero.<\/p>\n<p>Dominantou miesta s\u00fa star\u00e9 citr\u00f3nov\u00e9 z\u00e1hrady, pripom\u00ednaj\u00face dobu, ke\u010f bolo pestovanie citr\u00f3nov hlavn\u00fdm zdrojom ob\u017eivy. Limone je ide\u00e1lnou z\u00e1klad\u0148ou pre pe\u0161ie v\u00fdlety do okolit\u00fdch h\u00f4r, plavby po jazere aj pokojn\u00e9 ve\u010dery pri poh\u00e1ri miestneho v\u00edna. Hoci sem denne mieria davy turistov, r\u00e1no a ve\u010der m\u00e1 mesto svoju autentick\u00fa, pokojn\u00fa atmosf\u00e9ru, ktor\u00fa si \u013eahko zamiluje\u0161, a to pokojne kedyko\u013evek po\u010das roka.<\/p>\n<p><a href=\"https:\/\/booking.stay22.com\/dovolenkarka\/-2ZkQVuKbc\" target=\"_blank\" rel=\"noopener\"><img loading=\"lazy\" decoding=\"async\" class=\"aligncenter wp-image-9769 size-full\" src=\"https:\/\/www.dovolenkarka.cz\/wp-content\/uploads\/2025\/07\/IMG_5748.jpg\" alt=\"Limone sul Garda \/ Hotel Sogno del Benaco\" width=\"1170\" height=\"804\" srcset=\"https:\/\/www.dovolenkarka.cz\/wp-content\/uploads\/2025\/07\/IMG_5748.jpg 1170w, https:\/\/www.dovolenkarka.cz\/wp-content\/uploads\/2025\/07\/IMG_5748-768x527.jpg 768w\" sizes=\"auto, (max-width: 1170px) 100vw, 1170px\" \/><\/a><\/p>\n<h2><a href=\"https:\/\/booking.stay22.com\/dovolenkarka\/-2ZkQVuKbc\" target=\"_blank\" rel=\"noopener\"><img loading=\"lazy\" decoding=\"async\" class=\"aligncenter size-full wp-image-9773\" src=\"https:\/\/www.dovolenkarka.cz\/wp-content\/uploads\/2025\/07\/IMG_5716.jpg\" alt=\"Limone sul Garda\" width=\"1170\" height=\"832\" srcset=\"https:\/\/www.dovolenkarka.cz\/wp-content\/uploads\/2025\/07\/IMG_5716.jpg 1170w, https:\/\/www.dovolenkarka.cz\/wp-content\/uploads\/2025\/07\/IMG_5716-768x546.jpg 768w\" sizes=\"auto, (max-width: 1170px) 100vw, 1170px\" \/><\/a><\/h2>\n<p><a href=\"https:\/\/booking.stay22.com\/dovolenkarka\/-2ZkQVuKbc\" target=\"_blank\" rel=\"noopener\"><img loading=\"lazy\" decoding=\"async\" class=\"aligncenter size-full wp-image-9774\" src=\"https:\/\/www.dovolenkarka.cz\/wp-content\/uploads\/2025\/07\/IMG_5717.jpg\" alt=\"Limone sul Garda\" width=\"1170\" height=\"844\" srcset=\"https:\/\/www.dovolenkarka.cz\/wp-content\/uploads\/2025\/07\/IMG_5717.jpg 1170w, https:\/\/www.dovolenkarka.cz\/wp-content\/uploads\/2025\/07\/IMG_5717-768x554.jpg 768w\" sizes=\"auto, (max-width: 1170px) 100vw, 1170px\" \/><\/a><\/p>\n<h2><span class=\"ez-toc-section\" id=\"Ubytovanie_v_Limone_sul_Garda\"><\/span>Ubytovanie v Limone sul Garda<span class=\"ez-toc-section-end\"><\/span><\/h2>\n<p><span style=\"color: #008000;\"><a style=\"color: #008000;\" href=\"https:\/\/booking.stay22.com\/dovolenkarka\/-2ZkQVuKbc\" target=\"_blank\" rel=\"noopener\">Ubytovanie v Limone sul Garda je pestr\u00e9 a uspokoj\u00ed tak nen\u00e1ro\u010dn\u00fdch dovolenk\u00e1rov,<\/a><\/span> ako aj t\u00fdch, ktor\u00ed h\u013eadaj\u00fa vy\u0161\u0161\u00ed komfort. N\u00e1jde\u0161 tu men\u0161ie rodinn\u00e9 penzi\u00f3ny ukryt\u00e9 v historickom centre, hotely s baz\u00e9nmi a panoramatick\u00fdm v\u00fdh\u013eadom na jazero aj apartm\u00e1ny pre t\u00fdch, ktor\u00ed chc\u00fa ma\u0165 viac s\u00fakromia a mo\u017enos\u0165 vlastn\u00e9ho varenia.<\/p>\n<p>Ceny s\u00fa v hlavnej sez\u00f3ne vy\u0161\u0161ie, ale \u010dasto zodpovedaj\u00fa kvalite slu\u017eieb a jedine\u010dnej polohe. Mnoho ubytovan\u00ed pon\u00faka terasy alebo balk\u00f3ny, odkia\u013e sa m\u00f4\u017ee\u0161 d\u00edva\u0165 na rann\u00fd pokoj hladiny jazera Garda \u010di ve\u010dern\u00e9 z\u00e1pady slnka, ktor\u00e9 s\u00fa tu obzvl\u00e1\u0161\u0165 rozpr\u00e1vkov\u00e9. Ak pl\u00e1nuje\u0161 cestu v lete, oplat\u00ed sa rezervova\u0165 s predstihom, preto\u017ee ob\u013e\u00faben\u00e9 kapacity b\u00fdvaj\u00fa r\u00fdchlo pln\u00e9.<\/p>\n<p><span style=\"color: #008000;\"><a style=\"color: #008000;\" href=\"https:\/\/booking.stay22.com\/dovolenkarka\/-2ZkQVuKbc\" target=\"_blank\" rel=\"noopener\"><strong>&gt;&gt; REZERVUJ SI POBYT V LIMONE SUL GARDA TU <\/strong><\/a><\/span><\/p>\n<div id=\"attachment_9784\" style=\"width: 1180px\" class=\"wp-caption aligncenter\"><a href=\"https:\/\/booking.stay22.com\/dovolenkarka\/-2ZkQVuKbc\" target=\"_blank\" rel=\"noopener\"><img loading=\"lazy\" decoding=\"async\" aria-describedby=\"caption-attachment-9784\" class=\"size-full wp-image-9784\" src=\"https:\/\/www.dovolenkarka.cz\/wp-content\/uploads\/2025\/07\/IMG_5728.jpg\" alt=\"Ubytovanie v Limone sul Garda\" width=\"1170\" height=\"847\" srcset=\"https:\/\/www.dovolenkarka.cz\/wp-content\/uploads\/2025\/07\/IMG_5728.jpg 1170w, https:\/\/www.dovolenkarka.cz\/wp-content\/uploads\/2025\/07\/IMG_5728-768x555.jpg 768w\" sizes=\"auto, (max-width: 1170px) 100vw, 1170px\" \/><\/a><p id=\"caption-attachment-9784\" class=\"wp-caption-text\">Limone sul Garda &#8211; n\u00e1\u0161 poh\u013ead z hotela<\/p><\/div>\n<div id=\"attachment_9781\" style=\"width: 1180px\" class=\"wp-caption aligncenter\"><a href=\"https:\/\/booking.stay22.com\/dovolenkarka\/-2ZkQVuKbc\" target=\"_blank\" rel=\"noopener\"><img loading=\"lazy\" decoding=\"async\" aria-describedby=\"caption-attachment-9781\" class=\"wp-image-9781 size-full\" src=\"https:\/\/www.dovolenkarka.cz\/wp-content\/uploads\/2025\/07\/IMG_5725.jpg\" alt=\"Ubytovanie v Limone sul Garda Hotel Sogno del Benaco\" width=\"1170\" height=\"767\" srcset=\"https:\/\/www.dovolenkarka.cz\/wp-content\/uploads\/2025\/07\/IMG_5725.jpg 1170w, https:\/\/www.dovolenkarka.cz\/wp-content\/uploads\/2025\/07\/IMG_5725-768x503.jpg 768w, https:\/\/www.dovolenkarka.cz\/wp-content\/uploads\/2025\/07\/IMG_5725-265x174.jpg 265w\" sizes=\"auto, (max-width: 1170px) 100vw, 1170px\" \/><\/a><p id=\"caption-attachment-9781\" class=\"wp-caption-text\">Limone sul Garda &#8211; pl\u00e1\u017e pod hotelom<\/p><\/div>\n<p>My sme si tu rezervovali v\u00edkend v j\u00fani na posledn\u00fa chv\u00ed\u013eu, pre 3 dospel\u00e9 osoby, a aj tak mi dalo chv\u00ed\u013eu, k\u00fdm som na\u0161la pre n\u00e1s zodpovedaj\u00face ubytovanie. S v\u00fdberom sme boli n\u00e1sledne nato\u013eko spokojn\u00ed, \u017ee som si povedala, \u017ee ti na tento hotel d\u00e1m extra odpor\u00fa\u010danie v samostatnom pr\u00edspevku.<\/p>\n<h3><span class=\"ez-toc-section\" id=\"Hotel_Sogno_del_Benaco_4_Ubytovanie_v_Limone_sul_Garda\"><\/span>Hotel Sogno del Benaco 4* \/ Ubytovanie v Limone sul Garda<span class=\"ez-toc-section-end\"><\/span><\/h3>\n<p><span style=\"color: #008000;\"><strong><a style=\"color: #008000;\" href=\"https:\/\/booking.stay22.com\/dovolenkarka\/NT2dORZPSX\" target=\"_blank\" rel=\"noopener\">Hotel Sogno del Benaco je pod\u013ea m\u0148a jedn\u00fdm z najlep\u0161\u00edch ubytovan\u00ed v Limone sul Garda.<\/a><\/strong><\/span> Nach\u00e1dza sa strategicky v z\u00e1krute, z kopca pri ceste smerom do centra Limone. Je len p\u00e1r krokov od kr\u00e1snej miestnej pl\u00e1\u017ee, kam je bezplatn\u00fd vstup a m\u00f4\u017ee\u0161 tu vyu\u017e\u00edva\u0165 aj jeho priestrann\u00fa z\u00e1hradu s le\u017eadlami na relaxovanie a opa\u013eovanie.<\/p>\n<p>Hotel som vybrala aj s oh\u013eadom na bezplatn\u00e9 parkovisko priamo pri hoteli. Parkuje sa za z\u00e1vorou a po\u010das n\u00e1\u0161ho v\u00edkendu tu nebol probl\u00e9m n\u00e1js\u0165 miesto. Ak s\u00fa kapacity pln\u00e9, alebo ak by si r\u00e1d parkoval auto v kryt\u00fdch gar\u00e1\u017each, je mo\u017en\u00e9 si priplati\u0165 a parkova\u0165 o p\u00e1r sto metrov \u010falej v mestskej gar\u00e1\u017ei.<\/p>\n<p><span style=\"color: #008000;\"><a style=\"color: #008000;\" href=\"https:\/\/booking.stay22.com\/dovolenkarka\/NT2dORZPSX\" target=\"_blank\" rel=\"noopener\"><strong>&gt;&gt; ZISTI\u0164 VO\u013dN\u00c9 TERM\u00cdNY A REZERVOVA\u0164 POBYT V HOTELI SOGNO DEL BENACO TU<\/strong><\/a><\/span><\/p>\n<div id=\"attachment_9783\" style=\"width: 1180px\" class=\"wp-caption aligncenter\"><a href=\"https:\/\/booking.stay22.com\/dovolenkarka\/NT2dORZPSX\" target=\"_blank\" rel=\"noopener\"><img loading=\"lazy\" decoding=\"async\" aria-describedby=\"caption-attachment-9783\" class=\"wp-image-9783 size-full\" src=\"https:\/\/www.dovolenkarka.cz\/wp-content\/uploads\/2025\/07\/IMG_5727.jpg\" alt=\"Ubytovanie v Limone sul Garda Hotel Sogno del Benaco\" width=\"1170\" height=\"699\" srcset=\"https:\/\/www.dovolenkarka.cz\/wp-content\/uploads\/2025\/07\/IMG_5727.jpg 1170w, https:\/\/www.dovolenkarka.cz\/wp-content\/uploads\/2025\/07\/IMG_5727-768x458.jpg 768w\" sizes=\"auto, (max-width: 1170px) 100vw, 1170px\" \/><\/a><p id=\"caption-attachment-9783\" class=\"wp-caption-text\">Limone sul Garda &#8211; z\u00e1hrada na opa\u013eovanie pri na\u0161om hoteli, p\u00e1r metrov od pl\u00e1\u017ee<\/p><\/div>\n<p>Hotel pon\u00faka hne\u010f nieko\u013eko typov izieb. My sme h\u013eadali dostato\u010dne ve\u013ek\u00e9 ubytovanie pre 3 dospel\u00e9 osoby s klasickou tre\u0165ou poste\u013eou, nie rozkladac\u00ed gau\u010d. Na\u0161a po\u017eiadavka bola splnen\u00e1 a navy\u0161e n\u00e1m bola pridelen\u00e1 izba s pekn\u00fdm bo\u010dn\u00fdm v\u00fdh\u013eadom na jazero Garda aj do h\u00f4r. Vybavenie k\u00fape\u013ene kvalitnou kozmetikou u\u017e pova\u017eujem v 4* hoteli za samozrejmos\u0165 a nesklamalo.<\/p>\n<p>Ra\u0148ajky m\u00f4\u017ee\u0161 o\u010dak\u00e1va\u0165 tradi\u010dn\u00e9 &#8211; talianske, tak\u017ee hladn\u00fd na v\u00fdlet z hotela neod\u00edde\u0161! Ve\u013ek\u00fd v\u00fdber sme so sestrou ocenili aj v bezlepkovom k\u00fatiku. Nie je tak potrebn\u00e9 p\u00fdta\u0165 si pe\u010divo a i. zvl\u00e1\u0161\u0165, v\u0161etko je v r\u00e1mci bezlepkov\u00e9ho bufetu k vo\u013en\u00e9mu v\u00fdberu.<\/p>\n<div id=\"attachment_9767\" style=\"width: 1180px\" class=\"wp-caption aligncenter\"><a href=\"https:\/\/booking.stay22.com\/dovolenkarka\/NT2dORZPSX\" target=\"_blank\" rel=\"noopener\"><img loading=\"lazy\" decoding=\"async\" aria-describedby=\"caption-attachment-9767\" class=\"wp-image-9767 size-full\" src=\"https:\/\/www.dovolenkarka.cz\/wp-content\/uploads\/2025\/07\/IMG_5753.jpg\" alt=\"Ubytovanie v Limone sul Garda Hotel Sogno del Benaco\" width=\"1170\" height=\"841\" srcset=\"https:\/\/www.dovolenkarka.cz\/wp-content\/uploads\/2025\/07\/IMG_5753.jpg 1170w, https:\/\/www.dovolenkarka.cz\/wp-content\/uploads\/2025\/07\/IMG_5753-768x552.jpg 768w\" sizes=\"auto, (max-width: 1170px) 100vw, 1170px\" \/><\/a><p id=\"caption-attachment-9767\" class=\"wp-caption-text\">Limone sul Garda &#8211; v\u00edrivky na streche n\u00e1\u0161ho hotela &#8211; bezplatne k vyu\u017eitiu<\/p><\/div>\n<p>Ako \u010dere\u0161ni\u010dka na torte sa ti tu pon\u00faka bezplatn\u00fd pr\u00edstup na stre\u0161n\u00fa terasu hotela, kde sa nach\u00e1dzaj\u00fa 2 priestrann\u00e9 v\u00edrivky, v ktor\u00fdch m\u00f4\u017ee\u0161 od r\u00e1na a\u017e do 22. hodiny relaxova\u0165. Vr\u00e1tane nieko\u013ek\u00fdch le\u017eadiel so slne\u010dn\u00edkmi je toto miesto doslova o\u00e1zou pokoja. A ten dychber\u00faci v\u00fdh\u013ead na jazero Garda a okolit\u00e9 hory!<\/p>\n<p>Ak sa tu ubytuje\u0161 na dlh\u0161\u00ed \u010das, iste ocen\u00ed\u0161 mo\u017enos\u0165 vstupu do kryt\u00e9ho wellness centra a baz\u00e9na v partnerskom hoteli, ktor\u00fd sa odtia\u013eto nach\u00e1dza len 50 metrov.<\/p>\n<p>A ako \u010faleko to bude\u0161 ma\u0165 do centra Limone sul Garda pe\u0161o? My sme i\u0161li pokojnou prech\u00e1dzkou cez pl\u00e1\u017e a v centre Limone sme boli za necel\u00fdch 15 min\u00fat. Ak sa popon\u00e1h\u013ea\u0161, bude\u0161 tu pokojne aj za polovicu \u010dasu. Pre\u010do sa v\u0161ak pon\u00e1h\u013ea\u0165, ke\u010f je miestna pl\u00e1\u017e tak\u00e1 o\u010daruj\u00faca.<\/p>\n<p>Osobne sa sem budeme radi vraca\u0165 a z ubytovan\u00ed v Limone sul Garda budem aj nabud\u00face h\u013eada\u0165 vo\u013en\u00e9 term\u00edny pr\u00e1ve v tomto hoteli. Mo\u017eno sa tu niekedy spolo\u010dne stretneme. Prajem kr\u00e1sny pobyt!<\/p>\n<hr \/>\n<p><span style=\"color: #000000;\"><strong>Mohlo by v\u00e1s tie\u017e zauj\u00edma\u0165: <\/strong><\/span><\/p>\n<ul>\n<li><span style=\"color: #008000;\"><strong><a style=\"color: #008000;\" href=\"https:\/\/www.dovolenkarka.cz\/sk\/vikend-v-limone-sul-garda-co-vidiet-a-ochutnat-ubytovanie\/\" target=\"_blank\" rel=\"noopener\">V\u00edkend v Limone sul Garda <\/a><\/strong><\/span><\/li>\n<li><span style=\"color: #008000;\"><strong><a style=\"color: #008000;\" href=\"https:\/\/www.dovolenkarka.cz\/cyklo-vikend-v-riva-del-garda\/\" target=\"_blank\" rel=\"noopener\">Cyklov\u00edkend v Riva del Garda <\/a><\/strong><\/span><\/li>\n<li><span style=\"color: #008000;\"><strong><a style=\"color: #008000;\" href=\"https:\/\/www.dovolenkarka.cz\/5-tipu-na-nejkrasnejsi-horska-jezera-v-hornim-rakousku\/\" target=\"_blank\" rel=\"noopener\">5 tipov na najkraj\u0161ie horsk\u00e9 jazer\u00e1 v Hornom Rak\u00fasku<\/a><\/strong><\/span><\/li>\n<li><span style=\"color: #008000;\"><strong><a style=\"color: #008000;\" href=\"https:\/\/rakouskajezera.cz\/trijezerni-stezka-bodensee-huttensee-a-obersee\/\" target=\"_blank\" rel=\"noopener\">3- jazern\u00fd chodn\u00edk v regi\u00f3ne Schladming &#8211; Dachstein<\/a><\/strong><\/span><\/li>\n<li><span style=\"color: #008000;\"><strong><a style=\"color: #008000;\" href=\"https:\/\/rakouskajezera.cz\/strobl-stezka-burglestein\/\" target=\"_blank\" rel=\"noopener\">Chodn\u00edkom okolo B\u00fcrglsteinu a sp\u00e4\u0165 lo\u010fou zo St. Wolfgang <\/a><\/strong><\/span><\/li>\n<\/ul>\n<hr \/>\n<p>&nbsp;<\/p>\n","protected":false},"excerpt":{"rendered":"<p>H\u013ead\u00e1\u0161 pr\u00edjemn\u00e9 ubytovanie v Limone sul Garda? Hotel Sogno del Benaco 4* n\u00e1s po\u010das n\u00e1\u0161ho j\u00fanov\u00e9ho v\u00edkendu nadchol nato\u013eko, \u017ee ti na\u0148 sp\u00ed\u0161em extra odpor\u00fa\u010danie v samostatnom pr\u00edspevku. Limone Sul Garda &gt;&gt; VYH\u013dADA\u0164 VO\u013dN\u00c9 UBYTOVANIE V LIMONE SUL GARDA TU &lt;&lt; Limone sul Garda je mal\u00e9, av\u0161ak malebn\u00e9 meste\u010dko na severoz\u00e1padnom brehu jazera Lago di Garda, ktor\u00e9 si aj napriek rast\u00facej popularite st\u00e1le zachov\u00e1va svoj tradi\u010dn\u00fd charakter. \u00dazke uli\u010dky lemuj\u00fa kamenn\u00e9 domy s okenicami, za ktor\u00fdmi sa skr\u00fdvaj\u00fa kaviarne, obchod\u00edky s miestnymi (predov\u0161etk\u00fdm citr\u00f3nov\u00fdmi) produktmi a re\u0161taur\u00e1cie s terasami s v\u00fdh\u013eadom na jazero. Dominantou miesta s\u00fa star\u00e9 citr\u00f3nov\u00e9 z\u00e1hrady, pripom\u00ednaj\u00face <\/p>\n","protected":false},"author":1,"featured_media":13750,"comment_status":"closed","ping_status":"closed","sticky":true,"template":"","format":"standard","meta":{"footnotes":""},"categories":[5428,5427],"tags":[5431,5433,5432,5430,5429],"class_list":["post-13749","post","type-post","status-publish","format-standard","has-post-thumbnail","hentry","category-lago-di-garda","category-taliansko","tag-hotely-v-limone","tag-kam-na-gardu","tag-kde-sa-ubytovat-v-limone","tag-sogno-del-benaco","tag-ubytovanie-v-limone-sul-garda","has_thumb"],"aioseo_notices":[],"_links":{"self":[{"href":"https:\/\/www.dovolenkarka.cz\/sk\/wp-json\/wp\/v2\/posts\/13749","targetHints":{"allow":["GET"]}}],"collection":[{"href":"https:\/\/www.dovolenkarka.cz\/sk\/wp-json\/wp\/v2\/posts"}],"about":[{"href":"https:\/\/www.dovolenkarka.cz\/sk\/wp-json\/wp\/v2\/types\/post"}],"author":[{"embeddable":true,"href":"https:\/\/www.dovolenkarka.cz\/sk\/wp-json\/wp\/v2\/users\/1"}],"replies":[{"embeddable":true,"href":"https:\/\/www.dovolenkarka.cz\/sk\/wp-json\/wp\/v2\/comments?post=13749"}],"version-history":[{"count":2,"href":"https:\/\/www.dovolenkarka.cz\/sk\/wp-json\/wp\/v2\/posts\/13749\/revisions"}],"predecessor-version":[{"id":13888,"href":"https:\/\/www.dovolenkarka.cz\/sk\/wp-json\/wp\/v2\/posts\/13749\/revisions\/13888"}],"wp:featuredmedia":[{"embeddable":true,"href":"https:\/\/www.dovolenkarka.cz\/sk\/wp-json\/wp\/v2\/media\/13750"}],"wp:attachment":[{"href":"https:\/\/www.dovolenkarka.cz\/sk\/wp-json\/wp\/v2\/media?parent=13749"}],"wp:term":[{"taxonomy":"category","embeddable":true,"href":"https:\/\/www.dovolenkarka.cz\/sk\/wp-json\/wp\/v2\/categories?post=13749"},{"taxonomy":"post_tag","embeddable":true,"href":"https:\/\/www.dovolenkarka.cz\/sk\/wp-json\/wp\/v2\/tags?post=13749"}],"curies":[{"name":"wp","href":"https:\/\/api.w.org\/{rel}","templated":true}]}}