{"id":13973,"date":"2025-05-07T18:27:13","date_gmt":"2025-05-07T16:27:13","guid":{"rendered":"https:\/\/www.dovolenkarka.cz\/dovolenka-v-barcelone-2026-11-miest-ktore-tu-nevynechat\/"},"modified":"2026-02-20T14:09:50","modified_gmt":"2026-02-20T13:09:50","slug":"dovolenka-v-barcelone","status":"publish","type":"post","link":"https:\/\/www.dovolenkarka.cz\/sk\/dovolenka-v-barcelone\/","title":{"rendered":"Dovolenka v Barcelone 2026: 11 miest, ktor\u00e9 tu nevynecha\u0165"},"content":{"rendered":"<p>\u010cak\u00e1 \u0165a (nielen) prv\u00e1 dovolenka v Barcelone a h\u013ead\u00e1\u0161 tipy na miesta, ktor\u00e9 sa tu oplat\u00ed vidie\u0165? <span class=\"_fadeIn_pfttw_8\">Barcelona <\/span><span class=\"_fadeIn_pfttw_8\">je <\/span><span class=\"_fadeIn_pfttw_8\">mesto <\/span><span class=\"_fadeIn_pfttw_8\">pln\u00e9 <\/span><span class=\"_fadeIn_pfttw_8\">architektonick\u00fdch <\/span><span class=\"_fadeIn_pfttw_8\">skvostov, <\/span><span class=\"_fadeIn_pfttw_8\">\u017eivej <\/span><span class=\"_fadeIn_pfttw_8\">kult\u00fary, <\/span><span class=\"_fadeIn_pfttw_8\">chutn\u00e9ho <\/span><span class=\"_fadeIn_pfttw_8\">jedla <\/span><span class=\"_fadeIn_pfttw_8\">aj <\/span><span class=\"_fadeIn_pfttw_8\">pr\u00edmorskej <\/span><span class=\"_fadeIn_pfttw_8\">atmosf\u00e9ry. Pripravila som pre teba<\/span> <span class=\"_fadeIn_pfttw_8\">zoznam 11 <\/span><span class=\"_fadeIn_pfttw_8\">miest, <\/span><span class=\"_fadeIn_pfttw_8\">ktor\u00e9 <\/span><span class=\"_fadeIn_pfttw_8\">by <\/span><span class=\"_fadeIn_pfttw_8\">si <\/span><span class=\"_fadeIn_pfttw_8\">pri <\/span><span class=\"_fadeIn_pfttw_8\">n\u00e1v\u0161teve <\/span><span class=\"_fadeIn_pfttw_8\">rozhodne <\/span><span class=\"_fadeIn_pfttw_8\">nemal vynecha\u0165: <\/span><\/p>\n<div id=\"ez-toc-container\" class=\"ez-toc-v2_0_82_2 counter-hierarchy ez-toc-counter ez-toc-grey ez-toc-container-direction\">\n<div class=\"ez-toc-title-container\">\n<p class=\"ez-toc-title\" style=\"cursor:inherit\">Obsah \u010dl\u00e1nku:<\/p>\n<span class=\"ez-toc-title-toggle\"><a href=\"#\" class=\"ez-toc-pull-right ez-toc-btn ez-toc-btn-xs ez-toc-btn-default ez-toc-toggle\" aria-label=\"Toggle Table of Content\"><span class=\"ez-toc-js-icon-con\"><span class=\"\"><span class=\"eztoc-hide\" style=\"display:none;\">Toggle<\/span><span class=\"ez-toc-icon-toggle-span\"><svg style=\"fill: #999;color:#999\" xmlns=\"http:\/\/www.w3.org\/2000\/svg\" class=\"list-377408\" width=\"20px\" height=\"20px\" viewBox=\"0 0 24 24\" fill=\"none\"><path d=\"M6 6H4v2h2V6zm14 0H8v2h12V6zM4 11h2v2H4v-2zm16 0H8v2h12v-2zM4 16h2v2H4v-2zm16 0H8v2h12v-2z\" fill=\"currentColor\"><\/path><\/svg><svg style=\"fill: #999;color:#999\" class=\"arrow-unsorted-368013\" xmlns=\"http:\/\/www.w3.org\/2000\/svg\" width=\"10px\" height=\"10px\" viewBox=\"0 0 24 24\" version=\"1.2\" baseProfile=\"tiny\"><path d=\"M18.2 9.3l-6.2-6.3-6.2 6.3c-.2.2-.3.4-.3.7s.1.5.3.7c.2.2.4.3.7.3h11c.3 0 .5-.1.7-.3.2-.2.3-.5.3-.7s-.1-.5-.3-.7zM5.8 14.7l6.2 6.3 6.2-6.3c.2-.2.3-.5.3-.7s-.1-.5-.3-.7c-.2-.2-.4-.3-.7-.3h-11c-.3 0-.5.1-.7.3-.2.2-.3.5-.3.7s.1.5.3.7z\"\/><\/svg><\/span><\/span><\/span><\/a><\/span><\/div>\n<nav><ul class='ez-toc-list ez-toc-list-level-1 ' ><li class='ez-toc-page-1 ez-toc-heading-level-2'><a class=\"ez-toc-link ez-toc-heading-1\" href=\"https:\/\/www.dovolenkarka.cz\/sk\/dovolenka-v-barcelone\/#Dovolenka_v_Barcelone\" >Dovolenka v Barcelone<\/a><ul class='ez-toc-list-level-3' ><li class='ez-toc-heading-level-3'><a class=\"ez-toc-link ez-toc-heading-2\" href=\"https:\/\/www.dovolenkarka.cz\/sk\/dovolenka-v-barcelone\/#Letenky_do_Barcelony\" >Letenky do Barcelony<\/a><\/li><li class='ez-toc-page-1 ez-toc-heading-level-3'><a class=\"ez-toc-link ez-toc-heading-3\" href=\"https:\/\/www.dovolenkarka.cz\/sk\/dovolenka-v-barcelone\/#Ako_sa_dostat_z_letiska_do_centra_Barcelony\" >Ako sa dosta\u0165 z letiska do centra Barcelony?<\/a><\/li><li class='ez-toc-page-1 ez-toc-heading-level-3'><a class=\"ez-toc-link ez-toc-heading-4\" href=\"https:\/\/www.dovolenkarka.cz\/sk\/dovolenka-v-barcelone\/#Ubytovanie_v_Barcelone\" >Ubytovanie v Barcelone<\/a><\/li><li class='ez-toc-page-1 ez-toc-heading-level-3'><a class=\"ez-toc-link ez-toc-heading-5\" href=\"https:\/\/www.dovolenkarka.cz\/sk\/dovolenka-v-barcelone\/#Dovolenka_v_Barcelone_%E2%80%93_11_miest_ktore_tu_nevynechat\" >Dovolenka v Barcelone &#8211; 11 miest, ktor\u00e9 tu nevynecha\u0165<\/a><ul class='ez-toc-list-level-4' ><li class='ez-toc-heading-level-4'><a class=\"ez-toc-link ez-toc-heading-6\" href=\"https:\/\/www.dovolenkarka.cz\/sk\/dovolenka-v-barcelone\/#1_Sagrada_Familia\" >1. Sagrada Fam\u00edlia<\/a><\/li><li class='ez-toc-page-1 ez-toc-heading-level-4'><a class=\"ez-toc-link ez-toc-heading-7\" href=\"https:\/\/www.dovolenkarka.cz\/sk\/dovolenka-v-barcelone\/#2_Park_Guell\" >2. Park G\u00fcell<\/a><\/li><li class='ez-toc-page-1 ez-toc-heading-level-4'><a class=\"ez-toc-link ez-toc-heading-8\" href=\"https:\/\/www.dovolenkarka.cz\/sk\/dovolenka-v-barcelone\/#3_Goticka_stvrt_Barri_Gotic\" >3. Gotick\u00e1 \u0161tvr\u0165 (Barri G\u00f2tic)<\/a><\/li><li class='ez-toc-page-1 ez-toc-heading-level-4'><a class=\"ez-toc-link ez-toc-heading-9\" href=\"https:\/\/www.dovolenkarka.cz\/sk\/dovolenka-v-barcelone\/#4_Muzeum_Picasso\" >4. M\u00fazeum Picasso<\/a><\/li><li class='ez-toc-page-1 ez-toc-heading-level-4'><a class=\"ez-toc-link ez-toc-heading-10\" href=\"https:\/\/www.dovolenkarka.cz\/sk\/dovolenka-v-barcelone\/#5_Camp_Nou_alebo_po_novom_Spotify_Camp_Nou\" >5. Camp Nou (alebo po novom Spotify Camp Nou)<\/a><\/li><li class='ez-toc-page-1 ez-toc-heading-level-4'><a class=\"ez-toc-link ez-toc-heading-11\" href=\"https:\/\/www.dovolenkarka.cz\/sk\/dovolenka-v-barcelone\/#6_La_Rambla\" >6. La Rambla<\/a><\/li><li class='ez-toc-page-1 ez-toc-heading-level-4'><a class=\"ez-toc-link ez-toc-heading-12\" href=\"https:\/\/www.dovolenkarka.cz\/sk\/dovolenka-v-barcelone\/#7_Plaz_Barceloneta_%E2%80%93_pokojne_aj_samostatna_dovolenka_v_Barcelone\" >7. Pl\u00e1\u017e Barceloneta &#8211; pokojne aj samostatn\u00e1 dovolenka v Barcelone<\/a><\/li><li class='ez-toc-page-1 ez-toc-heading-level-4'><a class=\"ez-toc-link ez-toc-heading-13\" href=\"https:\/\/www.dovolenkarka.cz\/sk\/dovolenka-v-barcelone\/#8_Montjuic\" >8. Montju\u00efc<\/a><\/li><li class='ez-toc-page-1 ez-toc-heading-level-4'><a class=\"ez-toc-link ez-toc-heading-14\" href=\"https:\/\/www.dovolenkarka.cz\/sk\/dovolenka-v-barcelone\/#9_Casa_Batllo_a_Casa_Mila_La_Pedrera\" >9. Casa Batll\u00f3 a Casa Mil\u00e0 (La Pedrera)<\/a><\/li><li class='ez-toc-page-1 ez-toc-heading-level-4'><a class=\"ez-toc-link ez-toc-heading-15\" href=\"https:\/\/www.dovolenkarka.cz\/sk\/dovolenka-v-barcelone\/#10_Trhy_%E2%80%93_hlavne_La_Boqueria\" >10. Trhy \u2013 hlavne La Boqueria<\/a><\/li><li class='ez-toc-page-1 ez-toc-heading-level-4'><a class=\"ez-toc-link ez-toc-heading-16\" href=\"https:\/\/www.dovolenkarka.cz\/sk\/dovolenka-v-barcelone\/#11_Stresne_terasy_s_dychberucim_vyhladom\" >11. Stre\u0161n\u00e9 terasy s dychber\u00facim v\u00fdh\u013eadom<\/a><\/li><\/ul><\/li><\/ul><\/li><\/ul><\/nav><\/div>\n<h2><span class=\"ez-toc-section\" id=\"Dovolenka_v_Barcelone\"><\/span>Dovolenka v Barcelone<span class=\"ez-toc-section-end\"><\/span><\/h2>\n<div id=\"attachment_6660\" style=\"width: 4022px\" class=\"wp-caption aligncenter\"><a href=\"https:\/\/www.dovolenkarka.cz\/sk\/dovolenka-v-barcelone\/img_4657-2\/\" rel=\"attachment wp-att-6660\"><img loading=\"lazy\" decoding=\"async\" aria-describedby=\"caption-attachment-6660\" class=\"size-full wp-image-6660\" src=\"https:\/\/www.dovolenkarka.cz\/wp-content\/uploads\/2019\/11\/IMG_4657.jpg\" alt=\"Dovolenka v Barcelone \" width=\"4012\" height=\"2601\" srcset=\"https:\/\/www.dovolenkarka.cz\/wp-content\/uploads\/2019\/11\/IMG_4657.jpg 4012w, https:\/\/www.dovolenkarka.cz\/wp-content\/uploads\/2019\/11\/IMG_4657-768x497.jpg 768w\" sizes=\"auto, (max-width: 4012px) 100vw, 4012px\" \/><\/a><p id=\"caption-attachment-6660\" class=\"wp-caption-text\">Barcelona pr\u00edstav \/ foto: Dovolenk\u00e1rka<\/p><\/div>\n<p><span class=\"_fadeIn_pfttw_8\">Barcelona <\/span><span class=\"_fadeIn_pfttw_8\">je pobre\u017en\u00e1 <\/span><span class=\"_fadeIn_pfttw_8\">pulzuj\u00faca <\/span><span class=\"_fadeIn_pfttw_8\">metropola<\/span><span class=\"_fadeIn_pfttw_8\">, <\/span><span class=\"_fadeIn_pfttw_8\">ktor\u00e1 <\/span><span class=\"_fadeIn_pfttw_8\">v <\/span><span class=\"_fadeIn_pfttw_8\">sebe <\/span><span class=\"_fadeIn_pfttw_8\">sp\u00e1ja <\/span><span class=\"_fadeIn_pfttw_8\">bohat\u00fa <\/span><span class=\"_fadeIn_pfttw_8\">hist\u00f3riu, <\/span><span class=\"_fadeIn_pfttw_8\">jedine\u010dn\u00fa <\/span><span class=\"_fadeIn_pfttw_8\">architekt\u00faru <\/span><span class=\"_fadeIn_pfttw_8\">a <\/span><span class=\"_fadeIn_pfttw_8\">uvo\u013enen\u00fa <\/span><span class=\"_fadeIn_pfttw_8\">atmosf\u00e9ru <\/span><span class=\"_fadeIn_pfttw_8\">stredomorsk\u00e9ho <\/span><span class=\"_fadeIn_pfttw_8\">\u017eivota. <\/span><span class=\"_fadeIn_pfttw_8\">Mesto <\/span><span class=\"_fadeIn_pfttw_8\">je <\/span><span class=\"_fadeIn_pfttw_8\">presl\u00e1ven\u00e9 <\/span><span class=\"_fadeIn_pfttw_8\">svojimi <\/span><span class=\"_fadeIn_pfttw_8\">\u00fazkymi <\/span><span class=\"_fadeIn_pfttw_8\">uli\u010dkami, <\/span><span class=\"_fadeIn_pfttw_8\">farebn\u00fdmi <\/span><span class=\"_fadeIn_pfttw_8\">trhmi, <\/span><span class=\"_fadeIn_pfttw_8\">\u017eivou <\/span><span class=\"_fadeIn_pfttw_8\">kult\u00farou <\/span><span class=\"_fadeIn_pfttw_8\">a <\/span><span class=\"_fadeIn_pfttw_8\">neprehliadnute\u013en\u00fdm <\/span><span class=\"_fadeIn_pfttw_8\">rukopisom <\/span><span class=\"_fadeIn_pfttw_8\">Antoniho <\/span><span class=\"_fadeIn_pfttw_8\">Gaud\u00edho, <\/span><span class=\"_fadeIn_pfttw_8\">ktor\u00e9ho <\/span><span class=\"_fadeIn_pfttw_8\">diela <\/span><span class=\"_fadeIn_pfttw_8\">dod\u00e1vaj\u00fa <\/span><span class=\"_fadeIn_pfttw_8\">Barcelone <\/span><span class=\"_fadeIn_pfttw_8\">nezamenite\u013en\u00fd <\/span><span class=\"_fadeIn_pfttw_8\">charakter.<\/span><\/p>\n<hr \/>\n<p style=\"text-align: center;\"><span style=\"color: #000000;\"><strong>Vyh\u013eadaj si ubytovanie v Barcelone pod\u013ea mapy: <\/strong><\/span><\/p>\n<p style=\"text-align: center;\"><iframe loading=\"lazy\" id=\"stay22-widget\" src=\"https:\/\/www.stay22.com\/embed\/6963f9007ebd74cd495875cf\" width=\"100%\" height=\"428\" frameborder=\"0\"><\/iframe><\/p>\n<hr \/>\n<h3><span class=\"ez-toc-section\" id=\"Letenky_do_Barcelony\"><\/span>Letenky do Barcelony<span class=\"ez-toc-section-end\"><\/span><\/h3>\n<ul>\n<li><span class=\"_fadeIn_pfttw_8\">Priamy <\/span><span class=\"_fadeIn_pfttw_8\">let <\/span><span class=\"_fadeIn_pfttw_8\">z <\/span><strong data-start=\"12\" data-end=\"34\"><span class=\"_fadeIn_pfttw_8\">Prahy <\/span><span class=\"_fadeIn_pfttw_8\">do <\/span><span class=\"_fadeIn_pfttw_8\">Barcelony<\/span><\/strong> <span class=\"_fadeIn_pfttw_8\">trv\u00e1 <\/span><span class=\"_fadeIn_pfttw_8\">pribli\u017ene <\/span><strong data-start=\"50\" data-end=\"73\"><span class=\"_fadeIn_pfttw_8\">2 <\/span><span class=\"_fadeIn_pfttw_8\">hodiny <\/span><span class=\"_fadeIn_pfttw_8\">a 20 <\/span><span class=\"_fadeIn_pfttw_8\">min\u00fat \/ ceny porovnaj napr. na Skyscanneri<\/span><\/strong><\/li>\n<\/ul>\n<h3><span class=\"ez-toc-section\" id=\"Ako_sa_dostat_z_letiska_do_centra_Barcelony\"><\/span>Ako sa dosta\u0165 z letiska do centra Barcelony?<span class=\"ez-toc-section-end\"><\/span><\/h3>\n<p><span class=\"_fadeIn_pfttw_8\">Z <\/span><span class=\"_fadeIn_pfttw_8\">letiska <\/span><span class=\"_fadeIn_pfttw_8\">El <\/span><span class=\"_fadeIn_pfttw_8\">Prat (<\/span><span class=\"_fadeIn_pfttw_8\">Barcelona <\/span><span class=\"_fadeIn_pfttw_8\">El <\/span><span class=\"_fadeIn_pfttw_8\">Prat <\/span><span class=\"_fadeIn_pfttw_8\">Airport \u2013 <\/span><span class=\"_fadeIn_pfttw_8\">k\u00f3d <\/span><span class=\"_fadeIn_pfttw_8\">BCN) <\/span><span class=\"_fadeIn_pfttw_8\">sa <\/span><span class=\"_fadeIn_pfttw_8\">do <\/span><span class=\"_fadeIn_pfttw_8\">centra <\/span><span class=\"_fadeIn_pfttw_8\">Barcelony <\/span><span class=\"_fadeIn_pfttw_8\">dostane\u0161 <\/span><span class=\"_fadeIn_pfttw_8\">nieko\u013ek\u00fdmi <\/span><span class=\"_fadeIn_pfttw_8\">sp\u00f4sobmi, <\/span><span class=\"_fadeIn_pfttw_8\">pod\u013ea <\/span><span class=\"_fadeIn_pfttw_8\">toho, <\/span><span class=\"_fadeIn_pfttw_8\">\u010do <\/span><span class=\"_fadeIn_pfttw_8\">preferuje\u0161, \u010di <\/span><span class=\"_fadeIn_pfttw_8\">pohodlie, <\/span><span class=\"_fadeIn_pfttw_8\">cenu <\/span><span class=\"_fadeIn_pfttw_8\">alebo <\/span><span class=\"_fadeIn_pfttw_8\">r\u00fdchlos\u0165:<\/span><\/p>\n<ul>\n<li><span class=\"_fadeIn_pfttw_8\" style=\"color: #000000;\"><strong data-start=\"178\" data-end=\"211\">Vlak RENFE (linka R2 Nord)<\/strong><\/span><\/li>\n<li><span class=\"_fadeIn_pfttw_8\" style=\"color: #000000;\"><strong data-start=\"178\" data-end=\"211\">Aerob\u00fas (A1 z T1 \/ A2 z T2)<\/strong><\/span><\/li>\n<li><span class=\"_fadeIn_pfttw_8\" style=\"color: #000000;\"><strong data-start=\"178\" data-end=\"211\">Metro (linka L9 Sud)<\/strong><\/span><\/li>\n<li><span style=\"color: #000000;\"><strong>Taxi<\/strong><\/span><\/li>\n<li><span style=\"color: #000000;\"><strong>Objednan\u00fd transfer<\/strong><\/span><\/li>\n<\/ul>\n<h3><span class=\"ez-toc-section\" id=\"Ubytovanie_v_Barcelone\"><\/span>Ubytovanie v Barcelone<span class=\"ez-toc-section-end\"><\/span><\/h3>\n<ul>\n<li><span style=\"color: #008000;\"><strong><a style=\"color: #008000;\" href=\"https:\/\/booking.stay22.com\/dovolenkarka\/PeNW-LUSr0\" target=\"_blank\" rel=\"noopener\">Ubytovanie pri Sagrada Fam\u00edlia <\/a><\/strong><\/span><\/li>\n<li><a href=\"https:\/\/booking.stay22.com\/dovolenkarka\/a8KC30EK2u\" target=\"_blank\" rel=\"noopener\"><span style=\"color: #008000;\"><strong>Ubytovanie pri Catedral de Barcelona s dychber\u00facim v\u00fdh\u013eadom <\/strong><\/span><\/a><\/li>\n<li><span style=\"color: #008000;\"><strong><a style=\"color: #008000;\" href=\"https:\/\/booking.stay22.com\/dovolenkarka\/EyHAp8dH4Y\" target=\"_blank\" rel=\"noopener\">Ubytovanie na pobre\u017e\u00ed Barcelony <\/a><\/strong><\/span><\/li>\n<\/ul>\n<div id=\"attachment_6756\" style=\"width: 1290px\" class=\"wp-caption aligncenter\"><a href=\"https:\/\/booking.stay22.com\/dovolenkarka\/4Rfo8EczT2\" target=\"_blank\" rel=\"noopener\"><img loading=\"lazy\" decoding=\"async\" aria-describedby=\"caption-attachment-6756\" class=\"size-full wp-image-6756\" src=\"https:\/\/www.dovolenkarka.cz\/wp-content\/uploads\/2019\/12\/171784428.jpg\" alt=\"Dovolenka v Barcelone\" width=\"1280\" height=\"820\" srcset=\"https:\/\/www.dovolenkarka.cz\/wp-content\/uploads\/2019\/12\/171784428.jpg 1280w, https:\/\/www.dovolenkarka.cz\/wp-content\/uploads\/2019\/12\/171784428-768x492.jpg 768w\" sizes=\"auto, (max-width: 1280px) 100vw, 1280px\" \/><\/a><p id=\"caption-attachment-6756\" class=\"wp-caption-text\">Hotel Barcelona<\/p><\/div>\n<hr \/>\n<h3><span class=\"ez-toc-section\" id=\"Dovolenka_v_Barcelone_%E2%80%93_11_miest_ktore_tu_nevynechat\"><\/span>Dovolenka v Barcelone &#8211; 11 miest, ktor\u00e9 tu nevynecha\u0165<span class=\"ez-toc-section-end\"><\/span><\/h3>\n<h4><span class=\"ez-toc-section\" id=\"1_Sagrada_Familia\"><\/span><strong data-start=\"189\" data-end=\"211\"><span class=\"_fadeIn_pfttw_8\">1. <\/span><span class=\"_fadeIn_pfttw_8\">Sagrada <\/span><span class=\"_fadeIn_pfttw_8\">Fam\u00edlia<\/span><\/strong><span class=\"ez-toc-section-end\"><\/span><\/h4>\n<p><span class=\"_fadeIn_pfttw_8\">Najsl\u00e1vnej\u0161ia stavba Antoniho Gaud\u00edho, ktor\u00e1 sa stavia u\u017e od roku 1882. Jej jedine\u010dn\u00fd vzh\u013ead a impozantn\u00fd interi\u00e9r ohromia aj t\u00fdch, ktor\u00ed be\u017ene sakr\u00e1lnu architekt\u00faru nevyh\u013ead\u00e1vaj\u00fa. Odpor\u00fa\u010dam k\u00fapi\u0165 vstupenky vopred online. <\/span><\/p>\n<div id=\"attachment_5918\" style=\"width: 4042px\" class=\"wp-caption aligncenter\"><a href=\"https:\/\/www.dovolenkarka.cz\/sk\/fullsizeoutput_349\/\" rel=\"attachment wp-att-5918\"><img loading=\"lazy\" decoding=\"async\" aria-describedby=\"caption-attachment-5918\" class=\"size-full wp-image-5918\" src=\"https:\/\/www.dovolenkarka.cz\/wp-content\/uploads\/2019\/06\/fullsizeoutput_349.jpeg\" alt=\"Sagrada Fam\u00edlia - Dovolenka v Barcelone \" width=\"4032\" height=\"3024\" srcset=\"https:\/\/www.dovolenkarka.cz\/wp-content\/uploads\/2019\/06\/fullsizeoutput_349.jpeg 4032w, https:\/\/www.dovolenkarka.cz\/wp-content\/uploads\/2019\/06\/fullsizeoutput_349-768x576.jpeg 768w\" sizes=\"auto, (max-width: 4032px) 100vw, 4032px\" \/><\/a><p id=\"caption-attachment-5918\" class=\"wp-caption-text\">Dovolenka v Barcelone: Gaud\u00edho chr\u00e1m Sagrada Fam\u00edlia<\/p><\/div>\n<p><span style=\"color: #008000;\"><strong>M\u00f4j TIP:<\/strong><\/span> Dohodni sa na prehliadke so s\u00fakromn\u00fdm sprievodcom &#8211;<span style=\"color: #008000;\"> www.DovolenaBarcelona.cz<\/span> \/ N\u00e1\u0161 kamar\u00e1t, certifikovan\u00fd sprievodca Barcelonou &#8211; Richard Hlad\u00edk, ti zaist\u00ed vstupenky a dozvie\u0161 sa mno\u017estvo zauj\u00edmavost\u00ed, ktor\u00e9 by ti pri individu\u00e1lnej prehliadke unikli.<\/p>\n<h4 data-start=\"432\" data-end=\"456\"><span class=\"ez-toc-section\" id=\"2_Park_Guell\"><\/span><strong data-start=\"439\" data-end=\"456\"><span class=\"_fadeIn_pfttw_8\">2. <\/span><span class=\"_fadeIn_pfttw_8\">Park <\/span><span class=\"_fadeIn_pfttw_8\">G\u00fcell<\/span><\/strong><span class=\"ez-toc-section-end\"><\/span><\/h4>\n<p data-start=\"457\" data-end=\"602\"><span class=\"_fadeIn_pfttw_8\">Farebn\u00fd <\/span><span class=\"_fadeIn_pfttw_8\">rozpr\u00e1vkov\u00fd <\/span><span class=\"_fadeIn_pfttw_8\">park <\/span><span class=\"_fadeIn_pfttw_8\">s <\/span><span class=\"_fadeIn_pfttw_8\">mozaikov\u00fdmi <\/span><span class=\"_fadeIn_pfttw_8\">lavi\u010dkami, <\/span><span class=\"_fadeIn_pfttw_8\">pavil\u00f3nmi <\/span><span class=\"_fadeIn_pfttw_8\">a <\/span><span class=\"_fadeIn_pfttw_8\">v\u00fdh\u013eadmi <\/span><span class=\"_fadeIn_pfttw_8\">na <\/span><span class=\"_fadeIn_pfttw_8\">mesto. <\/span><span class=\"_fadeIn_pfttw_8\">\u010eal\u0161ie <\/span><span class=\"_fadeIn_pfttw_8\">Gaud\u00edho <\/span><span class=\"_fadeIn_pfttw_8\">majstrovsk\u00e9 <\/span><span class=\"_fadeIn_pfttw_8\">dielo, <\/span><span class=\"_fadeIn_pfttw_8\">kde <\/span><span class=\"_fadeIn_pfttw_8\">sa <\/span><span class=\"_fadeIn_pfttw_8\">sn\u00fabi <\/span><span class=\"_fadeIn_pfttw_8\">pr\u00edroda <\/span><span class=\"_fadeIn_pfttw_8\">a <\/span><span class=\"_fadeIn_pfttw_8\">architekt\u00fara. Vstupenky si op\u00e4\u0165 treba rezervova\u0165 dopredu a aj tu m\u00f4\u017ee\u0161 vyu\u017ei\u0165 slu\u017eby s\u00fakromn\u00e9ho sprievodcu Barcelonou. <\/span><\/p>\n<div id=\"attachment_6666\" style=\"width: 4042px\" class=\"wp-caption aligncenter\"><a href=\"https:\/\/www.dovolenkarka.cz\/sk\/img_9666\/\" rel=\"attachment wp-att-6666\"><img loading=\"lazy\" decoding=\"async\" aria-describedby=\"caption-attachment-6666\" class=\"size-full wp-image-6666\" src=\"https:\/\/www.dovolenkarka.cz\/wp-content\/uploads\/2019\/11\/IMG_9666.jpg\" alt=\"Park G\u00fcell - Dovolenka v Barcelone\" width=\"4032\" height=\"2658\" srcset=\"https:\/\/www.dovolenkarka.cz\/wp-content\/uploads\/2019\/11\/IMG_9666.jpg 4032w, https:\/\/www.dovolenkarka.cz\/wp-content\/uploads\/2019\/11\/IMG_9666-768x506.jpg 768w, https:\/\/www.dovolenkarka.cz\/wp-content\/uploads\/2019\/11\/IMG_9666-265x174.jpg 265w\" sizes=\"auto, (max-width: 4032px) 100vw, 4032px\" \/><\/a><p id=\"caption-attachment-6666\" class=\"wp-caption-text\">Park G\u00fcell, Barcelona<\/p><\/div>\n<h4 data-start=\"457\" data-end=\"602\"><span class=\"ez-toc-section\" id=\"3_Goticka_stvrt_Barri_Gotic\"><\/span><strong data-start=\"611\" data-end=\"645\"><span class=\"_fadeIn_pfttw_8\">3. <\/span><span class=\"_fadeIn_pfttw_8\">Gotick\u00e1 <\/span><span class=\"_fadeIn_pfttw_8\">\u0161tvr\u0165 (<\/span><span class=\"_fadeIn_pfttw_8\">Barri <\/span><span class=\"_fadeIn_pfttw_8\">G\u00f2tic)<\/span><\/strong><span class=\"ez-toc-section-end\"><\/span><\/h4>\n<p data-start=\"457\" data-end=\"602\"><span class=\"_fadeIn_pfttw_8\">Bludisko \u00fazkych uli\u010diek s historick\u00fdmi budovami, romantick\u00fdmi n\u00e1mest\u00ed\u010dkami, kaviar\u0148ami a butikmi. N\u00e1jde\u0161 tu aj Catedral de Barcelona, priamo naproti hotelu Lamaro: <\/span><\/p>\n<ul>\n<li data-start=\"457\" data-end=\"602\"><span style=\"color: #008000;\"><strong><a style=\"color: #008000;\" href=\"https:\/\/booking.stay22.com\/dovolenkarka\/09gHHBb7Db\" target=\"_blank\" rel=\"noopener\">Hotel Lamaro 5* &#8211; tip na luxusn\u00e9 ubytovanie s dychber\u00facim v\u00fdh\u013eadom na katedr\u00e1lu <\/a><\/strong><\/span><\/li>\n<\/ul>\n<div id=\"attachment_9600\" style=\"width: 1290px\" class=\"wp-caption aligncenter\"><a href=\"https:\/\/booking.stay22.com\/dovolenkarka\/09gHHBb7Db\" target=\"_blank\" rel=\"noopener\"><img loading=\"lazy\" decoding=\"async\" aria-describedby=\"caption-attachment-9600\" class=\"size-full wp-image-9600\" src=\"https:\/\/www.dovolenkarka.cz\/wp-content\/uploads\/2025\/05\/Obrazek-60.jpg\" alt=\"Hotel Lamaro - Catedral de Barcelona\" width=\"1280\" height=\"854\" srcset=\"https:\/\/www.dovolenkarka.cz\/wp-content\/uploads\/2025\/05\/Obrazek-60.jpg 1280w, https:\/\/www.dovolenkarka.cz\/wp-content\/uploads\/2025\/05\/Obrazek-60-768x512.jpg 768w\" sizes=\"auto, (max-width: 1280px) 100vw, 1280px\" \/><\/a><p id=\"caption-attachment-9600\" class=\"wp-caption-text\">Hotel Lamaro &#8211; Catedral de Barcelona<\/p><\/div>\n<h4 data-start=\"805\" data-end=\"834\"><span class=\"ez-toc-section\" id=\"4_Muzeum_Picasso\"><\/span><strong data-start=\"813\" data-end=\"834\"><span class=\"_fadeIn_pfttw_8\">4. <\/span><span class=\"_fadeIn_pfttw_8\">M\u00fazeum <\/span><span class=\"_fadeIn_pfttw_8\">Picasso<\/span><\/strong><span class=\"ez-toc-section-end\"><\/span><\/h4>\n<p><span class=\"_fadeIn_pfttw_8\">Pre <\/span><span class=\"_fadeIn_pfttw_8\">milovn\u00edkov <\/span><span class=\"_fadeIn_pfttw_8\">umenia <\/span><span class=\"_fadeIn_pfttw_8\">povinnos\u0165, <\/span><span class=\"_fadeIn_pfttw_8\">n\u00e1jde\u0161 <\/span><span class=\"_fadeIn_pfttw_8\">tu <\/span><span class=\"_fadeIn_pfttw_8\">stovky <\/span><span class=\"_fadeIn_pfttw_8\">diel <\/span><span class=\"_fadeIn_pfttw_8\">Pabla <\/span><span class=\"_fadeIn_pfttw_8\">Picassa, <\/span><span class=\"_fadeIn_pfttw_8\">najm\u00e4 <\/span><span class=\"_fadeIn_pfttw_8\">z <\/span><span class=\"_fadeIn_pfttw_8\">jeho <\/span><span class=\"_fadeIn_pfttw_8\">ran\u00e9ho <\/span><span class=\"_fadeIn_pfttw_8\">obdobia.<\/span><\/p>\n<h4><span class=\"ez-toc-section\" id=\"5_Camp_Nou_alebo_po_novom_Spotify_Camp_Nou\"><\/span><span class=\"_fadeIn_pfttw_8\"><strong data-start=\"944\" data-end=\"988\">5. Camp Nou (alebo po novom Spotify Camp Nou)<\/strong><\/span><span class=\"ez-toc-section-end\"><\/span><\/h4>\n<p><span class=\"_fadeIn_pfttw_8\">Domov <\/span><span class=\"_fadeIn_pfttw_8\">sl\u00e1vneho futbalov\u00e9ho klubu <\/span><span class=\"_fadeIn_pfttw_8\">FC <\/span><span class=\"_fadeIn_pfttw_8\">Barcelona. <\/span><span class=\"_fadeIn_pfttw_8\">Aj <\/span><span class=\"_fadeIn_pfttw_8\">ke\u010f <\/span><span class=\"_fadeIn_pfttw_8\">nie si <\/span><span class=\"_fadeIn_pfttw_8\">futbalov\u00fd <\/span><span class=\"_fadeIn_pfttw_8\">fan\u00fa\u0161ik, <\/span><span class=\"_fadeIn_pfttw_8\">\u0161tadi\u00f3n <\/span><span class=\"_fadeIn_pfttw_8\">a <\/span><span class=\"_fadeIn_pfttw_8\">m\u00fazeum <\/span><span class=\"_fadeIn_pfttw_8\">stoja <\/span><span class=\"_fadeIn_pfttw_8\">za <\/span><span class=\"_fadeIn_pfttw_8\">n\u00e1v\u0161tevu.<\/span><\/p>\n<p><a href=\"https:\/\/www.dovolenkarka.cz\/sk\/img_0768-2\/\" rel=\"attachment wp-att-6725\"><img loading=\"lazy\" decoding=\"async\" class=\"aligncenter size-full wp-image-6725\" src=\"https:\/\/www.dovolenkarka.cz\/wp-content\/uploads\/2019\/11\/IMG_0768-2.jpg\" alt=\"Dovolenka v Barcelone \" width=\"4025\" height=\"2819\" srcset=\"https:\/\/www.dovolenkarka.cz\/wp-content\/uploads\/2019\/11\/IMG_0768-2.jpg 4025w, https:\/\/www.dovolenkarka.cz\/wp-content\/uploads\/2019\/11\/IMG_0768-2-768x537.jpg 768w\" sizes=\"auto, (max-width: 4025px) 100vw, 4025px\" \/><\/a><\/p>\n<h4><span class=\"ez-toc-section\" id=\"6_La_Rambla\"><\/span><strong data-start=\"1097\" data-end=\"1113\"><span class=\"_fadeIn_pfttw_8\">6. <\/span><span class=\"_fadeIn_pfttw_8\">La <\/span><span class=\"_fadeIn_pfttw_8\">Rambla<\/span><\/strong><span class=\"ez-toc-section-end\"><\/span><\/h4>\n<p><span class=\"_fadeIn_pfttw_8\">Sl\u00e1vna promen\u00e1da, ktor\u00e1 vedie od Plaza Catalunya a\u017e k moru. Je pln\u00e1 pouli\u010dn\u00fdch umelcov, st\u00e1nkov a atmosf\u00e9ry. Daj si pozor na vreck\u00e1rov! <\/span><\/p>\n<h4><span class=\"ez-toc-section\" id=\"7_Plaz_Barceloneta_%E2%80%93_pokojne_aj_samostatna_dovolenka_v_Barcelone\"><\/span><span class=\"_fadeIn_pfttw_8\"><strong data-start=\"1246\" data-end=\"1269\">7. Pl\u00e1\u017e Barceloneta &#8211; pokojne aj samostatn\u00e1 dovolenka v Barcelone<\/strong><\/span><span class=\"ez-toc-section-end\"><\/span><\/h4>\n<p><span class=\"_fadeIn_pfttw_8\">Ide\u00e1lne miesto na relax\u00e1ciu pri mori po dni plnom chodenia. M\u00f4\u017ee\u0161 si da\u0165 tapas, sangriu alebo len odpo\u010d\u00edva\u0165 na piesku. Odpor\u00fa\u010dam po\u017ei\u010da\u0165 si bicykle a prejs\u0165 si trasu okolo pobre\u017eia na vlastn\u00fa p\u00e4s\u0165. Ver\u00edm, \u017ee \u0165a nal\u00e1ka nejedna pobre\u017en\u00e1 re\u0161taur\u00e1cia \u010di bar. <\/span><\/p>\n<ul>\n<li><a href=\"https:\/\/www.dovolenkarka.cz\/barcelona-na-kole-originalni-zpusob-jak-ochutnat-nejen-pobrezi-tohoto-uchvatneho-mesta\/\" target=\"_blank\" rel=\"noopener\"><span style=\"color: #008000;\"><strong>Barcelona na bicykli <\/strong><\/span><\/a><\/li>\n<li><span style=\"color: #008000;\"><strong><a style=\"color: #008000;\" href=\"https:\/\/booking.stay22.com\/dovolenkarka\/EyHAp8dH4Y\" target=\"_blank\" rel=\"noopener\">Porovna\u0165 ubytovanie na pobre\u017e\u00ed Barcelony <\/a><\/strong><\/span><\/li>\n<\/ul>\n<div id=\"attachment_5491\" style=\"width: 1009px\" class=\"wp-caption aligncenter\"><a href=\"https:\/\/www.dovolenkarka.cz\/sk\/img_0455\/\" rel=\"attachment wp-att-5491\"><img loading=\"lazy\" decoding=\"async\" aria-describedby=\"caption-attachment-5491\" class=\"size-full wp-image-5491\" src=\"https:\/\/www.dovolenkarka.cz\/wp-content\/uploads\/2019\/04\/IMG_0455.jpg\" alt=\"Dovolenka v Barcelone\" width=\"999\" height=\"625\" srcset=\"https:\/\/www.dovolenkarka.cz\/wp-content\/uploads\/2019\/04\/IMG_0455.jpg 999w, https:\/\/www.dovolenkarka.cz\/wp-content\/uploads\/2019\/04\/IMG_0455-768x480.jpg 768w\" sizes=\"auto, (max-width: 999px) 100vw, 999px\" \/><\/a><p id=\"caption-attachment-5491\" class=\"wp-caption-text\">Barcelona na bicykli<\/p><\/div>\n<h4><span class=\"ez-toc-section\" id=\"8_Montjuic\"><\/span><strong data-start=\"1393\" data-end=\"1408\"><span class=\"_fadeIn_pfttw_8\">8. <\/span><span class=\"_fadeIn_pfttw_8\">Montju\u00efc<\/span><\/strong><span class=\"ez-toc-section-end\"><\/span><\/h4>\n<p><span class=\"_fadeIn_pfttw_8\">Kopec s kr\u00e1snymi v\u00fdh\u013eadmi, lanovkou, olympijsk\u00fdm \u0161tadi\u00f3nom, pevnos\u0165ou a magickou font\u00e1nou. Ve\u010der sa tu konaj\u00fa sveteln\u00e9 a hudobn\u00e9 show. Zn\u00e1ma vodn\u00e1 show s hudbou a svetlami, ktor\u00e1 sa kon\u00e1 ve\u010der pred Palau Nacional. Skvel\u00fd z\u00e1\u017eitok zadarmo! <\/span><\/p>\n<p><a href=\"https:\/\/www.dovolenkarka.cz\/sk\/dovolenka-v-barcelone\/barcelona-7389661_1920\/\" rel=\"attachment wp-att-9623\"><img loading=\"lazy\" decoding=\"async\" class=\"aligncenter size-full wp-image-9623\" src=\"https:\/\/www.dovolenkarka.cz\/wp-content\/uploads\/2025\/05\/barcelona-7389661_1920.jpg\" alt=\"Dovolenka v Barcelone \" width=\"1920\" height=\"1280\" srcset=\"https:\/\/www.dovolenkarka.cz\/wp-content\/uploads\/2025\/05\/barcelona-7389661_1920.jpg 1920w, https:\/\/www.dovolenkarka.cz\/wp-content\/uploads\/2025\/05\/barcelona-7389661_1920-768x512.jpg 768w\" sizes=\"auto, (max-width: 1920px) 100vw, 1920px\" \/><\/a><\/p>\n<h4><span class=\"ez-toc-section\" id=\"9_Casa_Batllo_a_Casa_Mila_La_Pedrera\"><\/span><span class=\"_fadeIn_pfttw_8\"><strong data-start=\"1551\" data-end=\"1594\">9. Casa Batll\u00f3 a Casa Mil\u00e0 (La Pedrera)<\/strong><\/span><span class=\"ez-toc-section-end\"><\/span><\/h4>\n<p><span class=\"_fadeIn_pfttw_8\">\u010eal\u0161ie dve ikonick\u00e9 stavby od Gaud\u00edho, ktor\u00e9 ukazuj\u00fa jeho nezamenite\u013en\u00fd \u0161t\u00fdl. Obe sa nach\u00e1dzaj\u00fa na elegantnej triede Passeig de Gr\u00e0cia. <\/span><\/p>\n<h4><span class=\"ez-toc-section\" id=\"10_Trhy_%E2%80%93_hlavne_La_Boqueria\"><\/span><span class=\"_fadeIn_pfttw_8\"><strong data-start=\"1733\" data-end=\"1766\">10. Trhy \u2013 hlavne La Boqueria<\/strong><\/span><span class=\"ez-toc-section-end\"><\/span><\/h4>\n<p><span class=\"_fadeIn_pfttw_8\">Ide\u00e1lne miesto na ochutn\u00e1vku \u010derstv\u00fdch surov\u00edn, ovocia, morsk\u00fdch plodov alebo tapas. Trh La Boqueria pri La Ramble je najzn\u00e1mej\u0161\u00ed. <\/span><\/p>\n<div id=\"attachment_9624\" style=\"width: 1930px\" class=\"wp-caption aligncenter\"><a href=\"https:\/\/www.dovolenkarka.cz\/sk\/dovolenka-v-barcelone\/market-588334_1920\/\" rel=\"attachment wp-att-9624\"><img loading=\"lazy\" decoding=\"async\" aria-describedby=\"caption-attachment-9624\" class=\"size-full wp-image-9624\" src=\"https:\/\/www.dovolenkarka.cz\/wp-content\/uploads\/2025\/05\/market-588334_1920.jpg\" alt=\"Dovolenka v Barcelone\" width=\"1920\" height=\"1280\" srcset=\"https:\/\/www.dovolenkarka.cz\/wp-content\/uploads\/2025\/05\/market-588334_1920.jpg 1920w, https:\/\/www.dovolenkarka.cz\/wp-content\/uploads\/2025\/05\/market-588334_1920-768x512.jpg 768w\" sizes=\"auto, (max-width: 1920px) 100vw, 1920px\" \/><\/a><p id=\"caption-attachment-9624\" class=\"wp-caption-text\">Trhy v Barcelone<\/p><\/div>\n<h4><span class=\"ez-toc-section\" id=\"11_Stresne_terasy_s_dychberucim_vyhladom\"><\/span><strong>11. Stre\u0161n\u00e9 terasy s dychber\u00facim v\u00fdh\u013eadom <\/strong><span class=\"ez-toc-section-end\"><\/span><\/h4>\n<p>Posledn\u00fd tip je jeden z mojich najob\u013e\u00fabenej\u0161\u00edch. Ak\u00e1 by to bola dovolenka v Barcelone bez n\u00e1v\u0161tevy niektorej z ikonick\u00fdch stre\u0161n\u00fdch ter\u00e1s. Ak n\u00e1s na Barcelone nie\u010do prekvapilo a nadchlo, tak s\u00fa to hotelov\u00e9 stre\u0161n\u00e9 terasy s dychber\u00facimi v\u00fdh\u013eadmi. Niektor\u00e9 terasy s\u00fa navy\u0161e otvoren\u00e9 aj pre verejnos\u0165 &#8211; ak sa tam nach\u00e1dza bar \/ re\u0161taur\u00e1cia. Ide\u00e1lne je samozrejme ubytova\u0165 sa priamo v danom hoteli a ma\u0165 tak na terasu neobmedzen\u00fd vstup.<\/p>\n<p>Nechaj sa in\u0161pirova\u0165 moj\u00edm tipom na 7 tak\u00fdchto luxusn\u00fdch hotelov:<\/p>\n<ul>\n<li><span style=\"color: #008000;\"><strong><a style=\"color: #008000;\" href=\"https:\/\/www.dovolenkarka.cz\/sk\/7-tipov-na-luxusne-hotely-v-barcelone-so-stresnou-terasou-a-vyhladom\/\" target=\"_blank\" rel=\"noopener\">7 tipov na luxusn\u00e9 hotely v Barcelone so stre\u0161nou terasou <\/a><\/strong><\/span><\/li>\n<\/ul>\n<p><span style=\"color: #008000;\"><strong><a style=\"color: #008000;\" href=\"https:\/\/booking.stay22.com\/dovolenkarka\/4zAlO-1vPc\" target=\"_blank\" rel=\"noopener\">&gt; REZERVOVA\u0164 HOTEL S TOUTO TERASOU PRI SAGRADA FAM\u00cdLIA <\/a><\/strong><\/span><\/p>\n<div id=\"attachment_9625\" style=\"width: 1290px\" class=\"wp-caption aligncenter\"><a href=\"https:\/\/booking.stay22.com\/dovolenkarka\/4zAlO-1vPc\" target=\"_blank\" rel=\"noopener\"><img loading=\"lazy\" decoding=\"async\" aria-describedby=\"caption-attachment-9625\" class=\"size-full wp-image-9625\" src=\"https:\/\/www.dovolenkarka.cz\/wp-content\/uploads\/2025\/05\/Obrazek-67.jpg\" alt=\"Dovolenka v Barcelone \" width=\"1280\" height=\"853\" srcset=\"https:\/\/www.dovolenkarka.cz\/wp-content\/uploads\/2025\/05\/Obrazek-67.jpg 1280w, https:\/\/www.dovolenkarka.cz\/wp-content\/uploads\/2025\/05\/Obrazek-67-768x511.jpg 768w\" sizes=\"auto, (max-width: 1280px) 100vw, 1280px\" \/><\/a><p id=\"caption-attachment-9625\" class=\"wp-caption-text\">Sercotel Hotel Rosellon<\/p><\/div>\n<hr \/>\n<p style=\"text-align: center;\"><span style=\"color: #000000;\"><strong>Ulo\u017e si tipy do Barcelony aj na Pintereste, aby si ich \u013eahko na\u0161iel: <\/strong><\/span><\/p>\n<p style=\"text-align: center;\"><iframe loading=\"lazy\" src=\"https:\/\/assets.pinterest.com\/ext\/embed.html?id=1049057306957528414\" width=\"345\" height=\"714\" frameborder=\"0\" scrolling=\"no\"><\/iframe><\/p>\n","protected":false},"excerpt":{"rendered":"<p>\u010cak\u00e1 \u0165a (nielen) prv\u00e1 dovolenka v Barcelone a h\u013ead\u00e1\u0161 tipy na miesta, ktor\u00e9 sa tu oplat\u00ed vidie\u0165? Barcelona je mesto pln\u00e9 architektonick\u00fdch skvostov, \u017eivej kult\u00fary, chutn\u00e9ho jedla aj pr\u00edmorskej atmosf\u00e9ry. Pripravila som pre teba zoznam 11 miest, ktor\u00e9 by si pri n\u00e1v\u0161teve rozhodne nemal vynecha\u0165: Dovolenka v Barcelone Barcelona je pobre\u017en\u00e1 pulzuj\u00faca metropola, ktor\u00e1 v sebe sp\u00e1ja bohat\u00fa hist\u00f3riu, jedine\u010dn\u00fa architekt\u00faru a uvo\u013enen\u00fa atmosf\u00e9ru stredomorsk\u00e9ho \u017eivota. Mesto je presl\u00e1ven\u00e9 svojimi \u00fazkymi uli\u010dkami, farebn\u00fdmi trhmi, \u017eivou kult\u00farou a neprehliadnute\u013en\u00fdm rukopisom Antoniho Gaud\u00edho, ktor\u00e9ho diela dod\u00e1vaj\u00fa Barcelone nezamenite\u013en\u00fd charakter. Vyh\u013eadaj si ubytovanie v Barcelone pod\u013ea mapy: Letenky do Barcelony Priamy let z <\/p>\n","protected":false},"author":1,"featured_media":13974,"comment_status":"closed","ping_status":"closed","sticky":false,"template":"","format":"standard","meta":{"footnotes":""},"categories":[5363],"tags":[5491,5365,5490,5492,5367],"class_list":["post-13973","post","type-post","status-publish","format-standard","has-post-thumbnail","hentry","category-barcelona","tag-ako-sa-dostat-z-letiska-do-barcelony","tag-co-robit-v-barcelone","tag-dovolenka-v-barcelone","tag-stresne-terasy-v-barcelone","tag-ubytovanie-v-barcelone","has_thumb"],"aioseo_notices":[],"_links":{"self":[{"href":"https:\/\/www.dovolenkarka.cz\/sk\/wp-json\/wp\/v2\/posts\/13973","targetHints":{"allow":["GET"]}}],"collection":[{"href":"https:\/\/www.dovolenkarka.cz\/sk\/wp-json\/wp\/v2\/posts"}],"about":[{"href":"https:\/\/www.dovolenkarka.cz\/sk\/wp-json\/wp\/v2\/types\/post"}],"author":[{"embeddable":true,"href":"https:\/\/www.dovolenkarka.cz\/sk\/wp-json\/wp\/v2\/users\/1"}],"replies":[{"embeddable":true,"href":"https:\/\/www.dovolenkarka.cz\/sk\/wp-json\/wp\/v2\/comments?post=13973"}],"version-history":[{"count":1,"href":"https:\/\/www.dovolenkarka.cz\/sk\/wp-json\/wp\/v2\/posts\/13973\/revisions"}],"predecessor-version":[{"id":13989,"href":"https:\/\/www.dovolenkarka.cz\/sk\/wp-json\/wp\/v2\/posts\/13973\/revisions\/13989"}],"wp:featuredmedia":[{"embeddable":true,"href":"https:\/\/www.dovolenkarka.cz\/sk\/wp-json\/wp\/v2\/media\/13974"}],"wp:attachment":[{"href":"https:\/\/www.dovolenkarka.cz\/sk\/wp-json\/wp\/v2\/media?parent=13973"}],"wp:term":[{"taxonomy":"category","embeddable":true,"href":"https:\/\/www.dovolenkarka.cz\/sk\/wp-json\/wp\/v2\/categories?post=13973"},{"taxonomy":"post_tag","embeddable":true,"href":"https:\/\/www.dovolenkarka.cz\/sk\/wp-json\/wp\/v2\/tags?post=13973"}],"curies":[{"name":"wp","href":"https:\/\/api.w.org\/{rel}","templated":true}]}}