{"id":13977,"date":"2025-04-13T10:03:24","date_gmt":"2025-04-13T08:03:24","guid":{"rendered":"https:\/\/www.dovolenkarka.cz\/slovinske-pobrezie-15-tipov-na-vylety-a-miesta-ktore-treba-vidiet-2026\/"},"modified":"2026-02-20T14:21:59","modified_gmt":"2026-02-20T13:21:59","slug":"slovinske-pobrezie","status":"publish","type":"post","link":"https:\/\/www.dovolenkarka.cz\/sk\/slovinske-pobrezie\/","title":{"rendered":"Slovinsk\u00e9 pobre\u017eie: 15 tipov na v\u00fdlety a miesta, ktor\u00e9 treba vidie\u0165 (2026)"},"content":{"rendered":"<p class=\"\" data-start=\"0\" data-end=\"408\">Hoci m\u00e1 slovinsk\u00e9 pobre\u017eie len pribli\u017ene 47 kilometrov, v tomto kr\u00e1tkom \u00faseku ukr\u00fdva prekvapivo \u010darovn\u00e9 miesta, bohat\u00fa hist\u00f3riu a nespo\u010detn\u00e9 mno\u017estvo pr\u00edrodn\u00fdch kr\u00e1s. Slovinsk\u00e9 pobre\u017eie by sa ti mohlo zda\u0165 nen\u00e1padn\u00e9, ale pri bli\u017e\u0161om stretnut\u00ed \u0165a ohrom\u00ed svojou rozmanitos\u0165ou.<\/p>\n<p class=\"\" data-start=\"0\" data-end=\"408\">Od ben\u00e1tsky laden\u00e9ho Piranu cez pulzuj\u00faci Portoro\u017e a pr\u00edstavn\u00e9 mesto Koper a\u017e po zabudnut\u00e9 \u00fatesy v pr\u00edrodnej rezerv\u00e1cii Strunjan. Ka\u017ed\u00fd k\u00fasok pobre\u017eia v tejto oblasti m\u00e1 \u010do pon\u00faknu\u0165.<\/p>\n<div id=\"attachment_9563\" style=\"width: 1930px\" class=\"wp-caption aligncenter\"><a href=\"https:\/\/booking.stay22.com\/dovolenkarka\/WqYYvL3LMH\" target=\"_blank\" rel=\"noopener\"><img loading=\"lazy\" decoding=\"async\" aria-describedby=\"caption-attachment-9563\" class=\"size-full wp-image-9563\" src=\"https:\/\/www.dovolenkarka.cz\/wp-content\/uploads\/2025\/04\/coast-8223752_1920.jpg\" alt=\"Slovinsk\u00e9 pobre\u017eie \u2013 Piran\" width=\"1920\" height=\"1280\" srcset=\"https:\/\/www.dovolenkarka.cz\/wp-content\/uploads\/2025\/04\/coast-8223752_1920.jpg 1920w, https:\/\/www.dovolenkarka.cz\/wp-content\/uploads\/2025\/04\/coast-8223752_1920-768x512.jpg 768w\" sizes=\"auto, (max-width: 1920px) 100vw, 1920px\" \/><\/a><p id=\"caption-attachment-9563\" class=\"wp-caption-text\">Piran<\/p><\/div>\n<p data-start=\"0\" data-end=\"408\">Osobne som si pobre\u017eie v Slovinsku zamilovala doslova na prv\u00e9 ochutnanie. Mala som pr\u00edle\u017eitos\u0165 vraca\u0165 sa sem pred rokmi hne\u010f nieko\u013ekokr\u00e1t v r\u00e1mci novin\u00e1rskych ciest, kedy n\u00e1s miestni sprievodcovia zozn\u00e1mili s t\u00fdmi najzauj\u00edmavej\u0161\u00edmi miestami, ku ktor\u00fdm by som sa ako be\u017en\u00fd turista len \u0165a\u017eko dostala.<\/p>\n<p data-start=\"0\" data-end=\"408\">Aj v\u010faka t\u00fdmto sk\u00fasenostiam a z\u00e1\u017eitkom z r\u00f4znorod\u00fdch novin\u00e1rskych ciest m\u00f4\u017eem teraz ukazova\u0165 kr\u00e1sy Slovinska aj tebe a mojim najbli\u017e\u0161\u00edm a vybera\u0165 pre na\u0161e \u010fal\u0161ie n\u00e1v\u0161tevy tejto rozpr\u00e1vkovej krajiny tie miesta, ktor\u00e9 stoja za to vidie\u0165, pokojne aj nieko\u013ekokr\u00e1t za \u017eivot.<\/p>\n<p style=\"text-align: center;\" data-start=\"0\" data-end=\"408\"><span style=\"color: #008000;\"><strong><a style=\"color: #008000;\" href=\"https:\/\/booking.stay22.com\/dovolenkarka\/WqYYvL3LMH\" target=\"_blank\" rel=\"noopener\">&gt;&gt; SLOVINSK\u00c9 POBRE\u017dIE \u2013 POROVNA\u0164 VO\u013dN\u00c9 UBYTOVANIE TU <\/a><\/strong><\/span><\/p>\n<div id=\"attachment_9565\" style=\"width: 1930px\" class=\"wp-caption aligncenter\"><a href=\"https:\/\/booking.stay22.com\/dovolenkarka\/WqYYvL3LMH\" target=\"_blank\" rel=\"noopener\"><img loading=\"lazy\" decoding=\"async\" aria-describedby=\"caption-attachment-9565\" class=\"size-full wp-image-9565\" src=\"https:\/\/www.dovolenkarka.cz\/wp-content\/uploads\/2025\/04\/izola-5353795_1920.jpg\" alt=\"Slovinsk\u00e9 pobre\u017eie \u2013 Izola\" width=\"1920\" height=\"1080\" srcset=\"https:\/\/www.dovolenkarka.cz\/wp-content\/uploads\/2025\/04\/izola-5353795_1920.jpg 1920w, https:\/\/www.dovolenkarka.cz\/wp-content\/uploads\/2025\/04\/izola-5353795_1920-768x432.jpg 768w\" sizes=\"auto, (max-width: 1920px) 100vw, 1920px\" \/><\/a><p id=\"caption-attachment-9565\" class=\"wp-caption-text\">Izola<\/p><\/div>\n<p class=\"\" data-start=\"410\" data-end=\"893\">V tomto \u010dl\u00e1nku \u0165a prevediem najkraj\u0161\u00edmi miestami, ktor\u00e9 le\u017eia priamo pri pobre\u017e\u00ed, a uk\u00e1\u017eem ti, \u017ee aj tak\u00e9to kr\u00e1tke pobre\u017eie m\u00f4\u017ee pon\u00faknu\u0165 dychber\u00face v\u00fdh\u013eady, romantick\u00e9 uli\u010dky, skvel\u00fa gastron\u00f3miu aj miesta, kde si odd\u00fdchne\u0161, prakticky v ktoromko\u013evek ro\u010dnom obdob\u00ed.<\/p>\n<p class=\"\" data-start=\"410\" data-end=\"893\">Aj ke\u010f ver\u00edm, \u017ee od jari do jesene tu bude\u0161, rovnako ako ja, naj\u0161\u0165astnej\u0161\u00ed. Dozvie\u0161 sa, kam \u00eds\u0165 za najlep\u0161\u00edmi v\u00fdh\u013eadmi, ktor\u00fdch m\u00e1 slovinsk\u00e9 pobre\u017eie naozaj ve\u013ea, kde n\u00e1jde\u0161 pokojn\u00e9 pl\u00e1\u017ee, \u010do skr\u00fdvaj\u00fa sl\u00e1vne soliny a pre\u010do by si nemal vynecha\u0165 malebn\u00e9 mesto Izola.<\/p>\n<p class=\"\" data-start=\"410\" data-end=\"893\">Priprav sa na cestu pln\u00fa v\u00f4ne mora, cik\u00e1d a stredomorsk\u00e9ho slnka. Slovinsk\u00e9 pobre\u017eie \u0165a ur\u010dite milo prekvap\u00ed.<\/p>\n<div id=\"ez-toc-container\" class=\"ez-toc-v2_0_82_2 counter-hierarchy ez-toc-counter ez-toc-grey ez-toc-container-direction\">\n<div class=\"ez-toc-title-container\">\n<p class=\"ez-toc-title\" style=\"cursor:inherit\">Obsah \u010dl\u00e1nku:<\/p>\n<span class=\"ez-toc-title-toggle\"><a href=\"#\" class=\"ez-toc-pull-right ez-toc-btn ez-toc-btn-xs ez-toc-btn-default ez-toc-toggle\" aria-label=\"Toggle Table of Content\"><span class=\"ez-toc-js-icon-con\"><span class=\"\"><span class=\"eztoc-hide\" style=\"display:none;\">Toggle<\/span><span class=\"ez-toc-icon-toggle-span\"><svg style=\"fill: #999;color:#999\" xmlns=\"http:\/\/www.w3.org\/2000\/svg\" class=\"list-377408\" width=\"20px\" height=\"20px\" viewBox=\"0 0 24 24\" fill=\"none\"><path d=\"M6 6H4v2h2V6zm14 0H8v2h12V6zM4 11h2v2H4v-2zm16 0H8v2h12v-2zM4 16h2v2H4v-2zm16 0H8v2h12v-2z\" fill=\"currentColor\"><\/path><\/svg><svg style=\"fill: #999;color:#999\" class=\"arrow-unsorted-368013\" xmlns=\"http:\/\/www.w3.org\/2000\/svg\" width=\"10px\" height=\"10px\" viewBox=\"0 0 24 24\" version=\"1.2\" baseProfile=\"tiny\"><path d=\"M18.2 9.3l-6.2-6.3-6.2 6.3c-.2.2-.3.4-.3.7s.1.5.3.7c.2.2.4.3.7.3h11c.3 0 .5-.1.7-.3.2-.2.3-.5.3-.7s-.1-.5-.3-.7zM5.8 14.7l6.2 6.3 6.2-6.3c.2-.2.3-.5.3-.7s-.1-.5-.3-.7c-.2-.2-.4-.3-.7-.3h-11c-.3 0-.5.1-.7.3-.2.2-.3.5-.3.7s.1.5.3.7z\"\/><\/svg><\/span><\/span><\/span><\/a><\/span><\/div>\n<nav><ul class='ez-toc-list ez-toc-list-level-1 ' ><li class='ez-toc-page-1 ez-toc-heading-level-2'><a class=\"ez-toc-link ez-toc-heading-1\" href=\"https:\/\/www.dovolenkarka.cz\/sk\/slovinske-pobrezie\/#Slovinske_pobrezie\" >Slovinsk\u00e9 pobre\u017eie<\/a><\/li><li class='ez-toc-page-1 ez-toc-heading-level-2'><a class=\"ez-toc-link ez-toc-heading-2\" href=\"https:\/\/www.dovolenkarka.cz\/sk\/slovinske-pobrezie\/#Slovinske_pobrezie_%E2%80%93_15_tipov_na_vylety_a_miesta_ktore_treba_navstivit\" >Slovinsk\u00e9 pobre\u017eie \u2013 15 tipov na v\u00fdlety a miesta, ktor\u00e9 treba nav\u0161t\u00edvi\u0165<\/a><ul class='ez-toc-list-level-3' ><li class='ez-toc-heading-level-3'><a class=\"ez-toc-link ez-toc-heading-3\" href=\"https:\/\/www.dovolenkarka.cz\/sk\/slovinske-pobrezie\/#1_Piran\" >1. Piran<\/a><\/li><li class='ez-toc-page-1 ez-toc-heading-level-3'><a class=\"ez-toc-link ez-toc-heading-4\" href=\"https:\/\/www.dovolenkarka.cz\/sk\/slovinske-pobrezie\/#2_Pristav_v_Pirane_%E2%80%93_Slovinske_pobrezie\" >2. Pr\u00edstav v Pirane \u2013 Slovinsk\u00e9 pobre\u017eie<\/a><ul class='ez-toc-list-level-4' ><li class='ez-toc-heading-level-4'><a class=\"ez-toc-link ez-toc-heading-5\" href=\"https:\/\/www.dovolenkarka.cz\/sk\/slovinske-pobrezie\/#Tipy_na_restauracie\" >Tipy na re\u0161taur\u00e1cie:<\/a><\/li><\/ul><\/li><li class='ez-toc-page-1 ez-toc-heading-level-3'><a class=\"ez-toc-link ez-toc-heading-6\" href=\"https:\/\/www.dovolenkarka.cz\/sk\/slovinske-pobrezie\/#3_Majak_na_myse_Madona\" >3. Maj\u00e1k na myse Madona<\/a><\/li><li class='ez-toc-page-1 ez-toc-heading-level-3'><a class=\"ez-toc-link ez-toc-heading-7\" href=\"https:\/\/www.dovolenkarka.cz\/sk\/slovinske-pobrezie\/#4_Strunjan_%E2%80%93_Slovinske_pobrezie\" >4. Strunjan \u2013 Slovinsk\u00e9 pobre\u017eie<\/a><\/li><li class='ez-toc-page-1 ez-toc-heading-level-3'><a class=\"ez-toc-link ez-toc-heading-8\" href=\"https:\/\/www.dovolenkarka.cz\/sk\/slovinske-pobrezie\/#5_Lucija\" >5. Lucija<\/a><\/li><li class='ez-toc-page-1 ez-toc-heading-level-3'><a class=\"ez-toc-link ez-toc-heading-9\" href=\"https:\/\/www.dovolenkarka.cz\/sk\/slovinske-pobrezie\/#6_Secovlje_%E2%80%93_soliny\" >6. Se\u010dovlje \u2013 soliny<\/a><\/li><li class='ez-toc-page-1 ez-toc-heading-level-3'><a class=\"ez-toc-link ez-toc-heading-10\" href=\"https:\/\/www.dovolenkarka.cz\/sk\/slovinske-pobrezie\/#7_Portoroz\" >7. Portoro\u017e<\/a><\/li><li class='ez-toc-page-1 ez-toc-heading-level-3'><a class=\"ez-toc-link ez-toc-heading-11\" href=\"https:\/\/www.dovolenkarka.cz\/sk\/slovinske-pobrezie\/#8_Bernardin_%E2%80%93_Slovinske_pobrezie\" >8. Bernardin \u2013 Slovinsk\u00e9 pobre\u017eie<\/a><\/li><li class='ez-toc-page-1 ez-toc-heading-level-3'><a class=\"ez-toc-link ez-toc-heading-12\" href=\"https:\/\/www.dovolenkarka.cz\/sk\/slovinske-pobrezie\/#9_Fiesa\" >9. Fiesa<\/a><\/li><li class='ez-toc-page-1 ez-toc-heading-level-3'><a class=\"ez-toc-link ez-toc-heading-13\" href=\"https:\/\/www.dovolenkarka.cz\/sk\/slovinske-pobrezie\/#10_Izola\" >10. Izola<\/a><\/li><li class='ez-toc-page-1 ez-toc-heading-level-3'><a class=\"ez-toc-link ez-toc-heading-14\" href=\"https:\/\/www.dovolenkarka.cz\/sk\/slovinske-pobrezie\/#11_Plaz_San_Simon_Izola\" >11. Pl\u00e1\u017e San Simon (Izola)<\/a><\/li><li class='ez-toc-page-1 ez-toc-heading-level-3'><a class=\"ez-toc-link ez-toc-heading-15\" href=\"https:\/\/www.dovolenkarka.cz\/sk\/slovinske-pobrezie\/#12_Koper_%E2%80%93_stare_mesto\" >12. Koper \u2013 star\u00e9 mesto<\/a><\/li><li class='ez-toc-page-1 ez-toc-heading-level-3'><a class=\"ez-toc-link ez-toc-heading-16\" href=\"https:\/\/www.dovolenkarka.cz\/sk\/slovinske-pobrezie\/#13_Zusterna_Koper\" >13. \u017dusterna (Koper)<\/a><\/li><li class='ez-toc-page-1 ez-toc-heading-level-3'><a class=\"ez-toc-link ez-toc-heading-17\" href=\"https:\/\/www.dovolenkarka.cz\/sk\/slovinske-pobrezie\/#14_Ankaran_%E2%80%93_Slovinske_pobrezie\" >14. Ankaran \u2013 Slovinsk\u00e9 pobre\u017eie<\/a><\/li><li class='ez-toc-page-1 ez-toc-heading-level-3'><a class=\"ez-toc-link ez-toc-heading-18\" href=\"https:\/\/www.dovolenkarka.cz\/sk\/slovinske-pobrezie\/#15_Debeli_Rtic\" >15. Debeli Rti\u010d<\/a><\/li><\/ul><\/li><\/ul><\/nav><\/div>\n<h2 data-start=\"410\" data-end=\"893\"><span class=\"ez-toc-section\" id=\"Slovinske_pobrezie\"><\/span>Slovinsk\u00e9 pobre\u017eie<span class=\"ez-toc-section-end\"><\/span><\/h2>\n<p><span style=\"color: #008000;\"><a style=\"color: #008000;\" href=\"https:\/\/booking.stay22.com\/dovolenkarka\/WqYYvL3LMH\" target=\"_blank\" rel=\"noopener\">Slovinsk\u00e9 pobre\u017eie, tiahnuce sa v d\u013a\u017eke iba 47 kilometrov<\/a><\/span> medzi talianskou a chorv\u00e1tskou hranicou, je najmen\u0161\u00edm, ale o to malebnej\u0161\u00edm \u00fasekom jadransk\u00e9ho pobre\u017eia. Le\u017e\u00ed v oblasti zvanej Slovinsk\u00e9 Istria, kde sa sn\u00fabi stredomorsk\u00e1 atmosf\u00e9ra s bohatou kult\u00farnou hist\u00f3riou a pestrou krajinou.<\/p>\n<p>Pobre\u017eie je charakteristick\u00e9 \u010dlenit\u00fdm ter\u00e9nom, okruhliakov\u00fdmi a kamenist\u00fdmi pl\u00e1\u017eami, \u00fatesmi aj lag\u00fanami. Hlavn\u00e9 priemyseln\u00e9 a dopravn\u00e9 centrum oblasti predstavuje mesto Koper s v\u00fdznamn\u00fdm pr\u00edstavom, ktor\u00fd je najv\u00e4\u010d\u0161\u00ed v krajine a hr\u00e1 k\u013e\u00fa\u010dov\u00fa \u00falohu v zahrani\u010dnom obchode Slovinska.<\/p>\n<hr \/>\n<p><span style=\"color: #000000;\"><strong>Mohlo by v\u00e1s tie\u017e zauj\u00edma\u0165: <\/strong><\/span><\/p>\n<ul>\n<li><span style=\"color: #008000;\"><strong><a style=\"color: #008000;\" href=\"https:\/\/www.dovolenkarka.cz\/sk\/bled-slovinsko-najkrajsie-vylety\/\" target=\"_blank\" rel=\"noopener\">Bled, Slovinsko: 7 tipov na v\u00fdlety<\/a><\/strong><\/span><\/li>\n<li><span style=\"color: #008000;\"><strong><a style=\"color: #008000;\" href=\"https:\/\/www.dovolenkarka.cz\/sk\/zelenci-prirodna-rezervacia\/\" target=\"_blank\" rel=\"noopener\">Zelenci: pr\u00edrodn\u00e1 rezerv\u00e1cia so smaragdov\u00fdm jazierkom<\/a><\/strong><\/span><\/li>\n<li><span style=\"color: #008000;\"><strong><a style=\"color: #008000;\" href=\"https:\/\/www.dovolenkarka.cz\/sk\/jazero-jasna-slovinsko\/\" target=\"_blank\" rel=\"noopener\">Jazero Jasna: tip na v\u00fdlet a ubytovanie v Slovinsku<\/a><\/strong><\/span><span style=\"color: #008000;\"><strong><br \/>\n<\/strong><\/span><\/li>\n<\/ul>\n<hr \/>\n<p>Okrem priemyslu v\u0161ak pobre\u017eie \u0165a\u017e\u00ed aj z cestovn\u00e9ho ruchu, tradi\u010dn\u00e9ho ryb\u00e1rstva a \u0165a\u017eby morskej soli, ktor\u00e1 m\u00e1 dlh\u00fa hist\u00f3riu predov\u0161etk\u00fdm v Se\u010doveljsk\u00fdch solin\u00e1ch. Zauj\u00edmavos\u0165ou je, \u017ee sa tu nach\u00e1dza nieko\u013eko mikroklimatick\u00fdch oblast\u00ed s mimoriadne priazniv\u00fdmi podmienkami na pestovanie ol\u00edv a vini\u010da, \u010do regi\u00f3nu dod\u00e1va nielen kulin\u00e1rsky, ale aj estetick\u00fd p\u00f4vab.<\/p>\n<blockquote><p><span style=\"color: #000000;\"><strong>M\u00f4j tip na suven\u00edry: <\/strong><\/span><\/p>\n<ul>\n<li>Ak nav\u0161t\u00edvi\u0161 slovinsk\u00e9 pobre\u017eie, ur\u010dite si prines z niektor\u00e9ho z miestnych obchod\u00edkov so\u013e, v\u00edno a olivov\u00fd olej.<\/li>\n<\/ul>\n<\/blockquote>\n<hr \/>\n<h2><span class=\"ez-toc-section\" id=\"Slovinske_pobrezie_%E2%80%93_15_tipov_na_vylety_a_miesta_ktore_treba_navstivit\"><\/span>Slovinsk\u00e9 pobre\u017eie \u2013 15 tipov na v\u00fdlety a miesta, ktor\u00e9 treba nav\u0161t\u00edvi\u0165<span class=\"ez-toc-section-end\"><\/span><\/h2>\n<p>Ako som p\u00edsala u\u017e vy\u0161\u0161ie, slovinsk\u00e9 pobre\u017eie je s\u00edce kr\u00e1tke, ale pon\u00faka mno\u017estvo zauj\u00edmav\u00fdch miest, ktor\u00e9 stoja za n\u00e1v\u0161tevu. Pripravila som pre teba mojich 15 najob\u013e\u00fabenej\u0161\u00edch, ktor\u00e9 by si nemal vo svojom itiner\u00e1ri vynecha\u0165:<\/p>\n<h3 class=\"\" data-start=\"155\" data-end=\"173\"><span class=\"ez-toc-section\" id=\"1_Piran\"><\/span><strong data-start=\"159\" data-end=\"171\">1. Piran<\/strong><span class=\"ez-toc-section-end\"><\/span><\/h3>\n<p class=\"\" data-start=\"174\" data-end=\"345\">Najkraj\u0161ie slovinsk\u00e9 pr\u00edmorsk\u00e9 mesto s ben\u00e1tskou architekt\u00farou, \u00fazkymi uli\u010dkami a ikonick\u00fdm n\u00e1mest\u00edm Tartini. Vyjdi si na hradby a u\u017ei si n\u00e1dhern\u00fd v\u00fdh\u013ead na more.<\/p>\n<p class=\"\" data-start=\"174\" data-end=\"345\">Asi u\u017e nemus\u00edm pripom\u00edna\u0165, \u017ee Piran je bezpochyby najmalebnej\u0161ie mesto slovinsk\u00e9ho pobre\u017eia a pr\u00e1vom patr\u00ed medzi najnav\u0161tevovanej\u0161ie destin\u00e1cie v krajine. Jeho historick\u00e9 centrum sa rozklad\u00e1 na \u00fazkom polostrove, ktor\u00fd vybieha do Jadransk\u00e9ho mora, a na prv\u00fd poh\u013ead zaujme ben\u00e1tskou architekt\u00farou, \u00fazkymi kamenn\u00fdmi uli\u010dkami a \u010derven\u00fdmi strechami domov.<\/p>\n<div id=\"attachment_5672\" style=\"width: 3919px\" class=\"wp-caption aligncenter\"><a href=\"https:\/\/www.dovolenkarka.cz\/sk\/fullsizeoutput_2d2\/\" rel=\"attachment wp-att-5672\"><img loading=\"lazy\" decoding=\"async\" aria-describedby=\"caption-attachment-5672\" class=\"size-full wp-image-5672\" src=\"https:\/\/www.dovolenkarka.cz\/wp-content\/uploads\/2019\/05\/fullsizeoutput_2d2.jpeg\" alt=\"Slovinsk\u00e9 pobre\u017eie \" width=\"3909\" height=\"2637\" srcset=\"https:\/\/www.dovolenkarka.cz\/wp-content\/uploads\/2019\/05\/fullsizeoutput_2d2.jpeg 3909w, https:\/\/www.dovolenkarka.cz\/wp-content\/uploads\/2019\/05\/fullsizeoutput_2d2-768x518.jpeg 768w\" sizes=\"auto, (max-width: 3909px) 100vw, 3909px\" \/><\/a><p id=\"caption-attachment-5672\" class=\"wp-caption-text\">Slovinsko, Piran: Tartiniho n\u00e1mestie<\/p><\/div>\n<p class=\"\" data-start=\"174\" data-end=\"345\">Mesto bolo po st\u00e1ro\u010dia pod nadvl\u00e1dou Ben\u00e1tskej republiky, \u010do sa odr\u00e1\u017ea nielen v architekt\u00fare, ale aj v celkovej atmosf\u00e9re. Dominantou je ve\u013ekolep\u00e9 Tartiniho n\u00e1mestie pomenovan\u00e9 po sl\u00e1vnom huslistovi Giuseppem Tartinim, ktor\u00fd sa v Pirane narodil. Nad mestom sa t\u00fd\u010di kostol sv. Juraja, odkia\u013e sa naskyt\u00e1 dychber\u00faci v\u00fdh\u013ead na more aj cel\u00e9 star\u00e9 mesto.<\/p>\n<p class=\"\" data-start=\"174\" data-end=\"345\">Odtia\u013eto s\u00fa aj moje panoramatick\u00e9 fotky. Piran je mesto bez \u00e1ut, tak\u017ee sa priprav na pr\u00edjemn\u00e9 prech\u00e1dzky v labyrinte pokojn\u00fdch uli\u010diek.<\/p>\n<div id=\"attachment_5561\" style=\"width: 3907px\" class=\"wp-caption aligncenter\"><a href=\"https:\/\/booking.stay22.com\/dovolenkarka\/EoQ0dNwFsp\" target=\"_blank\" rel=\"noopener\"><img loading=\"lazy\" decoding=\"async\" aria-describedby=\"caption-attachment-5561\" class=\"size-full wp-image-5561\" src=\"https:\/\/www.dovolenkarka.cz\/wp-content\/uploads\/2019\/04\/IMG_5770.jpg\" alt=\"\" width=\"3897\" height=\"2454\" srcset=\"https:\/\/www.dovolenkarka.cz\/wp-content\/uploads\/2019\/04\/IMG_5770.jpg 3897w, https:\/\/www.dovolenkarka.cz\/wp-content\/uploads\/2019\/04\/IMG_5770-768x483.jpg 768w\" sizes=\"auto, (max-width: 3897px) 100vw, 3897px\" \/><\/a><p id=\"caption-attachment-5561\" class=\"wp-caption-text\">Slovinsko, Piran \u2013 poh\u013ead na Tartiniho n\u00e1mestie<\/p><\/div>\n<p data-start=\"174\" data-end=\"345\">Auto treba zaparkova\u0165 na cca 1 km vzdialenom parkovisku a do centra pr\u00eds\u0165 pe\u0161o. V tomto pravidle sa daj\u00fa n\u00e1js\u0165 v\u00fdhody aj nev\u00fdhody. Ka\u017edop\u00e1dne prech\u00e1dza\u0165 sa v tomto rozpr\u00e1vkovom meste, prakticky bez \u00e1ut (povolenie maj\u00fa v ur\u010dit\u00fdch \u010dasoch len z\u00e1sobovacie vozidl\u00e1), je naozaj dychber\u00faci z\u00e1\u017eitok.<\/p>\n<p data-start=\"174\" data-end=\"345\"><span style=\"color: #000000;\"><strong>Pre\u010d\u00edtaj si tie\u017e: <\/strong><\/span><\/p>\n<ul>\n<li><span style=\"color: #008000;\"><strong><a style=\"color: #008000;\" href=\"https:\/\/www.dovolenkarka.cz\/piran-nejmalebnejsi-mesto-slovinskeho-pobrezi\/\" target=\"_blank\" rel=\"noopener\">Piran: najmalebnej\u0161ie mesto slovinsk\u00e9ho pobre\u017eia, kde aj bozky chutia slano<\/a><\/strong><\/span><\/li>\n<\/ul>\n<hr \/>\n<p><span style=\"color: #000000;\"><strong>Ubytuj sa priamo v meste Piran: <\/strong><\/span><\/p>\n<ul>\n<li><a href=\"https:\/\/booking.stay22.com\/dovolenkarka\/EoQ0dNwFsp\" target=\"_blank\" rel=\"noopener\"><span style=\"color: #008000;\"><strong>Porovna\u0165 vo\u013en\u00e9 ubytovanie v meste Piran<\/strong><\/span><\/a><\/li>\n<\/ul>\n<div id=\"attachment_5659\" style=\"width: 1779px\" class=\"wp-caption aligncenter\"><a href=\"https:\/\/booking.stay22.com\/dovolenkarka\/EoQ0dNwFsp\" target=\"_blank\" rel=\"noopener\"><img loading=\"lazy\" decoding=\"async\" aria-describedby=\"caption-attachment-5659\" class=\"size-full wp-image-5659\" src=\"https:\/\/www.dovolenkarka.cz\/wp-content\/uploads\/2019\/05\/fullsizeoutput_2c4.jpeg\" alt=\"Slovinsk\u00e9 pobre\u017eie \u2013 Piran \" width=\"1769\" height=\"995\" srcset=\"https:\/\/www.dovolenkarka.cz\/wp-content\/uploads\/2019\/05\/fullsizeoutput_2c4.jpeg 1769w, https:\/\/www.dovolenkarka.cz\/wp-content\/uploads\/2019\/05\/fullsizeoutput_2c4-768x431.jpeg 768w\" sizes=\"auto, (max-width: 1769px) 100vw, 1769px\" \/><\/a><p id=\"caption-attachment-5659\" class=\"wp-caption-text\">Slovinsk\u00e9 pobre\u017eie, Piran: Hotel Piran 4*<\/p><\/div>\n<h3 class=\"\" data-start=\"347\" data-end=\"376\"><span class=\"ez-toc-section\" id=\"2_Pristav_v_Pirane_%E2%80%93_Slovinske_pobrezie\"><\/span><strong data-start=\"351\" data-end=\"374\">2. Pr\u00edstav v Pirane \u2013 Slovinsk\u00e9 pobre\u017eie<\/strong><span class=\"ez-toc-section-end\"><\/span><\/h3>\n<p class=\"\" data-start=\"377\" data-end=\"489\">Predstav si romantick\u00fa promen\u00e1du lemovan\u00fa kaviar\u0148ami a re\u0161taur\u00e1ciami.<\/p>\n<p class=\"\" data-start=\"377\" data-end=\"489\">Pr\u00edstav v Pirane si zasl\u00fa\u017ei svoj vlastn\u00fd tip na miesto, ktor\u00e9 na pobre\u017e\u00ed Slovinska nevynecha\u0165. Je to ide\u00e1lne miesto na ve\u010dern\u00fa prech\u00e1dzku pri z\u00e1pade slnka. Pr\u00edstav v Pirane tvor\u00ed \u017eiv\u00e9 a pulzuj\u00face centrum mesta, kde sa stret\u00e1vaj\u00fa miestni obyvatelia aj turisti.<\/p>\n<p class=\"\" data-start=\"377\" data-end=\"489\">Promen\u00e1da pozd\u013a\u017e mora je lemovan\u00e1 tradi\u010dn\u00fdmi kaviar\u0148ami, v ktor\u00fdch sa odr\u00e1\u017ea jasn\u00fd vplyv Talianska. Ale tie\u017e v\u00fdborn\u00fdmi re\u0161taur\u00e1ciami a obchod\u00edkmi a v lete tu panuje takmer stredomorsk\u00e1 sl\u00e1vnostn\u00e1 atmosf\u00e9ra.<\/p>\n<p class=\"\" data-start=\"377\" data-end=\"489\">Ve\u010der sa men\u00ed Piran na romantick\u00e9 miesto ide\u00e1lne na prech\u00e1dzku pri z\u00e1pade slnka, kedy sa fas\u00e1dy domov aj morsk\u00e1 hladina sfarbuj\u00fa do tepl\u00fdch t\u00f3nov. Z pr\u00edstavu je kr\u00e1sny v\u00fdh\u013ead na mestsk\u00e9 hradby, na ktor\u00e9 som \u0165a vzala v predch\u00e1dzaj\u00facom tipe na v\u00fdlet, a na maj\u00e1k na myse Madona, kde kon\u010d\u00ed piransk\u00fd polostrov.<\/p>\n<p class=\"\" data-start=\"377\" data-end=\"489\">Zauj\u00edmavos\u0165ou je, \u017ee v pr\u00edstave ob\u010das kotvia aj men\u0161ie jachty zn\u00e1mych osobnost\u00ed, ktor\u00e9 si pri\u0161li u\u017ei\u0165 pokojn\u00e9 \u010daro Piranu mimo hlavn\u00fdch turistick\u00fdch tr\u00e1s.<\/p>\n<hr \/>\n<h4 data-start=\"1484\" data-end=\"1509\"><span class=\"ez-toc-section\" id=\"Tipy_na_restauracie\"><\/span><span style=\"color: #000000;\"><strong data-start=\"1484\" data-end=\"1507\">Tipy na re\u0161taur\u00e1cie:<\/strong><\/span><span class=\"ez-toc-section-end\"><\/span><\/h4>\n<ul data-start=\"1510\" data-end=\"1896\">\n<li class=\"\" data-start=\"1510\" data-end=\"1693\">\n<p class=\"\" data-start=\"1512\" data-end=\"1693\"><strong data-start=\"1512\" data-end=\"1532\"><span style=\"color: #000000;\">Luxusn\u00fd z\u00e1\u017eitok<\/span>:<\/strong> <em data-start=\"1533\" data-end=\"1555\">Restavracija Pavel 2<\/em> \u2013 elegantn\u00fd podnik priamo na promen\u00e1de s vynikaj\u00facou ponukou \u010derstv\u00fdch r\u00fdb a morsk\u00fdch plodov, v\u00fdberov\u00fdmi v\u00ednami a v\u00fdh\u013eadom na z\u00e1pad slnka.<\/p>\n<\/li>\n<li class=\"\" data-start=\"1694\" data-end=\"1896\">\n<p class=\"\" data-start=\"1696\" data-end=\"1896\"><span style=\"color: #000000;\"><strong data-start=\"1696\" data-end=\"1718\">Lacnej\u0161\u00ed variant:<\/strong><\/span> <em data-start=\"1719\" data-end=\"1743\">Okrep\u010devalnica Cantina<\/em> \u2013 nen\u00e1padn\u00fd podnik s priate\u013esk\u00fdmi cenami, kde si pochutn\u00e1\u0161 na dom\u00e1cej pizzi, cestovin\u00e1ch alebo rybom menu bez zbyto\u010dn\u00e9ho pozl\u00e1tka, ale s poctivou chu\u0165ou.<\/p>\n<\/li>\n<\/ul>\n<h3 class=\"\" data-start=\"491\" data-end=\"524\"><span class=\"ez-toc-section\" id=\"3_Majak_na_myse_Madona\"><\/span><strong data-start=\"495\" data-end=\"522\">3. Maj\u00e1k na myse Madona<\/strong><span class=\"ez-toc-section-end\"><\/span><\/h3>\n<p class=\"\" data-start=\"525\" data-end=\"626\">Najz\u00e1padnej\u0161\u00ed bod Slovinska s \u00fa\u017easn\u00fdm v\u00fdh\u013eadom na more a Taliansko. Skvel\u00e9 miesto na fotenie aj relax\u00e1ciu.<\/p>\n<p class=\"\" data-start=\"525\" data-end=\"626\">Maj\u00e1k na myse Madona, ktor\u00fd sa t\u00fd\u010di na skalnatom v\u00fdbe\u017eku na samom konci piransk\u00e9ho polostrova, je jedn\u00fdm z najikonickej\u0161\u00edch miest slovinsk\u00e9ho pobre\u017eia. Toto miesto nie je v\u0161ak len geografick\u00fdm bodom, je to priestor, kde sa more, hist\u00f3ria a ticho stret\u00e1vaj\u00fa v dokonalej harm\u00f3nii. Maj\u00e1k je s\u00fa\u010das\u0165ou kostola sv. Klementa a sl\u00fa\u017ei n\u00e1morn\u00edkom u\u017e od 19. storo\u010dia a stal sa doslova jedn\u00fdm zo symbolov Slovinskej Istrie.<\/p>\n<p class=\"\" data-start=\"452\" data-end=\"923\">Mys Madona je z\u00e1rove\u0148 najz\u00e1padnej\u0161\u00edm bodom Slovinska a ob\u013e\u00faben\u00fdm miestom na romantick\u00e9 prech\u00e1dzky, pozorovanie z\u00e1padu slnka aj fotografovanie. Cez de\u0148 tu vl\u00e1dne pokojn\u00e1 atmosf\u00e9ra s v\u00fdh\u013eadmi na nekone\u010dn\u00fa hladinu Jadranu, za jasn\u00e9ho po\u010dasia dovid\u00ed\u0161 a\u017e na talianske pobre\u017eie. V lete sa tu \u013eudia k\u00fapu priamo zo sk\u00e1l, zatia\u013e \u010do ve\u010der sa priestor premen\u00ed na jedno z najp\u00f4sobivej\u0161\u00edch miest na posedenie pri z\u00e1pade slnka, len p\u00e1r krokov od star\u00e9ho mesta, a pritom \u00faplne mimo ruchu civiliz\u00e1cie.<\/p>\n<p data-start=\"452\" data-end=\"923\">\u010co v\u0161ak ve\u013ea n\u00e1v\u0161tevn\u00edkov st\u00e1le nevie, je zauj\u00edmavos\u0165, \u017ee sa tu nach\u00e1dza jeden z najkraj\u0161\u00edch pot\u00e1pa\u010dsk\u00fdch aj \u0161norchlovac\u00edch spotov. Ak je pot\u00e1panie tvojou z\u00e1\u013eubou, ur\u010dite si tento z\u00e1\u017eitok v Slovinsku nenechaj ujs\u0165.<\/p>\n<ul>\n<li data-start=\"452\" data-end=\"923\"><span style=\"color: #008000;\"><a style=\"color: #008000;\" href=\"https:\/\/booking.stay22.com\/dovolenkarka\/EoQ0dNwFsp\" target=\"_blank\" rel=\"noopener\"><strong>Vybra\u0165 si ubytovanie priamo v centre mesta Piran <\/strong><\/a><\/span><\/li>\n<\/ul>\n<p><a href=\"https:\/\/www.dovolenkarka.cz\/sk\/fullsizeoutput_2c6\/\" rel=\"attachment wp-att-5658\"><img loading=\"lazy\" decoding=\"async\" class=\"aligncenter size-full wp-image-5658\" src=\"https:\/\/www.dovolenkarka.cz\/wp-content\/uploads\/2019\/05\/fullsizeoutput_2c6.jpeg\" alt=\"Slovinsk\u00e9 pobre\u017eie \u2013 Piran\" width=\"1383\" height=\"787\" srcset=\"https:\/\/www.dovolenkarka.cz\/wp-content\/uploads\/2019\/05\/fullsizeoutput_2c6.jpeg 1383w, https:\/\/www.dovolenkarka.cz\/wp-content\/uploads\/2019\/05\/fullsizeoutput_2c6-768x437.jpeg 768w\" sizes=\"auto, (max-width: 1383px) 100vw, 1383px\" \/><\/a><\/p>\n<h3 class=\"\" data-start=\"628\" data-end=\"649\"><span class=\"ez-toc-section\" id=\"4_Strunjan_%E2%80%93_Slovinske_pobrezie\"><\/span><strong data-start=\"632\" data-end=\"647\">4. Strunjan \u2013 Slovinsk\u00e9 pobre\u017eie <\/strong><span class=\"ez-toc-section-end\"><\/span><\/h3>\n<p class=\"\" data-start=\"650\" data-end=\"792\">Pr\u00edrodn\u00fd park so strm\u00fdmi \u00fatesmi a kr\u00e1snymi pl\u00e1\u017eami. Nevynechaj vyhliadku na Mesa\u010dn\u00fd z\u00e1liv, ktor\u00fd patr\u00ed medzi najkraj\u0161ie v\u00fdh\u013eady na pobre\u017e\u00ed. Pl\u00e1\u017e v Strunjane je za m\u0148a najlep\u0161ia pr\u00edrodn\u00e1 pl\u00e1\u017e na slovinskom pobre\u017e\u00ed. \u010cak\u00e1 \u0165a tu \u010dist\u00e9 more, pokojn\u00e1 atmosf\u00e9ra a n\u00e1dhern\u00e1 okolit\u00e1 pr\u00edroda. Odpor\u00fa\u010dam si pribali\u0165 molitanov\u00e9 leh\u00e1tka \u010di karimatky, ak sa sem vyd\u00e1\u0161 relaxova\u0165.<\/p>\n<ul>\n<li data-start=\"650\" data-end=\"792\"><span style=\"color: #008000;\"><strong><a style=\"color: #008000;\" href=\"https:\/\/booking.stay22.com\/dovolenkarka\/WG2mnGo30R\" target=\"_blank\" rel=\"noopener\">Vybra\u0165 si ubytovanie priamo v Strunjane TU<\/a><\/strong><\/span><\/li>\n<\/ul>\n<p><a href=\"https:\/\/booking.stay22.com\/dovolenkarka\/WG2mnGo30R\" target=\"_blank\" rel=\"noopener\"><img loading=\"lazy\" decoding=\"async\" class=\"aligncenter size-full wp-image-9529\" src=\"https:\/\/www.dovolenkarka.cz\/wp-content\/uploads\/2025\/04\/IMG_5912.jpg\" alt=\"Slovinsk\u00e9 pobre\u017eie \u2013 Strunjan \u2013 Mesa\u010dn\u00fd z\u00e1liv\" width=\"1170\" height=\"731\" srcset=\"https:\/\/www.dovolenkarka.cz\/wp-content\/uploads\/2025\/04\/IMG_5912.jpg 1170w, https:\/\/www.dovolenkarka.cz\/wp-content\/uploads\/2025\/04\/IMG_5912-768x479.jpg 768w\" sizes=\"auto, (max-width: 1170px) 100vw, 1170px\" \/><\/a><\/p>\n<h3 data-start=\"794\" data-end=\"823\"><a href=\"https:\/\/booking.stay22.com\/dovolenkarka\/WG2mnGo30R\" target=\"_blank\" rel=\"noopener\"><img loading=\"lazy\" decoding=\"async\" class=\"aligncenter size-full wp-image-9531\" src=\"https:\/\/www.dovolenkarka.cz\/wp-content\/uploads\/2025\/04\/IMG_5914-2.jpg\" alt=\"Slovinsk\u00e9 pobre\u017eie \u2013 Strunjan \u2013 Mesa\u010dn\u00fd z\u00e1liv\" width=\"1078\" height=\"806\" srcset=\"https:\/\/www.dovolenkarka.cz\/wp-content\/uploads\/2025\/04\/IMG_5914-2.jpg 1078w, https:\/\/www.dovolenkarka.cz\/wp-content\/uploads\/2025\/04\/IMG_5914-2-768x574.jpg 768w\" sizes=\"auto, (max-width: 1078px) 100vw, 1078px\" \/><\/a><\/h3>\n<h3 class=\"\" data-start=\"794\" data-end=\"823\"><span class=\"ez-toc-section\" id=\"5_Lucija\"><\/span><strong data-start=\"798\" data-end=\"821\">5. Lucija<\/strong><span class=\"ez-toc-section-end\"><\/span><\/h3>\n<p data-start=\"794\" data-end=\"823\">Lucija je men\u0161ie pobre\u017en\u00e9 s\u00eddlo le\u017eiace medzi Portoro\u017eom a Se\u010doveljsk\u00fdmi solinami, ktor\u00e9 je zn\u00e1me predov\u0161etk\u00fdm ako pokojnej\u0161ia reziden\u010dn\u00e1 oblas\u0165 s dobr\u00fdm z\u00e1zem\u00edm pre turistov. N\u00e1jde\u0161 tu modern\u00fd pr\u00edstav Marina Portoro\u017e, n\u00e1kupn\u00e9 centr\u00e1, re\u0161taur\u00e1cie aj zelen\u00e9 parky. V\u010faka svojej polohe je skvel\u00fdm v\u00fdchodiskov\u00fdm bodom pre v\u00fdlety nielen do bl\u00edzkeho Piranu, ale aj na so\u013en\u00e9 panvy alebo do pr\u00edrodnej rezerv\u00e1cie Strunjan.<\/p>\n<p data-start=\"794\" data-end=\"823\">Hoci nem\u00e1 historick\u00e9 centrum ako Izola alebo Piran, pon\u00faka pohodln\u00e9 ubytovanie a \u013eahk\u00fd pr\u00edstup k pl\u00e1\u017eam aj cyklotras\u00e1m pozd\u013a\u017e pobre\u017eia. N\u00e1jde\u0161 tu Kemp Lucija, kde je viac ako 500 miest a st\u00e1t\u00ed pre stany a karavany. Ke\u010f\u017ee Lucija spad\u00e1 \u00faradne pod Piran, ktor\u00fd je odtia\u013eto, \u010do by kame\u0148om dohodil, je naozaj pohodlnou vo\u013ebou ubytovania sa na objavovanie najkraj\u0161ieho mesta slovinsk\u00e9ho pobre\u017eia, ke\u010f sem vyr\u00e1\u017ea\u0161 lacno so stanom \u010di pohodlne s karavanom.<\/p>\n<p data-start=\"794\" data-end=\"823\"><a href=\"https:\/\/www.dovolenkarka.cz\/sk\/slovinske-pobrezie\/img_5916\/\" rel=\"attachment wp-att-9533\"><img loading=\"lazy\" decoding=\"async\" class=\"aligncenter size-full wp-image-9533\" src=\"https:\/\/www.dovolenkarka.cz\/wp-content\/uploads\/2025\/04\/IMG_5916.jpg\" alt=\"Slovinsk\u00e9 pobre\u017eie \u2013 Lucija Camp\" width=\"1170\" height=\"617\" srcset=\"https:\/\/www.dovolenkarka.cz\/wp-content\/uploads\/2025\/04\/IMG_5916.jpg 1170w, https:\/\/www.dovolenkarka.cz\/wp-content\/uploads\/2025\/04\/IMG_5916-768x405.jpg 768w\" sizes=\"auto, (max-width: 1170px) 100vw, 1170px\" \/><\/a><\/p>\n<p data-start=\"933\" data-end=\"964\">Ne\u010faleko pl\u00e1\u017ee v Lucii sa nach\u00e1dza origin\u00e1lna mo\u017enos\u0165 ubytovania priamo v Mar\u00edne, na pl\u00e1vaj\u00facom dome. Ak chce\u0161 za\u017ei\u0165 origin\u00e1lny z\u00e1\u017eitok z dovolenky na slovinskom pobre\u017e\u00ed, zv\u00e1\u017e tento variant:<\/p>\n<p data-start=\"933\" data-end=\"964\"><span style=\"color: #008080;\"><strong><a style=\"color: #008080;\" href=\"https:\/\/booking.stay22.com\/dovolenkarka\/I6DUGiWqqk\" target=\"_blank\" rel=\"noopener\">FLOATING HOUSE \u2013 MARINA RELAX 4*<\/a><\/strong><\/span><\/p>\n<p data-start=\"933\" data-end=\"964\"><a href=\"https:\/\/booking.stay22.com\/dovolenkarka\/I6DUGiWqqk\" target=\"_blank\" rel=\"noopener\"><img loading=\"lazy\" decoding=\"async\" class=\"aligncenter size-full wp-image-9539\" src=\"https:\/\/www.dovolenkarka.cz\/wp-content\/uploads\/2025\/04\/Obrazek-24.jpg\" alt=\"Slovinsk\u00e9 pobre\u017eie \u2013 Floating House \" width=\"1280\" height=\"853\" srcset=\"https:\/\/www.dovolenkarka.cz\/wp-content\/uploads\/2025\/04\/Obrazek-24.jpg 1280w, https:\/\/www.dovolenkarka.cz\/wp-content\/uploads\/2025\/04\/Obrazek-24-768x511.jpg 768w\" sizes=\"auto, (max-width: 1280px) 100vw, 1280px\" \/><\/a><\/p>\n<h3 class=\"\" data-start=\"933\" data-end=\"964\"><span class=\"ez-toc-section\" id=\"6_Secovlje_%E2%80%93_soliny\"><\/span><strong data-start=\"937\" data-end=\"962\">6. Se\u010dovlje \u2013 soliny<\/strong><span class=\"ez-toc-section-end\"><\/span><\/h3>\n<p class=\"\" data-start=\"965\" data-end=\"1097\">Historick\u00e9 so\u013en\u00e9 panvy, kde sa tradi\u010dn\u00fdm sp\u00f4sobom \u0165a\u017e\u00ed so\u013e u\u017e stovky rokov. M\u00f4\u017ee\u0161 sa prejs\u0165 po n\u00e1u\u010dnom chodn\u00edku alebo nav\u0161t\u00edvi\u0165 m\u00fazeum.<\/p>\n<p class=\"\" data-start=\"965\" data-end=\"1097\">Na samom juhu slovinsk\u00e9ho pobre\u017eia, pri hranici s Chorv\u00e1tskom, le\u017eia Se\u010doveljsk\u00e9 soliny. Jedine\u010dn\u00e1 krajina, kde sa morsk\u00e1 voda tradi\u010dn\u00fdm sp\u00f4sobom premie\u0148a na so\u013e. Tieto so\u013en\u00e9 pl\u00e1ne s\u00fa nielen technickou pamiatkou, ale predov\u0161etk\u00fdm pr\u00edrodn\u00fdm a kult\u00farnym bohatstvom Slovinska.<\/p>\n<p class=\"\" data-start=\"965\" data-end=\"1097\">Soliny sa rozkladaj\u00fa na ploche vy\u0161e 650 hekt\u00e1rov a s\u00fa rozdelen\u00e9 na dve \u010dasti \u2013 Lera, kde sa so\u013e \u0165a\u017e\u00ed dodnes, a opustenej\u0161iu Fontanigge, kde sa \u010das akoby zastavil.<\/p>\n<div id=\"attachment_5685\" style=\"width: 970px\" class=\"wp-caption aligncenter\"><a href=\"https:\/\/www.dovolenkarka.cz\/sk\/fullsizeoutput_2e6\/\" rel=\"attachment wp-att-5685\"><img loading=\"lazy\" decoding=\"async\" aria-describedby=\"caption-attachment-5685\" class=\"size-full wp-image-5685\" src=\"https:\/\/www.dovolenkarka.cz\/wp-content\/uploads\/2019\/05\/fullsizeoutput_2e6.jpeg\" alt=\"Slovinsk\u00e9 pobre\u017eie \u2013 so\u013en\u00e9 pl\u00e1ne Se\u010dovlje \" width=\"960\" height=\"644\" srcset=\"https:\/\/www.dovolenkarka.cz\/wp-content\/uploads\/2019\/05\/fullsizeoutput_2e6.jpeg 960w, https:\/\/www.dovolenkarka.cz\/wp-content\/uploads\/2019\/05\/fullsizeoutput_2e6-768x515.jpeg 768w\" sizes=\"auto, (max-width: 960px) 100vw, 960px\" \/><\/a><p id=\"caption-attachment-5685\" class=\"wp-caption-text\">Slovinsko, So\u013en\u00e9 pl\u00e1ne Se\u010dovlje \/ Photo credit: Portoroz.si<\/p><\/div>\n<h3 class=\"\" data-start=\"1099\" data-end=\"1120\"><span class=\"ez-toc-section\" id=\"7_Portoroz\"><\/span><strong data-start=\"1103\" data-end=\"1118\">7. Portoro\u017e<\/strong><span class=\"ez-toc-section-end\"><\/span><\/h3>\n<p class=\"\" data-start=\"1121\" data-end=\"1250\">Najzn\u00e1mej\u0161ie slovinsk\u00e9 letovisko s luxusn\u00fdmi hotelmi, kas\u00ednom a dlhou pieso\u010dnatou pl\u00e1\u017eou. Perfektn\u00e9 miesto na oddych a wellness.<\/p>\n<p data-start=\"1121\" data-end=\"1250\">Ak je Piran najkraj\u0161\u00edm mestom slovinsk\u00e9ho pobre\u017eia, potom Portoro\u017e je t\u00fdm najelegantnej\u0161\u00edm, aspo\u0148 pod\u013ea m\u0148a. Portoro\u017e, doslova \u201ePr\u00edstav ru\u017e\u00ed\u201c, je najzn\u00e1mej\u0161\u00edm a najluxusnej\u0161\u00edm letoviskom slovinsk\u00e9ho pobre\u017eia.<\/p>\n<p data-start=\"1121\" data-end=\"1250\">Na rozdiel od historick\u00e9ho Piranu stavila na pohodlie, wellness a atmosf\u00e9ru modern\u00e9ho pr\u00edmorsk\u00e9ho mesta. Jej korene siahaj\u00fa a\u017e do obdobia Rak\u00fasko-Uhorska, kedy sa tu za\u010dali budova\u0165 prv\u00e9 k\u00fape\u013en\u00e9 domy vyu\u017e\u00edvaj\u00face lie\u010div\u00e9 bahno z ne\u010falek\u00fdch sol\u00edn.<\/p>\n<p data-start=\"1121\" data-end=\"1250\">Dnes tu n\u00e1jde\u0161 promen\u00e1du lemovan\u00fa palmami, elegantn\u00e9 hotely, kas\u00edna, re\u0161taur\u00e1cie aj pl\u00e1\u017ee s jemn\u00fdm pieskom, \u010do je vz\u00e1cnos\u0165 na inak kamenistom slovinskom pobre\u017e\u00ed. Portoro\u017e je ide\u00e1lnym miestom pre t\u00fdch dovolenk\u00e1rov, ktor\u00ed h\u013eadaj\u00fa kombin\u00e1ciu relax\u00e1cie, z\u00e1bavy a stredomorsk\u00e9ho \u0161t\u00fdlu. Hoci mestu ch\u00fdba historick\u00e9 jadro, jeho atmosf\u00e9ra l\u00e1ka n\u00e1v\u0161tevn\u00edkov nielen z Eur\u00f3py, ktor\u00ed sem prich\u00e1dzaj\u00fa za slnkom, morom a \u0161tipkou noblesy.<\/p>\n<p data-start=\"1121\" data-end=\"1250\"><span style=\"color: #000000;\"><strong>Nechaj sa in\u0161pirova\u0165 pre tvoj pobyt v Portoro\u017ei: <\/strong><\/span><\/p>\n<p data-start=\"1121\" data-end=\"1250\"><span style=\"color: #008080;\"><strong><a style=\"color: #008080;\" href=\"https:\/\/booking.stay22.com\/dovolenkarka\/P1_r7CssiZ\" target=\"_blank\" rel=\"noopener\">HOTEL MARKO 4*<\/a><\/strong><\/span><\/p>\n<ul>\n<li data-start=\"1121\" data-end=\"1250\">pekn\u00fd hotel s kvalitn\u00fdmi slu\u017ebami na dobrom mieste<\/li>\n<\/ul>\n<p data-start=\"1121\" data-end=\"1250\"><a href=\"https:\/\/booking.stay22.com\/dovolenkarka\/P1_r7CssiZ\" target=\"_blank\" rel=\"noopener\"><img loading=\"lazy\" decoding=\"async\" class=\"aligncenter size-full wp-image-9535\" src=\"https:\/\/www.dovolenkarka.cz\/wp-content\/uploads\/2025\/04\/Obrazek-20.jpg\" alt=\"Slovinsk\u00e9 pobre\u017eie \u2013 Portoro\u017e \u2013 Hotel Marko\" width=\"1280\" height=\"853\" srcset=\"https:\/\/www.dovolenkarka.cz\/wp-content\/uploads\/2025\/04\/Obrazek-20.jpg 1280w, https:\/\/www.dovolenkarka.cz\/wp-content\/uploads\/2025\/04\/Obrazek-20-768x511.jpg 768w\" sizes=\"auto, (max-width: 1280px) 100vw, 1280px\" \/><\/a><\/p>\n<hr \/>\n<p data-start=\"1121\" data-end=\"1250\"><span style=\"color: #008080;\"><strong><a style=\"color: #008080;\" href=\"https:\/\/booking.stay22.com\/dovolenkarka\/gSvkTr6TAq\" target=\"_blank\" rel=\"noopener\">REMISENS HOTELS 4- 5*<\/a><\/strong><\/span><\/p>\n<ul>\n<li data-start=\"1121\" data-end=\"1250\">luxus za dobr\u00fa cenu<\/li>\n<\/ul>\n<p data-start=\"1121\" data-end=\"1250\"><a href=\"https:\/\/booking.stay22.com\/dovolenkarka\/gSvkTr6TAq\" target=\"_blank\" rel=\"noopener\"><img loading=\"lazy\" decoding=\"async\" class=\"aligncenter size-full wp-image-9536\" src=\"https:\/\/www.dovolenkarka.cz\/wp-content\/uploads\/2025\/04\/Obrazek-27.jpg\" alt=\"Slovinsk\u00e9 pobre\u017eie \u2013 Remisens Hotels\" width=\"1280\" height=\"853\" srcset=\"https:\/\/www.dovolenkarka.cz\/wp-content\/uploads\/2025\/04\/Obrazek-27.jpg 1280w, https:\/\/www.dovolenkarka.cz\/wp-content\/uploads\/2025\/04\/Obrazek-27-768x511.jpg 768w\" sizes=\"auto, (max-width: 1280px) 100vw, 1280px\" \/><\/a><\/p>\n<hr \/>\n<p data-start=\"1252\" data-end=\"1274\"><span style=\"color: #008080;\"><strong><a style=\"color: #008080;\" href=\"https:\/\/booking.stay22.com\/dovolenkarka\/0ztY_MVStG\" target=\"_blank\" rel=\"noopener\">HOTEL KEMPINSKI PALACE PORTORO\u017d 5 *<\/a><\/strong><\/span><\/p>\n<ul>\n<li data-start=\"1252\" data-end=\"1274\">Hotel Kempinski je v Portoro\u017ei klasikou. \u0164a\u017eko by si tu h\u013eadal elegantnej\u0161ie a luxusnej\u0161ie slu\u017eby, ne\u017e ktor\u00e9 za svoje peniaze dostane\u0161 pr\u00e1ve tu. Ak t\u00fa\u017ei\u0161 po romantickom a luxusnom z\u00e1\u017eitku na slovinskom pobre\u017e\u00ed, tento hotel je na\u0161ou zaru\u010denou istotou kvality.<\/li>\n<\/ul>\n<p><a href=\"https:\/\/booking.stay22.com\/dovolenkarka\/0ztY_MVStG\" target=\"_blank\" rel=\"noopener\"><img loading=\"lazy\" decoding=\"async\" class=\"aligncenter size-full wp-image-9537\" src=\"https:\/\/www.dovolenkarka.cz\/wp-content\/uploads\/2025\/04\/Obrazek-22.jpg\" alt=\"Hotel Kempinski Palace Portoro\u017e \u2013 Slovinsk\u00e9 pobre\u017eie \" width=\"1280\" height=\"853\" srcset=\"https:\/\/www.dovolenkarka.cz\/wp-content\/uploads\/2025\/04\/Obrazek-22.jpg 1280w, https:\/\/www.dovolenkarka.cz\/wp-content\/uploads\/2025\/04\/Obrazek-22-768x511.jpg 768w\" sizes=\"auto, (max-width: 1280px) 100vw, 1280px\" \/><\/a><\/p>\n<h3 class=\"\" data-start=\"1252\" data-end=\"1274\"><span class=\"ez-toc-section\" id=\"8_Bernardin_%E2%80%93_Slovinske_pobrezie\"><\/span><strong data-start=\"1256\" data-end=\"1272\">8. Bernardin \u2013 Slovinsk\u00e9 pobre\u017eie <\/strong><span class=\"ez-toc-section-end\"><\/span><\/h3>\n<p class=\"\" data-start=\"1275\" data-end=\"1369\"><span style=\"color: #008000;\"><a style=\"color: #008000;\" href=\"https:\/\/booking.stay22.com\/dovolenkarka\/r0AB_6cnuR\" target=\"_blank\" rel=\"noopener\">Modern\u00fd hotelov\u00fd komplex medzi Piranom a Portoro\u017eom s kr\u00e1snou pobre\u017enou promen\u00e1dou a pr\u00edstavom.<\/a><\/span> Toto miesto som zaradila ako samostatn\u00fd tip, ke\u010f\u017ee je ka\u017edoro\u010dne ob\u013e\u00faben\u00fdm cie\u013eom hlavne pre letn\u00e9 dovolenky. Vypravi\u0165 sa sem v\u0161ak m\u00f4\u017ee\u0161 prakticky celoro\u010dne a nadchne \u0165a tie\u017e.<\/p>\n<p class=\"\" data-start=\"1275\" data-end=\"1369\">Ak h\u013ead\u00e1\u0161 ubytovanie, ktor\u00e9 sp\u00e1ja luxus, v\u00fdh\u013ead na more a ide\u00e1lnu polohu, <span style=\"color: #008000;\"><a style=\"color: #008000;\" href=\"https:\/\/booking.stay22.com\/dovolenkarka\/r0AB_6cnuR\" target=\"_blank\" rel=\"noopener\">hotelov\u00fd komplex Bernardin je tou pravou vo\u013ebou<\/a><\/span>. Nach\u00e1dza sa na pokojnom pobre\u017enom \u00faseku medzi historick\u00fdm Piranom a elegantn\u00fdm aj ru\u0161n\u00fdm Portoro\u017eom, tak\u017ee si m\u00f4\u017ee\u0161 u\u017ei\u0165 to najlep\u0161ie z oboch svetov, romantick\u00e9 prech\u00e1dzky aj no\u010dn\u00fd \u017eivot.<\/p>\n<p class=\"\" data-start=\"1275\" data-end=\"1369\"><span style=\"color: #008000;\"><a style=\"color: #008000;\" href=\"https:\/\/booking.stay22.com\/dovolenkarka\/r0AB_6cnuR\" target=\"_blank\" rel=\"noopener\">Hotel pon\u00faka priamy vstup na s\u00fakromn\u00fa pl\u00e1\u017e<\/a><\/span>, modern\u00e9 wellness centrum s v\u00fdh\u013eadom na Jadran, vynikaj\u00face re\u0161taur\u00e1cie aj kongresov\u00e9 z\u00e1zemie. Ka\u017ed\u00e1 izba m\u00e1 balk\u00f3n s v\u00fdh\u013eadom na more, \u010do zais\u0165uje, \u017ee r\u00e1na tu za\u010d\u00ednaj\u00fa slnkom nad horizontom a ve\u010dery kon\u010dia za zvuku morsk\u00fdch v\u013an.<\/p>\n<p class=\"\" data-start=\"1275\" data-end=\"1369\">Bernardin je ide\u00e1lnou vo\u013ebou pre p\u00e1ry, rodiny aj n\u00e1ro\u010dn\u00fdch dovolenk\u00e1rov, ktor\u00ed t\u00fa\u017eia po kvalite, pohodl\u00ed a nezabudnute\u013enom pobytovom z\u00e1\u017eitku priamo na slovinskom pobre\u017e\u00ed.<\/p>\n<p data-start=\"1275\" data-end=\"1369\"><span style=\"color: #008000;\"><strong>GRAND HOTEL BERNARDIN 5*<\/strong><\/span><\/p>\n<p data-start=\"1275\" data-end=\"1369\"><a href=\"https:\/\/booking.stay22.com\/dovolenkarka\/r0AB_6cnuR\" target=\"_blank\" rel=\"noopener\"><img loading=\"lazy\" decoding=\"async\" class=\"aligncenter size-full wp-image-9544\" src=\"https:\/\/www.dovolenkarka.cz\/wp-content\/uploads\/2025\/04\/Obrazek-26.jpg\" alt=\"SLOVINSK\u00c9 POBRE\u017dIE \u2013 GRAND HOTEL BERNARDIN\" width=\"1280\" height=\"853\" srcset=\"https:\/\/www.dovolenkarka.cz\/wp-content\/uploads\/2025\/04\/Obrazek-26.jpg 1280w, https:\/\/www.dovolenkarka.cz\/wp-content\/uploads\/2025\/04\/Obrazek-26-768x511.jpg 768w\" sizes=\"auto, (max-width: 1280px) 100vw, 1280px\" \/><\/a><\/p>\n<p data-start=\"1275\" data-end=\"1369\"><a href=\"https:\/\/booking.stay22.com\/dovolenkarka\/r0AB_6cnuR\" target=\"_blank\" rel=\"noopener\"><img loading=\"lazy\" decoding=\"async\" class=\"aligncenter size-full wp-image-9545\" src=\"https:\/\/www.dovolenkarka.cz\/wp-content\/uploads\/2025\/04\/Obrazek-25.jpg\" alt=\"SLOVINSK\u00c9 POBRE\u017dIE \u2013 GRAND HOTEL BERNARDIN\" width=\"1280\" height=\"853\" srcset=\"https:\/\/www.dovolenkarka.cz\/wp-content\/uploads\/2025\/04\/Obrazek-25.jpg 1280w, https:\/\/www.dovolenkarka.cz\/wp-content\/uploads\/2025\/04\/Obrazek-25-768x511.jpg 768w\" sizes=\"auto, (max-width: 1280px) 100vw, 1280px\" \/><\/a><\/p>\n<h3 class=\"\" data-start=\"1371\" data-end=\"1389\"><span class=\"ez-toc-section\" id=\"9_Fiesa\"><\/span><strong data-start=\"1375\" data-end=\"1387\">9. Fiesa<\/strong><span class=\"ez-toc-section-end\"><\/span><\/h3>\n<p class=\"\" data-start=\"1390\" data-end=\"1511\">Men\u0161ia, pokojnej\u0161ia \u010das\u0165 pobre\u017eia medzi Piranom a Strunjanom. N\u00e1jde\u0161 tu kr\u00e1sne jazierko obklopen\u00e9 pr\u00edrodou a pr\u00edjemn\u00fa pl\u00e1\u017e.<\/p>\n<ul>\n<li><span style=\"color: #008000;\"><a style=\"color: #008000;\" href=\"https:\/\/booking.stay22.com\/dovolenkarka\/uBMosMpabV\" target=\"_blank\" rel=\"noopener\"><strong>Vyh\u013eada\u0165 pokojn\u00e9 a lacn\u00e9 ubytovanie v pobre\u017enej \u010dasti FIESA <\/strong><\/a><\/span><\/li>\n<\/ul>\n<p class=\"\" data-start=\"1390\" data-end=\"1511\">Fiesa je mal\u00e1, pokojn\u00e1 \u010das\u0165 slovinsk\u00e9ho pobre\u017eia, ukryt\u00e1 v zeleni. Je zn\u00e1ma predov\u0161etk\u00fdm v\u010faka svojmu sladkovodn\u00e9mu jazierku \u2013 jedin\u00e9mu svojho druhu v pr\u00edmorskej \u010dasti Slovinska a dnes je chr\u00e1nenou pr\u00edrodnou lokalitou s v\u00fdskytom vz\u00e1cnych druhov vt\u00e1kov a oboj\u017eiveln\u00edkov.<\/p>\n<p class=\"\" data-start=\"1390\" data-end=\"1511\">Oblas\u0165 Fiesy je ide\u00e1lna pre t\u00fdch dovolenk\u00e1rov, ktor\u00ed h\u013eadaj\u00fa \u00fanik od davov turistov, a pon\u00faka men\u0161iu, pokojn\u00fa pl\u00e1\u017e, pe\u0161ie chodn\u00edky ved\u00face pozd\u013a\u017e pobre\u017eia aj nen\u00e1ro\u010dn\u00e9 ubytovanie v rodinn\u00fdch penzi\u00f3noch. V\u010faka svojej polohe je skvel\u00fdm v\u00fdchodiskov\u00fdm bodom pre v\u00fdlety do okolia, \u010di u\u017e pe\u0161o, na bicykli alebo lo\u010fou.<\/p>\n<p><span style=\"color: #000000;\"><strong>Tip na hotel priamo pri pl\u00e1\u017ei:<\/strong><\/span><\/p>\n<p><span style=\"color: #008000;\"><a style=\"color: #008000;\" href=\"https:\/\/booking.stay22.com\/dovolenkarka\/Zt2excmdcB\" target=\"_blank\" rel=\"noopener\"><strong>BARBARA PIRAN BEACH HOTEL \u2013 FIESA 3*<\/strong><\/a><\/span><\/p>\n<h3 class=\"\" data-start=\"1513\" data-end=\"1532\"><span class=\"ez-toc-section\" id=\"10_Izola\"><\/span><strong data-start=\"1517\" data-end=\"1530\">10. Izola<\/strong><span class=\"ez-toc-section-end\"><\/span><\/h3>\n<p class=\"\" data-start=\"1533\" data-end=\"1674\">P\u00f4vabn\u00e9 pr\u00edstavn\u00e9 meste\u010dko s \u00fazkymi uli\u010dkami, trhmi s \u010derstv\u00fdmi rybami a skvel\u00fdmi re\u0161taur\u00e1ciami. Nezabudni sa prejs\u0165 po promen\u00e1de k maj\u00e1ku.<\/p>\n<p class=\"\" data-start=\"1533\" data-end=\"1674\">Izola je mesto, ktor\u00e9 si \u0165a podman\u00ed svojou nen\u00e1padnou eleganciou a autentickou atmosf\u00e9rou ryb\u00e1rskeho pr\u00edstavu. Le\u017e\u00ed na polostrove obklopenom kri\u0161t\u00e1\u013eovo \u010dist\u00fdm morom a vonia so\u013eou, levandu\u013eou aj \u010derstvo grilovan\u00fdmi rybami. Napr. na rozdiel od Portoro\u017ea si Izola zachovala pokojnej\u0161\u00ed r\u00e1z, v\u010faka \u010domu p\u00f4sob\u00ed ako ide\u00e1lne \u00fato\u010disko pre t\u00fdch dovolenk\u00e1rov, ktor\u00ed chc\u00fa relaxova\u0165 a vn\u00edma\u0165 ka\u017edodenn\u00fd \u017eivot miestnych.<\/p>\n<p class=\"\" data-start=\"1533\" data-end=\"1674\">\u00dazke uli\u010dky historick\u00e9ho centra pripom\u00ednaj\u00fa ben\u00e1tsku minulos\u0165 mesta, zatia\u013e \u010do promen\u00e1da, pr\u00edstav a skryt\u00e9 pl\u00e1\u017ee poz\u00fdvaj\u00fa k tich\u00fdm chv\u00ed\u013eam pri mori. Izola nie je mesto ok\u00e1zal\u00fdch gest, je to miesto s du\u0161ou, kde sa sn\u00fabi ryb\u00e1rska trad\u00edcia, stredomorsk\u00fd \u0161arm a jemn\u00fd dotyk romantiky. Osobne som mala mo\u017enos\u0165 spozna\u0165 mest\u00e1 slovinsk\u00e9ho pobre\u017eia e\u0161te predt\u00fdm, ne\u017e sa napr. Piran stal popul\u00e1rnym v\u00fdletn\u00fdm cie\u013eom turistov. Tr\u00fafam si poveda\u0165, \u017ee Izola si tento pokojn\u00fd r\u00e1z st\u00e1le dr\u017e\u00ed, minim\u00e1lne mimo hlavnej letnej sez\u00f3ny.<\/p>\n<p data-start=\"1533\" data-end=\"1674\"><span style=\"color: #000000;\"><strong>Kde sa v Izole ubytova\u0165?<\/strong><\/span><\/p>\n<p data-start=\"1533\" data-end=\"1674\">Osobne sme si ob\u013e\u00fabili rezervova\u0165 si p\u00e1r noc\u00ed cestou do Chorv\u00e1tska v hoteli Belvedere, ktor\u00fd sa nach\u00e1dza na kopci nad Izolou. Dole do mesta je to pekn\u00e1 prech\u00e1dzka a z Belvedere je to v lete aj pr\u00edjemn\u00e1 vzdialenos\u0165 na skryt\u00e9 pl\u00e1\u017ee pod \u00fatesmi.<\/p>\n<p data-start=\"1533\" data-end=\"1674\"><span style=\"color: #008000;\"><strong><a style=\"color: #008000;\" href=\"https:\/\/www.booking.com\/hotel\/si\/belvedere.en.html?aid=347511&amp;no_rooms=1&amp;group_adults=2\" target=\"_blank\" rel=\"noopener\">HOTEL BELVEDERE RESORTS 3* <\/a><\/strong><\/span><\/p>\n<ul>\n<li data-start=\"1533\" data-end=\"1674\">Cenovo ve\u013emi pr\u00edjemn\u00fd hotel aj pre rodiny s de\u0165mi<\/li>\n<\/ul>\n<p><a href=\"https:\/\/www.booking.com\/hotel\/si\/belvedere.en.html?aid=347511&amp;no_rooms=1&amp;group_adults=2\" target=\"_blank\" rel=\"noopener\"><img loading=\"lazy\" decoding=\"async\" class=\"aligncenter size-full wp-image-9547\" src=\"https:\/\/www.dovolenkarka.cz\/wp-content\/uploads\/2025\/04\/Obrazek-30.jpg\" alt=\"Hotel Belvedere \u2013 Slovinsk\u00e9 pobre\u017eie \u2013 Izola\" width=\"1280\" height=\"853\" srcset=\"https:\/\/www.dovolenkarka.cz\/wp-content\/uploads\/2025\/04\/Obrazek-30.jpg 1280w, https:\/\/www.dovolenkarka.cz\/wp-content\/uploads\/2025\/04\/Obrazek-30-768x511.jpg 768w\" sizes=\"auto, (max-width: 1280px) 100vw, 1280px\" \/><\/a><\/p>\n<p><span style=\"color: #008000;\"><strong><a style=\"color: #008000;\" href=\"https:\/\/www.booking.com\/hotel\/si\/belvedere-hotels-amp-resort-hotel.en.html?aid=347511&amp;no_rooms=1&amp;group_adults=2\" target=\"_blank\" rel=\"noopener\">HOTEL CLIFF BELVEDERE 4* <\/a><\/strong><\/span><\/p>\n<ul>\n<li>Ubytovanie pre n\u00e1ro\u010dnej\u0161\u00edch dovolenk\u00e1rov v novo vybaven\u00fdch izb\u00e1ch a apartm\u00e1noch<\/li>\n<li><span style=\"color: #008000;\"><a style=\"color: #008000;\" href=\"https:\/\/www.booking.com\/hotel\/si\/belvedere-hotels-amp-resort-hotel.en.html?aid=347511&amp;no_rooms=1&amp;group_adults=2\" target=\"_blank\" rel=\"noopener\">Odpor\u00fa\u010dam priplati\u0165 si za Apartm\u00e1n Junior s terasou a v\u00fdh\u013eadom na more <\/a><\/span><\/li>\n<li>Ra\u0148ajkova\u0165 je mo\u017en\u00e9 za pekn\u00e9ho po\u010dasia v r\u00e1mci oboch hotelov na ve\u013ekej terase s dychber\u00facim v\u00fdh\u013eadom na Izolu<\/li>\n<\/ul>\n<p><a href=\"https:\/\/www.booking.com\/hotel\/si\/belvedere-hotels-amp-resort-hotel.en.html?aid=347511&amp;no_rooms=1&amp;group_adults=2\" target=\"_blank\" rel=\"noopener\"><img loading=\"lazy\" decoding=\"async\" class=\"aligncenter size-full wp-image-9548\" src=\"https:\/\/www.dovolenkarka.cz\/wp-content\/uploads\/2025\/04\/Obrazek-31.jpg\" alt=\"Hotel Belvedere \u2013 Slovinsk\u00e9 pobre\u017eie \u2013 Izola\" width=\"1280\" height=\"784\" srcset=\"https:\/\/www.dovolenkarka.cz\/wp-content\/uploads\/2025\/04\/Obrazek-31.jpg 1280w, https:\/\/www.dovolenkarka.cz\/wp-content\/uploads\/2025\/04\/Obrazek-31-768x470.jpg 768w\" sizes=\"auto, (max-width: 1280px) 100vw, 1280px\" \/><\/a><\/p>\n<p data-start=\"1676\" data-end=\"1712\"><span style=\"color: #000000;\"><strong>Kam v Izole do re\u0161taur\u00e1cie? <\/strong><\/span><\/p>\n<p data-start=\"1676\" data-end=\"1712\"><span style=\"color: #000000;\"><strong>Luxusne<\/strong><\/span><\/p>\n<ul>\n<li data-start=\"1676\" data-end=\"1712\"><span style=\"color: #000000;\"><span class=\"relative -mx-px my-[-0.2rem] rounded-sm px-px py-[0.2rem]\">V Izole m\u00f4\u017ee\u0161 ochutna\u0165 vynikaj\u00face pokrmy v r\u00f4znych cenov\u00fdch kateg\u00f3ri\u00e1ch. <\/span><span class=\"relative -mx-px my-[-0.2rem] rounded-sm px-px py-[0.2rem]\">Pre luxusn\u00fd gastronomick\u00fd z\u00e1\u017eitok odpor\u00fa\u010dam Re\u0161taur\u00e1ciu Marina, ktor\u00e1 sa nach\u00e1dza v hoteli Marina.<\/span> <span class=\"relative -mx-px my-[-0.2rem] rounded-sm px-px py-[0.2rem]\">T\u00e1to ob\u013e\u00faben\u00e1 re\u0161taur\u00e1cia pon\u00faka \u0161irok\u00fa \u0161k\u00e1lu morsk\u00fdch plodov, na ktor\u00fdch si aj s K\u00e1jom radi pochutn\u00e1vame. Ak vyraz\u00ed\u0161 na slovinsk\u00e9 pobre\u017eie, odpor\u00fa\u010dam rezerv\u00e1ciu tu. <\/span> <\/span><\/li>\n<\/ul>\n<p><span style=\"color: #000000;\"><strong>\u00dasporne<\/strong><\/span><\/p>\n<ul>\n<li><span style=\"color: #000000;\"><span class=\"relative -mx-px my-[-0.2rem] rounded-sm px-px py-[0.2rem]\">Ak h\u013ead\u00e1\u0161 cenovo dostupnej\u0161\u00ed variant, skvelou vo\u013ebou je Fast Food Veni.<\/span> <span class=\"relative -mx-px my-[-0.2rem] rounded-sm px-px py-[0.2rem]\">Tento mal\u00fd, ob\u013e\u00faben\u00fd podnik v srdci Izoly pon\u00faka ve\u013ek\u00fd v\u00fdber jed\u00e1l vr\u00e1tane tradi\u010dn\u00fdch hamburgerov, sendvi\u010dov, polievok a miestnych \u0161pecial\u00edt, ako s\u00fa cestoviny, mu\u0161le \u010di fazu\u013eov\u00e1 polievka.<\/span> <span class=\"relative -mx-px my-[-0.2rem] rounded-sm px-px py-[0.2rem]\">Porcie s\u00fa ve\u013ek\u00e9 a ceny rozumn\u00e9. Ver\u00edm, \u017ee si vyberie\u0161. <\/span><\/span><\/li>\n<\/ul>\n<hr \/>\n<h3 class=\"\" data-start=\"1676\" data-end=\"1712\"><span class=\"ez-toc-section\" id=\"11_Plaz_San_Simon_Izola\"><\/span><strong data-start=\"1680\" data-end=\"1710\">11. Pl\u00e1\u017e San Simon (Izola)<\/strong><span class=\"ez-toc-section-end\"><\/span><\/h3>\n<p class=\"\" data-start=\"1713\" data-end=\"1841\">Jedna z najkraj\u0161\u00edch pl\u00e1\u017e\u00ed, ktor\u00e9 slovinsk\u00e9 pobre\u017eie m\u00e1, je San Simon pri Izole a je ide\u00e1lna pre rodiny s de\u0165mi. N\u00e1jde\u0161 tu pozostatky r\u00edmskej vily a kri\u0161t\u00e1\u013eovo \u010dist\u00fa vodu.<\/p>\n<p class=\"\" data-start=\"1713\" data-end=\"1841\">Pl\u00e1\u017e San Simon, nach\u00e1dzaj\u00faca sa v pokojnej z\u00e1toke na okraji mesta Izola, je jednou z najlep\u0161ie vybaven\u00fdch pl\u00e1\u017e\u00ed v Slovinsku. V\u010faka pozvo\u013en\u00e9mu vstupu do mora a jemn\u00e9mu piesku je ide\u00e1lnym miestom pre rodiny s de\u0165mi aj seniorov. Are\u00e1l pl\u00e1\u017ee pon\u00faka sprchy, ihrisk\u00e1, po\u017ei\u010dovne vodn\u00fdch bicykov aj vodn\u00fdch atrakci\u00ed, ale aj pl\u00e1\u017eov\u00fd bar a re\u0161taur\u00e1ciu s v\u00fdh\u013eadom na more.<\/p>\n<ul>\n<li data-start=\"1713\" data-end=\"1841\"><span style=\"color: #008000;\"><strong><a style=\"color: #008000;\" href=\"https:\/\/booking.stay22.com\/dovolenkarka\/C_5mUDWf34\" target=\"_blank\" rel=\"noopener\">Porovna\u0165 v\u0161etky vo\u013en\u00e9 ubytovania v okol\u00ed San Simon pl\u00e1\u017ee TU<\/a><\/strong><\/span><\/li>\n<\/ul>\n<p class=\"\" data-start=\"1713\" data-end=\"1841\">Zauj\u00edmavos\u0165ou je, \u017ee sa v bl\u00edzkosti pl\u00e1\u017ee nach\u00e1dzaj\u00fa pozostatky r\u00edmskej vily, ktor\u00e9 dod\u00e1vaj\u00fa tomuto miestu ne\u010dakan\u00fd historick\u00fd rozmer. San Simon si ob\u013e\u00fabi ka\u017ed\u00fd dovolenk\u00e1r, ktor\u00fd h\u013ead\u00e1 pr\u00edjemn\u00fa pl\u00e1\u017e v bl\u00edzkosti ob\u013e\u00faben\u00fdch ubytovan\u00ed. Ak ocen\u00ed\u0161 pokojnej\u0161iu atmosf\u00e9ru, bude\u0161 tu spokojn\u00fd. Po\u010das hlavn\u00fdch pr\u00e1zdninov\u00fdch mesiacov je pl\u00e1\u017e s\u00edce ob\u013e\u00faben\u00e1 ako v\u0161etky ostatn\u00e9 miesta, ale na jar a na jese\u0148 si tu u\u017eije\u0161 pr\u00edjemne pokojn\u00e9 dni.<\/p>\n<p data-start=\"1713\" data-end=\"1841\"><span style=\"color: #000000;\"><strong>M\u00f4j tip na hotel: <\/strong><\/span><\/p>\n<p data-start=\"1713\" data-end=\"1841\"><span style=\"color: #008000;\"><strong><a style=\"color: #008000;\" href=\"https:\/\/booking.stay22.com\/dovolenkarka\/C_5mUDWf34\" target=\"_blank\" rel=\"noopener\">Dependences \u2013 San Simon Resort 3* <\/a><\/strong><\/span><\/p>\n<ul>\n<li data-start=\"1713\" data-end=\"1841\"><span style=\"color: #000000;\"><strong><a style=\"color: #000000;\" href=\"https:\/\/booking.stay22.com\/dovolenkarka\/C_5mUDWf34\" target=\"_blank\" rel=\"noopener\"><em>Zisti\u0165 cenu a rezervova\u0165 pobyt <\/em><\/a><\/strong><\/span><\/li>\n<\/ul>\n<p><a href=\"https:\/\/booking.stay22.com\/dovolenkarka\/C_5mUDWf34\" target=\"_blank\" rel=\"noopener\"><img loading=\"lazy\" decoding=\"async\" class=\"aligncenter size-full wp-image-9550\" src=\"https:\/\/www.dovolenkarka.cz\/wp-content\/uploads\/2025\/04\/Obrazek-32.jpg\" alt=\"Slovinsk\u00e9 pobre\u017eie \u2013 San Simon \" width=\"1280\" height=\"853\" srcset=\"https:\/\/www.dovolenkarka.cz\/wp-content\/uploads\/2025\/04\/Obrazek-32.jpg 1280w, https:\/\/www.dovolenkarka.cz\/wp-content\/uploads\/2025\/04\/Obrazek-32-768x511.jpg 768w\" sizes=\"auto, (max-width: 1280px) 100vw, 1280px\" \/><\/a><\/p>\n<h3 class=\"\" data-start=\"1843\" data-end=\"1876\"><span class=\"ez-toc-section\" id=\"12_Koper_%E2%80%93_stare_mesto\"><\/span><strong data-start=\"1847\" data-end=\"1874\">12. Koper \u2013 star\u00e9 mesto<\/strong><span class=\"ez-toc-section-end\"><\/span><\/h3>\n<p class=\"\" data-start=\"1877\" data-end=\"2013\">Slovinsk\u00e9 pobre\u017eie v\u0161ak nie je len o pl\u00e1\u017each a turisticky zauj\u00edmav\u00fdch kr\u00e1sach pr\u00edrody. <span style=\"color: #008000;\"><a style=\"color: #008000;\" href=\"https:\/\/booking.stay22.com\/dovolenkarka\/KE5ajAoZGJ\" target=\"_blank\" rel=\"noopener\">Uk\u00e1\u017ekou toho je aj mesto Koper, ktor\u00e9 je miestom, ktor\u00e9 odpor\u00fa\u010dam rozhodne nevynecha\u0165.<\/a><\/span> Historick\u00e9 centrum najv\u00e4\u010d\u0161ieho slovinsk\u00e9ho pr\u00edstavu s ben\u00e1tskymi pal\u00e1cmi, kr\u00e1snym Titov\u00fdm n\u00e1mest\u00edm a katedr\u00e1lou Nanebovzatia Panny M\u00e1rie.<\/p>\n<div id=\"attachment_5565\" style=\"width: 3822px\" class=\"wp-caption aligncenter\"><a href=\"https:\/\/www.dovolenkarka.cz\/sk\/img_5477\/\" rel=\"attachment wp-att-5565\"><img loading=\"lazy\" decoding=\"async\" aria-describedby=\"caption-attachment-5565\" class=\"size-full wp-image-5565\" src=\"https:\/\/www.dovolenkarka.cz\/wp-content\/uploads\/2019\/04\/IMG_5477.jpg\" alt=\"Slovinsk\u00e9 pobre\u017eie \u2013 Koper \" width=\"3812\" height=\"2382\" srcset=\"https:\/\/www.dovolenkarka.cz\/wp-content\/uploads\/2019\/04\/IMG_5477.jpg 3812w, https:\/\/www.dovolenkarka.cz\/wp-content\/uploads\/2019\/04\/IMG_5477-768x479.jpg 768w\" sizes=\"auto, (max-width: 3812px) 100vw, 3812px\" \/><\/a><p id=\"caption-attachment-5565\" class=\"wp-caption-text\">Slovinsko, Koper \u2013 Titovo n\u00e1mestie<\/p><\/div>\n<p class=\"\" data-start=\"1877\" data-end=\"2013\">Koper je najv\u00e4\u010d\u0161ie mesto slovinsk\u00e9ho pobre\u017eia a v\u00fdznamn\u00fd pr\u00edstav, ktor\u00fd sp\u00e1ja hist\u00f3riu s modern\u00fdm turistick\u00fdm ruchom. Jeho star\u00e9 mesto si uchovalo v\u00fdrazn\u00fd ben\u00e1tsky r\u00e1z. N\u00e1jde\u0161 tu \u00fazke uli\u010dky, kamenn\u00e9 pal\u00e1ce a n\u00e1mestia ako vystrihnut\u00e9 z talianskych poh\u013eadn\u00edc, pri\u010dom dominantou je Pretori\u00e1nsky pal\u00e1c a katedr\u00e1la Nanebovzatia Panny M\u00e1rie s v\u00fdh\u013eadom z ve\u017ee. Pal\u00e1c som mala mo\u017enos\u0165 u\u017e dvakr\u00e1t po\u010das na\u0161ich novin\u00e1rskych ciest nav\u0161t\u00edvi\u0165 a rozhodne sa oplat\u00ed vyjs\u0165 si aj schody na\u0148, ak bude pr\u00e1ve otvoren\u00fd.<\/p>\n<p class=\"\" data-start=\"1877\" data-end=\"2013\">Koper ale nie je len o hist\u00f3rii. Ako d\u00f4le\u017eit\u00e9 ekonomick\u00e9 centrum Slovinska pulzuje \u017eivou energiou, a to ako v\u010faka pr\u00edstavu, tak aj bl\u00edzkosti hran\u00edc s Talianskom. Mesto pon\u00faka aj pr\u00edjemn\u00e9 k\u00fapanie, modern\u00fa promen\u00e1du, mno\u017estvo re\u0161taur\u00e1ci\u00ed a kult\u00farne podujatia po cel\u00fd rok. Je to ide\u00e1lna zast\u00e1vka pre cestovate\u013eov, ktor\u00ed chc\u00fa spozna\u0165 prav\u00fa tv\u00e1r, ktor\u00fa slovinsk\u00e9 pobre\u017eie pon\u00faka \u2013 autentick\u00fa, \u017eiv\u00fa a st\u00e1le trochu nedocenen\u00fa.<\/p>\n<p>Pri zjazde ku Koperu n\u00e1jde\u0161 kr\u00e1sne a modern\u00e9 butikov\u00e9 ubytovanie s baz\u00e9nom. Osobne som tu za\u017eila jednu noc s ve\u010derou aj ra\u0148ajkami a s rados\u0165ou ho odpor\u00fa\u010dam \u010falej. Je ide\u00e1lnou v\u00fdchodiskovou poz\u00edciou pre tvoje cesty na slovinsk\u00e9 pobre\u017eie, ak tu m\u00e1\u0161 len p\u00e1r d\u0148ov\u00fa zast\u00e1vku. Koper je odtia\u013eto vzdialen\u00fd cca 15 min\u00fat autom.<\/p>\n<p><span style=\"color: #008000;\"><strong><a style=\"color: #008000;\" href=\"https:\/\/booking.stay22.com\/dovolenkarka\/3ZwkW-GaGq\" target=\"_blank\" rel=\"noopener\">VILA ROBIDA &amp; SPA <\/a><\/strong><\/span><\/p>\n<ul>\n<li><span style=\"color: #000000;\"><strong><em>Zisti\u0165 cenu a rezervova\u0165 pobyt TU<\/em><\/strong><\/span><\/li>\n<\/ul>\n<p><a href=\"https:\/\/booking.stay22.com\/dovolenkarka\/3ZwkW-GaGq\" target=\"_blank\" rel=\"noopener\"><img loading=\"lazy\" decoding=\"async\" class=\"aligncenter size-full wp-image-9554\" src=\"https:\/\/www.dovolenkarka.cz\/wp-content\/uploads\/2025\/04\/Obrazek-33.jpg\" alt=\"SLOVINSK\u00c9 POBRE\u017dIE \u2013 VILA ROBIDA &amp; SPA\" width=\"1280\" height=\"853\" srcset=\"https:\/\/www.dovolenkarka.cz\/wp-content\/uploads\/2025\/04\/Obrazek-33.jpg 1280w, https:\/\/www.dovolenkarka.cz\/wp-content\/uploads\/2025\/04\/Obrazek-33-768x511.jpg 768w\" sizes=\"auto, (max-width: 1280px) 100vw, 1280px\" \/><\/a><\/p>\n<hr \/>\n<h3 class=\"\" data-start=\"2015\" data-end=\"2045\"><span class=\"ez-toc-section\" id=\"13_Zusterna_Koper\"><\/span><strong data-start=\"2019\" data-end=\"2043\">13. \u017dusterna (Koper)<\/strong><span class=\"ez-toc-section-end\"><\/span><\/h3>\n<p class=\"\" data-start=\"2046\" data-end=\"2144\">Slovinsk\u00e9 pobre\u017eie pon\u00faka pl\u00e1\u017ee prakticky v ka\u017edej svojej \u010dasti a inak to nie je ani pri Kopere. Ob\u013e\u00faben\u00e1 rekrea\u010dn\u00e1 oblas\u0165 pri mori s ve\u013ek\u00fdm vonkaj\u0161\u00edm baz\u00e9nom, pl\u00e1\u017eou a cyklotrasou pozd\u013a\u017e pobre\u017eia.<\/p>\n<p class=\"\" data-start=\"2046\" data-end=\"2144\">\u017dusterna je mestsk\u00e1 pl\u00e1\u017e na okraji Koperu a patr\u00ed medzi najob\u013e\u00fabenej\u0161ie miesta na k\u00fapanie nielen pre miestnych obyvate\u013eov, ale aj pre turistov, ktor\u00ed h\u013eadaj\u00fa pohodov\u00e9 z\u00e1zemie bez davov a predra\u017een\u00fdch slu\u017eieb. Jej v\u00fdhodou je \u013eahk\u00e1 dostupnos\u0165, z centra mesta sem pohodlne d\u00f4jde\u0161 pe\u0161o alebo dojde\u0161 na bicykli po pobre\u017enej cyklotrase.<\/p>\n<p class=\"\" data-start=\"2046\" data-end=\"2144\">Pl\u00e1\u017e tvor\u00ed kombin\u00e1cia bet\u00f3nov\u00fdch m\u00f3lov, tr\u00e1vnat\u00fdch pl\u00f4ch a nieko\u013ek\u00fdch pieso\u010dnat\u00fdch z\u00f3n vhodn\u00fdch pre deti. K dispoz\u00edcii s\u00fa sprchy, prezliekacie kab\u00ednky aj men\u0161ie ob\u010derstvenie, nech\u00fdba ani detsk\u00e9 ihrisko \u010di \u0161portov\u00e9 vybavenie.<\/p>\n<p class=\"\" data-start=\"2046\" data-end=\"2144\">V\u010faka pozvo\u013en\u00e9mu vstupu do mora, \u010distej vode a uvo\u013enenej atmosf\u00e9re je \u017dusterna skvel\u00fdm miestom na popolud\u0148aj\u0161ie zastavenie aj celodenn\u00fa relax\u00e1ciu, a to v\u0161etko len p\u00e1r min\u00fat od historick\u00e9ho srdca Kopru.<\/p>\n<ul>\n<li><span style=\"color: #008000;\"><strong><a style=\"color: #008000;\" href=\"https:\/\/booking.stay22.com\/dovolenkarka\/KE5ajAoZGJ\" target=\"_blank\" rel=\"noopener\">Porovna\u0165 vo\u013en\u00e9 ubytovanie v meste Koper TU<\/a><\/strong><\/span><\/li>\n<\/ul>\n<p><strong>Tip pre rodiny s de\u0165mi: <\/strong><\/p>\n<ul>\n<li><strong><span style=\"color: #008000;\"><a style=\"color: #008000;\" href=\"https:\/\/booking.stay22.com\/dovolenkarka\/3fWApcXbD1\" target=\"_blank\" rel=\"noopener\">Ob\u013e\u00faben\u00fd, cenovo ve\u013emi prijate\u013en\u00fd HOTEL AQUAPARK \u017dUSTERNA <\/a><\/span><\/strong><\/li>\n<li>N\u00e1jde\u0161 tu mno\u017estvo vn\u00fatorn\u00fdch aj vonkaj\u0161\u00edch baz\u00e9nov<\/li>\n<li>Vybavenie je u\u017e zastaran\u00e9 \u2013 ide\u00e1lne pre t\u00fdch, ktor\u00ed h\u013eadaj\u00fa lacn\u00e9 ubytovanie s baz\u00e9nmi pri mori<\/li>\n<li><span style=\"color: #000000;\"><a style=\"color: #000000;\" href=\"https:\/\/booking.stay22.com\/dovolenkarka\/3fWApcXbD1\" target=\"_blank\" rel=\"noopener\"><strong><em>Zisti\u0165 cenu a rezervova\u0165 pobyt TU<\/em><\/strong><\/a><\/span><\/li>\n<\/ul>\n<p><a href=\"https:\/\/booking.stay22.com\/dovolenkarka\/3fWApcXbD1\" target=\"_blank\" rel=\"noopener\"><img loading=\"lazy\" decoding=\"async\" class=\"aligncenter size-full wp-image-9556\" src=\"https:\/\/www.dovolenkarka.cz\/wp-content\/uploads\/2025\/04\/Obrazek-34.jpg\" alt=\"Slovinsk\u00e9 pobre\u017eie \u2013 lacn\u00e9 ubytovanie\" width=\"1280\" height=\"658\" srcset=\"https:\/\/www.dovolenkarka.cz\/wp-content\/uploads\/2025\/04\/Obrazek-34.jpg 1280w, https:\/\/www.dovolenkarka.cz\/wp-content\/uploads\/2025\/04\/Obrazek-34-768x394.jpg 768w\" sizes=\"auto, (max-width: 1280px) 100vw, 1280px\" \/><\/a><\/p>\n<hr \/>\n<h3 class=\"\" data-start=\"2146\" data-end=\"2171\"><span class=\"ez-toc-section\" id=\"14_Ankaran_%E2%80%93_Slovinske_pobrezie\"><\/span><strong data-start=\"2150\" data-end=\"2169\">14. Ankaran \u2013 Slovinsk\u00e9 pobre\u017eie <\/strong><span class=\"ez-toc-section-end\"><\/span><\/h3>\n<p data-start=\"2146\" data-end=\"2171\">Pokojnej\u0161ie letovisko, ktor\u00e9 zdob\u00ed slovinsk\u00e9 pobre\u017eie s dlhou pl\u00e1\u017eou, olivov\u00fdmi h\u00e1jmi a v\u00fdh\u013eadmi na Terstsk\u00fd z\u00e1liv. Ide\u00e1lne pre milovn\u00edkov pr\u00edrody a relax\u00e1cie. N\u00e1jde\u0161 tu aj pr\u00edjemn\u00fd autokemping priamo pri mori. Osobne m\u00e1m vysk\u00fa\u0161an\u00fd <span style=\"color: #008000;\"><a style=\"color: #008000;\" href=\"https:\/\/booking.stay22.com\/dovolenkarka\/6LFMuDo9HH\" target=\"_blank\" rel=\"noopener\">Hotel Convent, ktor\u00fd je s\u00fa\u010das\u0165ou Adria Ankaran rezortu<\/a><\/span>. M\u00e1 vlastn\u00e9 bet\u00f3nov\u00e9 pl\u00e1\u017ee a \u010daro b\u00fdval\u00e9ho kl\u00e1\u0161tora.<\/p>\n<p data-start=\"2146\" data-end=\"2171\">Samotn\u00fd Hotel Convent sa nach\u00e1dza v priestoroch b\u00fdval\u00e9ho benedikt\u00ednskeho kl\u00e1\u0161tora a v roku 2020 sa do\u010dkal vydarenej rekon\u0161trukcie. Odpor\u00fa\u010dam vysk\u00fa\u0161a\u0165 miestnu polpenziu. Re\u0161taur\u00e1cia sa nach\u00e1dza v romantick\u00fdch priestoroch a te\u0161i\u0165 sa m\u00f4\u017ee\u0161 na tradi\u010dn\u00fa stredomorsk\u00fa kuchy\u0148u aj \u010fal\u0161ie slovinsk\u00e9 \u0161peciality.<\/p>\n<p class=\"d2fee87262 pp-header__title\"><span style=\"color: #008000;\"><a style=\"color: #008000;\" href=\"https:\/\/booking.stay22.com\/dovolenkarka\/6LFMuDo9HH\" target=\"_blank\" rel=\"noopener\"><strong>Hotel Convent \u2013 Hotel &amp; Resort Adria Ankaran 4* <\/strong><\/a><\/span><\/p>\n<ul>\n<li><span style=\"color: #000000;\"><strong><em>Zisti\u0165 cenu a rezervova\u0165 pobyt TU<\/em><\/strong><\/span><\/li>\n<\/ul>\n<p data-start=\"2146\" data-end=\"2171\"><a href=\"https:\/\/booking.stay22.com\/dovolenkarka\/6LFMuDo9HH\" target=\"_blank\" rel=\"noopener\"><img loading=\"lazy\" decoding=\"async\" class=\"aligncenter size-full wp-image-9559\" src=\"https:\/\/www.dovolenkarka.cz\/wp-content\/uploads\/2025\/04\/Obrazek-35.jpg\" alt=\"Slovinsk\u00e9 pobre\u017eie \u2013 Hotel Convent\" width=\"1200\" height=\"900\" srcset=\"https:\/\/www.dovolenkarka.cz\/wp-content\/uploads\/2025\/04\/Obrazek-35.jpg 1200w, https:\/\/www.dovolenkarka.cz\/wp-content\/uploads\/2025\/04\/Obrazek-35-768x576.jpg 768w\" sizes=\"auto, (max-width: 1200px) 100vw, 1200px\" \/><\/a><\/p>\n<h3 data-start=\"2298\" data-end=\"2319\"><a href=\"https:\/\/booking.stay22.com\/dovolenkarka\/6LFMuDo9HH\" target=\"_blank\" rel=\"noopener\"><img loading=\"lazy\" decoding=\"async\" class=\"aligncenter size-full wp-image-9560\" src=\"https:\/\/www.dovolenkarka.cz\/wp-content\/uploads\/2025\/04\/Obrazek-36.jpg\" alt=\"Slovinsk\u00e9 pobre\u017eie \u2013 Hotel Convent\" width=\"1280\" height=\"853\" srcset=\"https:\/\/www.dovolenkarka.cz\/wp-content\/uploads\/2025\/04\/Obrazek-36.jpg 1280w, https:\/\/www.dovolenkarka.cz\/wp-content\/uploads\/2025\/04\/Obrazek-36-768x511.jpg 768w\" sizes=\"auto, (max-width: 1280px) 100vw, 1280px\" \/><\/a><\/h3>\n<p><a href=\"https:\/\/booking.stay22.com\/dovolenkarka\/6LFMuDo9HH\" target=\"_blank\" rel=\"noopener\"><img loading=\"lazy\" decoding=\"async\" class=\"aligncenter size-full wp-image-9561\" src=\"https:\/\/www.dovolenkarka.cz\/wp-content\/uploads\/2025\/04\/Obrazek-37.jpg\" alt=\"Slovinsk\u00e9 pobre\u017eie \u2013 Hotel Convent\" width=\"1280\" height=\"719\" srcset=\"https:\/\/www.dovolenkarka.cz\/wp-content\/uploads\/2025\/04\/Obrazek-37.jpg 1280w, https:\/\/www.dovolenkarka.cz\/wp-content\/uploads\/2025\/04\/Obrazek-37-768x431.jpg 768w\" sizes=\"auto, (max-width: 1280px) 100vw, 1280px\" \/><\/a><\/p>\n<h3 class=\"\" data-start=\"2298\" data-end=\"2319\"><span class=\"ez-toc-section\" id=\"15_Debeli_Rtic\"><\/span><strong data-start=\"2302\" data-end=\"2317\">15. <\/strong><strong data-start=\"2150\" data-end=\"2169\">Debeli Rti\u010d<\/strong><span class=\"ez-toc-section-end\"><\/span><\/h3>\n<p>Pr\u00edrodn\u00e1 rezerv\u00e1cia na severnom konci pobre\u017eia s divok\u00fdmi pl\u00e1\u017eami a borovicov\u00fdmi lesmi. Skvel\u00e9 miesto na nen\u00e1ro\u010dn\u00e9 pe\u0161ie t\u00fary. Nach\u00e1dza sa ne\u010faleko Ankaranu a je moj\u00edm posledn\u00fdm tipom na z\u00e1ver. Je to tak\u00fd m\u00f4j tajn\u00fd \u017eol\u00edk, kam sa vypravi\u0165 na v\u00fdlet, ak chce\u0161 vyrazi\u0165 niekam, kde na ve\u013ea turistov nenaraz\u00ed\u0161. Obzvl\u00e1\u0161\u0165 tamoj\u0161ie divok\u00e9 pl\u00e1\u017ee stoja za v\u00fdlet.<\/p>\n<hr \/>\n<p>Slovinsk\u00e9 pobre\u017eie je s\u00edce kr\u00e1tke, ale pon\u00faka neuverite\u013en\u00e9 mno\u017estvo kr\u00e1snych miest. Ka\u017ed\u00e9 z nich m\u00e1 svoje \u010daro, od historick\u00fdch miest cez pr\u00edrodn\u00e9 rezerv\u00e1cie a\u017e po n\u00e1dhern\u00e9 pl\u00e1\u017ee. Ktor\u00e9 z t\u00fdchto miest \u0165a z dne\u0161n\u00e9ho \u010dl\u00e1nku l\u00e1ka najviac?<\/p>\n<p>Pre viac tipov na v\u00fdlety a dovolenky ma sleduj na IG a FB: @dovolenkarka<\/p>\n<hr \/>\n<p>&nbsp;<\/p>\n","protected":false},"excerpt":{"rendered":"<p>Hoci m\u00e1 slovinsk\u00e9 pobre\u017eie len pribli\u017ene 47 kilometrov, v tomto kr\u00e1tkom \u00faseku ukr\u00fdva prekvapivo \u010darovn\u00e9 miesta, bohat\u00fa hist\u00f3riu a nespo\u010detn\u00e9 mno\u017estvo pr\u00edrodn\u00fdch kr\u00e1s. Slovinsk\u00e9 pobre\u017eie by sa ti mohlo zda\u0165 nen\u00e1padn\u00e9, ale pri bli\u017e\u0161om stretnut\u00ed \u0165a ohrom\u00ed svojou rozmanitos\u0165ou. Od ben\u00e1tsky laden\u00e9ho Piranu cez pulzuj\u00faci Portoro\u017e a pr\u00edstavn\u00e9 mesto Koper a\u017e po zabudnut\u00e9 \u00fatesy v pr\u00edrodnej rezerv\u00e1cii Strunjan. Ka\u017ed\u00fd k\u00fasok pobre\u017eia v tejto oblasti m\u00e1 \u010do pon\u00faknu\u0165. Osobne som si pobre\u017eie v Slovinsku zamilovala doslova na prv\u00e9 ochutnanie. Mala som pr\u00edle\u017eitos\u0165 vraca\u0165 sa sem pred rokmi hne\u010f nieko\u013ekokr\u00e1t v r\u00e1mci novin\u00e1rskych ciest, kedy n\u00e1s miestni sprievodcovia zozn\u00e1mili s t\u00fdmi najzauj\u00edmavej\u0161\u00edmi <\/p>\n","protected":false},"author":1,"featured_media":13978,"comment_status":"closed","ping_status":"closed","sticky":true,"template":"","format":"standard","meta":{"footnotes":""},"categories":[5346],"tags":[5510,5509,5506,5386,5507,5512,5508,5505,5511],"class_list":["post-13977","post","type-post","status-publish","format-standard","has-post-thumbnail","hentry","category-slovinsko","tag-co-vidiet-pri-mori-v-slovinsku","tag-more-slovinsko","tag-pobrezie-v-slovinsku","tag-slovinske-more","tag-slovinske-pobrezie","tag-slovinske-pobrezie-ubytovanie","tag-slovinske-pobrezie-vylety","tag-slovinsko-pobrezie","tag-ubytovanie-slovinsko-more","has_thumb"],"aioseo_notices":[],"_links":{"self":[{"href":"https:\/\/www.dovolenkarka.cz\/sk\/wp-json\/wp\/v2\/posts\/13977","targetHints":{"allow":["GET"]}}],"collection":[{"href":"https:\/\/www.dovolenkarka.cz\/sk\/wp-json\/wp\/v2\/posts"}],"about":[{"href":"https:\/\/www.dovolenkarka.cz\/sk\/wp-json\/wp\/v2\/types\/post"}],"author":[{"embeddable":true,"href":"https:\/\/www.dovolenkarka.cz\/sk\/wp-json\/wp\/v2\/users\/1"}],"replies":[{"embeddable":true,"href":"https:\/\/www.dovolenkarka.cz\/sk\/wp-json\/wp\/v2\/comments?post=13977"}],"version-history":[{"count":2,"href":"https:\/\/www.dovolenkarka.cz\/sk\/wp-json\/wp\/v2\/posts\/13977\/revisions"}],"predecessor-version":[{"id":14022,"href":"https:\/\/www.dovolenkarka.cz\/sk\/wp-json\/wp\/v2\/posts\/13977\/revisions\/14022"}],"wp:featuredmedia":[{"embeddable":true,"href":"https:\/\/www.dovolenkarka.cz\/sk\/wp-json\/wp\/v2\/media\/13978"}],"wp:attachment":[{"href":"https:\/\/www.dovolenkarka.cz\/sk\/wp-json\/wp\/v2\/media?parent=13977"}],"wp:term":[{"taxonomy":"category","embeddable":true,"href":"https:\/\/www.dovolenkarka.cz\/sk\/wp-json\/wp\/v2\/categories?post=13977"},{"taxonomy":"post_tag","embeddable":true,"href":"https:\/\/www.dovolenkarka.cz\/sk\/wp-json\/wp\/v2\/tags?post=13977"}],"curies":[{"name":"wp","href":"https:\/\/api.w.org\/{rel}","templated":true}]}}