{"id":14023,"date":"2025-09-17T23:20:46","date_gmt":"2025-09-17T21:20:46","guid":{"rendered":"https:\/\/www.dovolenkarka.cz\/almsee-jesenny-vylet-do-grunau-im-almtal\/"},"modified":"2026-02-24T16:07:57","modified_gmt":"2026-02-24T15:07:57","slug":"almsee-grunau-im-almtal","status":"publish","type":"post","link":"https:\/\/www.dovolenkarka.cz\/sk\/almsee-grunau-im-almtal\/","title":{"rendered":"Almsee: jesenn\u00fd v\u00fdlet do Gr\u00fcnau im Almtal"},"content":{"rendered":"<div id=\"ez-toc-container\" class=\"ez-toc-v2_0_82_2 counter-hierarchy ez-toc-counter ez-toc-grey ez-toc-container-direction\">\n<div class=\"ez-toc-title-container\">\n<p class=\"ez-toc-title\" style=\"cursor:inherit\">Obsah \u010dl\u00e1nku:<\/p>\n<span class=\"ez-toc-title-toggle\"><a href=\"#\" class=\"ez-toc-pull-right ez-toc-btn ez-toc-btn-xs ez-toc-btn-default ez-toc-toggle\" aria-label=\"Toggle Table of Content\"><span class=\"ez-toc-js-icon-con\"><span class=\"\"><span class=\"eztoc-hide\" style=\"display:none;\">Toggle<\/span><span class=\"ez-toc-icon-toggle-span\"><svg style=\"fill: #999;color:#999\" xmlns=\"http:\/\/www.w3.org\/2000\/svg\" class=\"list-377408\" width=\"20px\" height=\"20px\" viewBox=\"0 0 24 24\" fill=\"none\"><path d=\"M6 6H4v2h2V6zm14 0H8v2h12V6zM4 11h2v2H4v-2zm16 0H8v2h12v-2zM4 16h2v2H4v-2zm16 0H8v2h12v-2z\" fill=\"currentColor\"><\/path><\/svg><svg style=\"fill: #999;color:#999\" class=\"arrow-unsorted-368013\" xmlns=\"http:\/\/www.w3.org\/2000\/svg\" width=\"10px\" height=\"10px\" viewBox=\"0 0 24 24\" version=\"1.2\" baseProfile=\"tiny\"><path d=\"M18.2 9.3l-6.2-6.3-6.2 6.3c-.2.2-.3.4-.3.7s.1.5.3.7c.2.2.4.3.7.3h11c.3 0 .5-.1.7-.3.2-.2.3-.5.3-.7s-.1-.5-.3-.7zM5.8 14.7l6.2 6.3 6.2-6.3c.2-.2.3-.5.3-.7s-.1-.5-.3-.7c-.2-.2-.4-.3-.7-.3h-11c-.3 0-.5.1-.7.3-.2.2-.3.5-.3.7s.1.5.3.7z\"\/><\/svg><\/span><\/span><\/span><\/a><\/span><\/div>\n<nav><ul class='ez-toc-list ez-toc-list-level-1 ' ><li class='ez-toc-page-1 ez-toc-heading-level-2'><a class=\"ez-toc-link ez-toc-heading-1\" href=\"https:\/\/www.dovolenkarka.cz\/sk\/almsee-grunau-im-almtal\/#Almsee_jesenny_vylet_do_Grunau_im_Almtal\" >Almsee: jesenn\u00fd v\u00fdlet do Gr\u00fcnau im Almtal<\/a><ul class='ez-toc-list-level-3' ><li class='ez-toc-heading-level-3'><a class=\"ez-toc-link ez-toc-heading-2\" href=\"https:\/\/www.dovolenkarka.cz\/sk\/almsee-grunau-im-almtal\/#Almsee\" >Almsee<\/a><\/li><li class='ez-toc-page-1 ez-toc-heading-level-3'><a class=\"ez-toc-link ez-toc-heading-3\" href=\"https:\/\/www.dovolenkarka.cz\/sk\/almsee-grunau-im-almtal\/#Ubytovanie_pri_Almsee\" >Ubytovanie pri Almsee<\/a><ul class='ez-toc-list-level-4' ><li class='ez-toc-heading-level-4'><a class=\"ez-toc-link ez-toc-heading-4\" href=\"https:\/\/www.dovolenkarka.cz\/sk\/almsee-grunau-im-almtal\/#JUFA_Hotel_Grunau_im_Almtal\" >JUFA Hotel Gr\u00fcnau im Almtal<\/a><\/li><li class='ez-toc-page-1 ez-toc-heading-level-4'><a class=\"ez-toc-link ez-toc-heading-5\" href=\"https:\/\/www.dovolenkarka.cz\/sk\/almsee-grunau-im-almtal\/#Hochberghaus_Resort\" >Hochberghaus Resort<\/a><\/li><\/ul><\/li><li class='ez-toc-page-1 ez-toc-heading-level-3'><a class=\"ez-toc-link ez-toc-heading-6\" href=\"https:\/\/www.dovolenkarka.cz\/sk\/almsee-grunau-im-almtal\/#Okruzny_chodnik_okolo_Almsee\" >Okru\u017en\u00fd chodn\u00edk okolo Almsee<\/a><\/li><li class='ez-toc-page-1 ez-toc-heading-level-3'><a class=\"ez-toc-link ez-toc-heading-7\" href=\"https:\/\/www.dovolenkarka.cz\/sk\/almsee-grunau-im-almtal\/#Parkovanie_a_cesta_do_Grunau_im_Almtal\" >Parkovanie a cesta do Gr\u00fcnau im Almtal<\/a><\/li><\/ul><\/li><\/ul><\/nav><\/div>\n<h2><span class=\"ez-toc-section\" id=\"Almsee_jesenny_vylet_do_Grunau_im_Almtal\"><\/span>Almsee: jesenn\u00fd v\u00fdlet do Gr\u00fcnau im Almtal<span class=\"ez-toc-section-end\"><\/span><\/h2>\n<p>Nie je tajomstvom, \u017ee m\u00e1me radi jese\u0148 v Rak\u00fasku a v\u00fdlet k horsk\u00e9mu jazeru Almsee, pri Gr\u00fcnau im Almtal, patr\u00ed medzi na\u0161e ob\u013e\u00faben\u00e9 miesta, ktor\u00e9 pravidelne nav\u0161tevujeme.<\/p>\n<p style=\"text-align: center;\"><span style=\"color: #008000;\"><a style=\"color: #008000;\" href=\"https:\/\/booking.stay22.com\/dovolenkarka\/OvYSV5R8r9\" target=\"_blank\" rel=\"noopener\"><strong>&gt;&gt; UK\u00c1ZA\u0164 VO\u013dN\u00c9 UBYTOVANIE V GR\u00dcNAU IM ALMTAL &lt;&lt; <\/strong><\/a><\/span><\/p>\n<h3><a href=\"https:\/\/booking.stay22.com\/dovolenkarka\/OvYSV5R8r9\" target=\"_blank\" rel=\"noopener\"><img loading=\"lazy\" decoding=\"async\" class=\"aligncenter size-full wp-image-9904\" src=\"https:\/\/www.dovolenkarka.cz\/wp-content\/uploads\/2025\/09\/IMG_8060.jpg\" alt=\"Almsee - Dovolenk\u00e1rka\" width=\"1170\" height=\"835\" srcset=\"https:\/\/www.dovolenkarka.cz\/wp-content\/uploads\/2025\/09\/IMG_8060.jpg 1170w, https:\/\/www.dovolenkarka.cz\/wp-content\/uploads\/2025\/09\/IMG_8060-768x548.jpg 768w\" sizes=\"auto, (max-width: 1170px) 100vw, 1170px\" \/><\/a><\/h3>\n<h3><span class=\"ez-toc-section\" id=\"Almsee\"><\/span>Almsee<span class=\"ez-toc-section-end\"><\/span><\/h3>\n<p><span style=\"color: #008000;\"><a style=\"color: #008000;\" href=\"https:\/\/booking.stay22.com\/dovolenkarka\/OvYSV5R8r9\" target=\"_blank\" rel=\"noopener\">Almsee le\u017e\u00ed v Hornom Rak\u00fasku v pohor\u00ed Totes Gebirge, pribli\u017ene 11 kilometrov od obce Gr\u00fcnau im Almtal.<\/a><\/span> Jazero sa nach\u00e1dza v nadmorskej v\u00fd\u0161ke okolo 589 metrov a jeho rozmery s\u00fa cca 2,3 km na 700 m. Maxim\u00e1lna h\u013abka dosahuje asi 5 metrov, tak\u017ee ide sk\u00f4r o plytk\u00e9 horsk\u00e9 jazero.<\/p>\n<p>Almsee je nap\u00e1jan\u00e9 podzemn\u00fdmi prame\u0148mi a potokmi z okolit\u00fdch h\u00f4r a voda z neho odtek\u00e1 do rieky Alm, ktor\u00e1 potom d\u00e1va meno cel\u00e9mu \u00fadoliu. V\u010faka svojej polohe na konci \u00fadolia p\u00f4sob\u00ed miesto uzavreto a chr\u00e1nene, \u010do prispieva k jeho jedine\u010dnej atmosf\u00e9re.<\/p>\n<p><a href=\"https:\/\/booking.stay22.com\/dovolenkarka\/OvYSV5R8r9\" target=\"_blank\" rel=\"noopener\"><img loading=\"lazy\" decoding=\"async\" class=\"aligncenter size-full wp-image-9907\" src=\"https:\/\/www.dovolenkarka.cz\/wp-content\/uploads\/2025\/09\/IMG_8063.jpg\" alt=\"Almsee - Dovolenk\u00e1rka\" width=\"1170\" height=\"851\" srcset=\"https:\/\/www.dovolenkarka.cz\/wp-content\/uploads\/2025\/09\/IMG_8063.jpg 1170w, https:\/\/www.dovolenkarka.cz\/wp-content\/uploads\/2025\/09\/IMG_8063-768x558.jpg 768w\" sizes=\"auto, (max-width: 1170px) 100vw, 1170px\" \/><\/a><\/p>\n<p><a href=\"https:\/\/www.dovolenkarka.cz\/sk\/almsee-grunau-im-almtal\/img_8062\/\" rel=\"attachment wp-att-9906\"><img loading=\"lazy\" decoding=\"async\" class=\"aligncenter size-full wp-image-9906\" src=\"https:\/\/www.dovolenkarka.cz\/wp-content\/uploads\/2025\/09\/IMG_8062.jpg\" alt=\"Almsee - Dovolenk\u00e1rka\" width=\"1170\" height=\"834\" srcset=\"https:\/\/www.dovolenkarka.cz\/wp-content\/uploads\/2025\/09\/IMG_8062.jpg 1170w, https:\/\/www.dovolenkarka.cz\/wp-content\/uploads\/2025\/09\/IMG_8062-768x547.jpg 768w\" sizes=\"auto, (max-width: 1170px) 100vw, 1170px\" \/><\/a><\/p>\n<hr \/>\n<h3><span class=\"ez-toc-section\" id=\"Ubytovanie_pri_Almsee\"><\/span>Ubytovanie pri Almsee<span class=\"ez-toc-section-end\"><\/span><\/h3>\n<p>Priamo pri Almsee ubytovanie nen\u00e1jdete. <span style=\"color: #008000;\"><a style=\"color: #008000;\" href=\"https:\/\/booking.stay22.com\/dovolenkarka\/OvYSV5R8r9\" target=\"_blank\" rel=\"noopener\">Okrem hostinca s p\u00e1r izbami, ktor\u00fd le\u017e\u00ed priamo pri zadnom parkovisku<\/a><\/span> a kam v\u00e1s ich tabu\u013ea s dennou ponukou s najv\u00e4\u010d\u0161ou pravdepodobnos\u0165ou zl\u00e1ka z\u00e1js\u0165 v sez\u00f3ne na obed. Ke\u010f\u017ee je okolie jazera chr\u00e1nenou pr\u00edrodnou oblas\u0165ou a z\u00e1merne sa tu udr\u017eiava pokoj bez hotelov a penzi\u00f3nov, bude tou najlep\u0161ou vo\u013ebou na ubytovanie obec <strong data-start=\"184\" data-end=\"204\">Gr\u00fcnau im Almtal<\/strong>, odkia\u013e je to k jazeru len kr\u00e1tka cesta autom, autobusom alebo na bicykli.<\/p>\n<h4 class=\"ddb12f4f86 pp-header__title\"><span class=\"ez-toc-section\" id=\"JUFA_Hotel_Grunau_im_Almtal\"><\/span><span style=\"color: #000000;\"><strong><a style=\"color: #000000;\" href=\"https:\/\/booking.stay22.com\/dovolenkarka\/Df6nbKVo2v\" target=\"_blank\" rel=\"noopener\">JUFA Hotel Gr\u00fcnau im Almtal<\/a><\/strong><\/span><span class=\"ez-toc-section-end\"><\/span><\/h4>\n<ul>\n<li>Na\u0161e najob\u013e\u00fabenej\u0161ie ubytovanie v pomere cena\/kvalita pre v\u00fdlety v okol\u00ed Gr\u00fcnau im Almtal<\/li>\n<li><span style=\"color: #008000;\"><strong><a style=\"color: #008000;\" href=\"https:\/\/booking.stay22.com\/dovolenkarka\/Df6nbKVo2v\" target=\"_blank\" rel=\"noopener\"><em>Overi\u0165 vo\u013en\u00e9 term\u00edny a rezervova\u0165 pobyt TU<\/em><\/a><\/strong><\/span><\/li>\n<\/ul>\n<p><a href=\"https:\/\/booking.stay22.com\/dovolenkarka\/Df6nbKVo2v\" target=\"_blank\" rel=\"noopener\"><img loading=\"lazy\" decoding=\"async\" class=\"aligncenter size-full wp-image-9912\" src=\"https:\/\/www.dovolenkarka.cz\/wp-content\/uploads\/2025\/09\/Obrazek-24.jpg\" alt=\"JUFA Hotel Gr\u00fcnau im Almtal\" width=\"1024\" height=\"683\" srcset=\"https:\/\/www.dovolenkarka.cz\/wp-content\/uploads\/2025\/09\/Obrazek-24.jpg 1024w, https:\/\/www.dovolenkarka.cz\/wp-content\/uploads\/2025\/09\/Obrazek-24-768x512.jpg 768w\" sizes=\"auto, (max-width: 1024px) 100vw, 1024px\" \/><\/a><\/p>\n<hr \/>\n<h4 class=\"ddb12f4f86 pp-header__title\"><span class=\"ez-toc-section\" id=\"Hochberghaus_Resort\"><\/span><span style=\"color: #000000;\"><strong><a style=\"color: #000000;\" href=\"https:\/\/booking.stay22.com\/dovolenkarka\/YshHEdV0vi\" target=\"_blank\" rel=\"noopener\">Hochberghaus Resort<\/a><\/strong><\/span><span class=\"ez-toc-section-end\"><\/span><\/h4>\n<ul>\n<li>N\u00e1\u0161 tajn\u00fd tip \u2013 tradi\u010dn\u00e9 ubytovanie na kr\u00e1snom mieste, obklopen\u00e9 pr\u00edrodou<\/li>\n<li><span style=\"color: #008000;\"><strong><a style=\"color: #008000;\" href=\"https:\/\/booking.stay22.com\/dovolenkarka\/YshHEdV0vi\" target=\"_blank\" rel=\"noopener\"><em>Overi\u0165 vo\u013en\u00e9 term\u00edny a rezervova\u0165 pobyt TU<\/em><\/a><\/strong><\/span><\/li>\n<\/ul>\n<p><a href=\"https:\/\/booking.stay22.com\/dovolenkarka\/YshHEdV0vi\" target=\"_blank\" rel=\"noopener\"><img loading=\"lazy\" decoding=\"async\" class=\"aligncenter size-full wp-image-9913\" src=\"https:\/\/www.dovolenkarka.cz\/wp-content\/uploads\/2025\/09\/Obrazek-26.jpg\" alt=\"Hochberghaus Resort\" width=\"1024\" height=\"768\" srcset=\"https:\/\/www.dovolenkarka.cz\/wp-content\/uploads\/2025\/09\/Obrazek-26.jpg 1024w, https:\/\/www.dovolenkarka.cz\/wp-content\/uploads\/2025\/09\/Obrazek-26-768x576.jpg 768w\" sizes=\"auto, (max-width: 1024px) 100vw, 1024px\" \/><\/a><\/p>\n<p>V obci aj v okol\u00ed n\u00e1jdete men\u0161ie penzi\u00f3ny, rodinn\u00e9 hotely a apartm\u00e1ny, ktor\u00e9 pon\u00fakaj\u00fa pohodln\u00e9 z\u00e1zemie pre v\u00fdlety k jazeru aj do h\u00f4r. V\u010faka tomu si m\u00f4\u017eete u\u017ei\u0165 celodenn\u00e9 v\u00fdlety nielen k Almsee, ale aj k horsk\u00fdm jazer\u00e1m \u00d6dseen a napr\u00edklad aj k p\u00e1r kilometrov vzdialen\u00e9mu Traunsee.<\/p>\n<ul>\n<li><span style=\"color: #008000;\"><strong><a style=\"color: #008000;\" href=\"https:\/\/www.dovolenkarka.cz\/rakouska-jezera-grunau-im-almtal-tip-na-vylet-k-jezerum-odseen\/\" target=\"_blank\" rel=\"noopener\">Tip na v\u00fdlet k horsk\u00fdm jazer\u00e1m \u00d6dseen<\/a><\/strong><\/span><\/li>\n<li><span style=\"color: #008000;\"><strong><a style=\"color: #008000;\" href=\"https:\/\/rakouskajezera.cz\/dovolena-u-traunsee\/\" target=\"_blank\" rel=\"noopener\">7 tipov na v\u00fdlety pri Traunsee<\/a><\/strong><\/span><\/li>\n<li><span style=\"color: #008000;\"><strong><a style=\"color: #008000;\" href=\"https:\/\/rakouskajezera.cz\/vylet-na-jezero-almsee\/\" target=\"_blank\" rel=\"noopener\">Letn\u00fd v\u00fdlet k horsk\u00e9mu jazeru Almsee<\/a><\/strong><\/span><\/li>\n<\/ul>\n<p><a href=\"https:\/\/www.dovolenkarka.cz\/sk\/obrazek-17-2\/\" rel=\"attachment wp-att-8434\"><img loading=\"lazy\" decoding=\"async\" class=\"aligncenter size-full wp-image-8434\" src=\"https:\/\/www.dovolenkarka.cz\/wp-content\/uploads\/2024\/05\/Obrazek-17.jpg\" alt=\"\u00d6dseen - Jazer\u00e1 v Hornom Rak\u00fasku\" width=\"1170\" height=\"870\" srcset=\"https:\/\/www.dovolenkarka.cz\/wp-content\/uploads\/2024\/05\/Obrazek-17.jpg 1170w, https:\/\/www.dovolenkarka.cz\/wp-content\/uploads\/2024\/05\/Obrazek-17-768x571.jpg 768w\" sizes=\"auto, (max-width: 1170px) 100vw, 1170px\" \/><\/a><\/p>\n<p>&nbsp;<\/p>\n<hr \/>\n<h3><span class=\"ez-toc-section\" id=\"Okruzny_chodnik_okolo_Almsee\"><\/span>Okru\u017en\u00fd chodn\u00edk okolo Almsee<span class=\"ez-toc-section-end\"><\/span><\/h3>\n<p data-start=\"0\" data-end=\"383\"><span style=\"color: #008000;\"><a style=\"color: #008000;\" href=\"https:\/\/booking.stay22.com\/dovolenkarka\/OvYSV5R8r9\" target=\"_blank\" rel=\"noopener\">Okru\u017en\u00fd chodn\u00edk okolo Almsee patr\u00ed k najpohodlnej\u0161\u00edm tras\u00e1m v oblasti<\/a><\/span> a ve\u013emi radi tento v\u00fdlet odpor\u00fa\u010dame pre mal\u00fdch aj star\u0161\u00edch dovolenk\u00e1rov. Meria pribli\u017ene 6 \u2013 9 kilometrov (pod\u013ea zvolenej trasy) a vedie viac-menej po rovinatom, nen\u00e1ro\u010dnom ter\u00e9ne, tak\u017ee ho bez probl\u00e9mov zvl\u00e1dnu aj menej zdatn\u00ed turisti.<\/p>\n<p data-start=\"0\" data-end=\"383\"><a href=\"https:\/\/booking.stay22.com\/dovolenkarka\/OvYSV5R8r9\" target=\"_blank\" rel=\"noopener\"><img loading=\"lazy\" decoding=\"async\" class=\"aligncenter size-full wp-image-9901\" src=\"https:\/\/www.dovolenkarka.cz\/wp-content\/uploads\/2025\/09\/IMG_8054-2.jpg\" alt=\"Almsee - Dovolenk\u00e1rka\" width=\"1170\" height=\"795\" srcset=\"https:\/\/www.dovolenkarka.cz\/wp-content\/uploads\/2025\/09\/IMG_8054-2.jpg 1170w, https:\/\/www.dovolenkarka.cz\/wp-content\/uploads\/2025\/09\/IMG_8054-2-768x521.jpg 768w\" sizes=\"auto, (max-width: 1170px) 100vw, 1170px\" \/><\/a><\/p>\n<p data-start=\"0\" data-end=\"383\">Povrch tvoria preva\u017ene lesn\u00e9 a \u0161trkov\u00e9 cesty, miestami tienen\u00e9 stromami, inde otvoren\u00e9 s kr\u00e1snymi v\u00fdh\u013eadmi na vodn\u00fa hladinu. V\u010faka \u013eahk\u00e9mu pr\u00edstupu od parkoviska je chodn\u00edk vhodn\u00fd aj pre rodiny s men\u0161\u00edmi de\u0165mi.<\/p>\n<p data-start=\"0\" data-end=\"383\"><a href=\"https:\/\/www.dovolenkarka.cz\/sk\/almsee-grunau-im-almtal\/img_8047-2\/\" rel=\"attachment wp-att-9895\"><img loading=\"lazy\" decoding=\"async\" class=\"aligncenter size-full wp-image-9895\" src=\"https:\/\/www.dovolenkarka.cz\/wp-content\/uploads\/2025\/09\/IMG_8047-2.jpg\" alt=\"Almsee na jese\u0148 - Rak\u00faske jazer\u00e1\" width=\"1170\" height=\"809\" srcset=\"https:\/\/www.dovolenkarka.cz\/wp-content\/uploads\/2025\/09\/IMG_8047-2.jpg 1170w, https:\/\/www.dovolenkarka.cz\/wp-content\/uploads\/2025\/09\/IMG_8047-2-768x531.jpg 768w\" sizes=\"auto, (max-width: 1170px) 100vw, 1170px\" \/><\/a><\/p>\n<p data-start=\"385\" data-end=\"865\">Cestou nech\u00fdba mno\u017estvo miest, kde sa oplat\u00ed zastavi\u0165. Najkraj\u0161ie v\u00fdh\u013eady sa otv\u00e1raj\u00fa na severnom brehu, odkia\u013e sa d\u00e1 dobre pozorova\u0165 odraz h\u00f4r na hladine jazera. Zauj\u00edmavos\u0165ou s\u00fa aj vyhliadkov\u00e9 miesta s lavi\u010dkami a informa\u010dn\u00e9 tabule, ktor\u00e9 poskytuj\u00fa bli\u017e\u0161ie inform\u00e1cie o zdej\u0161ej pr\u00edrode.<\/p>\n<p data-start=\"385\" data-end=\"865\"><a href=\"https:\/\/www.dovolenkarka.cz\/sk\/almsee-grunau-im-almtal\/img_8061\/\" rel=\"attachment wp-att-9905\"><img loading=\"lazy\" decoding=\"async\" class=\"aligncenter size-full wp-image-9905\" src=\"https:\/\/www.dovolenkarka.cz\/wp-content\/uploads\/2025\/09\/IMG_8061.jpg\" alt=\"Almsee - Dovolenk\u00e1rka\" width=\"1170\" height=\"840\" srcset=\"https:\/\/www.dovolenkarka.cz\/wp-content\/uploads\/2025\/09\/IMG_8061.jpg 1170w, https:\/\/www.dovolenkarka.cz\/wp-content\/uploads\/2025\/09\/IMG_8061-768x551.jpg 768w\" sizes=\"auto, (max-width: 1170px) 100vw, 1170px\" \/><\/a><\/p>\n<p data-start=\"385\" data-end=\"865\">Ak bude\u0161 ma\u0165 \u0161\u0165astie, zahliadne\u0161 aj vt\u00e1ky hniezdiace v okolit\u00fdch mokradiach, ke\u010f\u017ee oblas\u0165 Almtal je zn\u00e1ma svojou bohatou faunou. Chodn\u00edk navy\u0161e vedie okolo nieko\u013ek\u00fdch men\u0161\u00edch z\u00e1tok, ktor\u00e9 p\u00f4sobia pokojne a ukazuj\u00fa jazero z r\u00f4znych uhlov.<\/p>\n<p data-start=\"867\" data-end=\"1327\" data-is-last-node=\"\" data-is-only-node=\"\">\u010co sa t\u00fdka praktick\u00fdch inform\u00e1ci\u00ed, chodn\u00edk je z ve\u013ekej \u010dasti vhodn\u00fd aj pre ko\u010d\u00edky, len na nieko\u013ek\u00fdch krat\u0161\u00edch \u00fasekoch m\u00f4\u017ee by\u0165 povrch hrub\u0161\u00ed a vy\u017eaduje pevnej\u0161ie kolieska. Odpor\u00fa\u010dam teda outdoorov\u00fd ko\u010d\u00edk. S mestsk\u00fdm ko\u010d\u00edkom prejde\u0161 len \u010das\u0165 chodn\u00edka po ceste. Psy s\u00fa na trase v\u00edtan\u00e9, samozrejme na v\u00f4dzke.<\/p>\n<p data-start=\"867\" data-end=\"1327\" data-is-last-node=\"\" data-is-only-node=\"\"><a href=\"https:\/\/www.dovolenkarka.cz\/sk\/almsee-grunau-im-almtal\/img_8048-2\/\" rel=\"attachment wp-att-9896\"><img loading=\"lazy\" decoding=\"async\" class=\"aligncenter size-full wp-image-9896\" src=\"https:\/\/www.dovolenkarka.cz\/wp-content\/uploads\/2025\/09\/IMG_8048-2.jpg\" alt=\"Almsee na jese\u0148 - Rak\u00faske jazer\u00e1\" width=\"1170\" height=\"815\" srcset=\"https:\/\/www.dovolenkarka.cz\/wp-content\/uploads\/2025\/09\/IMG_8048-2.jpg 1170w, https:\/\/www.dovolenkarka.cz\/wp-content\/uploads\/2025\/09\/IMG_8048-2-768x534.jpg 768w\" sizes=\"auto, (max-width: 1170px) 100vw, 1170px\" \/><\/a><\/p>\n<p data-start=\"867\" data-end=\"1327\" data-is-last-node=\"\" data-is-only-node=\"\">K\u00fapanie v Almsee nie je zak\u00e1zan\u00e9, ale m\u00e1 svoje pravidl\u00e1. Pl\u00e1\u017e ur\u010den\u00fa na k\u00fapanie n\u00e1jde\u0161 v severnej \u010dasti jazera, bli\u017e\u0161ie k hlavn\u00e9mu parkovisku. N\u00e1jde\u0161 tu aj nieko\u013eko s\u00fakromn\u00fdch z\u00e1tok s lavi\u010dkou, kde je takisto mo\u017en\u00e9 sa schladi\u0165 v \u013eadovej vode jazera. Okolie je chr\u00e1nenou pr\u00edrodnou lokalitou, a preto je tu z\u00e1kaz vodn\u00fdch \u0161portov, predov\u0161etk\u00fdm paddleboardu.<\/p>\n<p data-start=\"867\" data-end=\"1327\" data-is-last-node=\"\" data-is-only-node=\"\"><a href=\"https:\/\/www.dovolenkarka.cz\/sk\/almsee-grunau-im-almtal\/img_8052-2\/\" rel=\"attachment wp-att-9899\"><img loading=\"lazy\" decoding=\"async\" class=\"aligncenter size-full wp-image-9899\" src=\"https:\/\/www.dovolenkarka.cz\/wp-content\/uploads\/2025\/09\/IMG_8052-2.jpg\" alt=\"Almsee - Dovolenk\u00e1rka\" width=\"1170\" height=\"788\" srcset=\"https:\/\/www.dovolenkarka.cz\/wp-content\/uploads\/2025\/09\/IMG_8052-2.jpg 1170w, https:\/\/www.dovolenkarka.cz\/wp-content\/uploads\/2025\/09\/IMG_8052-2-768x517.jpg 768w\" sizes=\"auto, (max-width: 1170px) 100vw, 1170px\" \/><\/a><\/p>\n<p data-start=\"867\" data-end=\"1327\" data-is-last-node=\"\" data-is-only-node=\"\"><a href=\"https:\/\/www.dovolenkarka.cz\/sk\/almsee-grunau-im-almtal\/img_8053-2\/\" rel=\"attachment wp-att-9900\"><img loading=\"lazy\" decoding=\"async\" class=\"aligncenter size-full wp-image-9900\" src=\"https:\/\/www.dovolenkarka.cz\/wp-content\/uploads\/2025\/09\/IMG_8053-2.jpg\" alt=\"Almsee - Dovolenk\u00e1rka\" width=\"1170\" height=\"799\" srcset=\"https:\/\/www.dovolenkarka.cz\/wp-content\/uploads\/2025\/09\/IMG_8053-2.jpg 1170w, https:\/\/www.dovolenkarka.cz\/wp-content\/uploads\/2025\/09\/IMG_8053-2-768x524.jpg 768w\" sizes=\"auto, (max-width: 1170px) 100vw, 1170px\" \/><\/a><\/p>\n<p data-start=\"867\" data-end=\"1327\" data-is-last-node=\"\" data-is-only-node=\"\"><a href=\"https:\/\/www.dovolenkarka.cz\/sk\/almsee-grunau-im-almtal\/img_8050-2\/\" rel=\"attachment wp-att-9897\"><img loading=\"lazy\" decoding=\"async\" class=\"aligncenter size-full wp-image-9897\" src=\"https:\/\/www.dovolenkarka.cz\/wp-content\/uploads\/2025\/09\/IMG_8050-2.jpg\" alt=\"Almsee na jese\u0148 - Rak\u00faske jazer\u00e1\" width=\"1170\" height=\"809\" srcset=\"https:\/\/www.dovolenkarka.cz\/wp-content\/uploads\/2025\/09\/IMG_8050-2.jpg 1170w, https:\/\/www.dovolenkarka.cz\/wp-content\/uploads\/2025\/09\/IMG_8050-2-768x531.jpg 768w\" sizes=\"auto, (max-width: 1170px) 100vw, 1170px\" \/><\/a><\/p>\n<p data-start=\"867\" data-end=\"1327\" data-is-last-node=\"\" data-is-only-node=\"\">Aj bez mo\u017enosti vodn\u00fdch aktiv\u00edt v\u0161ak pon\u00faka okru\u017en\u00fd chodn\u00edk okolo Almsee dychber\u00face z\u00e1\u017eitky a sp\u00e1ja pr\u00edjemn\u00fa prech\u00e1dzku s jedine\u010dn\u00fdmi poh\u013eadmi na horsk\u00e9 jazero a okolit\u00fa krajinu.<\/p>\n<blockquote>\n<p style=\"text-align: center;\" data-start=\"867\" data-end=\"1327\" data-is-last-node=\"\" data-is-only-node=\"\"><span style=\"color: #000000;\"><strong><em>M\u00f4j TIP \u2013 T\u00ed n\u00e1ro\u010dnej\u0161\u00ed a fyzicky zdatnej\u0161\u00ed dovolenk\u00e1ri m\u00f4\u017eu vyjs\u0165 na kopec Ameisstein, k dreven\u00e9mu kr\u00ed\u017eu. Po\u010d\u00edtaj so stredne n\u00e1ro\u010dn\u00fdm ter\u00e9nom. <\/em><\/strong><\/span><\/p>\n<p style=\"text-align: center;\" data-start=\"867\" data-end=\"1327\" data-is-last-node=\"\" data-is-only-node=\"\"><em><a href=\"https:\/\/www.dovolenkarka.cz\/sk\/almsee-grunau-im-almtal\/chatgpt-image-17-9-2025-17_26_34\/\" rel=\"attachment wp-att-9888\"><img loading=\"lazy\" decoding=\"async\" class=\"aligncenter size-full wp-image-9888\" src=\"https:\/\/www.dovolenkarka.cz\/wp-content\/uploads\/2025\/09\/ChatGPT-Image-17.-9.-2025-17_26_34.jpeg\" alt=\"Almsee - Ameisstein\" width=\"1536\" height=\"1024\" srcset=\"https:\/\/www.dovolenkarka.cz\/wp-content\/uploads\/2025\/09\/ChatGPT-Image-17.-9.-2025-17_26_34.jpeg 1536w, https:\/\/www.dovolenkarka.cz\/wp-content\/uploads\/2025\/09\/ChatGPT-Image-17.-9.-2025-17_26_34-768x512.jpeg 768w\" sizes=\"auto, (max-width: 1536px) 100vw, 1536px\" \/><\/a> <\/em><\/p>\n<\/blockquote>\n<hr \/>\n<h3 data-start=\"867\" data-end=\"1327\"><span class=\"ez-toc-section\" id=\"Parkovanie_a_cesta_do_Grunau_im_Almtal\"><\/span>Parkovanie a cesta do Gr\u00fcnau im Almtal<span class=\"ez-toc-section-end\"><\/span><\/h3>\n<p data-start=\"867\" data-end=\"1327\">Z \u010cesk\u00fdch Bud\u011bjov\u00edc sa k Almsee dostane\u0161 autom zhruba do troch hod\u00edn. Odvtedy, \u010do n\u00e1m spr\u00edstupnili nov\u00fd \u00fasek dia\u013enice, je cesta do Rak\u00faska e\u0161te r\u00fdchlej\u0161ia. Najr\u00fdchlej\u0161ia trasa vedie cez Linz a \u010falej po dia\u013enici A1 smerom na Salzburg, odkia\u013e odbo\u010d\u00ed\u0161 na Gmunden a pokra\u010duje\u0161 panoramatickou cestou a\u017e do obce Gr\u00fcnau. Nezabudni na rak\u00fasku dia\u013eni\u010dn\u00fa zn\u00e1mku.<\/p>\n<p data-start=\"867\" data-end=\"1327\">Odtia\u013e je to k jazeru e\u0161te asi 12 kilometrov po dobre zna\u010denej ceste. <span style=\"color: #008000;\"><a style=\"color: #008000;\" href=\"https:\/\/booking.stay22.com\/dovolenkarka\/OvYSV5R8r9\" target=\"_blank\" rel=\"noopener\">Priamo pri Almsee n\u00e1jde\u0161 nieko\u013eko parkov\u00edsk, najv\u00e4\u010d\u0161ie je na severnom konci jazera pri v\u00fdtoku rieky Alm<\/a><\/span>. Parkovanie je spoplatnen\u00e9, ale ceny s\u00fa rozumn\u00e9 a automaty ber\u00fa aj platobn\u00e9 karty. V\u010faka dostato\u010dnej kapacite zvy\u010dajne neb\u00fdva probl\u00e9m zaparkova\u0165 ani v letnej sez\u00f3ne, aj ke\u010f v hor\u00facich d\u0148och je lep\u0161ie dorazi\u0165 sk\u00f4r dopoludnia.<\/p>\n<p data-start=\"867\" data-end=\"1327\"><a href=\"https:\/\/booking.stay22.com\/dovolenkarka\/OvYSV5R8r9\" target=\"_blank\" rel=\"noopener\"><img loading=\"lazy\" decoding=\"async\" class=\"aligncenter size-full wp-image-9908\" src=\"https:\/\/www.dovolenkarka.cz\/wp-content\/uploads\/2025\/09\/IMG_8064.jpg\" alt=\"Almsee - Dovolenk\u00e1rka\" width=\"1170\" height=\"808\" srcset=\"https:\/\/www.dovolenkarka.cz\/wp-content\/uploads\/2025\/09\/IMG_8064.jpg 1170w, https:\/\/www.dovolenkarka.cz\/wp-content\/uploads\/2025\/09\/IMG_8064-768x530.jpg 768w\" sizes=\"auto, (max-width: 1170px) 100vw, 1170px\" \/><\/a><\/p>\n<p data-start=\"867\" data-end=\"1327\">D\u00e1 sa parkova\u0165 aj v Gr\u00fcnau im Almtal, pri vlakovej stanici, odkia\u013e k Almsee doraz\u00ed\u0161 miestnym autobusom. Takto sme si u\u017eili jesenn\u00fd v\u00fdlet k jazeru vlani, pri pr\u00edle\u017eitosti d\u0148a bez \u00e1ut. Z tohto v\u00fdletu s\u00fa aj fotografie v dne\u0161nom \u010dl\u00e1nku.<\/p>\n<hr \/>\n<p data-start=\"867\" data-end=\"1327\"><span style=\"color: #000000;\"><strong>Mohlo by v\u00e1s tie\u017e zauj\u00edma\u0165: <\/strong><\/span><\/p>\n<ul>\n<li data-start=\"867\" data-end=\"1327\"><span style=\"color: #008000;\"><strong><a style=\"color: #008000;\" href=\"https:\/\/www.dovolenkarka.cz\/sk\/8-tipov-na-vylety-v-stajersku-rakusko-2026\/\" target=\"_blank\" rel=\"noopener\">8 tipov na v\u00fdlety v \u0160tajersku<\/a><\/strong><\/span><\/li>\n<li data-start=\"867\" data-end=\"1327\"><span style=\"color: #008000;\"><strong><a style=\"color: #008000;\" href=\"https:\/\/rakouskajezera.cz\/9-podzimnich-tipu-na-jezera-v-rakousku\/\" target=\"_blank\" rel=\"noopener\">9 jesenn\u00fdch tipov na jazer\u00e1 v Rak\u00fasku<\/a><\/strong><\/span><\/li>\n<li data-start=\"867\" data-end=\"1327\"><a href=\"https:\/\/rakouskajezera.cz\/worthersee\/\" target=\"_blank\" rel=\"noopener\"><span style=\"color: #008000;\"><strong>W\u00f6rthersee: 11 tipov na v\u00fdlety + ubytovanie<\/strong><\/span><\/a><\/li>\n<\/ul>\n<hr \/>\n<p>&nbsp;<\/p>\n","protected":false},"excerpt":{"rendered":"<p>Almsee: jesenn\u00fd v\u00fdlet do Gr\u00fcnau im Almtal Nie je tajomstvom, \u017ee m\u00e1me radi jese\u0148 v Rak\u00fasku a v\u00fdlet k horsk\u00e9mu jazeru Almsee, pri Gr\u00fcnau im Almtal, patr\u00ed medzi na\u0161e ob\u013e\u00faben\u00e9 miesta, ktor\u00e9 pravidelne nav\u0161tevujeme. &gt;&gt; UK\u00c1ZA\u0164 VO\u013dN\u00c9 UBYTOVANIE V GR\u00dcNAU IM ALMTAL &lt;&lt; Almsee Almsee le\u017e\u00ed v Hornom Rak\u00fasku v pohor\u00ed Totes Gebirge, pribli\u017ene 11 kilometrov od obce Gr\u00fcnau im Almtal. Jazero sa nach\u00e1dza v nadmorskej v\u00fd\u0161ke okolo 589 metrov a jeho rozmery s\u00fa cca 2,3 km na 700 m. Maxim\u00e1lna h\u013abka dosahuje asi 5 metrov, tak\u017ee ide sk\u00f4r o plytk\u00e9 horsk\u00e9 jazero. Almsee je nap\u00e1jan\u00e9 podzemn\u00fdmi prame\u0148mi a potokmi <\/p>\n","protected":false},"author":1,"featured_media":14028,"comment_status":"closed","ping_status":"closed","sticky":false,"template":"","format":"standard","meta":{"footnotes":""},"categories":[5513,5330],"tags":[5515,5516,5517,5514,5518],"class_list":["post-14023","post","type-post","status-publish","format-standard","has-post-thumbnail","hentry","category-rakuske-jazera","category-rakusko","tag-almsee","tag-almsee-na-jesen","tag-jesenny-vylet-do-rakuska","tag-rakuske-jazera-na-jesen","tag-ubytovanie-grunau-im-almtal","has_thumb"],"aioseo_notices":[],"_links":{"self":[{"href":"https:\/\/www.dovolenkarka.cz\/sk\/wp-json\/wp\/v2\/posts\/14023","targetHints":{"allow":["GET"]}}],"collection":[{"href":"https:\/\/www.dovolenkarka.cz\/sk\/wp-json\/wp\/v2\/posts"}],"about":[{"href":"https:\/\/www.dovolenkarka.cz\/sk\/wp-json\/wp\/v2\/types\/post"}],"author":[{"embeddable":true,"href":"https:\/\/www.dovolenkarka.cz\/sk\/wp-json\/wp\/v2\/users\/1"}],"replies":[{"embeddable":true,"href":"https:\/\/www.dovolenkarka.cz\/sk\/wp-json\/wp\/v2\/comments?post=14023"}],"version-history":[{"count":1,"href":"https:\/\/www.dovolenkarka.cz\/sk\/wp-json\/wp\/v2\/posts\/14023\/revisions"}],"predecessor-version":[{"id":14052,"href":"https:\/\/www.dovolenkarka.cz\/sk\/wp-json\/wp\/v2\/posts\/14023\/revisions\/14052"}],"wp:featuredmedia":[{"embeddable":true,"href":"https:\/\/www.dovolenkarka.cz\/sk\/wp-json\/wp\/v2\/media\/14028"}],"wp:attachment":[{"href":"https:\/\/www.dovolenkarka.cz\/sk\/wp-json\/wp\/v2\/media?parent=14023"}],"wp:term":[{"taxonomy":"category","embeddable":true,"href":"https:\/\/www.dovolenkarka.cz\/sk\/wp-json\/wp\/v2\/categories?post=14023"},{"taxonomy":"post_tag","embeddable":true,"href":"https:\/\/www.dovolenkarka.cz\/sk\/wp-json\/wp\/v2\/tags?post=14023"}],"curies":[{"name":"wp","href":"https:\/\/api.w.org\/{rel}","templated":true}]}}