{"id":14029,"date":"2025-09-02T13:58:01","date_gmt":"2025-09-02T11:58:01","guid":{"rendered":"https:\/\/www.dovolenkarka.cz\/vylet-k-hintersee-a-ramsau-do-nemecka\/"},"modified":"2026-02-24T16:14:41","modified_gmt":"2026-02-24T15:14:41","slug":"vylet-k-hintersee-a-ramsau-do-nemecka","status":"publish","type":"post","link":"https:\/\/www.dovolenkarka.cz\/sk\/vylet-k-hintersee-a-ramsau-do-nemecka\/","title":{"rendered":"V\u00fdlet k Hintersee a Ramsau do Nemecka"},"content":{"rendered":"<div id=\"ez-toc-container\" class=\"ez-toc-v2_0_82_2 counter-hierarchy ez-toc-counter ez-toc-grey ez-toc-container-direction\">\n<div class=\"ez-toc-title-container\">\n<p class=\"ez-toc-title\" style=\"cursor:inherit\">Obsah \u010dl\u00e1nku:<\/p>\n<span class=\"ez-toc-title-toggle\"><a href=\"#\" class=\"ez-toc-pull-right ez-toc-btn ez-toc-btn-xs ez-toc-btn-default ez-toc-toggle\" aria-label=\"Toggle Table of Content\"><span class=\"ez-toc-js-icon-con\"><span class=\"\"><span class=\"eztoc-hide\" style=\"display:none;\">Toggle<\/span><span class=\"ez-toc-icon-toggle-span\"><svg style=\"fill: #999;color:#999\" xmlns=\"http:\/\/www.w3.org\/2000\/svg\" class=\"list-377408\" width=\"20px\" height=\"20px\" viewBox=\"0 0 24 24\" fill=\"none\"><path d=\"M6 6H4v2h2V6zm14 0H8v2h12V6zM4 11h2v2H4v-2zm16 0H8v2h12v-2zM4 16h2v2H4v-2zm16 0H8v2h12v-2z\" fill=\"currentColor\"><\/path><\/svg><svg style=\"fill: #999;color:#999\" class=\"arrow-unsorted-368013\" xmlns=\"http:\/\/www.w3.org\/2000\/svg\" width=\"10px\" height=\"10px\" viewBox=\"0 0 24 24\" version=\"1.2\" baseProfile=\"tiny\"><path d=\"M18.2 9.3l-6.2-6.3-6.2 6.3c-.2.2-.3.4-.3.7s.1.5.3.7c.2.2.4.3.7.3h11c.3 0 .5-.1.7-.3.2-.2.3-.5.3-.7s-.1-.5-.3-.7zM5.8 14.7l6.2 6.3 6.2-6.3c.2-.2.3-.5.3-.7s-.1-.5-.3-.7c-.2-.2-.4-.3-.7-.3h-11c-.3 0-.5.1-.7.3-.2.2-.3.5-.3.7s.1.5.3.7z\"\/><\/svg><\/span><\/span><\/span><\/a><\/span><\/div>\n<nav><ul class='ez-toc-list ez-toc-list-level-1 ' ><li class='ez-toc-page-1 ez-toc-heading-level-2'><a class=\"ez-toc-link ez-toc-heading-1\" href=\"https:\/\/www.dovolenkarka.cz\/sk\/vylet-k-hintersee-a-ramsau-do-nemecka\/#Vylet_k_Hintersee_a_Ramsau\" >V\u00fdlet k Hintersee a Ramsau<\/a><ul class='ez-toc-list-level-3' ><li class='ez-toc-heading-level-3'><a class=\"ez-toc-link ez-toc-heading-2\" href=\"https:\/\/www.dovolenkarka.cz\/sk\/vylet-k-hintersee-a-ramsau-do-nemecka\/#Hintersee\" >Hintersee<\/a><\/li><li class='ez-toc-page-1 ez-toc-heading-level-3'><a class=\"ez-toc-link ez-toc-heading-3\" href=\"https:\/\/www.dovolenkarka.cz\/sk\/vylet-k-hintersee-a-ramsau-do-nemecka\/#Ramsau\" >Ramsau<\/a><ul class='ez-toc-list-level-4' ><li class='ez-toc-heading-level-4'><a class=\"ez-toc-link ez-toc-heading-4\" href=\"https:\/\/www.dovolenkarka.cz\/sk\/vylet-k-hintersee-a-ramsau-do-nemecka\/#Kde_a_kedy_je_najlepsie_miesto_na_fotenie_kostolika_v_dedinke_Ramsau\" >Kde a kedy je najlep\u0161ie miesto na fotenie kostol\u00edka v dedinke Ramsau?<\/a><\/li><\/ul><\/li><li class='ez-toc-page-1 ez-toc-heading-level-3'><a class=\"ez-toc-link ez-toc-heading-5\" href=\"https:\/\/www.dovolenkarka.cz\/sk\/vylet-k-hintersee-a-ramsau-do-nemecka\/#Ubytovanie_v_Berchtesgadene_nedaleko_Hintersee_a_Ramsau\" >Ubytovanie v Berchtesgadene (ne\u010faleko Hintersee a Ramsau)<\/a><\/li><\/ul><\/li><\/ul><\/nav><\/div>\n<h2><span class=\"ez-toc-section\" id=\"Vylet_k_Hintersee_a_Ramsau\"><\/span>V\u00fdlet k Hintersee a Ramsau<span class=\"ez-toc-section-end\"><\/span><\/h2>\n<p><span style=\"color: #008000;\"><strong><a style=\"color: #008000;\" href=\"https:\/\/booking.stay22.com\/dovolenkarka\/YSUOeb6E0r\" target=\"_blank\" rel=\"noopener\">V\u00fdlet k Hintersee a do Ramsau je jedn\u00fdm z najkraj\u0161\u00edch<\/a><\/strong><\/span>, ak\u00fd m\u00f4\u017ee\u0161 v nemeckom Bavorsku, pri Berchtesgadene, podnikn\u00fa\u0165. Ja som pre teba dnes pripravila tento tip, aby si si mohol jednoducho napl\u00e1nova\u0165 bu\u010f r\u00fdchly jednod\u0148ov\u00fd v\u00fdlet, alebo pokojne cel\u00fd v\u00edkend na tomto rozpr\u00e1vkovom mieste. A ak sa sem nestihne\u0161 vybra\u0165 v lete, nemus\u00ed\u0161 z\u00fafa\u0165, jese\u0148 je tu nemenej \u010darovn\u00e1.<\/p>\n<hr \/>\n<p style=\"text-align: center;\"><span style=\"color: #008000;\"><a style=\"color: #008000;\" href=\"https:\/\/booking.stay22.com\/dovolenkarka\/YSUOeb6E0r\" target=\"_blank\" rel=\"noopener\"><strong>&gt;&gt; TIPY NA UBYTOVANIE V BERCHTESGADENE &lt;&lt;<\/strong><\/a><\/span><\/p>\n<hr \/>\n<h3><span class=\"ez-toc-section\" id=\"Hintersee\"><\/span>Hintersee<span class=\"ez-toc-section-end\"><\/span><\/h3>\n<p><a href=\"https:\/\/booking.stay22.com\/dovolenkarka\/YSUOeb6E0r\" target=\"_blank\" rel=\"noopener\"><img loading=\"lazy\" decoding=\"async\" class=\"aligncenter size-full wp-image-9870\" src=\"https:\/\/www.dovolenkarka.cz\/wp-content\/uploads\/2025\/09\/germany-4060403_1920-2.jpg\" alt=\"Hintersee pri Ramsau \u2013 Bavorsko\" width=\"1920\" height=\"1280\" srcset=\"https:\/\/www.dovolenkarka.cz\/wp-content\/uploads\/2025\/09\/germany-4060403_1920-2.jpg 1920w, https:\/\/www.dovolenkarka.cz\/wp-content\/uploads\/2025\/09\/germany-4060403_1920-2-768x512.jpg 768w\" sizes=\"auto, (max-width: 1920px) 100vw, 1920px\" \/><\/a><\/p>\n<p><a href=\"https:\/\/www.dovolenkarka.cz\/sk\/vylet-k-hintersee-a-ramsau-do-nemecka\/hintersee-4555484_1920-2\/\" rel=\"attachment wp-att-9869\"><img loading=\"lazy\" decoding=\"async\" class=\"aligncenter size-full wp-image-9869\" src=\"https:\/\/www.dovolenkarka.cz\/wp-content\/uploads\/2025\/09\/hintersee-4555484_1920-2.jpg\" alt=\"Hintersee pri Ramsau \u2013 Bavorsko\" width=\"1920\" height=\"1281\" srcset=\"https:\/\/www.dovolenkarka.cz\/wp-content\/uploads\/2025\/09\/hintersee-4555484_1920-2.jpg 1920w, https:\/\/www.dovolenkarka.cz\/wp-content\/uploads\/2025\/09\/hintersee-4555484_1920-2-768x512.jpg 768w\" sizes=\"auto, (max-width: 1920px) 100vw, 1920px\" \/><\/a><\/p>\n<p>Hintersee patr\u00ed v Bavorsku k men\u0161\u00edm, ale o to \u010darovnej\u0161\u00edm jazer\u00e1m. Rozhodne by som ho teda zaradila medzi najmalebnej\u0161ie mal\u00e9 jazer\u00e1 v Nemecku.<\/p>\n<ul>\n<li data-start=\"103\" data-end=\"192\">\n<p data-start=\"105\" data-end=\"192\">N\u00e1jde\u0161 ho pri <span style=\"color: #000000;\"><strong data-start=\"118\" data-end=\"128\">Ramsau<\/strong><\/span> ne\u010faleko Berchtesgadenu, teda k\u00fasok od zn\u00e1mej\u0161ieho K\u00f6nigssee.<\/p>\n<\/li>\n<li data-start=\"193\" data-end=\"283\">\n<p data-start=\"195\" data-end=\"283\">Jazero je presl\u00e1ven\u00e9 svojou <span style=\"color: #000000;\"><strong data-start=\"219\" data-end=\"246\">kri\u0161t\u00e1\u013eovo \u010distou vodou<\/strong>,<\/span> v ktorej sa odr\u00e1\u017eaj\u00fa okolit\u00e9 hory.<\/p>\n<\/li>\n<li data-start=\"284\" data-end=\"452\">\n<p data-start=\"286\" data-end=\"452\">Okolie Hintersee je romantick\u00e9 \u2013 \u010dasto je predlohou pre maliarov a fotografov. Len tak\u00e1 zauj\u00edmavos\u0165 pre n\u00e1s, milovn\u00edkov umenia, v 19. storo\u010d\u00ed bolo ob\u013e\u00faben\u00e9 u krajink\u00e1rov (hovor\u00ed sa mu dokonca <em data-start=\"415\" data-end=\"428\">Malerwinkel<\/em> \u2013 \u201eMaliarsky k\u00fatik\u201c).<\/p>\n<\/li>\n<li data-start=\"453\" data-end=\"535\">\n<p data-start=\"455\" data-end=\"535\">Okolo jazera vedie nen\u00e1ro\u010dn\u00fd <strong data-start=\"483\" data-end=\"501\">okru\u017en\u00fd chodn\u00edk<\/strong>, tak\u017ee je ide\u00e1lny na prech\u00e1dzku.<\/p>\n<\/li>\n<li data-start=\"536\" data-end=\"652\">\n<p data-start=\"538\" data-end=\"652\">Navy\u0161e hne\u010f v bl\u00edzkosti je rozpr\u00e1vkov\u00fd <span style=\"color: #000000;\"><strong data-start=\"568\" data-end=\"597\">Zauberwald (\u010carovn\u00fd les)<\/strong><\/span> \u2013 oblas\u0165 s balvanmi a potokmi, kde bude\u0161 ma\u0165 dojem, \u017ee si sa ocitol priamo v rozpr\u00e1vke.<\/p>\n<\/li>\n<\/ul>\n<hr \/>\n<h3><span class=\"ez-toc-section\" id=\"Ramsau\"><\/span>Ramsau<span class=\"ez-toc-section-end\"><\/span><\/h3>\n<p><a href=\"https:\/\/booking.stay22.com\/dovolenkarka\/YSUOeb6E0r\" target=\"_blank\" rel=\"noopener\"><img loading=\"lazy\" decoding=\"async\" class=\"aligncenter size-full wp-image-9868\" src=\"https:\/\/www.dovolenkarka.cz\/wp-content\/uploads\/2025\/09\/nature-2809675_1920-2.jpg\" alt=\"Kostol\u00edk v Ramsau ne\u010faleko Hintersee, Bavorsko\" width=\"1920\" height=\"1442\" srcset=\"https:\/\/www.dovolenkarka.cz\/wp-content\/uploads\/2025\/09\/nature-2809675_1920-2.jpg 1920w, https:\/\/www.dovolenkarka.cz\/wp-content\/uploads\/2025\/09\/nature-2809675_1920-2-768x576.jpg 768w\" sizes=\"auto, (max-width: 1920px) 100vw, 1920px\" \/><\/a><\/p>\n<p><strong data-start=\"0\" data-end=\"159\"><span style=\"color: #008000;\"><a style=\"color: #008000;\" href=\"https:\/\/booking.stay22.com\/dovolenkarka\/YSUOeb6E0r\" target=\"_blank\" rel=\"noopener\">Ramsau je malebn\u00e1 alpsk\u00e1 dedinka ne\u010faleko Berchtesgadenu,<\/a><\/span> zn\u00e1ma predov\u0161etk\u00fdm v\u010faka kostol\u00edku sv. Sebasti\u00e1na, ktor\u00fd patr\u00ed k najfotografovanej\u0161\u00edm miestam v Bavorsku.<\/strong> Z centra obce sa za chv\u00ed\u013eu dostane\u0161 k u\u017e spom\u00ednan\u00e9mu jazeru Hintersee a do rozpr\u00e1vkov\u00e9ho Zauberwaldu. Oblas\u0165 je ide\u00e1lna na nen\u00e1ro\u010dn\u00e9 prech\u00e1dzky aj krat\u0161ie v\u00fdlety v hor\u00e1ch, a preto je Ramsau skvel\u00fdm tipom na jednod\u0148ov\u00fa zast\u00e1vku pri cestovan\u00ed po Berchtesgadensk\u00fdch Alp\u00e1ch.<\/p>\n<h4><span class=\"ez-toc-section\" id=\"Kde_a_kedy_je_najlepsie_miesto_na_fotenie_kostolika_v_dedinke_Ramsau\"><\/span>Kde a kedy je najlep\u0161ie miesto na fotenie kostol\u00edka v dedinke Ramsau?<span class=\"ez-toc-section-end\"><\/span><\/h4>\n<p data-start=\"0\" data-end=\"298\"><span style=\"color: #008000;\"><a style=\"color: #008000;\" href=\"https:\/\/booking.stay22.com\/dovolenkarka\/YSUOeb6E0r\" target=\"_blank\" rel=\"noopener\"><span style=\"color: #008000;\"><strong>Najzn\u00e1mej\u0161ie a najkraj\u0161ie fotografie kostol\u00edka sv. Sebasti\u00e1na v Ramsau<\/strong><\/span><\/a><\/span> vznikaj\u00fa od cesty, pri<span style=\"color: #000000;\"><strong data-start=\"77\" data-end=\"126\"> rie\u010dke Ramsauer Ache. <\/strong>Toto miesto<\/span> le\u017e\u00ed len p\u00e1r krokov od kostola a ver\u00edm, \u017ee ho n\u00e1jde\u0161 intuit\u00edvne, pr\u00edpadne pod\u013ea ostatn\u00fdch dovolenk\u00e1rov, ktor\u00fdch tu v sez\u00f3ne ur\u010dite p\u00e1r bude. Odtia\u013eto sa ti otvor\u00ed klasick\u00fd poh\u013ead, kostol\u00edk v popred\u00ed, rie\u010dka s dreven\u00fdm mostom a v pozad\u00ed panor\u00e1ma vrchov Reiter Alm a Hochkalter.<\/p>\n<p data-start=\"300\" data-end=\"408\">Za m\u0148a najlep\u0161\u00ed \u010das na fotenie je r\u00e1no alebo popoludn\u00ed, ke\u010f je svetlo m\u00e4k\u0161ie a hory v pozad\u00ed nie s\u00fa pr\u00edli\u0161 tmav\u00e9. Kr\u00e1sne fotografie tu v\u0161ak vy\u010daruje\u0161 kedyko\u013evek po\u010das d\u0148a.<\/p>\n<hr \/>\n<h3><span class=\"ez-toc-section\" id=\"Ubytovanie_v_Berchtesgadene_nedaleko_Hintersee_a_Ramsau\"><\/span><span style=\"color: #000000;\"><strong><a style=\"color: #000000;\" href=\"https:\/\/booking.stay22.com\/dovolenkarka\/YSUOeb6E0r\" target=\"_blank\" rel=\"noopener\">Ubytovanie v Berchtesgadene (ne\u010faleko Hintersee a Ramsau)<\/a><\/strong><\/span><span class=\"ez-toc-section-end\"><\/span><\/h3>\n<ol>\n<li><span style=\"color: #000000;\"><strong>Lacn\u00fd variant <\/strong><\/span><\/li>\n<\/ol>\n<p><span style=\"color: #000000;\"><a style=\"color: #000000;\" href=\"https:\/\/booking.stay22.com\/dovolenkarka\/fRCKj2h5Z6\" target=\"_blank\" rel=\"noopener\"><strong>Hotel Alpina Ros <\/strong><\/a><\/span><\/p>\n<ul>\n<li><span style=\"color: #000000;\"><strong>Odpor\u00fa\u010dam izbu s balk\u00f3nom a v\u00fdh\u013eadom na okolit\u00e9 Alpy!<\/strong><\/span><\/li>\n<li><span style=\"color: #000000;\"><strong>V\u00fdborne hodnoten\u00fd hotel s baz\u00e9nom a ra\u0148ajkami v Berchtesgadene<\/strong><\/span><\/li>\n<li><span style=\"color: #000000;\"><strong>Ide\u00e1lne, ak ide\u0161 hlavne na v\u00fdlety a potrebuje\u0161 sa dobre vyspa\u0165.<\/strong><\/span><\/li>\n<\/ul>\n<blockquote><p><span style=\"color: #008000;\"><a style=\"color: #008000;\" href=\"https:\/\/booking.stay22.com\/dovolenkarka\/fRCKj2h5Z6\" target=\"_blank\" rel=\"noopener\"><strong><em>&gt; Zisti\u0165 vo\u013en\u00fd term\u00edn a rezervova\u0165 pobyt m\u00f4\u017ee\u0161 tu <\/em><\/strong><\/a><\/span><\/p><\/blockquote>\n<p><a href=\"https:\/\/booking.stay22.com\/dovolenkarka\/fRCKj2h5Z6\" target=\"_blank\" rel=\"noopener\"><img loading=\"lazy\" decoding=\"async\" class=\"aligncenter size-full wp-image-9871\" src=\"https:\/\/www.dovolenkarka.cz\/wp-content\/uploads\/2025\/09\/Obrazek.jpg\" alt=\"Ubytovanie v Berchtesgadene\" width=\"1024\" height=\"575\" srcset=\"https:\/\/www.dovolenkarka.cz\/wp-content\/uploads\/2025\/09\/Obrazek.jpg 1024w, https:\/\/www.dovolenkarka.cz\/wp-content\/uploads\/2025\/09\/Obrazek-768x431.jpg 768w\" sizes=\"auto, (max-width: 1024px) 100vw, 1024px\" \/><\/a><\/p>\n<p><span style=\"color: #000000;\"><strong> 2. Luxusn\u00fd variant<\/strong><\/span><\/p>\n<p class=\"ddb12f4f86 pp-header__title\"><span style=\"color: #000000;\"><a style=\"color: #000000;\" href=\"https:\/\/booking.stay22.com\/dovolenkarka\/4pJuszPhqk\" target=\"_blank\" rel=\"noopener\"><strong>Kempinski Hotel Berchtesgaden<\/strong><\/a><\/span><\/p>\n<ul>\n<li class=\"ddb12f4f86 pp-header__title\"><span style=\"color: #000000;\"><strong>Skvel\u00fd hotel pre n\u00e1ro\u010dn\u00fdch v Berchtesgadene<\/strong><\/span><\/li>\n<li class=\"ddb12f4f86 pp-header__title\"><span style=\"color: #000000;\"><strong>Ide\u00e1lne, ak nejde\u0161 len na v\u00fdlet, ale u\u017ei\u0165 si aj relaxa\u010dn\u00fd v\u00edkend.<\/strong><\/span><\/li>\n<li class=\"ddb12f4f86 pp-header__title\"><span style=\"color: #000000;\"><strong> Je tu vn\u00fatorn\u00fd aj vyhrievan\u00fd vonkaj\u0161\u00ed baz\u00e9n. <\/strong><\/span><\/li>\n<li class=\"ddb12f4f86 pp-header__title\"><span style=\"color: #000000;\"><strong>Odpor\u00fa\u010dam panoramatick\u00e9 izby. V\u00fdh\u013eady tu v Berchtesgadene naozaj stoja za to! <\/strong><\/span><\/li>\n<\/ul>\n<blockquote><p><span style=\"color: #008000;\"><a style=\"color: #008000;\" href=\"https:\/\/booking.stay22.com\/dovolenkarka\/4pJuszPhqk\" target=\"_blank\" rel=\"noopener\"><em><strong>&gt; Zisti\u0165 vo\u013en\u00fd term\u00edn a rezervova\u0165 pobyt tu <\/strong><\/em><\/a><\/span><\/p><\/blockquote>\n<p><a href=\"https:\/\/booking.stay22.com\/dovolenkarka\/4pJuszPhqk\" target=\"_blank\" rel=\"noopener\"><img loading=\"lazy\" decoding=\"async\" class=\"aligncenter size-full wp-image-9872\" src=\"https:\/\/www.dovolenkarka.cz\/wp-content\/uploads\/2025\/09\/Obrazek-1.jpg\" alt=\"Ubytovanie v Berchtesgadene\" width=\"1024\" height=\"768\" srcset=\"https:\/\/www.dovolenkarka.cz\/wp-content\/uploads\/2025\/09\/Obrazek-1.jpg 1024w, https:\/\/www.dovolenkarka.cz\/wp-content\/uploads\/2025\/09\/Obrazek-1-768x576.jpg 768w\" sizes=\"auto, (max-width: 1024px) 100vw, 1024px\" \/><\/a><\/p>\n<hr \/>\n<p><strong data-start=\"97\" data-end=\"194\">Oblas\u0165 okolo jazera Hintersee a dedinky Ramsau patr\u00ed k najmalebnej\u0161\u00edm miestam Bavorsk\u00fdch \u00c1lp.<\/strong> U\u017e v 19. storo\u010d\u00ed ich objavili umelci a spisovatelia, ktor\u00ed sem chodili h\u013eada\u0165 in\u0161pir\u00e1ciu. Nesk\u00f4r si toto prostredie ob\u013e\u00fabili aj film\u00e1ri, preto\u017ee pon\u00faka ide\u00e1lnu kulisu alpskej ve\u013ekoleposti aj romantickej krajiny. A teraz sa sem v\u010faka m\u00f4jmu tipu na v\u00fdlet k Hintersee a Ramsau vyberie\u0161 aj ty. Nech sa ti v\u00edkend vydar\u00ed!<\/p>\n<hr \/>\n<p><span style=\"color: #000000;\"><strong>Mohlo by v\u00e1s tie\u017e zauj\u00edma\u0165: <\/strong><\/span><\/p>\n<ul>\n<li><span style=\"color: #008000;\"><strong><a style=\"color: #008000;\" href=\"https:\/\/rakouskajezera.cz\/strobl-stezka-burglestein\/\" target=\"_blank\" rel=\"noopener\">Strobl \u2013 chodn\u00edk okolo B\u00fcrglsteinu a zo St. Wolfgang sp\u00e4\u0165 lo\u010fou<\/a><\/strong><\/span><\/li>\n<li><span style=\"color: #008000;\"><strong><a style=\"color: #008000;\" href=\"https:\/\/rakouskajezera.cz\/jezera-v-hornim-rakousku-pro-letni-dovolenou\/\" target=\"_blank\" rel=\"noopener\">5 tipov na jazer\u00e1 v Hornom Rak\u00fasku nielen na letn\u00fa dovolenku<\/a><\/strong><\/span><\/li>\n<li><a href=\"https:\/\/www.dovolenkarka.cz\/sk\/8-tipov-na-vylety-v-stajersku-rakusko-2026\/\" target=\"_blank\" rel=\"noopener\"><span style=\"color: #008000;\"><strong>8 tipov na v\u00fdlety v \u0160tajersku<\/strong><\/span><\/a><\/li>\n<li><span style=\"color: #008000;\"><a style=\"color: #008000;\" href=\"https:\/\/www.dovolenkarka.cz\/sk\/vikend-v-limone-sul-garda\/\" target=\"_blank\" rel=\"noopener\"><strong>V\u00edkend v Limone sul Garda <\/strong><\/a><\/span><\/li>\n<\/ul>\n<hr \/>\n<p style=\"text-align: center;\"><iframe loading=\"lazy\" src=\"https:\/\/assets.pinterest.com\/ext\/embed.html?id=1049057306961802165\" width=\"345\" height=\"714\" frameborder=\"0\" scrolling=\"no\"><\/iframe><\/p>\n","protected":false},"excerpt":{"rendered":"<p>V\u00fdlet k Hintersee a Ramsau V\u00fdlet k Hintersee a do Ramsau je jedn\u00fdm z najkraj\u0161\u00edch, ak\u00fd m\u00f4\u017ee\u0161 v nemeckom Bavorsku, pri Berchtesgadene, podnikn\u00fa\u0165. Ja som pre teba dnes pripravila tento tip, aby si si mohol jednoducho napl\u00e1nova\u0165 bu\u010f r\u00fdchly jednod\u0148ov\u00fd v\u00fdlet, alebo pokojne cel\u00fd v\u00edkend na tomto rozpr\u00e1vkovom mieste. A ak sa sem nestihne\u0161 vybra\u0165 v lete, nemus\u00ed\u0161 z\u00fafa\u0165, jese\u0148 je tu nemenej \u010darovn\u00e1. &gt;&gt; TIPY NA UBYTOVANIE V BERCHTESGADENE &lt;&lt; Hintersee Hintersee patr\u00ed v Bavorsku k men\u0161\u00edm, ale o to \u010darovnej\u0161\u00edm jazer\u00e1m. Rozhodne by som ho teda zaradila medzi najmalebnej\u0161ie mal\u00e9 jazer\u00e1 v Nemecku. N\u00e1jde\u0161 ho pri Ramsau ne\u010faleko <\/p>\n","protected":false},"author":1,"featured_media":14031,"comment_status":"closed","ping_status":"closed","sticky":true,"template":"","format":"standard","meta":{"footnotes":""},"categories":[5519],"tags":[5522,5524,5521,5520,5523],"class_list":["post-14029","post","type-post","status-publish","format-standard","has-post-thumbnail","hentry","category-nemecko","tag-hintersee-a-ramsau","tag-ubytovanie-v-berchtesgadene","tag-vylet-do-ramsau","tag-vylet-k-hintersee","tag-vylet-k-hintersee-a-ramsau","has_thumb"],"aioseo_notices":[],"_links":{"self":[{"href":"https:\/\/www.dovolenkarka.cz\/sk\/wp-json\/wp\/v2\/posts\/14029","targetHints":{"allow":["GET"]}}],"collection":[{"href":"https:\/\/www.dovolenkarka.cz\/sk\/wp-json\/wp\/v2\/posts"}],"about":[{"href":"https:\/\/www.dovolenkarka.cz\/sk\/wp-json\/wp\/v2\/types\/post"}],"author":[{"embeddable":true,"href":"https:\/\/www.dovolenkarka.cz\/sk\/wp-json\/wp\/v2\/users\/1"}],"replies":[{"embeddable":true,"href":"https:\/\/www.dovolenkarka.cz\/sk\/wp-json\/wp\/v2\/comments?post=14029"}],"version-history":[{"count":1,"href":"https:\/\/www.dovolenkarka.cz\/sk\/wp-json\/wp\/v2\/posts\/14029\/revisions"}],"predecessor-version":[{"id":14057,"href":"https:\/\/www.dovolenkarka.cz\/sk\/wp-json\/wp\/v2\/posts\/14029\/revisions\/14057"}],"wp:featuredmedia":[{"embeddable":true,"href":"https:\/\/www.dovolenkarka.cz\/sk\/wp-json\/wp\/v2\/media\/14031"}],"wp:attachment":[{"href":"https:\/\/www.dovolenkarka.cz\/sk\/wp-json\/wp\/v2\/media?parent=14029"}],"wp:term":[{"taxonomy":"category","embeddable":true,"href":"https:\/\/www.dovolenkarka.cz\/sk\/wp-json\/wp\/v2\/categories?post=14029"},{"taxonomy":"post_tag","embeddable":true,"href":"https:\/\/www.dovolenkarka.cz\/sk\/wp-json\/wp\/v2\/tags?post=14029"}],"curies":[{"name":"wp","href":"https:\/\/api.w.org\/{rel}","templated":true}]}}