{"id":14635,"date":"2026-03-16T22:12:00","date_gmt":"2026-03-16T21:12:00","guid":{"rendered":"https:\/\/www.dovolenkarka.cz\/costa-brava-9-najkrajsich-miest-pre-letnu-dovolenku-pri-mori\/"},"modified":"2026-03-17T17:04:54","modified_gmt":"2026-03-17T16:04:54","slug":"costa-brava","status":"publish","type":"post","link":"https:\/\/www.dovolenkarka.cz\/sk\/costa-brava\/","title":{"rendered":"Costa Brava: 9 najkraj\u0161\u00edch miest pre letn\u00fa dovolenku pri mori"},"content":{"rendered":"<p data-start=\"61\" data-end=\"395\">Costa Brava patr\u00ed prekvapivo k najkraj\u0161\u00edm a najdramatickej\u0161\u00edm \u00fasekom stredomorsk\u00e9ho pobre\u017eia. Skalnat\u00e9 \u00fatesy striedaj\u00fa mal\u00e9 z\u00e1toky, star\u00e9 ryb\u00e1rske dediny a tie\u017e elegantn\u00e9 letovisk\u00e1, ktor\u00e9 s\u00fa ob\u013e\u00faben\u00e9 u turistov prakticky z cel\u00e9ho sveta. Nadchne \u0165a aj kri\u0161t\u00e1\u013eovo \u010dist\u00e9 more a p\u00edniov\u00e9 lesy.<\/p>\n<div id=\"ez-toc-container\" class=\"ez-toc-v2_0_82_2 counter-hierarchy ez-toc-counter ez-toc-grey ez-toc-container-direction\">\n<div class=\"ez-toc-title-container\">\n<p class=\"ez-toc-title\" style=\"cursor:inherit\">Obsah \u010dl\u00e1nku:<\/p>\n<span class=\"ez-toc-title-toggle\"><a href=\"#\" class=\"ez-toc-pull-right ez-toc-btn ez-toc-btn-xs ez-toc-btn-default ez-toc-toggle\" aria-label=\"Toggle Table of Content\"><span class=\"ez-toc-js-icon-con\"><span class=\"\"><span class=\"eztoc-hide\" style=\"display:none;\">Toggle<\/span><span class=\"ez-toc-icon-toggle-span\"><svg style=\"fill: #999;color:#999\" xmlns=\"http:\/\/www.w3.org\/2000\/svg\" class=\"list-377408\" width=\"20px\" height=\"20px\" viewBox=\"0 0 24 24\" fill=\"none\"><path d=\"M6 6H4v2h2V6zm14 0H8v2h12V6zM4 11h2v2H4v-2zm16 0H8v2h12v-2zM4 16h2v2H4v-2zm16 0H8v2h12v-2z\" fill=\"currentColor\"><\/path><\/svg><svg style=\"fill: #999;color:#999\" class=\"arrow-unsorted-368013\" xmlns=\"http:\/\/www.w3.org\/2000\/svg\" width=\"10px\" height=\"10px\" viewBox=\"0 0 24 24\" version=\"1.2\" baseProfile=\"tiny\"><path d=\"M18.2 9.3l-6.2-6.3-6.2 6.3c-.2.2-.3.4-.3.7s.1.5.3.7c.2.2.4.3.7.3h11c.3 0 .5-.1.7-.3.2-.2.3-.5.3-.7s-.1-.5-.3-.7zM5.8 14.7l6.2 6.3 6.2-6.3c.2-.2.3-.5.3-.7s-.1-.5-.3-.7c-.2-.2-.4-.3-.7-.3h-11c-.3 0-.5.1-.7.3-.2.2-.3.5-.3.7s.1.5.3.7z\"\/><\/svg><\/span><\/span><\/span><\/a><\/span><\/div>\n<nav><ul class='ez-toc-list ez-toc-list-level-1 ' ><li class='ez-toc-page-1 ez-toc-heading-level-2'><a class=\"ez-toc-link ez-toc-heading-1\" href=\"https:\/\/www.dovolenkarka.cz\/sk\/costa-brava\/#Costa_Brava\" >Costa Brava<\/a><\/li><li class='ez-toc-page-1 ez-toc-heading-level-2'><a class=\"ez-toc-link ez-toc-heading-2\" href=\"https:\/\/www.dovolenkarka.cz\/sk\/costa-brava\/#Ubytovanie_na_Costa_Brava\" >Ubytovanie na Costa Brava<\/a><\/li><li class='ez-toc-page-1 ez-toc-heading-level-2'><a class=\"ez-toc-link ez-toc-heading-3\" href=\"https:\/\/www.dovolenkarka.cz\/sk\/costa-brava\/#Najkrajsie_miesta_na_Costa_Brava\" >Najkraj\u0161ie miesta na Costa Brava<\/a><ul class='ez-toc-list-level-3' ><li class='ez-toc-heading-level-3'><a class=\"ez-toc-link ez-toc-heading-4\" href=\"https:\/\/www.dovolenkarka.cz\/sk\/costa-brava\/#1_Cadaques\" >1. Cadaqu\u00e9s<\/a><\/li><li class='ez-toc-page-1 ez-toc-heading-level-3'><a class=\"ez-toc-link ez-toc-heading-5\" href=\"https:\/\/www.dovolenkarka.cz\/sk\/costa-brava\/#2_Tossa_de_Mar_%E2%80%93_Costa_Brava\" >2. Tossa de Mar &#8211; Costa Brava<\/a><\/li><li class='ez-toc-page-1 ez-toc-heading-level-3'><a class=\"ez-toc-link ez-toc-heading-6\" href=\"https:\/\/www.dovolenkarka.cz\/sk\/costa-brava\/#3_Calella_de_Palafrugell\" >3. Calella de Palafrugell<\/a><\/li><li class='ez-toc-page-1 ez-toc-heading-level-3'><a class=\"ez-toc-link ez-toc-heading-7\" href=\"https:\/\/www.dovolenkarka.cz\/sk\/costa-brava\/#4_Lloret_de_Mar_%E2%80%93_Costa_Brava\" >4. Lloret de Mar &#8211; Costa Brava<\/a><\/li><li class='ez-toc-page-1 ez-toc-heading-level-3'><a class=\"ez-toc-link ez-toc-heading-8\" href=\"https:\/\/www.dovolenkarka.cz\/sk\/costa-brava\/#5_Llafranc\" >5. Llafranc<\/a><\/li><li class='ez-toc-page-1 ez-toc-heading-level-3'><a class=\"ez-toc-link ez-toc-heading-9\" href=\"https:\/\/www.dovolenkarka.cz\/sk\/costa-brava\/#6_Tamariu_%E2%80%93_Costa_Brava\" >6. Tamariu &#8211; Costa Brava<\/a><\/li><li class='ez-toc-page-1 ez-toc-heading-level-3'><a class=\"ez-toc-link ez-toc-heading-10\" href=\"https:\/\/www.dovolenkarka.cz\/sk\/costa-brava\/#7_Begur\" >7. Begur<\/a><\/li><li class='ez-toc-page-1 ez-toc-heading-level-3'><a class=\"ez-toc-link ez-toc-heading-11\" href=\"https:\/\/www.dovolenkarka.cz\/sk\/costa-brava\/#8_Roses\" >8. Roses<\/a><\/li><li class='ez-toc-page-1 ez-toc-heading-level-3'><a class=\"ez-toc-link ez-toc-heading-12\" href=\"https:\/\/www.dovolenkarka.cz\/sk\/costa-brava\/#9_LEstartit_%E2%80%93_Costa_Brava\" >9. L\u2019Estartit &#8211; Costa Brava<\/a><\/li><\/ul><\/li><\/ul><\/nav><\/div>\n<h2 data-start=\"61\" data-end=\"395\"><span class=\"ez-toc-section\" id=\"Costa_Brava\"><\/span><span style=\"color: #000000;\"><strong><a style=\"color: #000000;\" href=\"https:\/\/www.booking.com\/searchresults.en.html?region=1387&amp;aid=347511&amp;no_rooms=1&amp;group_adults=2\" target=\"_blank\" rel=\"noopener\">Costa Brava<\/a><\/strong><\/span><span class=\"ez-toc-section-end\"><\/span><\/h2>\n<hr \/>\n<p style=\"text-align: center;\"><span style=\"color: #008000;\"><a style=\"color: #008000;\" href=\"https:\/\/www.booking.com\/searchresults.en.html?region=1387&amp;aid=347511&amp;no_rooms=1&amp;group_adults=2\" target=\"_blank\" rel=\"noopener\"><strong>&gt; TOP 10 UBYTOVAN\u00cd NA COSTA BRAVA <\/strong><\/a><\/span><\/p>\n<p><a href=\"https:\/\/www.dovolenkarka.cz\/sk\/costa-brava\/pexels-rolf-gremberghoven-956040480-29111220\/\" rel=\"attachment wp-att-14607\"><img loading=\"lazy\" decoding=\"async\" class=\"aligncenter size-full wp-image-14607\" src=\"https:\/\/www.dovolenkarka.cz\/wp-content\/uploads\/2026\/03\/pexels-rolf-gremberghoven-956040480-29111220-scaled.jpg\" alt=\"Costa Brava \u0160panielsko\" width=\"2560\" height=\"2560\" srcset=\"https:\/\/www.dovolenkarka.cz\/wp-content\/uploads\/2026\/03\/pexels-rolf-gremberghoven-956040480-29111220-scaled.jpg 2560w, https:\/\/www.dovolenkarka.cz\/wp-content\/uploads\/2026\/03\/pexels-rolf-gremberghoven-956040480-29111220-300x300.jpg 300w, https:\/\/www.dovolenkarka.cz\/wp-content\/uploads\/2026\/03\/pexels-rolf-gremberghoven-956040480-29111220-150x150.jpg 150w, https:\/\/www.dovolenkarka.cz\/wp-content\/uploads\/2026\/03\/pexels-rolf-gremberghoven-956040480-29111220-1536x1536.jpg 1536w, https:\/\/www.dovolenkarka.cz\/wp-content\/uploads\/2026\/03\/pexels-rolf-gremberghoven-956040480-29111220-2048x2048.jpg 2048w, https:\/\/www.dovolenkarka.cz\/wp-content\/uploads\/2026\/03\/pexels-rolf-gremberghoven-956040480-29111220-70x70.jpg 70w\" sizes=\"auto, (max-width: 2560px) 100vw, 2560px\" \/><\/a><\/p>\n<p data-start=\"61\" data-end=\"395\">Pobre\u017eie v provincii <span class=\"hover:entity-accent entity-underline inline cursor-pointer align-baseline\"><span class=\"whitespace-normal\">Girona<\/span><\/span> pon\u00faka stovky pl\u00e1\u017e\u00ed a je len na tebe, \u010di \u0165a, rovnako ako n\u00e1s, zl\u00e1kaj\u00fa divok\u00e9 z\u00e1toky alebo dlh\u00e9 pieso\u010dn\u00e9 pl\u00e1\u017ee, ktor\u00e9 n\u00e1jde\u0161 v\u00e4\u010d\u0161inou pri mest\u00e1ch. Sp\u00edsala som pre teba dev\u00e4\u0165 miest, ktor\u00e9 patria k t\u00fdm najkraj\u0161\u00edm, \u010do <span class=\"hover:entity-accent entity-underline inline cursor-pointer align-baseline\"><span class=\"whitespace-normal\">Costa Brava<\/span><\/span> pon\u00faka pre (nielen) letn\u00fa dovolenku v \u0160panielsku pri mori.<\/p>\n<hr \/>\n<h2 data-start=\"397\" data-end=\"530\"><span class=\"ez-toc-section\" id=\"Ubytovanie_na_Costa_Brava\"><\/span><span style=\"color: #000000;\"><a style=\"color: #000000;\" href=\"https:\/\/www.booking.com\/searchresults.en.html?region=1387&amp;aid=347511&amp;no_rooms=1&amp;group_adults=2\" target=\"_blank\" rel=\"noopener\"><strong>Ubytovanie na Costa Brava<\/strong><\/a><\/span><span class=\"ez-toc-section-end\"><\/span><\/h2>\n<p style=\"text-align: center;\"><span style=\"color: #000000;\"><a style=\"color: #000000;\" href=\"https:\/\/www.booking.com\/searchresults.en.html?region=1387&amp;aid=347511&amp;no_rooms=1&amp;group_adults=2\" target=\"_blank\" rel=\"noopener\"><strong>Vyh\u013eadaj si ubytovanie na Costa Brava pod\u013ea mapy: <\/strong><\/a><\/span><\/p>\n<p style=\"text-align: center;\"><iframe loading=\"lazy\" id=\"stay22-widget\" src=\"https:\/\/stay22.com\/embed\/69b85a86ba1338e76a2e4b59\" width=\"100%\" height=\"428\" frameborder=\"0\"><\/iframe><\/p>\n<hr \/>\n<h2 data-start=\"397\" data-end=\"530\"><span class=\"ez-toc-section\" id=\"Najkrajsie_miesta_na_Costa_Brava\"><\/span><span style=\"color: #000000;\"><a style=\"color: #000000;\" href=\"https:\/\/www.booking.com\/searchresults.en.html?region=1387&amp;aid=347511&amp;no_rooms=1&amp;group_adults=2\" target=\"_blank\" rel=\"noopener\">Najkraj\u0161ie miesta na Costa Brava<\/a><\/span><span class=\"ez-toc-section-end\"><\/span><\/h2>\n<h3><span class=\"ez-toc-section\" id=\"1_Cadaques\"><\/span>1. Cadaqu\u00e9s<span class=\"ez-toc-section-end\"><\/span><\/h3>\n<p data-start=\"591\" data-end=\"852\">Meste\u010dko, ktor\u00e9 sa nach\u00e1dza na severnom konci Costa Brava, na n\u00e1s p\u00f4sobilo, akoby sme boli na ostrove. Vedie sem jedin\u00e1 cesta cez kopce pr\u00edrodn\u00e9ho parku <span class=\"hover:entity-accent entity-underline inline cursor-pointer align-baseline\"><span class=\"whitespace-normal\">Cap de Creus Natural Park a rozhodne stoj\u00ed minim\u00e1lne za jednod\u0148ov\u00fd v\u00fdlet. Uchv\u00e1tia \u0165a b<\/span><\/span>iele domy, \u00fazke uli\u010dky a tie\u017e skalnat\u00e9 pobre\u017eie, ktor\u00e9 vytv\u00e1ra jednu z najfotogenickej\u0161\u00edch scen\u00e9ri\u00ed na pobre\u017e\u00ed Costa Brava.<\/p>\n<p data-start=\"591\" data-end=\"852\"><a href=\"https:\/\/www.dovolenkarka.cz\/sk\/costa-brava\/pexels-lorena-villarreal-546639145-20843247\/\" rel=\"attachment wp-att-14617\"><img loading=\"lazy\" decoding=\"async\" class=\"aligncenter size-full wp-image-14617\" src=\"https:\/\/www.dovolenkarka.cz\/wp-content\/uploads\/2026\/03\/pexels-lorena-villarreal-546639145-20843247.jpg\" alt=\"Costa Brava - Cadaqu\u00e9s\" width=\"1920\" height=\"1568\" srcset=\"https:\/\/www.dovolenkarka.cz\/wp-content\/uploads\/2026\/03\/pexels-lorena-villarreal-546639145-20843247.jpg 1920w, https:\/\/www.dovolenkarka.cz\/wp-content\/uploads\/2026\/03\/pexels-lorena-villarreal-546639145-20843247-768x627.jpg 768w\" sizes=\"auto, (max-width: 1920px) 100vw, 1920px\" \/><\/a><\/p>\n<p data-start=\"854\" data-end=\"1126\">Cadaqu\u00e9s si st\u00e1le zachov\u00e1va autentick\u00fa atmosf\u00e9ru starej ryb\u00e1rskej dediny. V okol\u00ed n\u00e1jde\u0161 mal\u00e9 kamenist\u00e9 z\u00e1toky s tyrkysovou vodou a s\u00fa ide\u00e1lne aj na \u0161norchlovanie. Ne\u010faleko stoj\u00ed dom <span class=\"hover:entity-accent entity-underline inline cursor-pointer align-baseline\"><span class=\"whitespace-normal\">Salvadora Dal\u00edho<\/span><\/span> v Port Lligate, \u010do je jedno z najzauj\u00edmavej\u0161\u00edch m\u00faze\u00ed v Katal\u00e1nsku.<\/p>\n<h3 data-start=\"854\" data-end=\"1126\"><span class=\"ez-toc-section\" id=\"2_Tossa_de_Mar_%E2%80%93_Costa_Brava\"><\/span>2. Tossa de Mar &#8211; Costa Brava<span class=\"ez-toc-section-end\"><\/span><\/h3>\n<p data-start=\"1191\" data-end=\"1404\">Jedno z m\u00e1la miest na \u0161panielskom pobre\u017e\u00ed, kde sa stredovek\u00e9 hradby t\u00fd\u010dia priamo nad pl\u00e1\u017eou. Historick\u00e9 centrum <span class=\"hover:entity-accent entity-underline inline cursor-pointer align-baseline\"><span class=\"whitespace-normal\">Vila Vella<\/span><\/span> je jedin\u00fdm zachovan\u00fdm opevnen\u00fdm pobre\u017en\u00fdm mestom na Costa Brava.<\/p>\n<p data-start=\"1191\" data-end=\"1404\">Pod hradbami le\u017e\u00ed hlavn\u00e1 pl\u00e1\u017e Platja Gran s jemn\u00fdm pieskom a v\u00fdh\u013eadom na kamenn\u00e9 ve\u017ee. Sta\u010d\u00ed v\u0161ak prejs\u0165 p\u00e1r min\u00fat a objav\u00ed\u0161 aj men\u0161ie z\u00e1toky ako Cala Pola alebo Cala Giverola.<\/p>\n<p data-start=\"1191\" data-end=\"1404\"><a href=\"https:\/\/www.dovolenkarka.cz\/sk\/costa-brava\/falco-costa-brava-4272955_1920-2\/\" rel=\"attachment wp-att-14614\"><img loading=\"lazy\" decoding=\"async\" class=\"aligncenter size-full wp-image-14614\" src=\"https:\/\/www.dovolenkarka.cz\/wp-content\/uploads\/2026\/03\/falco-costa-brava-4272955_1920-1.jpg\" alt=\"Tossa de Mar \u2013 Costa Brava\" width=\"1920\" height=\"1279\" srcset=\"https:\/\/www.dovolenkarka.cz\/wp-content\/uploads\/2026\/03\/falco-costa-brava-4272955_1920-1.jpg 1920w, https:\/\/www.dovolenkarka.cz\/wp-content\/uploads\/2026\/03\/falco-costa-brava-4272955_1920-1-768x511.jpg 768w\" sizes=\"auto, (max-width: 1920px) 100vw, 1920px\" \/><\/a><\/p>\n<p data-start=\"1406\" data-end=\"1625\">\u010eal\u0161ie tipy, \u010do vidie\u0165 v Tossa de Mar a kde sa tu ubytova\u0165, som sp\u00edsala do samostatn\u00e9ho \u010dl\u00e1nku:<\/p>\n<ul>\n<li data-start=\"1406\" data-end=\"1625\"><a href=\"https:\/\/www.dovolenkarka.cz\/sk\/tossa-de-mar-9-tipov-co-vidiet-v-tossa-de-mar-ubytovanie\/\" target=\"_blank\" rel=\"noopener\"><span style=\"color: #008000;\"><strong>Tossa de Mar: 9 tipov, \u010do vidie\u0165 a kde sa ubytova\u0165 v Tossa de Mar <\/strong><\/span><\/a><\/li>\n<\/ul>\n<h3 data-start=\"1406\" data-end=\"1625\"><span class=\"ez-toc-section\" id=\"3_Calella_de_Palafrugell\"><\/span>3. Calella de Palafrugell<span class=\"ez-toc-section-end\"><\/span><\/h3>\n<p data-start=\"1700\" data-end=\"1863\">Mal\u00e9 ryb\u00e1rske meste\u010dko, ktor\u00e9 sa po\u010das rokov premenilo na jedno z najp\u00f4vabnej\u0161\u00edch letov\u00edsk regi\u00f3nu. Biele dom\u010deky stoja tesne pri mori a medzi nimi sa otv\u00e1raj\u00fa mal\u00e9 pieso\u010dn\u00e9 z\u00e1toky. Najzn\u00e1mej\u0161ia je pl\u00e1\u017e Port Bo s obl\u00fakmi star\u00fdch loden\u00edc. Odtia\u013eto vedie pobre\u017en\u00fd chodn\u00edk <span class=\"hover:entity-accent entity-underline inline cursor-pointer align-baseline\"><span class=\"whitespace-normal\">Cam\u00ed de Ronda<\/span><\/span>, ktor\u00fd patr\u00ed k najkraj\u0161\u00edm pe\u0161\u00edm tras\u00e1m na Costa Brava.<\/p>\n<p data-start=\"1700\" data-end=\"1863\"><a href=\"https:\/\/www.dovolenkarka.cz\/sk\/costa-brava\/pexels-matoga-10421085\/\" rel=\"attachment wp-att-14618\"><img loading=\"lazy\" decoding=\"async\" class=\"aligncenter size-full wp-image-14618\" src=\"https:\/\/www.dovolenkarka.cz\/wp-content\/uploads\/2026\/03\/pexels-matoga-10421085.jpg\" alt=\"Costa Brava\" width=\"1920\" height=\"1280\" srcset=\"https:\/\/www.dovolenkarka.cz\/wp-content\/uploads\/2026\/03\/pexels-matoga-10421085.jpg 1920w, https:\/\/www.dovolenkarka.cz\/wp-content\/uploads\/2026\/03\/pexels-matoga-10421085-768x512.jpg 768w\" sizes=\"auto, (max-width: 1920px) 100vw, 1920px\" \/><\/a><\/p>\n<h3 data-start=\"1865\" data-end=\"2056\"><span class=\"ez-toc-section\" id=\"4_Lloret_de_Mar_%E2%80%93_Costa_Brava\"><\/span>4. Lloret de Mar &#8211; Costa Brava<span class=\"ez-toc-section-end\"><\/span><\/h3>\n<p data-start=\"42\" data-end=\"378\"><span class=\"hover:entity-accent entity-underline inline cursor-pointer align-baseline\"><span class=\"whitespace-normal\">Lloret de Mar<\/span><\/span> je jedn\u00fdm z najv\u00e4\u010d\u0161\u00edch a najzn\u00e1mej\u0161\u00edch miest cel\u00e9ho pobre\u017eia. Popravde, \u0165a\u017eko by som asi h\u013eadala niekoho, kto o tomto letovisku niekedy minim\u00e1lne nepo\u010dul. Le\u017e\u00ed v ju\u017enej \u010dasti Costa Brava a je pr\u00e1vom pova\u017eovan\u00e9 za najv\u00e4\u010d\u0161ie turistick\u00e9 centrum tejto oblasti. Z\u00e1rove\u0148 je tie\u017e centrom no\u010dn\u00e9ho \u017eivota a ve\u013ek\u00fdch hotelov\u00fdch rezortov.<\/p>\n<p data-start=\"42\" data-end=\"378\">V meste n\u00e1jde\u0161 na pobre\u017e\u00ed dlh\u00fa mestsk\u00fa pl\u00e1\u017e Platja de Lloret, ktor\u00e1 je v hlavnej letnej sez\u00f3ne obzvl\u00e1\u0161\u0165 ru\u0161n\u00e1. V okol\u00ed sa ale nach\u00e1dza aj nieko\u013eko pekn\u00fdch men\u0161\u00edch z\u00e1tok, kde by si sa nemusel tla\u010di\u0165.<\/p>\n<p data-start=\"42\" data-end=\"378\"><a href=\"https:\/\/www.dovolenkarka.cz\/sk\/costa-brava\/pexels-antonio-lorenzana-bermejo-353570724-14366357\/\" rel=\"attachment wp-att-14609\"><img loading=\"lazy\" decoding=\"async\" class=\"aligncenter size-full wp-image-14609\" src=\"https:\/\/www.dovolenkarka.cz\/wp-content\/uploads\/2026\/03\/pexels-antonio-lorenzana-bermejo-353570724-14366357-scaled.jpg\" alt=\"Lloret de Mar - Costa Brava \u0160panielsko\" width=\"2560\" height=\"2560\" srcset=\"https:\/\/www.dovolenkarka.cz\/wp-content\/uploads\/2026\/03\/pexels-antonio-lorenzana-bermejo-353570724-14366357-scaled.jpg 2560w, https:\/\/www.dovolenkarka.cz\/wp-content\/uploads\/2026\/03\/pexels-antonio-lorenzana-bermejo-353570724-14366357-300x300.jpg 300w, https:\/\/www.dovolenkarka.cz\/wp-content\/uploads\/2026\/03\/pexels-antonio-lorenzana-bermejo-353570724-14366357-150x150.jpg 150w, https:\/\/www.dovolenkarka.cz\/wp-content\/uploads\/2026\/03\/pexels-antonio-lorenzana-bermejo-353570724-14366357-1536x1536.jpg 1536w, https:\/\/www.dovolenkarka.cz\/wp-content\/uploads\/2026\/03\/pexels-antonio-lorenzana-bermejo-353570724-14366357-2048x2048.jpg 2048w, https:\/\/www.dovolenkarka.cz\/wp-content\/uploads\/2026\/03\/pexels-antonio-lorenzana-bermejo-353570724-14366357-70x70.jpg 70w\" sizes=\"auto, (max-width: 2560px) 100vw, 2560px\" \/><\/a><\/p>\n<p data-start=\"645\" data-end=\"785\">Na rozdiel od miest ako Cadaqu\u00e9s alebo Calella de Palafrugell nie je Lloret de Mar zn\u00e1me svojou romantickou atmosf\u00e9rou, ale sk\u00f4r svojou ru\u0161nou dovolenkovou atmosf\u00e9rou.<\/p>\n<h3 data-start=\"645\" data-end=\"785\"><span class=\"ez-toc-section\" id=\"5_Llafranc\"><\/span>5. Llafranc<span class=\"ez-toc-section-end\"><\/span><\/h3>\n<p data-start=\"2117\" data-end=\"2287\">Elegantn\u00e9 letovisko, ktor\u00e9 n\u00e1jdeme len p\u00e1r min\u00fat od Calelly, pon\u00faka \u0161ir\u0161iu pl\u00e1\u017e a tie\u017e pokojnej\u0161iu atmosf\u00e9ru. Polkruhov\u00e1 z\u00e1toka s jemn\u00fdm pieskom patr\u00ed k najpr\u00edjemnej\u0161\u00edm miestam na k\u00fapanie v oblasti.<\/p>\n<p data-start=\"2289\" data-end=\"2489\">Nad mestom odpor\u00fa\u010dam nav\u0161t\u00edvi\u0165 maj\u00e1k <span class=\"hover:entity-accent entity-underline inline cursor-pointer align-baseline\"><span class=\"whitespace-normal\">Sant Sebasti\u00e0 Lighthouse<\/span><\/span>, odkia\u013e sa otv\u00e1ra jeden z najlep\u0161\u00edch v\u00fdh\u013eadov na pobre\u017eie. Ve\u010der tu o\u017e\u00edva promen\u00e1da s re\u0161taur\u00e1ciami, kde sa pod\u00e1vaj\u00fa \u010derstv\u00e9 ryby a katal\u00e1nska kuchy\u0148a.<\/p>\n<p data-start=\"2289\" data-end=\"2489\">Odpor\u00fa\u010dam ubytovanie s vlastn\u00fdm relaxa\u010dn\u00fdm baz\u00e9nikom:<\/p>\n<p data-start=\"2289\" data-end=\"2489\"><span style=\"color: #000000;\"><a style=\"color: #000000;\" href=\"https:\/\/www.booking.com\/hotel\/es\/isabellas-llafranc.en.html?aid=347511&amp;no_rooms=1&amp;group_adults=2\" target=\"_blank\" rel=\"noopener\"><strong>Hotel Isabella\u2019s Llafranc<\/strong><\/a><\/span><\/p>\n<ul>\n<li data-start=\"2289\" data-end=\"2489\">Rezervuj si Apartm\u00e1n Junior s v\u00fdh\u013eadom na more<\/li>\n<li data-start=\"2289\" data-end=\"2489\">Skvel\u00e9 ra\u0148ajky a priamo pri mestskej pl\u00e1\u017ei<\/li>\n<\/ul>\n<blockquote>\n<p style=\"text-align: left;\"><span style=\"color: #008000;\"><a style=\"color: #008000;\" href=\"https:\/\/www.booking.com\/hotel\/es\/isabellas-llafranc.en.html?aid=347511&amp;no_rooms=1&amp;group_adults=2\" target=\"_blank\" rel=\"noopener\"><em><strong>&gt; OVERI\u0164 DOSTUPNOS\u0164 A REZERVOVA\u0164 POBYT TU<\/strong><\/em><\/a><\/span><\/p>\n<\/blockquote>\n<p><a href=\"https:\/\/www.booking.com\/hotel\/es\/isabellas-llafranc.en.html?aid=347511&amp;no_rooms=1&amp;group_adults=2\" target=\"_blank\" rel=\"noopener\"><img loading=\"lazy\" decoding=\"async\" class=\"aligncenter size-full wp-image-14622\" src=\"https:\/\/www.dovolenkarka.cz\/wp-content\/uploads\/2026\/03\/Obrazek-88.jpg\" alt=\"Hotel Isabella\u2019s Llafranc - Ubytovanie na Costa Brava\" width=\"1024\" height=\"536\" srcset=\"https:\/\/www.dovolenkarka.cz\/wp-content\/uploads\/2026\/03\/Obrazek-88.jpg 1024w, https:\/\/www.dovolenkarka.cz\/wp-content\/uploads\/2026\/03\/Obrazek-88-768x402.jpg 768w\" sizes=\"auto, (max-width: 1024px) 100vw, 1024px\" \/><\/a><\/p>\n<h3 data-start=\"2289\" data-end=\"2489\"><span class=\"ez-toc-section\" id=\"6_Tamariu_%E2%80%93_Costa_Brava\"><\/span>6. Tamariu &#8211; Costa Brava<span class=\"ez-toc-section-end\"><\/span><\/h3>\n<p data-start=\"2551\" data-end=\"2705\">Tamariu je typick\u00e1 stredomorsk\u00e1 z\u00e1toka obklopen\u00e1 p\u00edniov\u00fdmi h\u00e1jmi. Pl\u00e1\u017e tu m\u00e1 jemn\u00fd piesok a ve\u013emi \u010dist\u00fa vodu, \u010do z nej rob\u00ed ide\u00e1lne miesto na k\u00fapanie aj \u0161norchlovanie. Meste\u010dko zostalo aj napriek bohat\u00e9mu okolit\u00e9mu turizmu mal\u00e9 a pokojn\u00e9. Ve\u010dern\u00fd \u017eivot sa s\u00fastre\u010fuje okolo nieko\u013ek\u00fdch re\u0161taur\u00e1ci\u00ed priamo pri pl\u00e1\u017ei. Odtia\u013eto sa d\u00e1 tie\u017e vyrazi\u0165 pe\u0161o na dramatick\u00e9 \u00faseky pobre\u017eia smerom k Beguru.<\/p>\n<hr \/>\n<p data-start=\"2551\" data-end=\"2705\"><span style=\"color: #000000;\"><strong>Mohlo by v\u00e1s tie\u017e zauj\u00edma\u0165:<\/strong><\/span><\/p>\n<ul>\n<li data-start=\"2551\" data-end=\"2705\"><span style=\"color: #008000;\"><strong><a style=\"color: #008000;\" href=\"https:\/\/www.dovolenkarka.cz\/sk\/malaga-na-vikend-co-vidiet-v-malage\/\" target=\"_blank\" rel=\"noopener\">Malaga na v\u00edkend: 13 tipov, \u010do vidie\u0165 v Malage<\/a><\/strong><\/span><\/li>\n<li data-start=\"2551\" data-end=\"2705\"><span style=\"color: #008000;\"><strong><a style=\"color: #008000;\" href=\"https:\/\/www.dovolenkarka.cz\/sk\/luxusne-hotely-v-barcelone-so-stresnou-terasou\/\" target=\"_blank\" rel=\"noopener\">7 tipov na luxusn\u00e9 hotely so stre\u0161nou terasou v Barcelone<\/a><\/strong><\/span><\/li>\n<li data-start=\"2551\" data-end=\"2705\"><a href=\"https:\/\/www.dovolenkarka.cz\/16-tipu-na-vylety-na-fuerteventure\/\" target=\"_blank\" rel=\"noopener\"><span style=\"color: #008000;\"><strong>16 tipov na v\u00fdlety na Fuerteventure + kde sa ubytova\u0165<\/strong><\/span><\/a><\/li>\n<li data-start=\"2551\" data-end=\"2705\"><span style=\"color: #008000;\"><strong><a style=\"color: #008000;\" href=\"https:\/\/www.levnenaseychely.cz\" target=\"_blank\" rel=\"noopener\">Seychely bez cestovky: rady, tipy a in\u0161pir\u00e1cia pre tvoju dovolenku<\/a><\/strong><\/span><\/li>\n<\/ul>\n<hr \/>\n<h3 data-start=\"2707\" data-end=\"2879\"><span class=\"ez-toc-section\" id=\"7_Begur\"><\/span>7. Begur<span class=\"ez-toc-section-end\"><\/span><\/h3>\n<p data-start=\"2939\" data-end=\"3135\">Historick\u00e9 meste\u010dko na kopci nad pobre\u017e\u00edm patr\u00ed k naj\u0161t\u00fdlovej\u0161\u00edm miestam Costa Brava a rozhodne ho odpor\u00fa\u010dam minim\u00e1lne nav\u0161t\u00edvi\u0165. Dominantou je zr\u00facanina <span class=\"hover:entity-accent entity-underline inline cursor-pointer align-baseline\"><span class=\"whitespace-normal\">Begur Castle<\/span><\/span>, odkia\u013e je panoramatick\u00fd v\u00fdh\u013ead na pobre\u017eie. Skuto\u010dn\u00fdm l\u00e1kadlom s\u00fa ale okolit\u00e9 pl\u00e1\u017ee. Za m\u0148a s\u00fa to napr\u00edklad Aiguablava alebo Sa Riera. Tyrkysov\u00e1 voda a skalnat\u00e9 \u00fatesy tu pripom\u00ednaj\u00fa sk\u00f4r gr\u00e9cke ostrovy ne\u017e \u0161panielske pobre\u017eie.<\/p>\n<h3 data-start=\"3137\" data-end=\"3305\"><span class=\"ez-toc-section\" id=\"8_Roses\"><\/span>8. Roses<span class=\"ez-toc-section-end\"><\/span><\/h3>\n<p data-start=\"3365\" data-end=\"3507\">Mesto le\u017e\u00ed na severnom okraji obrovsk\u00e9ho z\u00e1livu a pon\u00faka jedny z najdlh\u0161\u00edch pieso\u010dn\u00fdch pl\u00e1\u017e\u00ed v regi\u00f3ne. Roses je \u017eiv\u0161ie ne\u017e v\u00e4\u010d\u0161ina ded\u00edn Costa Brava, m\u00e1 ve\u013ek\u00fd pr\u00edstav, dlh\u00fa promen\u00e1du a dobr\u00e9 re\u0161taur\u00e1cie. Z\u00e1rove\u0148 je ide\u00e1lnou z\u00e1klad\u0148ou pre v\u00fdlety do pr\u00edrodn\u00e9ho parku Cap de Creus alebo do Cadaqu\u00e9s. Ak sa ner\u00e1d nud\u00ed\u0161, ale z\u00e1rove\u0148 nechce\u0161 b\u00fdva\u0165 v ru\u0161nom Lloret de Mar, potom je Roses dobr\u00fdm kompromisom.<\/p>\n<p data-start=\"3365\" data-end=\"3507\"><a href=\"https:\/\/www.dovolenkarka.cz\/sk\/costa-brava\/pexels-christopher-politano-978995-32784602\/\" rel=\"attachment wp-att-14619\"><img loading=\"lazy\" decoding=\"async\" class=\"aligncenter size-full wp-image-14619\" src=\"https:\/\/www.dovolenkarka.cz\/wp-content\/uploads\/2026\/03\/pexels-christopher-politano-978995-32784602.jpg\" alt=\"Roses - Costa Brava \" width=\"1919\" height=\"1085\" srcset=\"https:\/\/www.dovolenkarka.cz\/wp-content\/uploads\/2026\/03\/pexels-christopher-politano-978995-32784602.jpg 1919w, https:\/\/www.dovolenkarka.cz\/wp-content\/uploads\/2026\/03\/pexels-christopher-politano-978995-32784602-768x434.jpg 768w\" sizes=\"auto, (max-width: 1919px) 100vw, 1919px\" \/><\/a><\/p>\n<h3 data-start=\"3509\" data-end=\"3705\"><span class=\"ez-toc-section\" id=\"9_LEstartit_%E2%80%93_Costa_Brava\"><\/span>9. L\u2019Estartit &#8211; Costa Brava<span class=\"ez-toc-section-end\"><\/span><\/h3>\n<p data-start=\"3770\" data-end=\"3917\">Letovisko zn\u00e1me predov\u0161etk\u00fdm v\u010faka s\u00faostroviu <span class=\"hover:entity-accent entity-underline inline cursor-pointer align-baseline\"><span class=\"whitespace-normal\">Medes Islands<\/span><\/span>, ktor\u00e9 patr\u00ed k najlep\u0161\u00edm pot\u00e1pa\u010dsk\u00fdm lokalit\u00e1m v Stredomor\u00ed. Hlavn\u00e1 pl\u00e1\u017e je dlh\u00e1 nieko\u013eko kilometrov a m\u00e1 jemn\u00fd piesok, \u010do je ide\u00e1lna kombin\u00e1cia pre rodiny s de\u0165mi aj pre milovn\u00edkov vodn\u00fdch \u0161portov. V\u00fdh\u013ead na Medes Islands pri z\u00e1pade slnka patr\u00ed k nejp\u00f4sobivej\u0161\u00edm scen\u00e9ri\u00e1m severnej Costa Brava a je tie\u017e moj\u00edm tajn\u00fdm a posledn\u00fdm tipom na v\u00fdlet na Costa Brava.<\/p>\n<p data-start=\"3770\" data-end=\"3917\">Tip na butikov\u00fa rezidenciu s apartm\u00e1nmi:<\/p>\n<p data-start=\"3770\" data-end=\"3917\"><span style=\"color: #000000;\"><a style=\"color: #000000;\" href=\"https:\/\/www.booking.com\/hotel\/es\/marconia-boutique-residence.en.html?aid=347511&amp;no_rooms=1&amp;group_adults=2\" target=\"_blank\" rel=\"noopener\"><strong>Marconia Boutique Residence v L&#8217;Estartit<\/strong><\/a><\/span><\/p>\n<ul>\n<li data-start=\"3770\" data-end=\"3917\">Kr\u00e1sne nov\u0161ie apartm\u00e1ny a vonkaj\u0161\u00ed baz\u00e9n<\/li>\n<li data-start=\"3770\" data-end=\"3917\">K\u00fasok od pr\u00edstavu, odkia\u013e sa d\u00e1 vyrazi\u0165 na v\u00fdlet na ostrovy Medes<\/li>\n<\/ul>\n<blockquote><p><span style=\"color: #008000;\"><a style=\"color: #008000;\" href=\"https:\/\/www.booking.com\/hotel\/es\/marconia-boutique-residence.en.html?aid=347511&amp;no_rooms=1&amp;group_adults=2\" target=\"_blank\" rel=\"noopener\"><em><strong>&gt; OVERI\u0164 DOSTUPNOS\u0164 A REZERVOVA\u0164 POBYT TU<\/strong><\/em><\/a><\/span><\/p><\/blockquote>\n<p><a href=\"https:\/\/www.booking.com\/hotel\/es\/marconia-boutique-residence.en.html?aid=347511&amp;no_rooms=1&amp;group_adults=2\" target=\"_blank\" rel=\"noopener\"><img loading=\"lazy\" decoding=\"async\" class=\"aligncenter size-full wp-image-14623\" src=\"https:\/\/www.dovolenkarka.cz\/wp-content\/uploads\/2026\/03\/Obrazek-89.jpg\" alt=\"Marconia Boutique Residence v L'Estartit - Ubytovanie na Costa Brava\" width=\"1024\" height=\"598\" srcset=\"https:\/\/www.dovolenkarka.cz\/wp-content\/uploads\/2026\/03\/Obrazek-89.jpg 1024w, https:\/\/www.dovolenkarka.cz\/wp-content\/uploads\/2026\/03\/Obrazek-89-768x448.jpg 768w\" sizes=\"auto, (max-width: 1024px) 100vw, 1024px\" \/><\/a><\/p>\n<hr \/>\n<p style=\"text-align: center;\" data-start=\"397\" data-end=\"530\"><span style=\"color: #000000;\"><strong>P\u00e1\u010dil sa ti \u010dl\u00e1nok s tipmi na dovolenku a v\u00fdlety na Costa Brava? Ulo\u017e si ho aj na Pintereste, nech ho \u013eahko n\u00e1jde\u0161: <\/strong><\/span><\/p>\n","protected":false},"excerpt":{"rendered":"<p>Costa Brava patr\u00ed prekvapivo k najkraj\u0161\u00edm a najdramatickej\u0161\u00edm \u00fasekom stredomorsk\u00e9ho pobre\u017eia. Skalnat\u00e9 \u00fatesy striedaj\u00fa mal\u00e9 z\u00e1toky, star\u00e9 ryb\u00e1rske dediny a tie\u017e elegantn\u00e9 letovisk\u00e1, ktor\u00e9 s\u00fa ob\u013e\u00faben\u00e9 u turistov prakticky z cel\u00e9ho sveta. Nadchne \u0165a aj kri\u0161t\u00e1\u013eovo \u010dist\u00e9 more a p\u00edniov\u00e9 lesy. Costa Brava &gt; TOP 10 UBYTOVAN\u00cd NA COSTA BRAVA Pobre\u017eie v provincii Girona pon\u00faka stovky pl\u00e1\u017e\u00ed a je len na tebe, \u010di \u0165a, rovnako ako n\u00e1s, zl\u00e1kaj\u00fa divok\u00e9 z\u00e1toky alebo dlh\u00e9 pieso\u010dn\u00e9 pl\u00e1\u017ee, ktor\u00e9 n\u00e1jde\u0161 v\u00e4\u010d\u0161inou pri mest\u00e1ch. Sp\u00edsala som pre teba dev\u00e4\u0165 miest, ktor\u00e9 patria k t\u00fdm najkraj\u0161\u00edm, \u010do Costa Brava pon\u00faka pre (nielen) letn\u00fa dovolenku v \u0160panielsku <\/p>\n","protected":false},"author":1,"featured_media":14642,"comment_status":"closed","ping_status":"closed","sticky":false,"template":"","format":"standard","meta":{"footnotes":""},"categories":[5280],"tags":[5674,5673,5677,5676,5675,5678],"class_list":["post-14635","post","type-post","status-publish","format-standard","has-post-thumbnail","hentry","category-spanielsko","tag-co-vidiet-na-costa-brava","tag-costa-brava","tag-costa-brava-spanielsko","tag-plaze-na-costa-brava","tag-ubytovani-na-costa-brava","tag-ubytovanie-na-costa-brava","has_thumb"],"aioseo_notices":[],"_links":{"self":[{"href":"https:\/\/www.dovolenkarka.cz\/sk\/wp-json\/wp\/v2\/posts\/14635","targetHints":{"allow":["GET"]}}],"collection":[{"href":"https:\/\/www.dovolenkarka.cz\/sk\/wp-json\/wp\/v2\/posts"}],"about":[{"href":"https:\/\/www.dovolenkarka.cz\/sk\/wp-json\/wp\/v2\/types\/post"}],"author":[{"embeddable":true,"href":"https:\/\/www.dovolenkarka.cz\/sk\/wp-json\/wp\/v2\/users\/1"}],"replies":[{"embeddable":true,"href":"https:\/\/www.dovolenkarka.cz\/sk\/wp-json\/wp\/v2\/comments?post=14635"}],"version-history":[{"count":1,"href":"https:\/\/www.dovolenkarka.cz\/sk\/wp-json\/wp\/v2\/posts\/14635\/revisions"}],"predecessor-version":[{"id":14651,"href":"https:\/\/www.dovolenkarka.cz\/sk\/wp-json\/wp\/v2\/posts\/14635\/revisions\/14651"}],"wp:featuredmedia":[{"embeddable":true,"href":"https:\/\/www.dovolenkarka.cz\/sk\/wp-json\/wp\/v2\/media\/14642"}],"wp:attachment":[{"href":"https:\/\/www.dovolenkarka.cz\/sk\/wp-json\/wp\/v2\/media?parent=14635"}],"wp:term":[{"taxonomy":"category","embeddable":true,"href":"https:\/\/www.dovolenkarka.cz\/sk\/wp-json\/wp\/v2\/categories?post=14635"},{"taxonomy":"post_tag","embeddable":true,"href":"https:\/\/www.dovolenkarka.cz\/sk\/wp-json\/wp\/v2\/tags?post=14635"}],"curies":[{"name":"wp","href":"https:\/\/api.w.org\/{rel}","templated":true}]}}