{"id":14868,"date":"2025-03-18T18:07:28","date_gmt":"2025-03-18T17:07:28","guid":{"rendered":"https:\/\/www.dovolenkarka.cz\/15-tipov-na-vylety-v-dolomitoch-v-roku-2026\/"},"modified":"2026-03-30T12:10:54","modified_gmt":"2026-03-30T10:10:54","slug":"vylety-v-dolomitoch","status":"publish","type":"post","link":"https:\/\/www.dovolenkarka.cz\/sk\/vylety-v-dolomitoch\/","title":{"rendered":"15 tipov na v\u00fdlety v Dolomitoch v roku 2026"},"content":{"rendered":"<p>Chyst\u00e1\u0161 sa v lete na akt\u00edvnu dovolenku a h\u013ead\u00e1\u0161 in\u0161pir\u00e1ciu, <span style=\"color: #008000;\"><a style=\"color: #008000;\" href=\"https:\/\/www.booking.com\/searchresults.en.html?city=-123483&amp;aid=347511&amp;no_rooms=1&amp;group_adults=2\" target=\"_blank\" rel=\"noopener\">ktor\u00e9 v\u00fdlety v Dolomitoch nevynecha\u0165?<\/a> <\/span>To sa ti bude hodi\u0165 m\u00f4j dne\u0161n\u00fd \u010dl\u00e1nok s overen\u00fdmi tipmi na Dolomity z posledn\u00fdch rokov. Nie je tajomstvom, \u017ee Taliansko patr\u00ed medzi na\u0161e ob\u013e\u00faben\u00e9 krajiny, ktor\u00e9 nav\u0161tevujeme naozaj pravidelne.<\/p>\n<p>Taliansko n\u00e1s rob\u00ed \u0161\u0165astn\u00fdmi. Jednak je to t\u00e1 r\u00f4znorod\u00e1 pr\u00edroda, ktor\u00e1 ti berie dych doslova na ka\u017edom kroku a je \u00faplne jedno, \u010di vyraz\u00ed\u0161 do h\u00f4r, k jazer\u00e1m alebo k moru.<\/p>\n<p style=\"text-align: center;\"><a style=\"display: inline-block; background-color: #2e7d32; color: #ffffff; padding: 10px 18px; text-decoration: none; border-radius: 4px; font-weight: bold; margin-top: 8px;\" href=\"https:\/\/www.booking.com\/searchresults.en.html?city=-123483&amp;aid=347511&amp;no_rooms=1&amp;group_adults=2\" target=\"_blank\" rel=\"noopener\">TOP 10 UBYTOVAN\u00cd V DOLOMITOCH <\/a><\/p>\n<div id=\"attachment_8135\" style=\"width: 677px\" class=\"wp-caption aligncenter\"><a href=\"https:\/\/www.booking.com\/searchresults.en.html?city=-123483&amp;aid=347511&amp;no_rooms=1&amp;group_adults=2\" target=\"_blank\" rel=\"noopener\"><img loading=\"lazy\" decoding=\"async\" aria-describedby=\"caption-attachment-8135\" class=\"size-large wp-image-8135\" src=\"https:\/\/www.dovolenkarka.cz\/wp-content\/uploads\/2023\/12\/IMG_6370-1-1200x630.jpeg\" alt=\"Lago di Carezza \u2013 v\u00fdlety v Dolomitoch\" width=\"667\" height=\"350\" \/><\/a><p id=\"caption-attachment-8135\" class=\"wp-caption-text\">Lago di Carezza \/ Dovolenk\u00e1rka<\/p><\/div>\n<p>Z\u00e1rove\u0148 je to tou miestnou talianskou kuchy\u0148ou, ktor\u00e1 je navy\u0161e aj k n\u00e1m, celiatikom, viac ne\u017e priate\u013esk\u00e1. Nebudem zapiera\u0165, hoci je v\u00e4\u010d\u0161ina na\u0161ich dovoleniek ve\u013emi akt\u00edvna, z Talianska sa vraciame v\u017edy s nejak\u00fdm t\u00fdm kilom navy\u0161e. Samozrejme aj s pln\u00fdm kufrom talianskych (hlavne) bezlepkov\u00fdch dobr\u00f4t. Dnes sa tu v\u0161ak nebudem rozv\u00e1\u0161\u0148ova\u0165 o jedle, to si nech\u00e1me op\u00e4\u0165 na nejak\u00fd z \u010fal\u0161\u00edch \u010dl\u00e1nkov.<\/p>\n<p><a href=\"https:\/\/www.booking.com\/searchresults.en.html?city=-123483&amp;aid=347511&amp;no_rooms=1&amp;group_adults=2\" target=\"_blank\" rel=\"noopener\"><img loading=\"lazy\" decoding=\"async\" class=\"aligncenter size-large wp-image-9343\" src=\"https:\/\/www.dovolenkarka.cz\/wp-content\/uploads\/2025\/03\/landscape-5561675_1920-1200x630.jpg\" alt=\"V\u00fdlety v Dolomitoch \u2013 Seceda \" width=\"667\" height=\"350\" \/><\/a><\/p>\n<p><span style=\"color: #008000;\"><a style=\"color: #008000;\" href=\"https:\/\/www.booking.com\/searchresults.en.html?city=-123483&amp;aid=347511&amp;no_rooms=1&amp;group_adults=2\" target=\"_blank\" rel=\"noopener\">Dnes sa toti\u017e vyd\u00e1me na najob\u013e\u00fabenej\u0161ie v\u00fdlety v Dolomitoch<\/a><\/span>. Nemus\u00ed\u0161 sa ob\u00e1va\u0165, v\u00e4\u010d\u0161ina tr\u00e1s op\u00edsan\u00fdch v dne\u0161n\u00fdch tipoch je pomerne jednoduch\u00e1 a nie s\u00fa potrebn\u00e9 horolezeck\u00e9 sk\u00fasenosti. Vysta\u010d\u00ed\u0161 si tak s be\u017enou fyzickou zdatnos\u0165ou a kvalitnou horskou v\u00fdbavou v podobe pevn\u00fdch top\u00e1nok do h\u00f4r a priedu\u0161n\u00e9ho oble\u010denia. Nepremokav\u00e1 \u013eahk\u00e1 bunda by vo tvojom batohu mala ma\u0165 tie\u017e svoje miesto.<\/p>\n<div id=\"ez-toc-container\" class=\"ez-toc-v2_0_82_2 counter-hierarchy ez-toc-counter ez-toc-grey ez-toc-container-direction\">\n<div class=\"ez-toc-title-container\">\n<p class=\"ez-toc-title\" style=\"cursor:inherit\">Obsah \u010dl\u00e1nku:<\/p>\n<span class=\"ez-toc-title-toggle\"><a href=\"#\" class=\"ez-toc-pull-right ez-toc-btn ez-toc-btn-xs ez-toc-btn-default ez-toc-toggle\" aria-label=\"Toggle Table of Content\"><span class=\"ez-toc-js-icon-con\"><span class=\"\"><span class=\"eztoc-hide\" style=\"display:none;\">Toggle<\/span><span class=\"ez-toc-icon-toggle-span\"><svg style=\"fill: #999;color:#999\" xmlns=\"http:\/\/www.w3.org\/2000\/svg\" class=\"list-377408\" width=\"20px\" height=\"20px\" viewBox=\"0 0 24 24\" fill=\"none\"><path d=\"M6 6H4v2h2V6zm14 0H8v2h12V6zM4 11h2v2H4v-2zm16 0H8v2h12v-2zM4 16h2v2H4v-2zm16 0H8v2h12v-2z\" fill=\"currentColor\"><\/path><\/svg><svg style=\"fill: #999;color:#999\" class=\"arrow-unsorted-368013\" xmlns=\"http:\/\/www.w3.org\/2000\/svg\" width=\"10px\" height=\"10px\" viewBox=\"0 0 24 24\" version=\"1.2\" baseProfile=\"tiny\"><path d=\"M18.2 9.3l-6.2-6.3-6.2 6.3c-.2.2-.3.4-.3.7s.1.5.3.7c.2.2.4.3.7.3h11c.3 0 .5-.1.7-.3.2-.2.3-.5.3-.7s-.1-.5-.3-.7zM5.8 14.7l6.2 6.3 6.2-6.3c.2-.2.3-.5.3-.7s-.1-.5-.3-.7c-.2-.2-.4-.3-.7-.3h-11c-.3 0-.5.1-.7.3-.2.2-.3.5-.3.7s.1.5.3.7z\"\/><\/svg><\/span><\/span><\/span><\/a><\/span><\/div>\n<nav><ul class='ez-toc-list ez-toc-list-level-1 ' ><li class='ez-toc-page-1 ez-toc-heading-level-2'><a class=\"ez-toc-link ez-toc-heading-1\" href=\"https:\/\/www.dovolenkarka.cz\/sk\/vylety-v-dolomitoch\/#Vylety_v_Dolomitoch\" >V\u00fdlety v Dolomitoch<\/a><ul class='ez-toc-list-level-3' ><li class='ez-toc-heading-level-3'><a class=\"ez-toc-link ez-toc-heading-2\" href=\"https:\/\/www.dovolenkarka.cz\/sk\/vylety-v-dolomitoch\/#Seceda\" >Seceda<\/a><\/li><li class='ez-toc-page-1 ez-toc-heading-level-3'><a class=\"ez-toc-link ez-toc-heading-3\" href=\"https:\/\/www.dovolenkarka.cz\/sk\/vylety-v-dolomitoch\/#Alpe_di_Siusi\" >Alpe di Siusi<\/a><\/li><li class='ez-toc-page-1 ez-toc-heading-level-3'><a class=\"ez-toc-link ez-toc-heading-4\" href=\"https:\/\/www.dovolenkarka.cz\/sk\/vylety-v-dolomitoch\/#Udolie_Val_di_Funes\" >\u00dadolie Val di Funes<\/a><\/li><li class='ez-toc-page-1 ez-toc-heading-level-3'><a class=\"ez-toc-link ez-toc-heading-5\" href=\"https:\/\/www.dovolenkarka.cz\/sk\/vylety-v-dolomitoch\/#Lago_di_Braies_%E2%80%93_Dolomity\" >Lago di Braies \u2013 Dolomity<\/a><\/li><li class='ez-toc-page-1 ez-toc-heading-level-3'><a class=\"ez-toc-link ez-toc-heading-6\" href=\"https:\/\/www.dovolenkarka.cz\/sk\/vylety-v-dolomitoch\/#Lago_di_Carezza_%E2%80%93_Dolomity\" >Lago di Carezza \u2013 Dolomity<\/a><\/li><li class='ez-toc-page-1 ez-toc-heading-level-3'><a class=\"ez-toc-link ez-toc-heading-7\" href=\"https:\/\/www.dovolenkarka.cz\/sk\/vylety-v-dolomitoch\/#Vylety_v_Dolomitoch_%E2%80%93_Lago_di_Sorapis\" >V\u00fdlety v Dolomitoch \u2013 Lago di Sorapis<\/a><\/li><li class='ez-toc-page-1 ez-toc-heading-level-3'><a class=\"ez-toc-link ez-toc-heading-8\" href=\"https:\/\/www.dovolenkarka.cz\/sk\/vylety-v-dolomitoch\/#Letny_Kronplatz_%E2%80%93_Dolomity\" >Letn\u00fd Kronplatz \u2013 Dolomity<\/a><\/li><li class='ez-toc-page-1 ez-toc-heading-level-3'><a class=\"ez-toc-link ez-toc-heading-9\" href=\"https:\/\/www.dovolenkarka.cz\/sk\/vylety-v-dolomitoch\/#Letna_Anterselva_Vylety_v_Dolomitoch\" >Letn\u00e1 Anterselva \/ V\u00fdlety v Dolomitoch<\/a><\/li><li class='ez-toc-page-1 ez-toc-heading-level-3'><a class=\"ez-toc-link ez-toc-heading-10\" href=\"https:\/\/www.dovolenkarka.cz\/sk\/vylety-v-dolomitoch\/#Vyhliadka_na_Cadini_di_Misurina_Vylety_v_Dolomitoch\" >Vyhliadka na Cadini di Misurina \/ V\u00fdlety v Dolomitoch<\/a><\/li><li class='ez-toc-page-1 ez-toc-heading-level-3'><a class=\"ez-toc-link ez-toc-heading-11\" href=\"https:\/\/www.dovolenkarka.cz\/sk\/vylety-v-dolomitoch\/#Lago_di_Misurina_Vylety_v_Dolomitoch\" >Lago di Misurina \/ V\u00fdlety v Dolomitoch<\/a><\/li><li class='ez-toc-page-1 ez-toc-heading-level-3'><a class=\"ez-toc-link ez-toc-heading-12\" href=\"https:\/\/www.dovolenkarka.cz\/sk\/vylety-v-dolomitoch\/#Tre_Cime_di_Lavaredo_%E2%80%93_Dolomity\" >Tre Cime di Lavaredo \u2013 Dolomity<\/a><\/li><li class='ez-toc-page-1 ez-toc-heading-level-3'><a class=\"ez-toc-link ez-toc-heading-13\" href=\"https:\/\/www.dovolenkarka.cz\/sk\/vylety-v-dolomitoch\/#Sassolungo_%E2%80%93_Dolomity\" >Sassolungo \u2013 Dolomity<\/a><\/li><li class='ez-toc-page-1 ez-toc-heading-level-3'><a class=\"ez-toc-link ez-toc-heading-14\" href=\"https:\/\/www.dovolenkarka.cz\/sk\/vylety-v-dolomitoch\/#Horsky_priesmyk_Passo_Pordoi_Vylety_v_Dolomitoch\" >Horsk\u00fd priesmyk Passo Pordoi \/ V\u00fdlety v Dolomitoch<\/a><\/li><li class='ez-toc-page-1 ez-toc-heading-level-3'><a class=\"ez-toc-link ez-toc-heading-15\" href=\"https:\/\/www.dovolenkarka.cz\/sk\/vylety-v-dolomitoch\/#Vylety_v_Dolomitoch_%E2%80%93_Passo_Gardena_Vylety_v_Dolomitoch\" >V\u00fdlety v Dolomitoch \u2013 Passo Gardena \/ V\u00fdlety v Dolomitoch<\/a><\/li><li class='ez-toc-page-1 ez-toc-heading-level-3'><a class=\"ez-toc-link ez-toc-heading-16\" href=\"https:\/\/www.dovolenkarka.cz\/sk\/vylety-v-dolomitoch\/#Horsky_priesmyk_Passo_Giau_Vylety_v_Dolomitoch\" >Horsk\u00fd priesmyk Passo Giau \/ V\u00fdlety v Dolomitoch<\/a><\/li><\/ul><\/li><\/ul><\/nav><\/div>\n<h2><span class=\"ez-toc-section\" id=\"Vylety_v_Dolomitoch\"><\/span>V\u00fdlety v Dolomitoch<span class=\"ez-toc-section-end\"><\/span><\/h2>\n<hr \/>\n<p style=\"text-align: center;\"><iframe loading=\"lazy\" id=\"stay22-widget\" src=\"https:\/\/www.stay22.com\/embed\/6963f9c77ebd74cd495876fa\" width=\"100%\" height=\"428\" frameborder=\"0\"><\/iframe><\/p>\n<hr \/>\n<h3><span class=\"ez-toc-section\" id=\"Seceda\"><\/span>Seceda<span class=\"ez-toc-section-end\"><\/span><\/h3>\n<p>Ver\u00edm, \u017ee vrchol Seceda nemus\u00edm mnoh\u00fdm z v\u00e1s viac predstavova\u0165. Fotografiu z tohto rozpr\u00e1vkov\u00e9ho horsk\u00e9ho miesta si u\u017e ur\u010dite niekedy na soci\u00e1lnych sie\u0165ach zahliadol. Hoci je toto miesto zn\u00e1me, ak vyraz\u00ed\u0161 na v\u00fdlet mimo hlavn\u00fdch pr\u00e1zdninov\u00fdch mesiacov, na ve\u013ea turistov by si narazi\u0165 nemal.<\/p>\n<p>Vrchol Seceda v talianskych Dolomitoch patr\u00ed medzi jedny z najfotogenickej\u0161\u00edch v\u00fdletov v Dolomitoch a za pekn\u00e9ho po\u010dasia si odtia\u013eto ur\u010dite odvezie\u0161 pr\u00edjemne nezabudnute\u013en\u00fd z\u00e1\u017eitok. Ide\u00e1lnym v\u00fdchodiskov\u00fdm bodom je meste\u010dko Ortisei, kde odpor\u00fa\u010dam sa aj ubytova\u0165 a odkia\u013e sa pohodlne dostane\u0161 lanovkou Ortisei-Furnes-Seceda priamo na n\u00e1horn\u00fa plo\u0161inu. \u010eal\u0161ou mo\u017enos\u0165ou je zaparkova\u0165 priamo pri spodnej stanici lanovky, ak si ubytovan\u00fd inde.<\/p>\n<blockquote><p><span style=\"color: #008000;\"><strong><a style=\"color: #008000;\" href=\"https:\/\/www.booking.com\/searchresults.en.html?city=-123483&amp;aid=347511&amp;no_rooms=1&amp;group_adults=2\" target=\"_blank\" rel=\"noopener\">&gt; UK\u00c1ZA\u0164 VO\u013dN\u00c9 UBYTOVANIA V ORTISEI<\/a><\/strong><\/span><\/p><\/blockquote>\n<p><a href=\"https:\/\/www.booking.com\/searchresults.en.html?city=-123483&amp;aid=347511&amp;no_rooms=1&amp;group_adults=2\" target=\"_blank\" rel=\"noopener\"><img loading=\"lazy\" decoding=\"async\" class=\"aligncenter size-large wp-image-9342\" src=\"https:\/\/www.dovolenkarka.cz\/wp-content\/uploads\/2025\/03\/landscape-5561680_1920-1200x630.jpg\" alt=\"V\u00fdlety v Dolomitoch \u2013 Seceda \" width=\"667\" height=\"350\" \/><\/a><\/p>\n<h3><span class=\"ez-toc-section\" id=\"Alpe_di_Siusi\"><\/span>Alpe di Siusi<span class=\"ez-toc-section-end\"><\/span><\/h3>\n<p data-start=\"0\" data-end=\"569\">Alpe di Siusi (Seiser Alm) je najv\u00e4\u010d\u0161ia vysokohorsk\u00e1 l\u00faka v Eur\u00f3pe, ktor\u00e1 pon\u00faka dychber\u00face v\u00fdh\u013eady na mas\u00edvy Sassolungo, Sasso Piatto a Schlern. Najlep\u0161\u00ed v\u00fdchodiskov\u00fd bod je meste\u010dko Seis am Schlern, odkia\u013e \u0165a vyvezie lanovka Seiser Alm Bahn priamo na n\u00e1horn\u00fa plo\u0161inu. Ak pr\u00edde\u0161 autom, odpor\u00fa\u010dam zaparkova\u0165 v Seis, preto\u017ee vjazd na Alpe di Siusi je po\u010das d\u0148a pre s\u00fakromn\u00e9 vozidl\u00e1 obmedzen\u00fd.<\/p>\n<p data-start=\"0\" data-end=\"569\"><span style=\"color: #008000;\"><a style=\"color: #008000;\" href=\"https:\/\/www.booking.com\/searchresults.en.html?city=-123483&amp;aid=347511&amp;no_rooms=1&amp;group_adults=2\" target=\"_blank\" rel=\"noopener\">Turistick\u00e9 trasy na Alpe di Siusi tu maj\u00fa r\u00f4znu n\u00e1ro\u010dnos\u0165<\/a><\/span>, od nen\u00e1ro\u010dn\u00fdch prech\u00e1dzok medzi pastvinami a\u017e po v\u00fdstup k vrcholu Monte Pana s prev\u00fd\u0161en\u00edm okolo 500 metrov. Osobne m\u00e1me toto miesto rad\u0161ej pr\u00e1ve na tie pohodov\u00e9 nen\u00e1ro\u010dn\u00e9 prech\u00e1dzky po miestnych pastvin\u00e1ch, ktor\u00e9 bez debaty patria medzi tie najob\u013e\u00fabenej\u0161ie v\u00fdlety v Dolomitoch. T\u00fdm p\u00e1dom zara\u010fujeme medzi hlavn\u00e9 zauj\u00edmavosti tradi\u010dn\u00e9 horsk\u00e9 chaty, kde si m\u00f4\u017ee\u0161 vychutna\u0165 typick\u00e9 juhotyrolsk\u00e9 \u0161peciality, alebo ikonick\u00e9, fotogenick\u00e9, dreven\u00e9 stavby rozosiate po l\u00fakach, ktor\u00e9 vytv\u00e1raj\u00fa rozpr\u00e1vkov\u00fa atmosf\u00e9ru.<\/p>\n<p data-start=\"0\" data-end=\"569\">V lete je oblas\u0165 rajom pre pe\u0161iu turistiku aj cyklistiku a pre ubytovanie je skvelou vo\u013ebou Seis am Schlern alebo Ortisei, odkia\u013e je na Alpe di Siusi jednoduch\u00e1 dostupnos\u0165 lanovkou aj autobusom.<\/p>\n<blockquote>\n<p data-start=\"0\" data-end=\"569\"><span style=\"color: #008000;\"><strong><a style=\"color: #008000;\" href=\"https:\/\/www.booking.com\/searchresults.en.html?city=-123483&amp;aid=347511&amp;no_rooms=1&amp;group_adults=2\" target=\"_blank\" rel=\"noopener\">&gt; UK\u00c1ZA\u0164 UBYTOVANIA V OKOL\u00cd ORTISEI TU<\/a><\/strong><\/span><\/p>\n<\/blockquote>\n<p data-start=\"0\" data-end=\"569\"><a href=\"https:\/\/www.booking.com\/searchresults.en.html?city=-123483&amp;aid=347511&amp;no_rooms=1&amp;group_adults=2\" target=\"_blank\" rel=\"noopener\"><img loading=\"lazy\" decoding=\"async\" class=\"aligncenter size-large wp-image-9371\" src=\"https:\/\/www.dovolenkarka.cz\/wp-content\/uploads\/2025\/03\/mountains-4299684_1920-1200x630.jpg\" alt=\"V\u00fdlety v Dolomitoch \u2013 Seiser Alm\" width=\"667\" height=\"350\" \/><\/a><\/p>\n<h3><span class=\"ez-toc-section\" id=\"Udolie_Val_di_Funes\"><\/span>\u00dadolie Val di Funes<span class=\"ez-toc-section-end\"><\/span><\/h3>\n<p>Val di Funes je jedno z najmalebnej\u0161\u00edch \u00fadol\u00ed Dolomitov, presl\u00e1ven\u00e9 v\u00fdh\u013eadmi na mas\u00edv Odle a k\u00fazeln\u00fdmi horsk\u00fdmi dedinkami. Ide\u00e1lnym v\u00fdchodiskov\u00fdm bodom je dedina Santa Maddalena, kam sa d\u00e1 dosta\u0165 pohodlne autom a \u010dakaj\u00fa tu na teba dychber\u00face v\u00fdh\u013eady na horsk\u00fa krajinu s ikonick\u00fdm kostol\u00edkom. Vyhliadku na ikonick\u00fd kostol Chiesa di Santa Maddalena n\u00e1jde\u0161 na kopci nad dedinou.<\/p>\n<p>Zaparkova\u0165 m\u00f4\u017ee\u0161 na vyhraden\u00fdch parkovisk\u00e1ch \u2013 na mape s\u00fa parkovisk\u00e1 dobre pop\u00edsan\u00e9. \u010eal\u0161\u00edm zauj\u00edmav\u00fdm miestom je malebn\u00fd kostol\u00edk San Giovanni in Ranui, ktor\u00fd patr\u00ed k najfotografovanej\u0161\u00edm miestam Dolomitov. Pre ubytovanie je ide\u00e1lne poobzera\u0165 sa smerom od Brixenu. Od Brixenu to sem bude\u0161 ma\u0165 cca 30 min autom. Priamo v dedin\u00e1ch okolo najob\u013e\u00fabenej\u0161\u00edch vyhliadok b\u00fdva ubytovanie v\u00e4\u010d\u0161inou skoro zarezervovan\u00e9 alebo neprimerane drah\u00e9.<\/p>\n<blockquote><p><a href=\"https:\/\/www.booking.com\/searchresults.en.html?city=-112159&amp;aid=347511&amp;no_rooms=1&amp;group_adults=2\" target=\"_blank\" rel=\"noopener\"><span style=\"color: #008000;\"><strong>&gt; UK\u00c1ZA\u0164 UBYTOVANIA V OKOL\u00cd BRIXEN \u2013 BRESSANONE TU<\/strong><\/span><\/a><\/p><\/blockquote>\n<p><a href=\"https:\/\/www.booking.com\/searchresults.en.html?city=-112159&amp;aid=347511&amp;no_rooms=1&amp;group_adults=2\" target=\"_blank\" rel=\"noopener\"><img loading=\"lazy\" decoding=\"async\" class=\"aligncenter size-large wp-image-9374\" src=\"https:\/\/www.dovolenkarka.cz\/wp-content\/uploads\/2025\/03\/funes-4984899_1920-1200x630.jpg\" alt=\"V\u00fdlety v Dolomitoch \u2013 St. Maddalena\" width=\"667\" height=\"350\" \/><\/a><\/p>\n<h3><span class=\"ez-toc-section\" id=\"Lago_di_Braies_%E2%80%93_Dolomity\"><\/span>Lago di Braies \u2013 Dolomity<span class=\"ez-toc-section-end\"><\/span><\/h3>\n<p><span style=\"color: #008000;\"><a style=\"color: #008000;\" href=\"https:\/\/www.booking.com\/hotel\/it\/lago-di-braies.en.html?aid=347511&amp;no_rooms=1&amp;group_adults=2\" target=\"_blank\" rel=\"noopener\">Lago di Braies patr\u00ed medzi najzn\u00e1mej\u0161ie v\u00fdlety v Dolomitoch<\/a><\/span> a hoci tu s ve\u013ekou pravdepodobnos\u0165ou nebude\u0161 s\u00e1m, rozhodne toto horsk\u00e9 jazero odpor\u00fa\u010dam aspo\u0148 raz v \u017eivote nav\u0161t\u00edvi\u0165. Ur\u010dite mi d\u00e1\u0161 za pravdu, \u017ee stoj\u00ed za to ho vidie\u0165. Okru\u017en\u00e1 trasa nie je n\u00e1ro\u010dn\u00e1 a zvl\u00e1dne\u0161 ju aj s akt\u00edvnymi de\u0165mi. Ko\u010d\u00edkom ob\u00edde\u0161 len \u010das\u0165 trasy (v jednej \u010dasti s\u00fa schody a \u00fazky ter\u00e9n), ak chce\u0161 s bato\u013ea\u0165om prejs\u0165 cel\u00fa trasu okolo jazera, pribal si na dovolenku nosi\u010d na chrb\u00e1t.<\/p>\n<hr \/>\n<p>Pozor! Cez leto tu plat\u00ed vstup a\u017e na horn\u00e9 parkovisko len s povolen\u00edm, o ktor\u00e9 treba \u017eiada\u0165 vopred. Jednou z variant je rezerv\u00e1cia ubytovania v historickom hoteli Lago di Braies. Pobyt v \u0148om je s\u00e1m o sebe z\u00e1\u017eitkom.<\/p>\n<p>Aj v lete 2026 bud\u00fa dopravn\u00e9 obmedzenia pre aut\u00e1 plati\u0165 denne <span style=\"color: #000000;\"><strong>od 1. 7. do 15. 9. 2026 medzi 9:00 a 16:00 <\/strong><\/span><em>hodinou a je teda dobr\u00e9 po\u010d\u00edta\u0165 v tomto \u010dase s verejnou dopravou, pe\u0161o, na bicykli alebo po predlo\u017een\u00ed online rezerv\u00e1cie alebo platn\u00e9ho tranzitn\u00e9ho povolenia.<\/em><\/p>\n<p><em>Pre pohodov\u00fa n\u00e1v\u0161tevu po\u010das \u0161t\u00e1tnych sviatkov, ako s\u00fa <span style=\"color: #000000;\"><strong><u>Ve\u013ek\u00e1 noc, De\u0148 oslobodenia a Sviatok pr\u00e1ce (1. \u2013 4. m\u00e1ja)<\/u><\/strong><\/span>, odpor\u00fa\u010dame vyu\u017ei\u0165 verejn\u00fa dopravu.<\/em><\/p>\n<p><em><u>V opa\u010dnom pr\u00edpade si m\u00f4\u017ee\u0161 v t\u00fdchto d\u0148och vopred rezervova\u0165 parkovisko P1 a vyu\u017ei\u0165 kyvadlov\u00fa dopravu k jazeru:<\/u><\/em><\/p>\n<hr \/>\n<p>Odpor\u00fa\u010dam si pre\u010d\u00edta\u0165 aj samostatn\u00fd \u010dl\u00e1nok, ktor\u00fd som nap\u00edsala k v\u00fdletu na Lago di Braies:<\/p>\n<ul>\n<li><span style=\"color: #008000;\"><strong><a style=\"color: #008000;\" href=\"https:\/\/www.dovolenkarka.cz\/vylet-k-jezeru-lago-di-braies\/\" target=\"_blank\" rel=\"noopener\">V\u00fdlet k jazeru Lago di Braies \u2013 okru\u017en\u00e1 trasa, parkovanie a ubytovanie<\/a><\/strong><\/span><\/li>\n<li><span style=\"color: #008000;\"><strong><a style=\"color: #008000;\" href=\"https:\/\/www.booking.com\/hotel\/it\/lago-di-braies.en.html?aid=347511&amp;no_rooms=1&amp;group_adults=2\" target=\"_blank\" rel=\"noopener\">Ubytovanie v historickom hoteli pri Lago di Braies \u2013 UK\u00c1ZA\u0164 CENY<\/a><\/strong><\/span><\/li>\n<\/ul>\n<div id=\"attachment_7975\" style=\"width: 677px\" class=\"wp-caption aligncenter\"><a href=\"https:\/\/www.booking.com\/hotel\/it\/lago-di-braies.en.html?aid=347511&amp;no_rooms=1&amp;group_adults=2\" target=\"_blank\" rel=\"noopener\"><img loading=\"lazy\" decoding=\"async\" aria-describedby=\"caption-attachment-7975\" class=\"size-large wp-image-7975\" src=\"https:\/\/www.dovolenkarka.cz\/wp-content\/uploads\/2023\/07\/IMG_5521-1200x630.jpeg\" alt=\"Lago di Braies \/ dovolenkarka.cz\" width=\"667\" height=\"350\" \/><\/a><p id=\"caption-attachment-7975\" class=\"wp-caption-text\">Lago di Braies \/ dovolenkarka.cz<\/p><\/div>\n<p><a href=\"https:\/\/www.booking.com\/hotel\/it\/lago-di-braies.en.html?aid=347511&amp;no_rooms=1&amp;group_adults=2\" target=\"_blank\" rel=\"noopener\"><img loading=\"lazy\" decoding=\"async\" class=\"aligncenter size-large wp-image-7988\" src=\"https:\/\/www.dovolenkarka.cz\/wp-content\/uploads\/2023\/07\/Snimek-obrazovky-2023-07-24-v-21.12.41-1200x630.png\" alt=\"Ubytovanie pri Lago di Braies\" width=\"667\" height=\"350\" \/><\/a><\/p>\n<h3><span class=\"ez-toc-section\" id=\"Lago_di_Carezza_%E2%80%93_Dolomity\"><\/span>Lago di Carezza \u2013 Dolomity<span class=\"ez-toc-section-end\"><\/span><\/h3>\n<p><span style=\"color: #008000;\"><a style=\"color: #008000;\" href=\"https:\/\/www.booking.com\/searchresults.en.html?city=-113340&amp;aid=347511&amp;no_rooms=1&amp;group_adults=2\" target=\"_blank\" rel=\"noopener\">Jazero Lago di Carezza by si rozhodne nemal min\u00fa\u0165 a rada hovor\u00edm, \u017ee patr\u00ed medzi tie v\u00fdlety v Dolomitoch,<\/a><\/span> na ktor\u00e9 sa m\u00f4\u017ee vybra\u0165 naozaj ka\u017ed\u00fd. K\u00fasok od jazera sa nach\u00e1dza platen\u00e9 parkovisko, od ktor\u00e9ho sa k jazeru dostane\u0161 pohodln\u00fdm podchodom. Tento v\u00fdlet ti nezaberie ve\u013ea \u010dasu (pokia\u013e sa nevyberie\u0161 na n\u00e1ro\u010dnej\u0161\u00ed v\u00fdstup \u010falej do h\u00f4r), a tak ho m\u00f4\u017ee\u0161 do svojho itiner\u00e1ra zaradi\u0165 ako doplnkov\u00fd pri prejazde na \u010fal\u0161ie miesta.<\/p>\n<p>My sme Lago di Carezza nav\u0161t\u00edvili v rann\u00fdch hodin\u00e1ch na za\u010diatku j\u00fana a rozhodne to bola dobr\u00e1 vo\u013eba. Parkovisko bolo takmer pr\u00e1zdne a okolo jazera s nami i\u0161lo len nieko\u013eko m\u00e1lo turistov. Prakticky sme mali v\u00e4\u010d\u0161inu trasy aj vyhliadkov\u00fa terasu len pre seba. S outdoorov\u00fdm ko\u010d\u00edkom trasu bez probl\u00e9mov ob\u00edde\u0161.<\/p>\n<p>Nechaj sa in\u0161pirova\u0165 aj moj\u00edm samostatn\u00fdm \u010dl\u00e1nkom k Lago Di Carezza, kde n\u00e1jde\u0161 aj viac fotografi\u00ed z tohto rozpr\u00e1vkov\u00e9ho miesta, aby si si urobil lep\u0161iu predstavu:<\/p>\n<ul>\n<li><span style=\"color: #008000;\"><strong><a style=\"color: #008000;\" href=\"https:\/\/www.dovolenkarka.cz\/lago-di-carezza\/\" target=\"_blank\" rel=\"noopener\">Lago di Carezza: kde zaparkova\u0165 a kde sa ubytova\u0165<\/a><\/strong><\/span><\/li>\n<li><span style=\"color: #008000;\"><strong><a style=\"color: #008000;\" href=\"https:\/\/www.booking.com\/searchresults.en.html?city=-113340&amp;aid=347511&amp;no_rooms=1&amp;group_adults=2\" target=\"_blank\" rel=\"noopener\">UK\u00c1ZA\u0164 VO\u013dN\u00c9 UBYTOVANIA V BL\u00cdZKOSTI LAGO DI CAREZZA<\/a><\/strong><\/span><\/li>\n<\/ul>\n<p><a href=\"https:\/\/www.booking.com\/searchresults.en.html?city=-113340&amp;aid=347511&amp;no_rooms=1&amp;group_adults=2\" target=\"_blank\" rel=\"noopener\"><img loading=\"lazy\" decoding=\"async\" class=\"size-large wp-image-8127 aligncenter\" src=\"https:\/\/www.dovolenkarka.cz\/wp-content\/uploads\/2023\/12\/IMG_6401-2-1-1200x630.jpeg\" alt=\"Lago di Carezza\" width=\"667\" height=\"350\" \/><\/a><\/p>\n<div id=\"attachment_8118\" style=\"width: 677px\" class=\"wp-caption aligncenter\"><a href=\"https:\/\/www.booking.com\/searchresults.en.html?city=-113340&amp;aid=347511&amp;no_rooms=1&amp;group_adults=2\" target=\"_blank\" rel=\"noopener\"><img loading=\"lazy\" decoding=\"async\" aria-describedby=\"caption-attachment-8118\" class=\"size-large wp-image-8118\" src=\"https:\/\/www.dovolenkarka.cz\/wp-content\/uploads\/2023\/12\/IMG_6412-1200x630.jpeg\" alt=\"Lago di Carezza\" width=\"667\" height=\"350\" \/><\/a><p id=\"caption-attachment-8118\" class=\"wp-caption-text\">Lago di Carezza \/ Dovolenk\u00e1rka<\/p><\/div>\n<h3><span class=\"ez-toc-section\" id=\"Vylety_v_Dolomitoch_%E2%80%93_Lago_di_Sorapis\"><\/span>V\u00fdlety v Dolomitoch \u2013 Lago di Sorapis<span class=\"ez-toc-section-end\"><\/span><\/h3>\n<p>Ak si fyzicky zdatn\u00fd, nemal by si medzi v\u00fdletmi v Dolomitoch vynecha\u0165 ani rozpr\u00e1vkov\u00e9 horsk\u00e9 jazero Lago di Sorapis. V\u00fdstup k Lago di Sorapis, jedn\u00e9mu z najkraj\u0161\u00edch tyrkysovo mlie\u010dnych jazier v Dolomitoch, za\u010d\u00edna pri Passo Tre Croci, horskom sedle medzi Cortinou d\u2019Ampezzo a Misurinou.<\/p>\n<p>Trasa vedie po chodn\u00edku \u010d. 215 a je dlh\u00e1 pribli\u017ene 12 km (tam aj sp\u00e4\u0165) s prev\u00fd\u0161en\u00edm okolo 450 metrov. N\u00e1ro\u010dnos\u0165 pova\u017eujem za stredn\u00fa. Hoci nie je v\u00fdstup extr\u00e9mne strm\u00fd, niektor\u00e9 \u00fazke \u00faseky s isten\u00edm a skaln\u00fdmi schodmi vy\u017eaduj\u00fa, aby si mal ist\u00fd krok a pevn\u00fa obuv. Rozhodne by som tento v\u00fdlet ne\u0161la za da\u017ediv\u00e9ho po\u010dasia alebo po viacer\u00fdch da\u017ediv\u00fdch d\u0148och, kedy by si sa tu mohol \u013eahko po\u0161mykn\u00fa\u0165.<\/p>\n<p>Cel\u00fd okruh zaberie cca 3,5 a\u017e 5 hod\u00edn v z\u00e1vislosti od kond\u00edcie a po\u010dtu zast\u00e1vok na fotenie. Auto sa d\u00e1 necha\u0165 na parkovisku priamo pri Passo Tre Croci, odkia\u013e sa vyr\u00e1\u017ea pe\u0161o. <span style=\"color: #008000;\"><a style=\"color: #008000;\" href=\"https:\/\/www.booking.com\/searchresults.en.html?city=-116371&amp;aid=347511&amp;no_rooms=1&amp;group_adults=2\">Pre ubytovanie je ide\u00e1lna Cortina d\u2019Ampezzo, ktor\u00e1 pon\u00faka \u0161irok\u00fa \u0161k\u00e1lu hotelov aj apartm\u00e1nov a skvel\u00fa atmosf\u00e9ru horsk\u00e9ho meste\u010dka.<\/a><\/span> Po\u010d\u00edtaj s t\u00fdm, \u017ee ceny za ubytovanie tu nepatria medzi najlacnej\u0161ie. Ak h\u013ead\u00e1\u0161 lacnej\u0161ie prespanie, odpor\u00fa\u010dam vyrazi\u0165 sem len na v\u00fdlet.<\/p>\n<blockquote><p><span style=\"color: #008000;\"><strong><a style=\"color: #008000;\" href=\"https:\/\/www.booking.com\/searchresults.en.html?city=-116371&amp;aid=347511&amp;no_rooms=1&amp;group_adults=2\" target=\"_blank\" rel=\"noopener\">&gt; UK\u00c1ZA\u0164 VO\u013dN\u00c9 UBYTOVANIA V CORTINA D&#8217;AMPEZZO<\/a><\/strong><\/span><\/p><\/blockquote>\n<p><a href=\"https:\/\/www.dovolenkarka.cz\/sk\/vylety-v-dolomitoch\/lake-sorapis-2004747_1920\/\" rel=\"attachment wp-att-9349\"><img loading=\"lazy\" decoding=\"async\" class=\"aligncenter size-large wp-image-9349\" src=\"https:\/\/www.dovolenkarka.cz\/wp-content\/uploads\/2025\/03\/lake-sorapis-2004747_1920-1200x630.jpg\" alt=\"Lago di Sorapis \u2013 V\u00fdlety v Dolomitoch\" width=\"667\" height=\"350\" \/><\/a><\/p>\n<h3><span class=\"ez-toc-section\" id=\"Letny_Kronplatz_%E2%80%93_Dolomity\"><\/span>Letn\u00fd Kronplatz \u2013 Dolomity<span class=\"ez-toc-section-end\"><\/span><\/h3>\n<p><span style=\"color: #008000;\"><a style=\"color: #008000;\" href=\"https:\/\/www.booking.com\/searchresults.en.html?city=900040748&amp;aid=347511&amp;no_rooms=1&amp;group_adults=2\" target=\"_blank\" rel=\"noopener\">Letn\u00fd Kronplatz a n\u00e1sledne aj letn\u00e1 Anterselva s\u00fa za m\u0148a dva pohodov\u00e9 v\u00fdlety v Dolomitoch<\/a><\/span>, ktor\u00e9 by si najsk\u00f4r \u010dakal v zimnom zozname, kam sa tu vybra\u0165. Tr\u00fafam si v\u0161ak tvrdi\u0165, \u017ee mnoh\u00fdch z v\u00e1s tieto miesta nadchn\u00fa aj v letnej sez\u00f3ne a mo\u017eno si Dolomity ob\u013e\u00fabite rovnako ako my. V zime je Kronplatz na\u0161ou istotou a v lete si tento ob\u013e\u00faben\u00fd kopec m\u00f4\u017ee\u0161 vy\u0161liapa\u0165 tie\u017e a u\u017ei\u0165 si za pekn\u00e9ho po\u010dasia tieto 360-stup\u0148ov\u00e9 v\u00fdh\u013eady do okolitej horskej pr\u00edrody.<\/p>\n<p style=\"text-align: left;\">Odpor\u00fa\u010dam sa ubytova\u0165, kde inde ako vo Valdaora:<\/p>\n<blockquote>\n<p style=\"text-align: center;\"><span style=\"color: #008000;\"><strong><a style=\"color: #008000;\" href=\"https:\/\/www.booking.com\/searchresults.en.html?city=900040748&amp;aid=347511&amp;no_rooms=1&amp;group_adults=2\" target=\"_blank\" rel=\"noopener\">&gt; UK\u00c1ZA\u0164 VO\u013dN\u00c9 UBYTOVANIA VO VALDAORA<\/a><\/strong><\/span><\/p>\n<\/blockquote>\n<p><a href=\"https:\/\/www.booking.com\/searchresults.en.html?city=900040748&amp;aid=347511&amp;no_rooms=1&amp;group_adults=2\" target=\"_blank\" rel=\"noopener\"><img loading=\"lazy\" decoding=\"async\" class=\"aligncenter size-large wp-image-7991\" src=\"https:\/\/www.dovolenkarka.cz\/wp-content\/uploads\/2023\/07\/210098435-1200x630.jpg\" alt=\"Ubytovanie Valdaora\" width=\"667\" height=\"350\" \/><\/a><\/p>\n<p><a href=\"https:\/\/www.booking.com\/searchresults.en.html?city=900040748&amp;aid=347511&amp;no_rooms=1&amp;group_adults=2\" target=\"_blank\" rel=\"noopener\"><img loading=\"lazy\" decoding=\"async\" class=\"aligncenter size-large wp-image-9351\" src=\"https:\/\/www.dovolenkarka.cz\/wp-content\/uploads\/2025\/03\/excursion-1613739_1920-1200x630.jpg\" alt=\"Letn\u00fd Kronplatz \u2013 V\u00fdlety v Dolomitoch \" width=\"667\" height=\"350\" \/><\/a><\/p>\n<h3><span class=\"ez-toc-section\" id=\"Letna_Anterselva_Vylety_v_Dolomitoch\"><\/span>Letn\u00e1 Anterselva \/ V\u00fdlety v Dolomitoch<span class=\"ez-toc-section-end\"><\/span><\/h3>\n<p>M\u00e1m tu nejak\u00fdch priaznivcov biatlonu? Ak aj ty sleduje\u0161 na\u0161ich biatlonistov na svetov\u00fdch poh\u00e1roch, tak si ur\u010dite vybav\u00ed\u0161, \u017ee v Anterselve je sn\u00e1\u010f zaka\u017ed\u00fdm kr\u00e1sne po\u010dasie a tr\u00fafam si poveda\u0165, \u017ee to ist\u00e9 plat\u00ed aj pre letn\u00fa sez\u00f3nu tu. Okrem toho, \u017ee je to odtia\u013eto k\u00fasok na Kronplatz a rovnako aj k jazeru Lago di Braies, priamo tu sa m\u00f4\u017ee\u0161 vyda\u0165 k rovnomenn\u00e9mu jazeru Anterselva alebo zvoli\u0165 niektor\u00fa z pohodov\u00fdch aj n\u00e1ro\u010dnej\u0161\u00edch tr\u00e1s \u010falej do h\u00f4r.<\/p>\n<p><span style=\"color: #008000;\"><a style=\"color: #008000;\" href=\"https:\/\/www.booking.com\/hotel\/it\/restaurant-seehaus-montain-lake-resort.en.html?aid=347511&amp;no_rooms=1&amp;group_adults=2\" target=\"_blank\" rel=\"noopener\">Miestni hovoria, \u017ee ich jazero Anterselva je kraj\u0161ie ako turistami obliehan\u00e9 Lago di Braies<\/a><\/span>. Pos\u00fadenie nech\u00e1m na tebe. Ka\u017edop\u00e1dne je toto miesto jedn\u00fdm z \u010fal\u0161\u00edch, ktor\u00e9 na na\u0161om zozname pre v\u00fdlety v Dolomitoch rozhodne nesmie ch\u00fdba\u0165.<\/p>\n<p>Odpor\u00fa\u010dam sa ubytova\u0165 priamo pri jazere s dychber\u00facimi v\u00fdh\u013eadmi priamo z hotela. Nach\u00e1dza sa tu aj dobre hodnoten\u00e1 re\u0161taur\u00e1cia. Nedivila by som sa teda, ak sa ti odtia\u013eto nebude chcie\u0165 odch\u00e1dza\u0165. Ver\u00edm, \u017ee si Dolomity z\u00edskaj\u00fa aj teba.<\/p>\n<p style=\"text-align: center;\"><span style=\"color: #008000;\"><strong><a style=\"color: #008000;\" href=\"https:\/\/www.booking.com\/hotel\/it\/restaurant-seehaus-montain-lake-resort.en.html?aid=347511&amp;no_rooms=1&amp;group_adults=2\" target=\"_blank\" rel=\"noopener\">&gt; UK\u00c1ZA\u0164 CENY UBYTOVANIA V HOTELI ANTERSELVA<\/a><\/strong><\/span><\/p>\n<p><a href=\"https:\/\/www.booking.com\/hotel\/it\/restaurant-seehaus-montain-lake-resort.en.html?aid=347511&amp;no_rooms=1&amp;group_adults=2\" target=\"_blank\" rel=\"noopener\"><img loading=\"lazy\" decoding=\"async\" class=\"aligncenter size-large wp-image-9352\" src=\"https:\/\/www.dovolenkarka.cz\/wp-content\/uploads\/2025\/03\/Obrazek-42-1200x630.jpg\" alt=\"V\u00fdlety v Dolomitoch \u2013 Anterselva\" width=\"667\" height=\"350\" \/><\/a><\/p>\n<h3><span class=\"ez-toc-section\" id=\"Vyhliadka_na_Cadini_di_Misurina_Vylety_v_Dolomitoch\"><\/span>Vyhliadka na Cadini di Misurina \/ V\u00fdlety v Dolomitoch<span class=\"ez-toc-section-end\"><\/span><\/h3>\n<p><span style=\"color: #008000;\"><a style=\"color: #008000;\" href=\"https:\/\/www.booking.com\/searchresults.en.html?city=-116371&amp;aid=347511&amp;no_rooms=1&amp;group_adults=2\" target=\"_blank\" rel=\"noopener\">Vyhliadka na Cadini di Misurina pon\u00faka jeden z najdramatickej\u0161\u00edch poh\u013eadov<\/a><\/span> na majest\u00e1tne vrcholy Dolomitov. V\u00fdchodiskov\u00fdm bodom je parkovisko pri chate Rifugio Auronzo, kam sa d\u00e1 dosta\u0165 platenou cestou ved\u00facou z Misuriny. Odtia\u013e vedie pomerne nen\u00e1ro\u010dn\u00fd chodn\u00edk \u010d. 117, ktor\u00fd mierne st\u00fapa po horskom hrebeni.<\/p>\n<p>Trasa je dlh\u00e1 pribli\u017ene 2,5 \u2013 3 km (tam aj sp\u00e4\u0165) s prev\u00fd\u0161en\u00edm okolo 150 metrov, tak\u017ee ju zvl\u00e1dne v\u00e4\u010d\u0161ina turistov, ale napriek tomu je nutn\u00e9 ma\u0165 pevn\u00fa obuv a by\u0165 opatrn\u00fd na \u00fazkych \u00fasekoch s prudk\u00fdm zr\u00e1zom. V\u00fdstup zaberie asi 1,5 \u2013 2 hodiny vr\u00e1tane \u010dasu na kochanie, ale pozn\u00e1me sa s t\u00fdmi zast\u00e1vkami na fotenie, v\u0161ak?<\/p>\n<p>Parkovanie je mo\u017en\u00e9 priamo pri Rifugio Auronzo, aj ke\u010f v sez\u00f3ne b\u00fdva skoro pln\u00e9. <span style=\"color: #008000;\"><a style=\"color: #008000;\" href=\"https:\/\/www.booking.com\/searchresults.en.html?city=-116371&amp;aid=347511&amp;no_rooms=1&amp;group_adults=2\" target=\"_blank\" rel=\"noopener\">Pre ubytovanie je ide\u00e1lna Misurina alebo Cortina d\u2019Ampezzo<\/a><\/span>, odkia\u013e sa sem dostane\u0161 po\u010das kr\u00e1tkej jazdy autom. <span style=\"color: #000000;\"><strong>\u010co sa m\u00fdtnej cesty a parkovania t\u00fdka, \u010d\u00edm je t\u00e1to vyhliadka, jazero Misurina a \u010fal\u0161ie trasy popul\u00e1rnej\u0161ie, t\u00fdm je (nielen) za pekn\u00e9ho po\u010dasia n\u00e1ro\u010dnej\u0161ie tu zaparkova\u0165 (resp. sa sem v\u00f4bec dosta\u0165). <\/strong><\/span><\/p>\n<ul>\n<li>Cesta sa otv\u00e1ra o 7:00 r\u00e1no a za m\u00fdto sa plat\u00ed 30 EUR<\/li>\n<\/ul>\n<p><span style=\"color: #000000;\"><strong>Ak sa nechce\u0161 stresova\u0165, \u010di tu bude miesto pre tvoje auto: <\/strong><\/span><\/p>\n<ul>\n<li>Od konca j\u00fana do za\u010diatku okt\u00f3bra jazd\u00ed z Dobiacca\/Toblachu k Rifugio Auronzo autobus 444, pri\u010dom medzi 10. j\u00falom a 10. septembrom je nutn\u00e1 rezerv\u00e1cia: drei-zinnen.bz\/en\/ticket<\/li>\n<li>Takto sa m\u00f4\u017ee\u0161 napoji\u0165 na autobus 444 aj z in\u00fdch miest, kde si ubytovan\u00fd, napr. z Cortiny \u2013 t\u00fato trasu nem\u00e1me vysk\u00fa\u0161an\u00fa, odpor\u00fa\u010dam zisti\u0165 nadv\u00e4zuj\u00face autobusy priamo v tvojom ubytovan\u00ed<\/li>\n<li>Z\u00e1sadne neodpor\u00fa\u010dam chodi\u0165 a\u017e na koniec vyhliadky \u2013 jasn\u00e9, v\u00e4\u010d\u0161inou sa tu bude st\u00e1\u0165 rad na fotenie a\u017e na konci v\u00fdbe\u017eku, ale osobne odpor\u00fa\u010dam vyu\u017ei\u0165 to, \u017ee si na rade a vyfoti\u0165 si vyhliadku bez \u013eud\u00ed, ne\u017e riskova\u0165 mo\u017en\u00fd zosuv skaly<\/li>\n<\/ul>\n<p><a href=\"https:\/\/www.booking.com\/searchresults.en.html?city=-116371&amp;aid=347511&amp;no_rooms=1&amp;group_adults=2\" target=\"_blank\" rel=\"noopener\"><img loading=\"lazy\" decoding=\"async\" class=\"aligncenter size-large wp-image-9356\" src=\"https:\/\/www.dovolenkarka.cz\/wp-content\/uploads\/2025\/03\/IMG_4993-1200x630.jpeg\" alt=\"V\u00fdlety v Dolomitoch \u2013 Vyhliadka na Cadini di Misurina\" width=\"667\" height=\"350\" \/><\/a><\/p>\n<h3><span class=\"ez-toc-section\" id=\"Lago_di_Misurina_Vylety_v_Dolomitoch\"><\/span>Lago di Misurina \/ V\u00fdlety v Dolomitoch<span class=\"ez-toc-section-end\"><\/span><\/h3>\n<p data-start=\"0\" data-end=\"461\"><span style=\"color: #008000;\"><a style=\"color: #008000;\" href=\"https:\/\/www.booking.com\/searchresults.en.html?city=-121853&amp;aid=347511&amp;no_rooms=1&amp;group_adults=2\" target=\"_blank\" rel=\"noopener\">Lago di Misurina je malebn\u00e9 horsk\u00e9 jazero le\u017eiace v nadmorskej v\u00fd\u0161ke 1 754 metrov,<\/a> <\/span>obklopen\u00e9 majest\u00e1tnymi vrcholmi, ktor\u00fdmi sa Dolomity p\u00fd\u0161ia. Ide\u00e1lnym v\u00fdchodiskov\u00fdm bodom je samotn\u00e1 Misurina, kam sa d\u00e1 dosta\u0165 autom alebo autobusom z Cortiny d\u2019Ampezzo. M\u00f4\u017ee to by\u0165 tak aj z\u00e1kladn\u00fd v\u00fdchodiskov\u00fd bod pre tvoje \u010fal\u0161ie v\u00fdlety \u2013 k vyhliadke Cadini di Misurina a napr. aj k v\u00fdletu k Tre Cime di Lavaredo.<\/p>\n<p data-start=\"0\" data-end=\"461\">Okolo jazera vedie nen\u00e1ro\u010dn\u00e1 trasa, ktor\u00fa zvl\u00e1dne ka\u017ed\u00fd. Ide sk\u00f4r o pohodov\u00fa prech\u00e1dzku ne\u017e n\u00e1ro\u010dn\u00fd v\u00fdstup. Ak h\u013ead\u00e1\u0161 parkovanie, najlep\u0161ou vo\u013ebou s\u00fa miesta priamo pri jazere alebo v okolit\u00fdch ubytovac\u00edch zariadeniach.<\/p>\n<p data-start=\"463\" data-end=\"1002\" data-is-last-node=\"\" data-is-only-node=\"\">Jazero je opraden\u00e9 legendou, pod\u013ea ktorej tu kedysi \u017eilo kr\u00e1sne diev\u010da Misurina, ktor\u00e9 si prialo k\u00fazeln\u00e9 zrkadlo vidiace do s\u0155dc \u013eud\u00ed. Jej otec, kr\u00e1\u013e Sorapiss, ho pre \u0148u z\u00edskal, ale cena bola vysok\u00e1 \u2013 v\u00fdmenou sa premenil na horu a jeho slzy vytvorili jazero. Dnes si tu m\u00f4\u017ee\u0161 vychutna\u0165 nielen n\u00e1dhern\u00fd v\u00fdh\u013ead na mas\u00edv Tre Cime di Lavaredo, ale aj pokojn\u00fa atmosf\u00e9ru ide\u00e1lnu na odpo\u010dinok.<\/p>\n<blockquote>\n<p data-start=\"463\" data-end=\"1002\" data-is-last-node=\"\" data-is-only-node=\"\"><span style=\"color: #008000;\"><strong><a style=\"color: #008000;\" href=\"https:\/\/www.booking.com\/searchresults.en.html?city=-121853&amp;aid=347511&amp;no_rooms=1&amp;group_adults=2\" target=\"_blank\" rel=\"noopener\">&gt;UK\u00c1ZA\u0164 VO\u013dN\u00c9 UBYTOVANIA PRI LAGO DI MISURINA TU<\/a><\/strong><\/span><\/p>\n<\/blockquote>\n<p data-start=\"463\" data-end=\"1002\" data-is-last-node=\"\" data-is-only-node=\"\"><a href=\"https:\/\/www.booking.com\/searchresults.en.html?city=-121853&amp;aid=347511&amp;no_rooms=1&amp;group_adults=2\" target=\"_blank\" rel=\"noopener\"><img loading=\"lazy\" decoding=\"async\" class=\"aligncenter size-large wp-image-9357\" src=\"https:\/\/www.dovolenkarka.cz\/wp-content\/uploads\/2025\/03\/lake-misurina-7224480_1920-1200x630.jpg\" alt=\"V\u00fdlety v Dolomitoch \u2013 Lago di Misurina\" width=\"667\" height=\"350\" \/><\/a><\/p>\n<h3><span class=\"ez-toc-section\" id=\"Tre_Cime_di_Lavaredo_%E2%80%93_Dolomity\"><\/span>Tre Cime di Lavaredo \u2013 Dolomity<span class=\"ez-toc-section-end\"><\/span><\/h3>\n<p data-start=\"0\" data-end=\"556\">Tre Cime di Lavaredo patr\u00ed k najikonickej\u0161\u00edm vrcholom Dolomitov a pon\u00faka nezabudnute\u013en\u00fa t\u00faru okolo t\u00fdchto monument\u00e1lnych skaln\u00fdch ve\u017e\u00ed. Ide\u00e1lnym v\u00fdchodiskov\u00fdm bodom je n\u00e1m u\u017e zn\u00e1me Rifugio Auronzo, kam sa d\u00e1 dosta\u0165 autom po platenej horskej ceste z Misuriny alebo autobusom \u010d. 444 (viac info pri v\u00fdletoch vy\u0161\u0161ie).<\/p>\n<p data-start=\"0\" data-end=\"556\">Okru\u017en\u00e1 trasa okolo Tre Cime je asi 10 km s prev\u00fd\u0161en\u00edm pribli\u017ene 400 metrov a jej zvl\u00e1dnutie trv\u00e1 okolo 4 hod\u00edn. Trasa je stredne n\u00e1ro\u010dn\u00e1, v letn\u00fdch mesiacoch a za dobr\u00e9ho po\u010dasia v\u00e4\u010d\u0161inou dobre schodn\u00e1, ale po\u010d\u00edtaj s t\u00fdm, \u017ee niektor\u00e9 \u00faseky m\u00f4\u017eu by\u0165 kamenist\u00e9 a viac \u010dlenit\u00e9.<\/p>\n<p data-start=\"558\" data-end=\"968\" data-is-last-node=\"\" data-is-only-node=\"\">Parkovanie je mo\u017en\u00e9 priamo pri Rifugio Auronzo, ak vyraz\u00ed\u0161 dostato\u010dne skoro r\u00e1no, ako sme si povedali u\u017e vy\u0161\u0161ie. \u00c1no, vid\u00ed\u0161, \u017ee toto miesto je naozaj ob\u013e\u00faben\u00e9 hne\u010f pre nieko\u013eko v\u00fdletov, a preto s tou obsadenos\u0165ou naozaj nestra\u0161\u00edm zbyto\u010dne. Priatelia mi odporu\u010dili pre bud\u00faci v\u00fdlet k Tre Cime Lavaredo, aby sme si privstali na v\u00fdchod slnka a prenocovali v niektorej z horsk\u00fdch ch\u00e1t. Tak mo\u017eno sa tu niekedy nabud\u00face stretneme, ke\u010f sa vyd\u00e1\u0161 precestova\u0165 Dolomity.<\/p>\n<p data-start=\"558\" data-end=\"968\" data-is-last-node=\"\" data-is-only-node=\"\"><span style=\"color: #000000;\"><strong>Miestne horsk\u00e9 chaty:<\/strong><\/span> Rifugio Auronzo, Rifugio Lavaredo alebo Rifugio Locatelli<\/p>\n<p data-start=\"558\" data-end=\"968\" data-is-last-node=\"\" data-is-only-node=\"\"><span style=\"color: #008000;\"><a style=\"color: #008000;\" href=\"https:\/\/www.booking.com\/searchresults.en.html?city=-121853&amp;aid=347511&amp;no_rooms=1&amp;group_adults=2\" target=\"_blank\" rel=\"noopener\">\u010eal\u0161ie mo\u017enosti ubytovania v Misurine alebo Cortine d\u2019Ampezzo<\/a><\/span><\/p>\n<blockquote>\n<p data-start=\"558\" data-end=\"968\" data-is-last-node=\"\" data-is-only-node=\"\"><span style=\"color: #008000;\"><strong><a style=\"color: #008000;\" href=\"https:\/\/www.booking.com\/searchresults.en.html?city=-116371&amp;aid=347511&amp;no_rooms=1&amp;group_adults=2\" target=\"_blank\" rel=\"noopener\">&gt; UK\u00c1ZA\u0164 VO\u013dN\u00c9 UBYTOVANIA V CORTINA D&#8217;AMPEZZO<\/a><\/strong><\/span><\/p>\n<\/blockquote>\n<p data-start=\"558\" data-end=\"968\" data-is-last-node=\"\" data-is-only-node=\"\"><a href=\"https:\/\/www.booking.com\/searchresults.en.html?city=-116371&amp;aid=347511&amp;no_rooms=1&amp;group_adults=2\" target=\"_blank\" rel=\"noopener\"><img loading=\"lazy\" decoding=\"async\" class=\"aligncenter size-large wp-image-9360\" src=\"https:\/\/www.dovolenkarka.cz\/wp-content\/uploads\/2025\/03\/tre-cime-di-lavaredo-4979973_1920-1200x630.jpg\" alt=\"V\u00fdlety v Dolomitoch \u2013 Tre Cime di Lavaredo \" width=\"667\" height=\"350\" \/><\/a><\/p>\n<h3><span class=\"ez-toc-section\" id=\"Sassolungo_%E2%80%93_Dolomity\"><\/span>Sassolungo \u2013 Dolomity<span class=\"ez-toc-section-end\"><\/span><\/h3>\n<p><span style=\"color: #008000;\"><a style=\"color: #008000;\" href=\"https:\/\/www.booking.com\/hotel\/it\/passo-sella-dolomiti-mountain-resort.en.html?aid=347511&amp;no_rooms=1&amp;group_adults=2\" target=\"_blank\" rel=\"noopener\">Medzi v\u00fdlety v Dolomitoch, ktor\u00e9 odpor\u00fa\u010dam nevynecha\u0165, mus\u00edm zaradi\u0165 aj mas\u00edv Sassolungo.<\/a><\/span> Sassolungo je jedn\u00fdm z najimpozantnej\u0161\u00edch vrcholov Dolomitov a pon\u00faka nieko\u013eko r\u00f4zne n\u00e1ro\u010dn\u00fdch, n\u00e1dhern\u00fdch turistick\u00fdch tr\u00e1s. Ak nav\u0161tevuje\u0161 Dolomity v zime a ob\u013e\u00fabil si si z\u00e1\u017eitkov\u00fa Sella Rondu rovnako ako my, potom ti toto miesto ur\u010dite nemus\u00edm viac predstavova\u0165. \u010co si v\u0161ak mo\u017eno nevedel je, \u017ee rovnako ako je tu kr\u00e1sne v zime, m\u00f4\u017ee\u0161 si toto miesto u\u017ei\u0165 aj v lete.<\/p>\n<p>Ide\u00e1lnym v\u00fdchodiskov\u00fdm bodom je Passo Sella, kam sa dostane\u0161 autom alebo autobusom z Val Gardeny \u010di Canazei. Odtia\u013e vedie n\u00e1ro\u010dnej\u0161ia okru\u017en\u00e1 trasa okolo mas\u00edvu Sassolungo, ktor\u00e1 meria pribli\u017ene 17 km s prev\u00fd\u0161en\u00edm okolo 800 metrov \u2013 osobne sme ju ne\u0161li a vyrazili sme na v\u00fdlet len lanovkou \u2013 Forcella del Sassolungo, ktor\u00e1 \u0165a vyvezie do sedla vo v\u00fd\u0161ke 2 685 m n. m.<\/p>\n<p data-start=\"492\" data-end=\"867\" data-is-last-node=\"\" data-is-only-node=\"\">Pre ubytovanie je ide\u00e1lna Selva di Val Gardena alebo Canazei, kde n\u00e1jde\u0161 \u0161irok\u00fa ponuku hotelov, penzi\u00f3nov aj horsk\u00fdch ch\u00e1t. Moj\u00edm tajn\u00fdm tipom je ubytova\u0165 sa priamo v Passo Sella s v\u00fdh\u013eadom na Sassolungo:<\/p>\n<p style=\"text-align: center;\"><span style=\"color: #008000;\"><a style=\"color: #008000;\" href=\"https:\/\/www.booking.com\/hotel\/it\/passo-sella-dolomiti-mountain-resort.en.html?aid=347511&amp;no_rooms=1&amp;group_adults=2\" target=\"_blank\" rel=\"noopener\"><strong>Passo Sella Dolomiti Mountain Resort<\/strong><\/a><\/span><\/p>\n<p><a href=\"https:\/\/www.booking.com\/hotel\/it\/passo-sella-dolomiti-mountain-resort.en.html?aid=347511&amp;no_rooms=1&amp;group_adults=2\" target=\"_blank\" rel=\"noopener\"><img loading=\"lazy\" decoding=\"async\" class=\"aligncenter size-large wp-image-9362\" src=\"https:\/\/www.dovolenkarka.cz\/wp-content\/uploads\/2025\/03\/Obrazek-11-1200x630.jpg\" alt=\"Ubytovanie v Dolomitoch \u2013 Passo Sella Dolomiti Mountain Resort\" width=\"667\" height=\"350\" \/><\/a><\/p>\n<p>Ke\u010f sme pri t\u00fdch priesmykoch, Dolomity s\u00fa na ne naozaj bohat\u00e9, a tak posledn\u00e9 tri moje tipy na v\u00fdlety v Dolomitoch sa bud\u00fa venova\u0165 pr\u00e1ve t\u00fdm, za n\u00e1s najkraj\u0161\u00edm:<\/p>\n<h3><span class=\"ez-toc-section\" id=\"Horsky_priesmyk_Passo_Pordoi_Vylety_v_Dolomitoch\"><\/span>Horsk\u00fd priesmyk Passo Pordoi \/ V\u00fdlety v Dolomitoch<span class=\"ez-toc-section-end\"><\/span><\/h3>\n<p>Passo Pordoi (2 239 m n. m.) je jeden z najzn\u00e1mej\u0161\u00edch horsk\u00fdch priesmykov v Dolomitoch. Sp\u00e1ja \u00fadolia Val di Fassa a Livinallongo. Cesta je celoro\u010dne prejazdn\u00e1 a bez poplatku, av\u0161ak v zime m\u00f4\u017ee by\u0165 kv\u00f4li snehu do\u010dasne uzavret\u00e1. Na ceste sa nach\u00e1dza nieko\u013eko panoramatick\u00fdch vyhliadok, ktor\u00e9 stoja za zast\u00e1vku. Ob\u013e\u00faben\u00e9 je Sass Pordoi, kam \u0165a vyvezie lanovka a odkia\u013e sa otv\u00e1ra dychber\u00faci v\u00fdh\u013ead na Marmoladu, najvy\u0161\u0161iu horu Dolomitov.<\/p>\n<p><a href=\"https:\/\/www.booking.com\/searchresults.en.html?city=-112922&amp;aid=347511&amp;no_rooms=1&amp;group_adults=2\" target=\"_blank\" rel=\"noopener\"><img loading=\"lazy\" decoding=\"async\" class=\"aligncenter size-large wp-image-9365\" src=\"https:\/\/www.dovolenkarka.cz\/wp-content\/uploads\/2025\/03\/piz-boe-2799585_1920-1200x630.jpg\" alt=\"V\u00fdlety v Dolomitoch \u2013 Sass Pordoi\" width=\"667\" height=\"350\" \/><\/a><\/p>\n<p><span style=\"color: #008000;\"><a style=\"color: #008000;\" href=\"https:\/\/www.booking.com\/searchresults.en.html?city=-112922&amp;aid=347511&amp;no_rooms=1&amp;group_adults=2\" target=\"_blank\" rel=\"noopener\">Pre ubytovanie je ide\u00e1lne Canazei na juhu<\/a><\/span> alebo Arabba na severe priesmyku, kde n\u00e1jde\u0161 hotely aj \u00fatuln\u00e9 horsk\u00e9 chaty.<\/p>\n<p><span style=\"color: #008000;\"><a style=\"color: #008000;\" href=\"https:\/\/www.booking.com\/searchresults.en.html?city=-112922&amp;aid=347511&amp;no_rooms=1&amp;group_adults=2\" target=\"_blank\" rel=\"noopener\"><strong>Nami overen\u00fd tip na ubytovanie v Canazei so skvel\u00fdm pomerom cena\/kvalita: <\/strong><\/a><\/span><\/p>\n<div id=\"attachment_8133\" style=\"width: 677px\" class=\"wp-caption aligncenter\"><a href=\"https:\/\/www.booking.com\/searchresults.en.html?city=-112922&amp;aid=347511&amp;no_rooms=1&amp;group_adults=2\" target=\"_blank\" rel=\"noopener\"><img loading=\"lazy\" decoding=\"async\" aria-describedby=\"caption-attachment-8133\" class=\"size-large wp-image-8133\" src=\"https:\/\/www.dovolenkarka.cz\/wp-content\/uploads\/2023\/12\/IMG_6234-1-1200x630.jpeg\" alt=\"Ubytovanie v Canazei\" width=\"667\" height=\"350\" \/><\/a><p id=\"caption-attachment-8133\" class=\"wp-caption-text\">Ubytovanie v Canazei<\/p><\/div>\n<h3><span class=\"ez-toc-section\" id=\"Vylety_v_Dolomitoch_%E2%80%93_Passo_Gardena_Vylety_v_Dolomitoch\"><\/span>V\u00fdlety v Dolomitoch \u2013 Passo Gardena \/ V\u00fdlety v Dolomitoch<span class=\"ez-toc-section-end\"><\/span><\/h3>\n<p>Passo Gardena (2 136 m n. m.) je malebn\u00fd horsk\u00fd priesmyk v Dolomitoch, ktor\u00fd sp\u00e1ja \u00fadolia Val Gardena a Val Badia a v letn\u00fdch mesiacoch l\u00e1ka k t\u00falaniu sa po zelen\u00fdch l\u00fakach s dychber\u00facimi v\u00fdh\u013eadmi na v\u0161adepr\u00edtomn\u00e9 horsk\u00e9 mas\u00edvy. Cesta je bezplatne prejazdn\u00e1 po cel\u00fd rok, ale v zimn\u00fdch mesiacoch m\u00f4\u017ee by\u0165, rovnako ako ostatn\u00e9 priesmyky, kv\u00f4li snehu do\u010dasne uzavret\u00e1.<\/p>\n<p>Cestou sa otv\u00e1raj\u00fa \u00fachvatn\u00e9 v\u00fdh\u013eady na mas\u00edvy Sella, Sassolungo a Cir, ktor\u00e9 patria k najfotogenickej\u0161\u00edm scen\u00e9ri\u00e1m Dolomitov. Ur\u010dite nevynechaj zast\u00e1vku pri vyhliadke Gardena Pass Viewpoint, odkia\u013e je vidie\u0165 cel\u00e9 \u00fadolie Val Badia. Milovn\u00edci turistiky m\u00f4\u017eu vyrazi\u0165 na menej \u010di viac n\u00e1ro\u010dn\u00e9 trasy.<\/p>\n<p>Pre ubytovanie je najlep\u0161ou vo\u013ebou meste\u010dko Selva di Val Gardena alebo dedinka Colfosco, odkia\u013e je to k priesmyku len p\u00e1r min\u00fat jazdy.<\/p>\n<blockquote><p><span style=\"color: #008000;\"><strong><a style=\"color: #008000;\" href=\"https:\/\/www.booking.com\/searchresults.en.html?city=900039352&amp;aid=347511&amp;no_rooms=1&amp;group_adults=2\" target=\"_blank\" rel=\"noopener\">&gt; UK\u00c1ZA\u0164 VO\u013dN\u00c9 UBYTOVANIA V OKOL\u00cd VAL GARDENA TU<\/a><\/strong><\/span><\/p><\/blockquote>\n<p><a href=\"https:\/\/www.booking.com\/searchresults.en.html?city=900039352&amp;aid=347511&amp;no_rooms=1&amp;group_adults=2\" target=\"_blank\" rel=\"noopener\"><img loading=\"lazy\" decoding=\"async\" class=\"aligncenter size-large wp-image-9366\" src=\"https:\/\/www.dovolenkarka.cz\/wp-content\/uploads\/2025\/03\/nature-4371407_1920-1200x630.jpg\" alt=\"V\u00fdlety v Dolomitoch \u2013 Passo Gardena \" width=\"667\" height=\"350\" \/><\/a><\/p>\n<h3><span class=\"ez-toc-section\" id=\"Horsky_priesmyk_Passo_Giau_Vylety_v_Dolomitoch\"><\/span>Horsk\u00fd priesmyk Passo Giau \/ V\u00fdlety v Dolomitoch<span class=\"ez-toc-section-end\"><\/span><\/h3>\n<p>Passo Giau (2 236 m n. m.) je jeden z najkraj\u0161\u00edch horsk\u00fdch priesmykov, ktor\u00fdmi sa Dolomity p\u00fd\u0161ia. <span style=\"color: #008000;\"><a style=\"color: #008000;\" href=\"https:\/\/www.booking.com\/searchresults.en.html?city=-116371&amp;aid=347511&amp;no_rooms=1&amp;group_adults=2\" target=\"_blank\" rel=\"noopener\">Le\u017e\u00ed medzi Cortinou d\u2019Ampezzo<\/a><\/span> a Selva di Cadore a rozhodne by som ho medzi v\u00fdletmi v Dolomitoch nevynechala. Cesta je bezplatne prejazdn\u00e1 a pon\u00faka strm\u00e9 serpent\u00ednov\u00e9 st\u00fapanie s panoramatick\u00fdmi v\u00fdh\u013eadmi na mas\u00edvy Tofane, Nuvolau a Monte Averau.<\/p>\n<p>Priamo na vrchole priesmyku sa nach\u00e1dza n\u00e1dhern\u00e1 vyhliadka na okolit\u00e9 \u0161t\u00edty, ktor\u00fa rozhodne stoj\u00ed za to nav\u0161t\u00edvi\u0165, rovnako ako kr\u00e1tka prech\u00e1dzka k chate Rifugio Nuvolau, odkia\u013e sa otv\u00e1ra dychber\u00faci poh\u013ead na Cortinu a Marmoladu. Milovn\u00edci horskej cyklistiky ocenia, \u017ee Passo Giau je jednou z najn\u00e1ro\u010dnej\u0161\u00edch et\u00e1p Giro d&#8217;Italia.<\/p>\n<p style=\"text-align: center;\"><a href=\"https:\/\/www.booking.com\/searchresults.en.html?city=-116371&amp;aid=347511&amp;no_rooms=1&amp;group_adults=2\" target=\"_blank\" rel=\"noopener\"><span style=\"color: #008000;\"><strong>Pre ubytovanie je ide\u00e1lna Cortina d\u2019Ampezzo \u2013 UK\u00c1ZA\u0164 VO\u013dN\u00c9 UBYTOVANIA TU<\/strong><\/span><\/a><\/p>\n<p><a href=\"https:\/\/www.booking.com\/searchresults.en.html?city=-116371&amp;aid=347511&amp;no_rooms=1&amp;group_adults=2\" target=\"_blank\" rel=\"noopener\"><img loading=\"lazy\" decoding=\"async\" class=\"aligncenter wp-image-9368 size-large\" src=\"https:\/\/www.dovolenkarka.cz\/wp-content\/uploads\/2025\/03\/passport-2799636_1920-1200x630.jpg\" alt=\"Dolomity \/ V\u00fdlety v Dolomitoch \u2013 Passo Giau \" width=\"667\" height=\"350\" \/><\/a><\/p>\n<p><a href=\"https:\/\/www.booking.com\/searchresults.en.html?city=-116371&amp;aid=347511&amp;no_rooms=1&amp;group_adults=2\" target=\"_blank\" rel=\"noopener\"><img loading=\"lazy\" decoding=\"async\" class=\"aligncenter wp-image-9369 size-large\" src=\"https:\/\/www.dovolenkarka.cz\/wp-content\/uploads\/2025\/03\/passo-giau-2204718_1920-1200x630.jpg\" alt=\"Dolomity \/ V\u00fdlety v Dolomitoch \u2013 Passo Giau\" width=\"667\" height=\"350\" \/><\/a><\/p>\n<hr \/>\n<p>Pote\u0161il \u0165a dne\u0161n\u00fd \u010dl\u00e1nok s tipmi na v\u00fdlety v Dolomitoch? Potom budem rada, ke\u010f si ma prid\u00e1\u0161 k sledovaniu na FB, IG a Pintereste: Dovolenk\u00e1rka \/ @dovolenkarka<\/p>\n<hr \/>\n<p style=\"text-align: center;\"><span style=\"color: #000000;\"><strong>Ulo\u017e si \u010dl\u00e1nok na Pintereste s tipmi na v\u00fdlety v Dolomitoch, aby si ho \u013eahko na\u0161iel: <\/strong><\/span><\/p>\n<p style=\"text-align: center;\"><iframe loading=\"lazy\" src=\"https:\/\/assets.pinterest.com\/ext\/embed.html?id=1049057306955734654\" width=\"345\" height=\"714\" frameborder=\"0\" scrolling=\"no\"><\/iframe><\/p>\n","protected":false},"excerpt":{"rendered":"<p>Chyst\u00e1\u0161 sa v lete na akt\u00edvnu dovolenku a h\u013ead\u00e1\u0161 in\u0161pir\u00e1ciu, ktor\u00e9 v\u00fdlety v Dolomitoch nevynecha\u0165? To sa ti bude hodi\u0165 m\u00f4j dne\u0161n\u00fd \u010dl\u00e1nok s overen\u00fdmi tipmi na Dolomity z posledn\u00fdch rokov. Nie je tajomstvom, \u017ee Taliansko patr\u00ed medzi na\u0161e ob\u013e\u00faben\u00e9 krajiny, ktor\u00e9 nav\u0161tevujeme naozaj pravidelne. Taliansko n\u00e1s rob\u00ed \u0161\u0165astn\u00fdmi. Jednak je to t\u00e1 r\u00f4znorod\u00e1 pr\u00edroda, ktor\u00e1 ti berie dych doslova na ka\u017edom kroku a je \u00faplne jedno, \u010di vyraz\u00ed\u0161 do h\u00f4r, k jazer\u00e1m alebo k moru. TOP 10 UBYTOVAN\u00cd V DOLOMITOCH Z\u00e1rove\u0148 je to tou miestnou talianskou kuchy\u0148ou, ktor\u00e1 je navy\u0161e aj k n\u00e1m, celiatikom, viac ne\u017e priate\u013esk\u00e1. Nebudem zapiera\u0165, <\/p>\n","protected":false},"author":1,"featured_media":14869,"comment_status":"closed","ping_status":"closed","sticky":true,"template":"","format":"standard","meta":{"footnotes":""},"categories":[5757],"tags":[5762,5763,5758,5759,5761,5764,5760],"class_list":["post-14868","post","type-post","status-publish","format-standard","has-post-thumbnail","hentry","category-dolomity","tag-co-robit-v-dolomitoch","tag-co-vidiet-v-dolomitoch","tag-dolomity","tag-dolomity-vylety","tag-dovolenka-v-dolomitoch","tag-leto-v-dolomitoch","tag-vylety-v-dolomitoch","has_thumb"],"aioseo_notices":[],"_links":{"self":[{"href":"https:\/\/www.dovolenkarka.cz\/sk\/wp-json\/wp\/v2\/posts\/14868","targetHints":{"allow":["GET"]}}],"collection":[{"href":"https:\/\/www.dovolenkarka.cz\/sk\/wp-json\/wp\/v2\/posts"}],"about":[{"href":"https:\/\/www.dovolenkarka.cz\/sk\/wp-json\/wp\/v2\/types\/post"}],"author":[{"embeddable":true,"href":"https:\/\/www.dovolenkarka.cz\/sk\/wp-json\/wp\/v2\/users\/1"}],"replies":[{"embeddable":true,"href":"https:\/\/www.dovolenkarka.cz\/sk\/wp-json\/wp\/v2\/comments?post=14868"}],"version-history":[{"count":2,"href":"https:\/\/www.dovolenkarka.cz\/sk\/wp-json\/wp\/v2\/posts\/14868\/revisions"}],"predecessor-version":[{"id":14930,"href":"https:\/\/www.dovolenkarka.cz\/sk\/wp-json\/wp\/v2\/posts\/14868\/revisions\/14930"}],"wp:featuredmedia":[{"embeddable":true,"href":"https:\/\/www.dovolenkarka.cz\/sk\/wp-json\/wp\/v2\/media\/14869"}],"wp:attachment":[{"href":"https:\/\/www.dovolenkarka.cz\/sk\/wp-json\/wp\/v2\/media?parent=14868"}],"wp:term":[{"taxonomy":"category","embeddable":true,"href":"https:\/\/www.dovolenkarka.cz\/sk\/wp-json\/wp\/v2\/categories?post=14868"},{"taxonomy":"post_tag","embeddable":true,"href":"https:\/\/www.dovolenkarka.cz\/sk\/wp-json\/wp\/v2\/tags?post=14868"}],"curies":[{"name":"wp","href":"https:\/\/api.w.org\/{rel}","templated":true}]}}