{"id":14875,"date":"2025-02-02T18:48:58","date_gmt":"2025-02-02T17:48:58","guid":{"rendered":"https:\/\/www.dovolenkarka.cz\/reiteralm-oblubene-lyziarske-stredisko-aj-letny-turisticky-raj\/"},"modified":"2026-03-30T12:13:11","modified_gmt":"2026-03-30T10:13:11","slug":"reiteralm","status":"publish","type":"post","link":"https:\/\/www.dovolenkarka.cz\/sk\/reiteralm\/","title":{"rendered":"Reiteralm: ob\u013e\u00faben\u00e9 ly\u017eiarske stredisko aj letn\u00fd turistick\u00fd raj"},"content":{"rendered":"<p><span style=\"color: #008000;\"><a style=\"color: #008000;\" href=\"https:\/\/www.booking.com\/searchresults.en.html?region=3817&amp;aid=347511&amp;no_rooms=1&amp;group_adults=2\" target=\"_blank\" rel=\"noopener\">Reiteralm je ob\u013e\u00faben\u00e9 stredisko v zimnej aj letnej sez\u00f3ne.<\/a><\/span> V zime sa tu m\u00f4\u017ee\u0161 te\u0161i\u0165 na modern\u00e9 ly\u017eiarske z\u00e1zemie so spo\u013eahliv\u00fdmi lanovkami a nieko\u013ek\u00fdmi v\u00fdborne hodnoten\u00fdmi horsk\u00fdmi re\u0161taur\u00e1ciami, kam m\u00f4\u017ee\u0161 z\u00e1js\u0165 na nie\u010do dobr\u00e9, hne\u010f ako ti na svahoch vyhladne.<\/p>\n<p>V letnej sez\u00f3ne \u0165a naopak zl\u00e1ka dychber\u00faca horsk\u00e1 pr\u00edroda k nejedn\u00e9mu v\u00fd\u0161\u013eapu. <span style=\"color: #008000;\"><a style=\"color: #008000;\" href=\"https:\/\/rakouskajezera.cz\/reiteralm-vylet-k-jezeru-spiegelsee\/\" target=\"_blank\" rel=\"noopener\">Za najob\u013e\u00fabenej\u0161\u00ed tip na v\u00fdlet sa na Reiteralme<\/a> <\/span>pova\u017euje trek k horsk\u00e9mu jazeru Spiegelsee. Toto rozpr\u00e1vkov\u00e9 jazero, v ktorom sa za dobr\u00e9ho po\u010dasia zrkadlia vrcholky Dachsteinu, v\u0161ak nie je jedin\u00e9, na ktor\u00e9 pri svojich letn\u00fdch prech\u00e1dzkach natraf\u00ed\u0161.<\/p>\n<hr \/>\n<p><span style=\"color: #000000;\"><strong>Mohlo by v\u00e1s tie\u017e zauj\u00edma\u0165: <\/strong><\/span><\/p>\n<ul>\n<li><span style=\"color: #008000;\"><strong><a style=\"color: #008000;\" href=\"https:\/\/rakouskajezera.cz\/reiteralm-vylet-k-jezeru-spiegelsee\/\" target=\"_blank\" rel=\"noopener\">Reiteralm: v\u00fdlet k jazeru Spiegelsee<\/a><\/strong><\/span><\/li>\n<\/ul>\n<p><a href=\"https:\/\/rakouskajezera.cz\/reiteralm-vylet-k-jezeru-spiegelsee\/\" target=\"_blank\" rel=\"noopener\"><img loading=\"lazy\" decoding=\"async\" class=\"aligncenter size-large wp-image-9018\" src=\"https:\/\/www.dovolenkarka.cz\/wp-content\/uploads\/2025\/02\/Obrazek-26-1200x630.jpg\" alt=\"Reiteralm \u2013 Spiegelsee\" width=\"667\" height=\"350\" \/><\/a><\/p>\n<hr \/>\n<div id=\"ez-toc-container\" class=\"ez-toc-v2_0_82_2 counter-hierarchy ez-toc-counter ez-toc-grey ez-toc-container-direction\">\n<div class=\"ez-toc-title-container\">\n<p class=\"ez-toc-title\" style=\"cursor:inherit\">Obsah \u010dl\u00e1nku:<\/p>\n<span class=\"ez-toc-title-toggle\"><a href=\"#\" class=\"ez-toc-pull-right ez-toc-btn ez-toc-btn-xs ez-toc-btn-default ez-toc-toggle\" aria-label=\"Toggle Table of Content\"><span class=\"ez-toc-js-icon-con\"><span class=\"\"><span class=\"eztoc-hide\" style=\"display:none;\">Toggle<\/span><span class=\"ez-toc-icon-toggle-span\"><svg style=\"fill: #999;color:#999\" xmlns=\"http:\/\/www.w3.org\/2000\/svg\" class=\"list-377408\" width=\"20px\" height=\"20px\" viewBox=\"0 0 24 24\" fill=\"none\"><path d=\"M6 6H4v2h2V6zm14 0H8v2h12V6zM4 11h2v2H4v-2zm16 0H8v2h12v-2zM4 16h2v2H4v-2zm16 0H8v2h12v-2z\" fill=\"currentColor\"><\/path><\/svg><svg style=\"fill: #999;color:#999\" class=\"arrow-unsorted-368013\" xmlns=\"http:\/\/www.w3.org\/2000\/svg\" width=\"10px\" height=\"10px\" viewBox=\"0 0 24 24\" version=\"1.2\" baseProfile=\"tiny\"><path d=\"M18.2 9.3l-6.2-6.3-6.2 6.3c-.2.2-.3.4-.3.7s.1.5.3.7c.2.2.4.3.7.3h11c.3 0 .5-.1.7-.3.2-.2.3-.5.3-.7s-.1-.5-.3-.7zM5.8 14.7l6.2 6.3 6.2-6.3c.2-.2.3-.5.3-.7s-.1-.5-.3-.7c-.2-.2-.4-.3-.7-.3h-11c-.3 0-.5.1-.7.3-.2.2-.3.5-.3.7s.1.5.3.7z\"\/><\/svg><\/span><\/span><\/span><\/a><\/span><\/div>\n<nav><ul class='ez-toc-list ez-toc-list-level-1 ' ><li class='ez-toc-page-1 ez-toc-heading-level-2'><a class=\"ez-toc-link ez-toc-heading-1\" href=\"https:\/\/www.dovolenkarka.cz\/sk\/reiteralm\/#Reiteralm\" >Reiteralm<\/a><ul class='ez-toc-list-level-3' ><li class='ez-toc-heading-level-3'><a class=\"ez-toc-link ez-toc-heading-2\" href=\"https:\/\/www.dovolenkarka.cz\/sk\/reiteralm\/#Ubytovanie_v_regione_Schladming_%E2%80%93_Dachstein\" >Ubytovanie v regi\u00f3ne Schladming \u2013 Dachstein<\/a><\/li><li class='ez-toc-page-1 ez-toc-heading-level-3'><a class=\"ez-toc-link ez-toc-heading-3\" href=\"https:\/\/www.dovolenkarka.cz\/sk\/reiteralm\/#Reiteralm_v_zime\" >Reiteralm v zime<\/a><\/li><li class='ez-toc-page-1 ez-toc-heading-level-3'><a class=\"ez-toc-link ez-toc-heading-4\" href=\"https:\/\/www.dovolenkarka.cz\/sk\/reiteralm\/#Reiteralm_v_lete\" >Reiteralm v lete<\/a><\/li><\/ul><\/li><\/ul><\/nav><\/div>\n<h2><span class=\"ez-toc-section\" id=\"Reiteralm\"><\/span>Reiteralm<span class=\"ez-toc-section-end\"><\/span><\/h2>\n<h3><span class=\"ez-toc-section\" id=\"Ubytovanie_v_regione_Schladming_%E2%80%93_Dachstein\"><\/span>Ubytovanie v regi\u00f3ne Schladming \u2013 Dachstein<span class=\"ez-toc-section-end\"><\/span><\/h3>\n<p>\u010ci u\u017e sa na Reiteralm vypravuje\u0161 v zime na ly\u017eiarsku dovolenku, <span style=\"color: #008000;\"><a style=\"color: #008000;\" href=\"https:\/\/www.booking.com\/searchresults.en.html?region=3817&amp;aid=347511&amp;no_rooms=1&amp;group_adults=2\" target=\"_blank\" rel=\"noopener\">alebo si si do oblasti Schladming \u2013 Dachstein napl\u00e1noval letn\u00e9 v\u00fdlety<\/a><\/span> za dychber\u00facimi horsk\u00fdmi scen\u00e9riami, tieto na\u0161e osved\u010den\u00e9 tipy na ubytovanie sa ti bud\u00fa dozaista hodi\u0165:<\/p>\n<blockquote>\n<p style=\"text-align: center;\"><span style=\"color: #008000;\"><a style=\"color: #008000;\" href=\"https:\/\/www.booking.com\/searchresults.en.html?region=3817&amp;aid=347511&amp;no_rooms=1&amp;group_adults=2\" target=\"_blank\" rel=\"noopener\"><strong>&gt;&gt;AK\u010cN\u00c9 UBYTOVANIE SCHLADMING \u2013 DACHSTEIN&lt;&lt;<\/strong><\/a><\/span><\/p>\n<p style=\"text-align: center;\"><span style=\"color: #000000;\"><strong><a style=\"color: #000000;\" href=\"https:\/\/www.booking.com\/hotel\/at\/almwelt-austria.en.html?aid=347511&amp;no_rooms=1&amp;group_adults=2\" target=\"_blank\" rel=\"noopener\">\u2013 UBYTOVANIE V CHALETS ALMWELT AUSTRIA 4* PRIAMO PRI REITERALME<\/a><\/strong><\/span><\/p>\n<p><a href=\"https:\/\/www.booking.com\/hotel\/at\/almwelt-austria.en.html?aid=347511&amp;no_rooms=1&amp;group_adults=2\" target=\"_blank\" rel=\"noopener\"><img loading=\"lazy\" decoding=\"async\" class=\"aligncenter size-large wp-image-9025\" src=\"https:\/\/www.dovolenkarka.cz\/wp-content\/uploads\/2025\/02\/Obrazek-32-1200x630.jpg\" alt=\"Almwelt Austria \u2013 Reiteralm\" width=\"667\" height=\"350\" \/><\/a> <a href=\"https:\/\/www.booking.com\/hotel\/at\/almwelt-austria.en.html?aid=347511&amp;no_rooms=1&amp;group_adults=2\" target=\"_blank\" rel=\"noopener\"><img loading=\"lazy\" decoding=\"async\" class=\"aligncenter size-large wp-image-9026\" src=\"https:\/\/www.dovolenkarka.cz\/wp-content\/uploads\/2025\/02\/Obrazek-33-1200x630.jpg\" alt=\"Almwelt Austria \u2013 Reiteralm\" width=\"667\" height=\"350\" \/><\/a><\/p><\/blockquote>\n<p style=\"text-align: center;\"><span style=\"color: #000000;\"><a style=\"color: #000000;\" href=\"https:\/\/www.booking.com\/hotel\/at\/posthotel-schladming.en.html?aid=347511&amp;no_rooms=1&amp;group_adults=2\" target=\"_blank\" rel=\"noopener\"><strong>LUXUSN\u00dd 4* HOTEL JOHANN V SCHLADMINGU<\/strong><\/a><\/span><\/p>\n<p style=\"text-align: center;\"><span style=\"color: #000000;\"><a style=\"color: #000000;\" href=\"https:\/\/www.booking.com\/hotel\/at\/posthotel-schladming.en.html?aid=347511&amp;no_rooms=1&amp;group_adults=2\" target=\"_blank\" rel=\"noopener\">\u2013 IDE\u00c1LNA POLOHA PRIAMO PRI ZJAZDOVKE <\/a><\/span><a href=\"https:\/\/www.booking.com\/hotel\/at\/posthotel-schladming.en.html?aid=347511&amp;no_rooms=1&amp;group_adults=2\" target=\"_blank\" rel=\"noopener\"><br \/>\n<img loading=\"lazy\" decoding=\"async\" class=\"aligncenter size-large wp-image-9023\" src=\"https:\/\/www.dovolenkarka.cz\/wp-content\/uploads\/2025\/02\/Obrazek-31-1200x630.jpg\" alt=\"Hotel Johann Schladming\" width=\"667\" height=\"350\" \/><\/a><\/p>\n<p style=\"text-align: center;\"><span style=\"color: #000000;\"><strong>Alebo si vyh\u013eadaj ubytovanie pod\u013ea svojich po\u017eiadaviek na mape: <\/strong><\/span><\/p>\n<p><iframe loading=\"lazy\" id=\"stay22-widget\" src=\"https:\/\/www.stay22.com\/embed\/679fd641ef21ec0d8fd639b6\" width=\"100%\" height=\"428\" frameborder=\"0\"><\/iframe>nbsp;<\/p>\n<hr \/>\n<h3><span class=\"ez-toc-section\" id=\"Reiteralm_v_zime\"><\/span>Reiteralm v zime<span class=\"ez-toc-section-end\"><\/span><\/h3>\n<p>Reiteralm je medzi mnoh\u00fdmi ly\u017eiarmi ob\u013e\u00faben\u00e9 zimn\u00e9 stredisko, <span style=\"color: #008000;\"><a style=\"color: #008000;\" href=\"https:\/\/www.booking.com\/searchresults.en.html?region=3817&amp;aid=347511&amp;no_rooms=1&amp;group_adults=2\" target=\"_blank\" rel=\"noopener\">ktor\u00e9 sa nach\u00e1dza v regi\u00f3ne Schladming \u2013 Dachstein, v rak\u00faskom \u0160tajersku.<\/a> <\/span>Niet divu, \u017ee je Reiteralm ob\u013e\u00faben\u00fdm cie\u013eom milovn\u00edkov zimn\u00fdch \u0161portov, ktor\u00ed h\u013eadaj\u00fa kvalitn\u00e9 zjazdovky a modern\u00e9 z\u00e1zemie. Pon\u00faka pestr\u00fa \u0161k\u00e1lu trat\u00ed pre ly\u017eiarov v\u0161etk\u00fdch \u00farovn\u00ed, od za\u010diato\u010dn\u00edkov po sk\u00fasen\u00fdch profesion\u00e1lov.<\/p>\n<p><a href=\"https:\/\/www.booking.com\/searchresults.en.html?region=3817&amp;aid=347511&amp;no_rooms=1&amp;group_adults=2\" target=\"_blank\" rel=\"noopener\"><img loading=\"lazy\" decoding=\"async\" class=\"aligncenter size-large wp-image-9029\" src=\"https:\/\/www.dovolenkarka.cz\/wp-content\/uploads\/2025\/02\/Obrazek-39-1200x630.jpg\" alt=\"Reiteralm v zime \" width=\"667\" height=\"350\" \/><\/a><\/p>\n<p>Stredisko disponuje celkovo 32 kilometrami zjazdoviek, z ktor\u00fdch 11 km je ozna\u010den\u00fdch modrou farbou pre za\u010diato\u010dn\u00edkov, 18 km \u010dervenou pre pokro\u010dil\u00fdch a 3 km \u010diernou pre expertov. Prepravu zais\u0165uje 12 lanoviek a vlekov, vr\u00e1tane modernej 8-miestnej kab\u00ednovej lanovky \u201eSilver Jet\u201c, ktor\u00e1 je najv\u00fdkonnej\u0161ia v oblasti Schladmingu.<\/p>\n<p><a href=\"https:\/\/www.booking.com\/searchresults.en.html?region=3817&amp;aid=347511&amp;no_rooms=1&amp;group_adults=2\" target=\"_blank\" rel=\"noopener\"><img loading=\"lazy\" decoding=\"async\" class=\"aligncenter size-large wp-image-9030\" src=\"https:\/\/www.dovolenkarka.cz\/wp-content\/uploads\/2025\/02\/Obrazek-40-1200x630.jpg\" alt=\"Reiteralm v zime \" width=\"667\" height=\"350\" \/><\/a><\/p>\n<p>Okrem tradi\u010dn\u00fdch atrakci\u00ed, ako je detsk\u00fd svet s magick\u00fdm kobercom a cvi\u010dn\u00fdmi vlekmi, sa pl\u00e1nuje roz\u0161\u00edrenie snowparku a zavedenie nov\u00fdch gastronomick\u00fdch z\u00e1\u017eitkov na svahoch. Ur\u010dite sa teda je na \u010do te\u0161i\u0165 a pre\u010do sa sem vypravova\u0165 ka\u017edoro\u010dne znova. Parkovanie je pre n\u00e1v\u0161tevn\u00edkov zabezpe\u010den\u00e9 v priestrann\u00fdch parkovac\u00edch z\u00f3nach pri doln\u00fdch staniciach lanoviek, \u010do u\u013eah\u010duje pr\u00edstup na zjazdovky.<\/p>\n<h3><span class=\"ez-toc-section\" id=\"Reiteralm_v_lete\"><\/span>Reiteralm v lete<span class=\"ez-toc-section-end\"><\/span><\/h3>\n<p><span style=\"color: #008000;\"><a style=\"color: #008000;\" href=\"https:\/\/www.booking.com\/searchresults.en.html?region=3817&amp;aid=347511&amp;no_rooms=1&amp;group_adults=2\" target=\"_blank\" rel=\"noopener\">V letnej sez\u00f3ne sa stredisko Reiteralm premie\u0148a na dychber\u00faci turistick\u00fd raj.<\/a> <\/span>A ak hovor\u00edm, \u017ee tamoj\u0161ie chodn\u00edky pon\u00fakaj\u00fa pre ka\u017ed\u00e9ho nie\u010do, je to skuto\u010dne tak. M\u00f4\u017ee\u0161 sa sem vypravi\u0165 aj s ko\u010d\u00edkom a u\u017ei\u0165 si mal\u00fd okruh okolo vodnej n\u00e1dr\u017ee. D\u00e1va\u0161 prednos\u0165 horsk\u00fdm bicyklom? Potom aj pre teba s\u00fa tu ka\u017edoro\u010dne upraven\u00e9 trate na downhill. No a kone\u010dne, ak si milovn\u00edkom stredne n\u00e1ro\u010dnej horskej turistiky, bude\u0161 z miestnych chodn\u00edkov, ved\u00facich hne\u010f okolo nieko\u013ek\u00fdch jazier, \u00faplne uchv\u00e1ten\u00fd.<\/p>\n<p><a href=\"https:\/\/www.booking.com\/searchresults.en.html?region=3817&amp;aid=347511&amp;no_rooms=1&amp;group_adults=2\" target=\"_blank\" rel=\"noopener\"><img loading=\"lazy\" decoding=\"async\" class=\"aligncenter size-large wp-image-9021\" src=\"https:\/\/www.dovolenkarka.cz\/wp-content\/uploads\/2025\/02\/Obrazek-29-1200x630.jpg\" alt=\"Reiteralm v lete\" width=\"667\" height=\"350\" \/><\/a><\/p>\n<p>Za najob\u013e\u00fabenej\u0161\u00ed letn\u00fd v\u00fdlet sa na Reiteralme pova\u017euje v\u00fd\u0161\u013eap k jazeru Spiegelsee, o ktorom som sa zmie\u0148ovala u\u017e v \u00favode. Klasick\u00e1 trasa nie je nijako n\u00e1ro\u010dn\u00e1 a zvl\u00e1dne\u0161 ju s be\u017enou fyzi\u010dkou. Chodn\u00edk si v\u0161ak m\u00f4\u017ee\u0161 napl\u00e1nova\u0165 n\u00e1ro\u010dnej\u0161\u00ed, ak zvol\u00ed\u0161 trasu cez hrebene a miestne vrcholy. \u010eal\u0161\u00edm variantom je trasa ved\u00faca hne\u010f okolo nieko\u013ek\u00fdch jazier, cez z\u00e1\u017eitkov\u00fd chodn\u00edk, ved\u00faci obk\u013eukou a\u017e k spom\u00ednan\u00e9mu Spiegelsee. Pred v\u00fd\u0161\u013eapom si na mape na\u0161tuduj trasu, ktorou sa hodl\u00e1\u0161 \u00eds\u0165!<\/p>\n<p><a href=\"https:\/\/www.booking.com\/searchresults.en.html?region=3817&amp;aid=347511&amp;no_rooms=1&amp;group_adults=2\" target=\"_blank\" rel=\"noopener\"><img loading=\"lazy\" decoding=\"async\" class=\"aligncenter size-large wp-image-9020\" src=\"https:\/\/www.dovolenkarka.cz\/wp-content\/uploads\/2025\/02\/Obrazek-28-1200x630.jpg\" alt=\"\" width=\"667\" height=\"350\" \/><\/a><\/p>\n<p><a href=\"https:\/\/www.booking.com\/searchresults.en.html?region=3817&amp;aid=347511&amp;no_rooms=1&amp;group_adults=2\" target=\"_blank\" rel=\"noopener\"><img loading=\"lazy\" decoding=\"async\" class=\"aligncenter size-large wp-image-9019\" src=\"https:\/\/www.dovolenkarka.cz\/wp-content\/uploads\/2025\/02\/Obrazek-27-1200x630.jpg\" alt=\"Reiteralm v lete \u2013 Spiegelsee\" width=\"667\" height=\"350\" \/><\/a><\/p>\n<p>Upozornenie: v letnej sez\u00f3ne sa tu nach\u00e1dzaj\u00fa horsk\u00e9 kozy. Nerozba\u013euj si desiatu v ich pr\u00edtomnosti a nesna\u017e sa ich hladka\u0165. Psy doteraz nemali z\u00e1kaz vstupu do strediska. Je v\u0161ak potrebn\u00e9, aby boli na v\u00f4dzke. Pre nov\u00fa sez\u00f3nu sa to m\u00f4\u017ee meni\u0165 \u2013 sleduj aktuality.<\/p>\n<hr \/>\n<p><strong>Tipy, ktor\u00e9 sa ti bud\u00fa hodi\u0165 nabud\u00face: <\/strong><\/p>\n<ul>\n<li><span style=\"color: #008000;\"><strong><a style=\"color: #008000;\" href=\"https:\/\/www.dovolenkarka.cz\/5-tipu-na-nejkrasnejsi-horska-jezera-v-hornim-rakousku\/\" target=\"_blank\" rel=\"noopener\">5 tipov na najkraj\u0161ie horsk\u00e9 jazer\u00e1 v Hornom Rak\u00fasku <\/a><\/strong><\/span><\/li>\n<li><strong><span style=\"color: #008000;\"><a style=\"color: #008000;\" href=\"https:\/\/www.dovolenkarka.cz\/sk\/vylety-pri-attersee\/\" target=\"_blank\" rel=\"noopener\">7 tipov na v\u00fdlety pri Attersee <\/a><\/span><\/strong><\/li>\n<li><span style=\"color: #008000;\"><strong><a style=\"color: #008000;\" href=\"https:\/\/www.dovolenkarka.cz\/vylet-na-tauplitzalm\/\" target=\"_blank\" rel=\"noopener\">Zimn\u00fd v\u00fdlet na Tauplitzalm <\/a><\/strong><\/span><\/li>\n<\/ul>\n<hr \/>\n<p style=\"text-align: center;\"><span style=\"color: #000000;\"><strong>Ulo\u017e si tip na Reiteralm aj na Pintereste, aby si ho nabud\u00face \u013eahko na\u0161iel: <\/strong><\/span><\/p>\n<p style=\"text-align: center;\"><iframe loading=\"lazy\" src=\"https:\/\/assets.pinterest.com\/ext\/embed.html?id=1049057306962994778\" width=\"345\" height=\"714\" frameborder=\"0\" scrolling=\"no\"><\/iframe><\/p>\n","protected":false},"excerpt":{"rendered":"<p>Reiteralm je ob\u013e\u00faben\u00e9 stredisko v zimnej aj letnej sez\u00f3ne. V zime sa tu m\u00f4\u017ee\u0161 te\u0161i\u0165 na modern\u00e9 ly\u017eiarske z\u00e1zemie so spo\u013eahliv\u00fdmi lanovkami a nieko\u013ek\u00fdmi v\u00fdborne hodnoten\u00fdmi horsk\u00fdmi re\u0161taur\u00e1ciami, kam m\u00f4\u017ee\u0161 z\u00e1js\u0165 na nie\u010do dobr\u00e9, hne\u010f ako ti na svahoch vyhladne. V letnej sez\u00f3ne \u0165a naopak zl\u00e1ka dychber\u00faca horsk\u00e1 pr\u00edroda k nejedn\u00e9mu v\u00fd\u0161\u013eapu. Za najob\u013e\u00fabenej\u0161\u00ed tip na v\u00fdlet sa na Reiteralme pova\u017euje trek k horsk\u00e9mu jazeru Spiegelsee. Toto rozpr\u00e1vkov\u00e9 jazero, v ktorom sa za dobr\u00e9ho po\u010dasia zrkadlia vrcholky Dachsteinu, v\u0161ak nie je jedin\u00e9, na ktor\u00e9 pri svojich letn\u00fdch prech\u00e1dzkach natraf\u00ed\u0161. Mohlo by v\u00e1s tie\u017e zauj\u00edma\u0165: Reiteralm: v\u00fdlet k jazeru Spiegelsee Reiteralm <\/p>\n","protected":false},"author":1,"featured_media":14876,"comment_status":"closed","ping_status":"closed","sticky":false,"template":"","format":"standard","meta":{"footnotes":""},"categories":[5513,5330],"tags":[5526,5774,5772,5771,5773],"class_list":["post-14875","post","type-post","status-publish","format-standard","has-post-thumbnail","hentry","category-rakuske-jazera","category-rakusko","tag-reiteralm","tag-reiteralm-lanovka","tag-reiteralm-v-lete","tag-reiteralm-v-zime","tag-spiegelsee-reiteralm","has_thumb"],"aioseo_notices":[],"_links":{"self":[{"href":"https:\/\/www.dovolenkarka.cz\/sk\/wp-json\/wp\/v2\/posts\/14875","targetHints":{"allow":["GET"]}}],"collection":[{"href":"https:\/\/www.dovolenkarka.cz\/sk\/wp-json\/wp\/v2\/posts"}],"about":[{"href":"https:\/\/www.dovolenkarka.cz\/sk\/wp-json\/wp\/v2\/types\/post"}],"author":[{"embeddable":true,"href":"https:\/\/www.dovolenkarka.cz\/sk\/wp-json\/wp\/v2\/users\/1"}],"replies":[{"embeddable":true,"href":"https:\/\/www.dovolenkarka.cz\/sk\/wp-json\/wp\/v2\/comments?post=14875"}],"version-history":[{"count":1,"href":"https:\/\/www.dovolenkarka.cz\/sk\/wp-json\/wp\/v2\/posts\/14875\/revisions"}],"predecessor-version":[{"id":14940,"href":"https:\/\/www.dovolenkarka.cz\/sk\/wp-json\/wp\/v2\/posts\/14875\/revisions\/14940"}],"wp:featuredmedia":[{"embeddable":true,"href":"https:\/\/www.dovolenkarka.cz\/sk\/wp-json\/wp\/v2\/media\/14876"}],"wp:attachment":[{"href":"https:\/\/www.dovolenkarka.cz\/sk\/wp-json\/wp\/v2\/media?parent=14875"}],"wp:term":[{"taxonomy":"category","embeddable":true,"href":"https:\/\/www.dovolenkarka.cz\/sk\/wp-json\/wp\/v2\/categories?post=14875"},{"taxonomy":"post_tag","embeddable":true,"href":"https:\/\/www.dovolenkarka.cz\/sk\/wp-json\/wp\/v2\/tags?post=14875"}],"curies":[{"name":"wp","href":"https:\/\/api.w.org\/{rel}","templated":true}]}}