{"id":15241,"date":"2026-04-10T15:47:32","date_gmt":"2026-04-10T13:47:32","guid":{"rendered":"https:\/\/www.dovolenkarka.cz\/lago-di-caldaro-11-dovodov-pre-teple-jazero-juzneho-tirolska\/"},"modified":"2026-04-13T15:16:17","modified_gmt":"2026-04-13T13:16:17","slug":"jazaro-kaltern-lago-di-caldaro","status":"publish","type":"post","link":"https:\/\/www.dovolenkarka.cz\/sk\/jazaro-kaltern-lago-di-caldaro\/","title":{"rendered":"Lago di Caldaro: 11 d\u00f4vodov pre tepl\u00e9 jazero Ju\u017en\u00e9ho Tirolska"},"content":{"rendered":"<p>Lago di Caldaro (jazero Kaltern), 11 mojich skvel\u00fdch d\u00f4vodov, pre\u010do \u0165a bude bavi\u0165 dovolenka pri jednom z najteplej\u0161\u00edch jazier Ju\u017en\u00e9ho Tirolska. Tento tip som pre teba vytiahla z m\u00f4jho \u0161upl\u00edka tajn\u00fdch in\u0161pir\u00e1ci\u00ed, ktor\u00e9 som si nech\u00e1vala dlho len pre n\u00e1s. Mo\u017eno sa tu teda niekedy v lete stretneme.<\/p>\n<p><a href=\"https:\/\/www.dovolenkarka.cz\/sk\/jazaro-kaltern-lago-di-caldaro\/pexels-manfredo-mozzarella-476184758-32107275-2\/\" rel=\"attachment wp-att-15222\"><img loading=\"lazy\" decoding=\"async\" class=\"aligncenter size-full wp-image-15222\" src=\"https:\/\/www.dovolenkarka.cz\/wp-content\/uploads\/2026\/04\/pexels-manfredo-mozzarella-476184758-32107275.jpg\" alt=\"Lago di Caldaro \u2013 jazero Kaltern\" width=\"1920\" height=\"1440\" srcset=\"https:\/\/www.dovolenkarka.cz\/wp-content\/uploads\/2026\/04\/pexels-manfredo-mozzarella-476184758-32107275.jpg 1920w, https:\/\/www.dovolenkarka.cz\/wp-content\/uploads\/2026\/04\/pexels-manfredo-mozzarella-476184758-32107275-768x576.jpg 768w\" sizes=\"auto, (max-width: 1920px) 100vw, 1920px\" \/><\/a><\/p>\n<p>Jazero Kaltern v Ju\u017enom Tirolsku patr\u00ed k najteplej\u0161\u00edm alpsk\u00fdm jazer\u00e1m. Ak prem\u00fd\u0161\u013ea\u0161, kde si v hornom Taliansku napl\u00e1nova\u0165 tohtoro\u010dn\u00fa dovolenku, sp\u00edsala som pre teba tipy, kde sa k\u00fapa\u0165 a \u010do robi\u0165 pri Lago di Caldaro a pre\u010do stoj\u00ed za n\u00e1v\u0161tevu. Rovnako si tu m\u00f4\u017ee\u0161 napl\u00e1nova\u0165 len zast\u00e1vku cestou do Dolomitov, k Lago di Garda \u010di do Tosk\u00e1nska.<\/p>\n<div id=\"ez-toc-container\" class=\"ez-toc-v2_0_82_2 counter-hierarchy ez-toc-counter ez-toc-grey ez-toc-container-direction\">\n<div class=\"ez-toc-title-container\">\n<p class=\"ez-toc-title\" style=\"cursor:inherit\">Obsah \u010dl\u00e1nku:<\/p>\n<span class=\"ez-toc-title-toggle\"><a href=\"#\" class=\"ez-toc-pull-right ez-toc-btn ez-toc-btn-xs ez-toc-btn-default ez-toc-toggle\" aria-label=\"Toggle Table of Content\"><span class=\"ez-toc-js-icon-con\"><span class=\"\"><span class=\"eztoc-hide\" style=\"display:none;\">Toggle<\/span><span class=\"ez-toc-icon-toggle-span\"><svg style=\"fill: #999;color:#999\" xmlns=\"http:\/\/www.w3.org\/2000\/svg\" class=\"list-377408\" width=\"20px\" height=\"20px\" viewBox=\"0 0 24 24\" fill=\"none\"><path d=\"M6 6H4v2h2V6zm14 0H8v2h12V6zM4 11h2v2H4v-2zm16 0H8v2h12v-2zM4 16h2v2H4v-2zm16 0H8v2h12v-2z\" fill=\"currentColor\"><\/path><\/svg><svg style=\"fill: #999;color:#999\" class=\"arrow-unsorted-368013\" xmlns=\"http:\/\/www.w3.org\/2000\/svg\" width=\"10px\" height=\"10px\" viewBox=\"0 0 24 24\" version=\"1.2\" baseProfile=\"tiny\"><path d=\"M18.2 9.3l-6.2-6.3-6.2 6.3c-.2.2-.3.4-.3.7s.1.5.3.7c.2.2.4.3.7.3h11c.3 0 .5-.1.7-.3.2-.2.3-.5.3-.7s-.1-.5-.3-.7zM5.8 14.7l6.2 6.3 6.2-6.3c.2-.2.3-.5.3-.7s-.1-.5-.3-.7c-.2-.2-.4-.3-.7-.3h-11c-.3 0-.5.1-.7.3-.2.2-.3.5-.3.7s.1.5.3.7z\"\/><\/svg><\/span><\/span><\/span><\/a><\/span><\/div>\n<nav><ul class='ez-toc-list ez-toc-list-level-1 ' ><li class='ez-toc-page-1 ez-toc-heading-level-2'><a class=\"ez-toc-link ez-toc-heading-1\" href=\"https:\/\/www.dovolenkarka.cz\/sk\/jazaro-kaltern-lago-di-caldaro\/#Ubytovanie_pri_Lago_di_Caldaro\" >Ubytovanie pri Lago di Caldaro<\/a><ul class='ez-toc-list-level-3' ><li class='ez-toc-heading-level-3'><a class=\"ez-toc-link ez-toc-heading-2\" href=\"https:\/\/www.dovolenkarka.cz\/sk\/jazaro-kaltern-lago-di-caldaro\/#Garni_Hotel_Sonnleitenhof_3\" >Garni Hotel Sonnleitenhof 3*<\/a><\/li><li class='ez-toc-page-1 ez-toc-heading-level-3'><a class=\"ez-toc-link ez-toc-heading-3\" href=\"https:\/\/www.dovolenkarka.cz\/sk\/jazaro-kaltern-lago-di-caldaro\/#Seehotel_Ambach_4\" >Seehotel Ambach 4*<\/a><\/li><\/ul><\/li><li class='ez-toc-page-1 ez-toc-heading-level-2'><a class=\"ez-toc-link ez-toc-heading-4\" href=\"https:\/\/www.dovolenkarka.cz\/sk\/jazaro-kaltern-lago-di-caldaro\/#Lago_di_Caldaro_jazero_Kaltern\" >Lago di Caldaro (jazero Kaltern)<\/a><\/li><li class='ez-toc-page-1 ez-toc-heading-level-2'><a class=\"ez-toc-link ez-toc-heading-5\" href=\"https:\/\/www.dovolenkarka.cz\/sk\/jazaro-kaltern-lago-di-caldaro\/#Preco_ist_na_Lago_di_Caldaro_jazero_Kaltern\" >Pre\u010do \u00eds\u0165 na Lago di Caldaro (jazero Kaltern)?<\/a><ul class='ez-toc-list-level-3' ><li class='ez-toc-heading-level-3'><a class=\"ez-toc-link ez-toc-heading-6\" href=\"https:\/\/www.dovolenkarka.cz\/sk\/jazaro-kaltern-lago-di-caldaro\/#1_Lago_di_Caldaro_patri_k_najteplejsim_jazeram_v_alpskej_oblasti\" >1. Lago di Caldaro patr\u00ed k najteplej\u0161\u00edm jazer\u00e1m v alpskej oblasti<\/a><\/li><li class='ez-toc-page-1 ez-toc-heading-level-3'><a class=\"ez-toc-link ez-toc-heading-7\" href=\"https:\/\/www.dovolenkarka.cz\/sk\/jazaro-kaltern-lago-di-caldaro\/#2_Lago_di_Caldaro_lezi_len_kusok_od_Bolzana\" >2. Lago di Caldaro le\u017e\u00ed len k\u00fasok od Bolzana<\/a><\/li><li class='ez-toc-page-1 ez-toc-heading-level-3'><a class=\"ez-toc-link ez-toc-heading-8\" href=\"https:\/\/www.dovolenkarka.cz\/sk\/jazaro-kaltern-lago-di-caldaro\/#3_Kupanie_v_jazere_Kaltern\" >3. K\u00fapanie v jazere Kaltern<\/a><\/li><li class='ez-toc-page-1 ez-toc-heading-level-3'><a class=\"ez-toc-link ez-toc-heading-9\" href=\"https:\/\/www.dovolenkarka.cz\/sk\/jazaro-kaltern-lago-di-caldaro\/#4_Skvele_podmienky_pre_windsurfing_a_paddleboard\" >4. Skvel\u00e9 podmienky pre windsurfing a paddleboard<\/a><\/li><li class='ez-toc-page-1 ez-toc-heading-level-3'><a class=\"ez-toc-link ez-toc-heading-10\" href=\"https:\/\/www.dovolenkarka.cz\/sk\/jazaro-kaltern-lago-di-caldaro\/#5_Okruzny_chodnik_okolo_Lago_di_Caldaro\" >5. Okru\u017en\u00fd chodn\u00edk okolo Lago di Caldaro<\/a><\/li><li class='ez-toc-page-1 ez-toc-heading-level-3'><a class=\"ez-toc-link ez-toc-heading-11\" href=\"https:\/\/www.dovolenkarka.cz\/sk\/jazaro-kaltern-lago-di-caldaro\/#6_Vinarstvo_v_Juznom_Tirolsku\" >6. Vin\u00e1rstvo v Ju\u017enom Tirolsku<\/a><\/li><li class='ez-toc-page-1 ez-toc-heading-level-3'><a class=\"ez-toc-link ez-toc-heading-12\" href=\"https:\/\/www.dovolenkarka.cz\/sk\/jazaro-kaltern-lago-di-caldaro\/#7_Vylet_na_vyhliadku_ku_Castelchiaro\" >7. V\u00fdlet na vyhliadku ku Castelchiaro<\/a><\/li><li class='ez-toc-page-1 ez-toc-heading-level-3'><a class=\"ez-toc-link ez-toc-heading-13\" href=\"https:\/\/www.dovolenkarka.cz\/sk\/jazaro-kaltern-lago-di-caldaro\/#8_Juzny_breh_Lago_di_Caldaro_je_chraneny_biotop\" >8. Ju\u017en\u00fd breh Lago di Caldaro je chr\u00e1nen\u00fd biotop<\/a><\/li><li class='ez-toc-page-1 ez-toc-heading-level-3'><a class=\"ez-toc-link ez-toc-heading-14\" href=\"https:\/\/www.dovolenkarka.cz\/sk\/jazaro-kaltern-lago-di-caldaro\/#9_Okolie_Lago_di_Caldaro_je_idealne_aj_pre_cyklistiku\" >9. Okolie Lago di Caldaro je ide\u00e1lne aj pre cyklistiku<\/a><\/li><li class='ez-toc-page-1 ez-toc-heading-level-3'><a class=\"ez-toc-link ez-toc-heading-15\" href=\"https:\/\/www.dovolenkarka.cz\/sk\/jazaro-kaltern-lago-di-caldaro\/#10_Lanovkou_Mendelbahn_zo_St_Anton_pri_Kalterne_na_Mendelsky_priesmyk\" >10. Lanovkou Mendelbahn zo St. Anton pri Kalterne na Mendelsk\u00fd priesmyk<\/a><\/li><li class='ez-toc-page-1 ez-toc-heading-level-3'><a class=\"ez-toc-link ez-toc-heading-16\" href=\"https:\/\/www.dovolenkarka.cz\/sk\/jazaro-kaltern-lago-di-caldaro\/#11_Vylet_na_sutesku_Rastenbachklamm\" >11. V\u00fdlet na s\u00fatesku Rastenbachklamm<\/a><\/li><\/ul><\/li><\/ul><\/nav><\/div>\n<h2><span class=\"ez-toc-section\" id=\"Ubytovanie_pri_Lago_di_Caldaro\"><\/span><span style=\"color: #000000;\"><strong><a style=\"color: #000000;\" href=\"https:\/\/www.booking.com\/searchresults.en.html?city=-112542&amp;aid=347511&amp;no_rooms=1&amp;group_adults=2\" target=\"_blank\" rel=\"noopener\">Ubytovanie pri Lago di Caldaro<\/a><\/strong><\/span><span class=\"ez-toc-section-end\"><\/span><\/h2>\n<hr \/>\n<p style=\"text-align: center;\"><a style=\"display: inline-block; background-color: #2e7d32; color: #ffffff; padding: 10px 18px; text-decoration: none; border-radius: 4px; font-weight: bold; margin-top: 8px;\" href=\"https:\/\/www.booking.com\/searchresults.en.html?city=-112542&amp;aid=347511&amp;no_rooms=1&amp;group_adults=2\" target=\"_blank\" rel=\"noopener\"> VYBRA\u0164 UBYTOVANIE PRI LAGO DI CALDARO<\/a><\/p>\n<hr \/>\n<p>M\u00e1m pre teba osobn\u00e9 odpor\u00fa\u010danie na jeden z najkraj\u0161\u00edch, <span style=\"color: #000000;\"><a style=\"color: #000000;\" href=\"https:\/\/www.booking.com\/hotel\/it\/garni-sonnleitenhof.en.html?aid=347511&amp;no_rooms=1&amp;group_adults=2\" target=\"_blank\" rel=\"noopener\">cenovo dostupn\u00fdch, hotelov s v\u00fdh\u013eadom na jazero Kaltern<\/a><\/span>, aj z niektor\u00fdch izieb \u010di apartm\u00e1nov. V hoteli sa m\u00f4\u017ee\u0161 ubytova\u0165 v izb\u00e1ch s ra\u0148ajkami \u010di v apartm\u00e1noch. Te\u0161i\u0165 sa m\u00f4\u017ee\u0161 aj na baz\u00e9n.<\/p>\n<h3><span class=\"ez-toc-section\" id=\"Garni_Hotel_Sonnleitenhof_3\"><\/span><span style=\"color: #000000;\"><a style=\"color: #000000;\" href=\"https:\/\/www.booking.com\/hotel\/it\/garni-sonnleitenhof.en.html?aid=347511&amp;no_rooms=1&amp;group_adults=2\" target=\"_blank\" rel=\"noopener\"><strong>Garni Hotel Sonnleitenhof 3*<\/strong><\/a><\/span><span class=\"ez-toc-section-end\"><\/span><\/h3>\n<ul>\n<li>V\u00fdborn\u00fd hotel za dobr\u00fa cenu s v\u00fdh\u013eadom na Lago di Caldero<\/li>\n<\/ul>\n<blockquote><p><span style=\"color: #008000;\"><a style=\"color: #008000;\" href=\"https:\/\/www.booking.com\/hotel\/it\/garni-sonnleitenhof.en.html?aid=347511&amp;no_rooms=1&amp;group_adults=2\" target=\"_blank\" rel=\"noopener\"><em><strong>&gt; OVERI\u0164 DOSTUPNOS\u0164 A REZERVOVA\u0164 POBYT TU<\/strong><\/em><\/a><\/span><\/p><\/blockquote>\n<div id=\"attachment_15212\" style=\"width: 1034px\" class=\"wp-caption aligncenter\"><a href=\"https:\/\/www.booking.com\/hotel\/it\/garni-sonnleitenhof.en.html?aid=347511&amp;no_rooms=1&amp;group_adults=2\" target=\"_blank\" rel=\"noopener\"><img loading=\"lazy\" decoding=\"async\" aria-describedby=\"caption-attachment-15212\" class=\"size-full wp-image-15212\" src=\"https:\/\/www.dovolenkarka.cz\/wp-content\/uploads\/2026\/04\/Obrazek-43.jpg\" alt=\"LAGO DI CALDARO \u2013 jazero Kaltern \/ Garni Hotel Sonnleitenhof\" width=\"1024\" height=\"576\" srcset=\"https:\/\/www.dovolenkarka.cz\/wp-content\/uploads\/2026\/04\/Obrazek-43.jpg 1024w, https:\/\/www.dovolenkarka.cz\/wp-content\/uploads\/2026\/04\/Obrazek-43-768x432.jpg 768w\" sizes=\"auto, (max-width: 1024px) 100vw, 1024px\" \/><\/a><p id=\"caption-attachment-15212\" class=\"wp-caption-text\">Garni Hotel Sonnleitenhof<\/p><\/div>\n<hr \/>\n<p>Ak chce\u0161 by\u0165 ubytovan\u00fd priamo pri jazere v luxusnom 4* hoteli, ktor\u00fd je st\u00e1le za rozumn\u00fa cenu, potom <span style=\"color: #000000;\"><a style=\"color: #000000;\" href=\"https:\/\/www.booking.com\/hotel\/it\/seehotel-ambach.en.html?aid=347511&amp;no_rooms=1&amp;group_adults=2\" target=\"_blank\" rel=\"noopener\">odpor\u00fa\u010dam Seehotel Ambach.<\/a><\/span> Hotel m\u00e1m ob\u013e\u00faben\u00fd aj na pr\u00edjemn\u00e9 letn\u00e9 v\u00edkendy, kedy v\u010faka skvel\u00fdm ve\u010deriam nemus\u00ed\u0161 toto miesto op\u00fa\u0161\u0165a\u0165 a u\u017e\u00edva\u0165 si ni\u010d\u00edm neru\u0161en\u00fd relax pri jazere.<\/p>\n<h3><span class=\"ez-toc-section\" id=\"Seehotel_Ambach_4\"><\/span><span style=\"color: #000000;\"><strong><a style=\"color: #000000;\" href=\"https:\/\/www.booking.com\/hotel\/it\/seehotel-ambach.en.html?aid=347511&amp;no_rooms=1&amp;group_adults=2\" target=\"_blank\" rel=\"noopener\">Seehotel Ambach 4*<\/a><\/strong><\/span><span class=\"ez-toc-section-end\"><\/span><\/h3>\n<ul>\n<li>Pobre\u017en\u00fd hotel s vlastnou pl\u00e1\u017eou a wellness centrom<\/li>\n<li>Skvel\u00e1 polpenzia (ra\u0148ajky bufetov\u00e9 \u2013 ve\u010dera o piatich chodoch serv\u00edrovan\u00e1) \u2013 bezlepkov\u00e1 di\u00e9ta nebola probl\u00e9m<\/li>\n<\/ul>\n<blockquote><p><span style=\"color: #008000;\"><a style=\"color: #008000;\" href=\"https:\/\/www.booking.com\/hotel\/it\/seehotel-ambach.en.html?aid=347511&amp;no_rooms=1&amp;group_adults=2\" target=\"_blank\" rel=\"noopener\"><em><strong>&gt; OVERI\u0164 DOSTUPNOS\u0164 A REZERVOVA\u0164 POBYT TU<\/strong><\/em><\/a><\/span><\/p><\/blockquote>\n<div id=\"attachment_15214\" style=\"width: 1034px\" class=\"wp-caption aligncenter\"><a href=\"https:\/\/www.booking.com\/hotel\/it\/seehotel-ambach.en.html?aid=347511&amp;no_rooms=1&amp;group_adults=2\" target=\"_blank\" rel=\"noopener\"><img loading=\"lazy\" decoding=\"async\" aria-describedby=\"caption-attachment-15214\" class=\"size-full wp-image-15214\" src=\"https:\/\/www.dovolenkarka.cz\/wp-content\/uploads\/2026\/04\/Obrazek-46.jpg\" alt=\"LAGO DI CALDARO \u2013 jazero Kaltern \/ Seehotel Ambach\" width=\"1024\" height=\"569\" srcset=\"https:\/\/www.dovolenkarka.cz\/wp-content\/uploads\/2026\/04\/Obrazek-46.jpg 1024w, https:\/\/www.dovolenkarka.cz\/wp-content\/uploads\/2026\/04\/Obrazek-46-768x426.jpg 768w\" sizes=\"auto, (max-width: 1024px) 100vw, 1024px\" \/><\/a><p id=\"caption-attachment-15214\" class=\"wp-caption-text\">Seehotel Ambach<\/p><\/div>\n<hr \/>\n<p style=\"text-align: center;\"><span style=\"color: #000000;\"><a style=\"color: #000000;\" href=\"https:\/\/www.booking.com\/searchresults.en.html?city=-112542&amp;aid=347511&amp;no_rooms=1&amp;group_adults=2\" target=\"_blank\" rel=\"noopener\"><strong>Je odpor\u00fa\u010dan\u00e9 ubytovanie obsaden\u00e9? Vyh\u013eadaj si ubytovanie pri Lago di Caldero pod\u013ea mapy: <\/strong><\/a><\/span><\/p>\n<p style=\"text-align: center;\"><iframe loading=\"lazy\" id=\"stay22-widget\" src=\"https:\/\/stay22.com\/embed\/69d8c890af682ea2d4c248fc\" width=\"100%\" height=\"428\" frameborder=\"0\"><\/iframe><\/p>\n<hr \/>\n<h2><span class=\"ez-toc-section\" id=\"Lago_di_Caldaro_jazero_Kaltern\"><\/span>Lago di Caldaro (jazero Kaltern)<span class=\"ez-toc-section-end\"><\/span><\/h2>\n<p data-start=\"465\" data-end=\"904\">Jazero Kaltern, zn\u00e1me tie\u017e ako <strong data-start=\"497\" data-end=\"518\">Kalternsk\u00e9 jazero<\/strong> alebo origin\u00e1lne taliansky <strong data-start=\"532\" data-end=\"551\">Lago di Caldaro<\/strong>, patr\u00ed k t\u00fdm miestam, ktor\u00e9 na mape severn\u00e9ho Talianska \u013eahko zapadn\u00fa medzi zn\u00e1mej\u0161ie men\u00e1. Aj preto ver\u00edm, \u017ee si toto jazero uchov\u00e1va st\u00e1le svoje \u010daro. Ke\u010f sa sem ale vyprav\u00ed\u0161, tak r\u00fdchlo pochop\u00ed\u0161, pre\u010do sme si ho ob\u013e\u00fabili. Na pomery alpskej oblasti je ne\u010dakane tepl\u00e9, \u010do ocenia aj rodiny s de\u0165mi.<\/p>\n<p data-start=\"465\" data-end=\"904\"><a href=\"https:\/\/www.dovolenkarka.cz\/sk\/jazaro-kaltern-lago-di-caldaro\/pexels-joerg-hartmann-626385254-17632981\/\" rel=\"attachment wp-att-15223\"><img loading=\"lazy\" decoding=\"async\" class=\"aligncenter size-full wp-image-15223\" src=\"https:\/\/www.dovolenkarka.cz\/wp-content\/uploads\/2026\/04\/pexels-joerg-hartmann-626385254-17632981.jpg\" alt=\"Lago di Caldaro \u2013 jazero Kaltern\" width=\"1920\" height=\"1146\" srcset=\"https:\/\/www.dovolenkarka.cz\/wp-content\/uploads\/2026\/04\/pexels-joerg-hartmann-626385254-17632981.jpg 1920w, https:\/\/www.dovolenkarka.cz\/wp-content\/uploads\/2026\/04\/pexels-joerg-hartmann-626385254-17632981-768x458.jpg 768w\" sizes=\"auto, (max-width: 1920px) 100vw, 1920px\" \/><\/a><\/p>\n<p data-start=\"465\" data-end=\"904\">Navy\u0161e ho obklopuj\u00fa vinice, na jazere sa m\u00f4\u017ee\u0161 venova\u0165 hne\u010f nieko\u013ek\u00fdm vodn\u00fdm \u0161portom a k tomu v\u0161etk\u00e9mu je tu c\u00edti\u0165 tradi\u010dn\u00fa atmosf\u00e9ru Ju\u017en\u00e9ho Tirolska. Pripravila som si pre teba 11 skvel\u00fdch d\u00f4vodov, pre\u010do by si toto miesto nemal min\u00fa\u0165:<\/p>\n<h2 data-start=\"465\" data-end=\"904\"><span class=\"ez-toc-section\" id=\"Preco_ist_na_Lago_di_Caldaro_jazero_Kaltern\"><\/span>Pre\u010do \u00eds\u0165 na Lago di Caldaro (jazero Kaltern)?<span class=\"ez-toc-section-end\"><\/span><\/h2>\n<h3><span class=\"ez-toc-section\" id=\"1_Lago_di_Caldaro_patri_k_najteplejsim_jazeram_v_alpskej_oblasti\"><\/span>1. Lago di Caldaro patr\u00ed k najteplej\u0161\u00edm jazer\u00e1m v alpskej oblasti<span class=\"ez-toc-section-end\"><\/span><\/h3>\n<p>Jazero Kaltern patr\u00ed k najteplej\u0161\u00edm jazer\u00e1m v Alp\u00e1ch, vhodn\u00fdch na k\u00fapanie a v lete sa voda be\u017ene ohreje a\u017e na 28 \u00b0C, \u010do z neho rob\u00ed skvel\u00e9 miesto na k\u00fapanie, aj pre rodiny s de\u0165mi. V\u010faka priaznivej polohe, malej h\u013abke a ve\u013ekosti okolo 1,8 \u00d7 1 kilometer sa navy\u0161e r\u00fdchlo prehrieva, tak\u017ee voda b\u00fdva pr\u00edjemn\u00e1 u\u017e na za\u010diatku sez\u00f3ny. Ak si od n\u00e1s zvyknut\u00fd na <span style=\"color: #000000;\"><a style=\"color: #000000;\" href=\"https:\/\/rakouskajezera.cz\" target=\"_blank\" rel=\"noopener\">chladnej\u0161ie rak\u00faske jazer\u00e1<\/a><\/span>, tak tu sa pr\u00edjemne vyk\u00fape\u0161 u\u017e v j\u00fani.<\/p>\n<h3><span class=\"ez-toc-section\" id=\"2_Lago_di_Caldaro_lezi_len_kusok_od_Bolzana\"><\/span>2. Lago di Caldaro le\u017e\u00ed len k\u00fasok od Bolzana<span class=\"ez-toc-section-end\"><\/span><\/h3>\n<p>Lago di Caldaro le\u017e\u00ed len asi 18 kilometrov od Bolzana, tak\u017ee je skvel\u00fdm cie\u013eom aj na jednod\u0148ov\u00fd v\u00fdlet. Prekvap\u00ed \u0165a ale, \u017ee si aj napriek tomu zachov\u00e1va pokojn\u00fa, a\u017e vidiecku, atmosf\u00e9ru. Okolit\u00e1 krajina s vinicami a sadmi p\u00f4sob\u00ed takmer stredomorsky a u\u017eije\u0161 si tu tradi\u010dn\u00fd charakter Ju\u017en\u00e9ho Tirolska, kde sa prirodzene prel\u00ednaj\u00fa nemeck\u00e9 a talianske vplyvy, a to nielen v re\u010di, ale aj napr. v gastron\u00f3mii.<\/p>\n<p><span style=\"color: #000000;\"><strong>M\u00f4j tip:<\/strong><\/span><\/p>\n<ul>\n<li>Do Bolzana jazd\u00edme v\u017edy pri n\u00e1vrate nak\u00fapi\u0165 si talianske z\u00e1soby a bezlepkov\u00e9 potraviny, vr\u00e1tane kvalitn\u00fdch olivov\u00fdch olejov.<\/li>\n<\/ul>\n<p><a href=\"https:\/\/www.dovolenkarka.cz\/sk\/jazaro-kaltern-lago-di-caldaro\/pexels-ryo-f-2147984658-29991491\/\" rel=\"attachment wp-att-15224\"><img loading=\"lazy\" decoding=\"async\" class=\"aligncenter size-full wp-image-15224\" src=\"https:\/\/www.dovolenkarka.cz\/wp-content\/uploads\/2026\/04\/pexels-ryo-f-2147984658-29991491.jpg\" alt=\"Bolzano\" width=\"1920\" height=\"1280\" srcset=\"https:\/\/www.dovolenkarka.cz\/wp-content\/uploads\/2026\/04\/pexels-ryo-f-2147984658-29991491.jpg 1920w, https:\/\/www.dovolenkarka.cz\/wp-content\/uploads\/2026\/04\/pexels-ryo-f-2147984658-29991491-768x512.jpg 768w\" sizes=\"auto, (max-width: 1920px) 100vw, 1920px\" \/><\/a><\/p>\n<h3><span class=\"ez-toc-section\" id=\"3_Kupanie_v_jazere_Kaltern\"><\/span>3. K\u00fapanie v jazere Kaltern<span class=\"ez-toc-section-end\"><\/span><\/h3>\n<p>Kalternsk\u00e9 jazero je kr\u00e1sne na poh\u013ead a hlavne je skuto\u010dne vhodn\u00e9 aj na k\u00fapanie. Ako som p\u00edsala u\u017e nieko\u013ekokr\u00e1t, tak v lete m\u00e1 pr\u00edjemne tepl\u00fa vodu aj pre t\u00fdch dovolenk\u00e1rov, ktor\u00ed inak preferuj\u00fa more, a v\u010faka pozvo\u013en\u00fdm brehom je vhodn\u00e9 aj pre rodiny s de\u0165mi. Pr\u00edstup do vody je s\u00fastreden\u00fd hlavne do upraven\u00fdch k\u00fapal\u00edsk a pl\u00e1\u017e\u00ed so z\u00e1zem\u00edm, tak\u017ee si miesto zachov\u00e1va svoj pokojn\u00fd charakter. Osobne odpor\u00fa\u010dam si priplati\u0165 za hotel priamo s vlastnou pl\u00e1\u017eou a baz\u00e9nom.<\/p>\n<ul>\n<li><span style=\"color: #008000;\"><strong><a style=\"color: #008000;\" href=\"https:\/\/www.booking.com\/hotel\/it\/seehotel-ambach.en.html?aid=347511&amp;no_rooms=1&amp;group_adults=2\" target=\"_blank\" rel=\"noopener\">Seehotel Ambach s vlastnou pl\u00e1\u017eou a wellness<\/a><\/strong><\/span><\/li>\n<\/ul>\n<div id=\"attachment_15229\" style=\"width: 1034px\" class=\"wp-caption aligncenter\"><a href=\"https:\/\/www.booking.com\/hotel\/it\/seehotel-ambach.en.html?aid=347511&amp;no_rooms=1&amp;group_adults=2\" target=\"_blank\" rel=\"noopener\"><img loading=\"lazy\" decoding=\"async\" aria-describedby=\"caption-attachment-15229\" class=\"size-full wp-image-15229\" src=\"https:\/\/www.dovolenkarka.cz\/wp-content\/uploads\/2026\/04\/Obrazek-51.jpg\" alt=\"Seehotel Ambach\" width=\"1024\" height=\"581\" srcset=\"https:\/\/www.dovolenkarka.cz\/wp-content\/uploads\/2026\/04\/Obrazek-51.jpg 1024w, https:\/\/www.dovolenkarka.cz\/wp-content\/uploads\/2026\/04\/Obrazek-51-768x435.jpg 768w\" sizes=\"auto, (max-width: 1024px) 100vw, 1024px\" \/><\/a><p id=\"caption-attachment-15229\" class=\"wp-caption-text\">Seehotel Ambach<\/p><\/div>\n<h3><span class=\"ez-toc-section\" id=\"4_Skvele_podmienky_pre_windsurfing_a_paddleboard\"><\/span>4. Skvel\u00e9 podmienky pre windsurfing a paddleboard<span class=\"ez-toc-section-end\"><\/span><\/h3>\n<p>Kalternsk\u00e9 jazero je aj ob\u013e\u00fabenou destin\u00e1ciou pre windsurfing v\u010faka vetru Ora, ktor\u00fd sem prich\u00e1dza od Gardsk\u00e9ho jazera. Dopoludnia b\u00fdva hladina pokojn\u00e1, \u010do n\u00e1m vyhovuje pre paddleboardy a popoludn\u00ed je na vode v\u010faka vetru \u017eiv\u0161ie. Z\u00e1rove\u0148 oce\u0148ujeme pokoj v\u010faka absencii hlu\u010dn\u00fdch motorov\u00fdch \u010dlnov.<\/p>\n<h3><span class=\"ez-toc-section\" id=\"5_Okruzny_chodnik_okolo_Lago_di_Caldaro\"><\/span>5. Okru\u017en\u00fd chodn\u00edk okolo Lago di Caldaro<span class=\"ez-toc-section-end\"><\/span><\/h3>\n<p>Jazero Kaltern sa d\u00e1 pohodlne ob\u00eds\u0165 po nen\u00e1ro\u010dnej trase, ktor\u00fa zvl\u00e1dnu aj rekrea\u010dn\u00ed turisti. Cestou sa te\u0161 na striedaj\u00face sa v\u00fdh\u013eady na jazero, vinice aj r\u00e1kosie, tak\u017ee je prech\u00e1dzka zauj\u00edmav\u00e1 sk\u00f4r pre svoju r\u00f4znorod\u00fa krajinu ne\u017e ako \u0161portov\u00fd v\u00fdkon.<\/p>\n<p><a href=\"https:\/\/www.dovolenkarka.cz\/sk\/jazaro-kaltern-lago-di-caldaro\/pexels-joerg-hartmann-626385254-17646799\/\" rel=\"attachment wp-att-15226\"><img loading=\"lazy\" decoding=\"async\" class=\"aligncenter size-full wp-image-15226\" src=\"https:\/\/www.dovolenkarka.cz\/wp-content\/uploads\/2026\/04\/pexels-joerg-hartmann-626385254-17646799.jpg\" alt=\"Lago di Caldaro \u2013 jazero Kaltern\" width=\"1920\" height=\"1062\" srcset=\"https:\/\/www.dovolenkarka.cz\/wp-content\/uploads\/2026\/04\/pexels-joerg-hartmann-626385254-17646799.jpg 1920w, https:\/\/www.dovolenkarka.cz\/wp-content\/uploads\/2026\/04\/pexels-joerg-hartmann-626385254-17646799-768x424.jpg 768w\" sizes=\"auto, (max-width: 1920px) 100vw, 1920px\" \/><\/a><\/p>\n<h3><span class=\"ez-toc-section\" id=\"6_Vinarstvo_v_Juznom_Tirolsku\"><\/span>6. Vin\u00e1rstvo v Ju\u017enom Tirolsku<span class=\"ez-toc-section-end\"><\/span><\/h3>\n<p>S Kalternsk\u00fdm jazerom je neodmyslite\u013ene spojen\u00e9 aj v\u00edno, preto\u017ee okolit\u00e1 krajina patr\u00ed k v\u00fdznamnej vin\u00e1rskej oblasti Ju\u017en\u00e9ho Tirolska a vinice tu ovplyv\u0148uj\u00fa nielen vzh\u013ead miesta, ale aj miestnu gastron\u00f3miu. Pr\u00e1ve v\u010faka tomu m\u00e1 oblas\u0165 in\u00fa atmosf\u00e9ru ne\u017e be\u017en\u00e9 letn\u00e9 stredisk\u00e1. Typick\u00fd itiner\u00e1r letn\u00e9ho d\u0148a pri jazere vyzer\u00e1 nejako takto: k\u00fapanie, paddleboardy, v\u00fdlety do pr\u00edrody a ve\u010dern\u00e9 posedenie pri poh\u00e1ri miestneho v\u00edna.<\/p>\n<p><strong>M\u00f4j tip: <\/strong><\/p>\n<ul>\n<li><span style=\"color: #008000;\"><strong><a style=\"color: #008000;\" href=\"https:\/\/www.booking.com\/hotel\/it\/garni-sonnleitenhof.en.html?aid=347511&amp;no_rooms=1&amp;group_adults=2\" target=\"_blank\" rel=\"noopener\">Ubytuj sa v hoteli s v\u00fdh\u013eadom priamo do vin\u00e1rstva \/ Garni Hotel Sonnleitenhof<\/a><\/strong><\/span><\/li>\n<\/ul>\n<div id=\"attachment_15213\" style=\"width: 1034px\" class=\"wp-caption aligncenter\"><a href=\"https:\/\/www.booking.com\/hotel\/it\/garni-sonnleitenhof.en.html?aid=347511&amp;no_rooms=1&amp;group_adults=2\" target=\"_blank\" rel=\"noopener\"><img loading=\"lazy\" decoding=\"async\" aria-describedby=\"caption-attachment-15213\" class=\"size-full wp-image-15213\" src=\"https:\/\/www.dovolenkarka.cz\/wp-content\/uploads\/2026\/04\/Obrazek-45.jpg\" alt=\"LAGO DI CALDARO \u2013 jazero Kaltern \/ Garni Hotel Sonnleitenhof\" width=\"1024\" height=\"537\" srcset=\"https:\/\/www.dovolenkarka.cz\/wp-content\/uploads\/2026\/04\/Obrazek-45.jpg 1024w, https:\/\/www.dovolenkarka.cz\/wp-content\/uploads\/2026\/04\/Obrazek-45-1200x630.jpg 1200w, https:\/\/www.dovolenkarka.cz\/wp-content\/uploads\/2026\/04\/Obrazek-45-768x402.jpg 768w\" sizes=\"auto, (max-width: 1024px) 100vw, 1024px\" \/><\/a><p id=\"caption-attachment-15213\" class=\"wp-caption-text\">Garni Hotel Sonnleitenhof<\/p><\/div>\n<h3><span class=\"ez-toc-section\" id=\"7_Vylet_na_vyhliadku_ku_Castelchiaro\"><\/span>7. V\u00fdlet na vyhliadku ku Castelchiaro<span class=\"ez-toc-section-end\"><\/span><\/h3>\n<p>Za m\u0148a najkraj\u0161\u00ed v\u00fdh\u013ead na jazero Kaltern je od zr\u00facaniny Castelchiaro (Leuchtenburg), odkia\u013e je dobre vidie\u0165 do celej okolitej krajiny. Pokocha\u0165 sa m\u00f4\u017ee\u0161 v\u00fdh\u013eadom na jazero aj vinice. Je to pr\u00edjemn\u00fd v\u00fd\u0161\u013eap a tip na nieko\u013ekohodinov\u00fd v\u00fdlet, ktor\u00fd m\u00f4\u017ee\u0161 spoji\u0165 s okru\u017enou prech\u00e1dzkou okolo jazera.<\/p>\n<h3><span class=\"ez-toc-section\" id=\"8_Juzny_breh_Lago_di_Caldaro_je_chraneny_biotop\"><\/span>8. Ju\u017en\u00fd breh Lago di Caldaro je chr\u00e1nen\u00fd biotop<span class=\"ez-toc-section-end\"><\/span><\/h3>\n<p>Lago di Caldaro je zauj\u00edmav\u00e9 aj mimo hlavnej sez\u00f3ny v\u010faka chr\u00e1nenej pr\u00edrodnej z\u00f3ne na ju\u017enom brehu, kde r\u00e1kosie a mokrade vytv\u00e1raj\u00fa cenn\u00fd biotop pre mnoho druhov vt\u00e1kov. Jazero m\u00e1 teda aj v\u00fdrazn\u00fa hodnotu pre pr\u00edrodu samotn\u00fa.<\/p>\n<hr \/>\n<p><strong>Mohlo by v\u00e1s tie\u017e zauj\u00edma\u0165: <\/strong><\/p>\n<ul>\n<li><span style=\"color: #008000;\"><strong><a style=\"color: #008000;\" href=\"https:\/\/www.dovolenkarka.cz\/sk\/slovinske-jazera\/\" target=\"_blank\" rel=\"noopener\">Slovinsk\u00e9 jazer\u00e1: 3 tipy pre tvoju dovolenku priamo pri jazere<\/a><\/strong><\/span><\/li>\n<li><span style=\"color: #008000;\"><a style=\"color: #008000;\" href=\"https:\/\/www.dovolenkarka.cz\/sk\/vylety-v-dolomitoch\/\" target=\"_blank\" rel=\"noopener\"><strong>15 tipov na v\u00fdlety v Dolomitoch + ubytovanie<\/strong><\/a><\/span><\/li>\n<li><span style=\"color: #008000;\"><strong><a style=\"color: #008000;\" href=\"https:\/\/www.dovolenkarka.cz\/sk\/vikend-v-limone-sul-garda\/\" target=\"_blank\" rel=\"noopener\">V\u00edkend v Limone sul Garda + tip na hotel pri pl\u00e1\u017ei<\/a><\/strong><\/span><\/li>\n<li><span style=\"color: #008000;\"><strong><a style=\"color: #008000;\" href=\"https:\/\/www.dovolenkarka.cz\/ubytovani-na-garde-tip-na-butikovy-hotel\/\" target=\"_blank\" rel=\"noopener\">Tip na ubytovanie v Riva del Garda<\/a><\/strong><\/span><\/li>\n<\/ul>\n<hr \/>\n<h3><span class=\"ez-toc-section\" id=\"9_Okolie_Lago_di_Caldaro_je_idealne_aj_pre_cyklistiku\"><\/span>9. Okolie Lago di Caldaro je ide\u00e1lne aj pre cyklistiku<span class=\"ez-toc-section-end\"><\/span><\/h3>\n<p>Okolie Lago di Caldaro je skvel\u00e9 aj pre cyklistiku, preto\u017ee pon\u00faka ako nen\u00e1ro\u010dn\u00e9 trasy v rovinatej\u0161\u00edch \u010dastiach, ktor\u00e9 ocenia rodiny s de\u0165mi, tak aj n\u00e1ro\u010dnej\u0161ie \u00faseky pre fyzicky zdatnej\u0161\u00edch cyklistov. Pr\u00e1ve v\u010faka tejto pestrosti si tu cyklotrasy u\u017eij\u00fa aj rekrea\u010dn\u00ed \u0161portovci a z bicykla si navy\u0161e e\u0161te viac u\u017eije\u0161 kontrast medzi jazerom, vinicami a men\u0161\u00edmi obcami Ju\u017en\u00e9ho Tirolska.<\/p>\n<h3><span class=\"ez-toc-section\" id=\"10_Lanovkou_Mendelbahn_zo_St_Anton_pri_Kalterne_na_Mendelsky_priesmyk\"><\/span>10. Lanovkou Mendelbahn zo St. Anton pri Kalterne na Mendelsk\u00fd priesmyk<span class=\"ez-toc-section-end\"><\/span><\/h3>\n<p>\u010eal\u0161\u00ed skvel\u00fd tip na v\u00fdlet od Lago di Caldaro je v\u00fdlet lanovkou na Mendelsk\u00fd priesmyk. Lanovka Mendelbahn, otvoren\u00e1 v roku 1903 pod\u013ea n\u00e1vrhu \u0161vaj\u010diarskeho in\u017einiera Emila Struba, patr\u00ed k technicky zauj\u00edmav\u00fdm dopravn\u00fdm stavb\u00e1m Ju\u017en\u00e9ho Tirolska. Jej sklon je cca 64 % a je pova\u017eovan\u00e1 za prv\u00fa elektrick\u00fa lanovku v Tirolsku, z\u00e1rove\u0148 za najstrm\u0161iu a najdlh\u0161iu s\u00favisl\u00fa lanovku v Eur\u00f3pe.<\/p>\n<div id=\"attachment_15219\" style=\"width: 1930px\" class=\"wp-caption aligncenter\"><a href=\"https:\/\/www.dovolenkarka.cz\/sk\/jazaro-kaltern-lago-di-caldaro\/obrazek-47-4\/\" rel=\"attachment wp-att-15219\"><img loading=\"lazy\" decoding=\"async\" aria-describedby=\"caption-attachment-15219\" class=\"size-full wp-image-15219\" src=\"https:\/\/www.dovolenkarka.cz\/wp-content\/uploads\/2026\/04\/Obrazek-47.jpg\" alt=\"Mendelbahn \u2013 Lago di Caldaro\" width=\"1920\" height=\"1280\" srcset=\"https:\/\/www.dovolenkarka.cz\/wp-content\/uploads\/2026\/04\/Obrazek-47.jpg 1920w, https:\/\/www.dovolenkarka.cz\/wp-content\/uploads\/2026\/04\/Obrazek-47-768x512.jpg 768w\" sizes=\"auto, (max-width: 1920px) 100vw, 1920px\" \/><\/a><p id=\"caption-attachment-15219\" class=\"wp-caption-text\">Mendelbahn\/ (c) Tourism Office Kaltern at the lake<\/p><\/div>\n<p>Na trase dlhej 2,37 kilometra s tebou prekon\u00e1 za 12 min\u00fat prev\u00fd\u0161enie 850 metrov a okrem samotn\u00e9ho z\u00e1\u017eitku z jazdy pon\u00faka aj p\u00f4sobiv\u00e9 v\u00fdh\u013eady na \u00fadolie rieky Etsch a oblas\u0165 Ju\u017en\u00e9ho Tirolska. Spiato\u010dn\u00fd l\u00edstok stoj\u00ed 13,50 \u20ac, jednosmern\u00fd 8,50 \u20ac, deti do 6 rokov id\u00fa zadarmo a dr\u017eitelia South Tyrol Guest Pass maj\u00fa jazdu v cene. Ak vyr\u00e1\u017ea\u0161 na v\u00fdlet so svojimi ps\u00edkmi, tak m\u00f4\u017eu cestova\u0165 za poplatok, ak maj\u00fa v\u00f4dzku a n\u00e1hubok (2 \u2013 3,50 \u20ac).<\/p>\n<h3><span class=\"ez-toc-section\" id=\"11_Vylet_na_sutesku_Rastenbachklamm\"><\/span>11. V\u00fdlet na s\u00fatesku Rastenbachklamm<span class=\"ez-toc-section-end\"><\/span><\/h3>\n<p>Rastenbachklamm je dychber\u00faca s\u00fateska k\u00fasok nad Lago di Caldaro, kde \u0165a chodn\u00edk zavedie medzi skaly, potok, vodop\u00e1d a po dreven\u00fdch l\u00e1vkach a schodoch. V lete je to ve\u013emi pr\u00edjemn\u00e9 miesto na kr\u00e1tky v\u00fdlet, preto\u017ee je tu viac tie\u0148a a chladnej\u0161ie ne\u017e pri jazere. Trasa nie je pr\u00edli\u0161 n\u00e1ro\u010dn\u00e1, ale je potrebn\u00e9 po\u010d\u00edta\u0165 s nieko\u013ek\u00fdmi schodmi a krat\u0161\u00edm st\u00fapan\u00edm \u2013 kvalitn\u00e1 pevn\u00e1 obuv je samozrejmos\u0165ou.<\/p>\n<div id=\"attachment_15220\" style=\"width: 1930px\" class=\"wp-caption aligncenter\"><a href=\"https:\/\/www.dovolenkarka.cz\/sk\/jazaro-kaltern-lago-di-caldaro\/obrazek-49-4\/\" rel=\"attachment wp-att-15220\"><img loading=\"lazy\" decoding=\"async\" aria-describedby=\"caption-attachment-15220\" class=\"size-full wp-image-15220\" src=\"https:\/\/www.dovolenkarka.cz\/wp-content\/uploads\/2026\/04\/Obrazek-49.jpg\" alt=\"Lago di Caldaro \u2013 jazero Kaltern \/ Rastenbachklamm\" width=\"1920\" height=\"1079\" srcset=\"https:\/\/www.dovolenkarka.cz\/wp-content\/uploads\/2026\/04\/Obrazek-49.jpg 1920w, https:\/\/www.dovolenkarka.cz\/wp-content\/uploads\/2026\/04\/Obrazek-49-768x431.jpg 768w\" sizes=\"auto, (max-width: 1920px) 100vw, 1920px\" \/><\/a><p id=\"caption-attachment-15220\" class=\"wp-caption-text\">Rastenbachklamm\/ (c) Tourism Office Kaltern at the lake<\/p><\/div>\n<p>M\u00f4j tip:<\/p>\n<ul>\n<li>Na s\u00fatesku sa vydaj, aj ak miluje\u0161 vyhliadky. Z tamoj\u0161ej vyhliadkovej plo\u0161iny je dychber\u00faci v\u00fdh\u013ead na Lago di Caldaro<\/li>\n<\/ul>\n<div id=\"attachment_15221\" style=\"width: 1930px\" class=\"wp-caption aligncenter\"><a href=\"https:\/\/www.dovolenkarka.cz\/sk\/ile-au-cerf-seychely\/obrazek-50-6\/\" rel=\"attachment wp-att-15221\"><img loading=\"lazy\" decoding=\"async\" aria-describedby=\"caption-attachment-15221\" class=\"size-full wp-image-15221\" src=\"https:\/\/www.dovolenkarka.cz\/wp-content\/uploads\/2026\/04\/Obrazek-50.jpg\" alt=\"Lago di Caldaro \u2013 jazero Kaltern \/ Rastenbachklamm\" width=\"1920\" height=\"826\" srcset=\"https:\/\/www.dovolenkarka.cz\/wp-content\/uploads\/2026\/04\/Obrazek-50.jpg 1920w, https:\/\/www.dovolenkarka.cz\/wp-content\/uploads\/2026\/04\/Obrazek-50-768x330.jpg 768w\" sizes=\"auto, (max-width: 1920px) 100vw, 1920px\" \/><\/a><p id=\"caption-attachment-15221\" class=\"wp-caption-text\">Rastenbachklamm\/ (c) Tourism Office Kaltern at the lake<\/p><\/div>\n<hr \/>\n<p style=\"text-align: center;\"><span style=\"color: #000000;\"><strong>P\u00e1\u010dil sa ti m\u00f4j dne\u0161n\u00fd tip na dovolenku pri Lago di Caldaro, v Ju\u017enom Tirolsku, v Taliansku? Potom si ho ulo\u017e aj na Pintereste, nech ho nabud\u00face \u013eahko n\u00e1jde\u0161: <\/strong><\/span><\/p>\n<p style=\"text-align: center;\"><iframe loading=\"lazy\" src=\"https:\/\/assets.pinterest.com\/ext\/embed.html?id=1049057306970127627\" width=\"345\" height=\"714\" frameborder=\"0\" scrolling=\"no\"><\/iframe><\/p>\n","protected":false},"excerpt":{"rendered":"<p>Lago di Caldaro (jazero Kaltern), 11 mojich skvel\u00fdch d\u00f4vodov, pre\u010do \u0165a bude bavi\u0165 dovolenka pri jednom z najteplej\u0161\u00edch jazier Ju\u017en\u00e9ho Tirolska. Tento tip som pre teba vytiahla z m\u00f4jho \u0161upl\u00edka tajn\u00fdch in\u0161pir\u00e1ci\u00ed, ktor\u00e9 som si nech\u00e1vala dlho len pre n\u00e1s. Mo\u017eno sa tu teda niekedy v lete stretneme. Jazero Kaltern v Ju\u017enom Tirolsku patr\u00ed k najteplej\u0161\u00edm alpsk\u00fdm jazer\u00e1m. Ak prem\u00fd\u0161\u013ea\u0161, kde si v hornom Taliansku napl\u00e1nova\u0165 tohtoro\u010dn\u00fa dovolenku, sp\u00edsala som pre teba tipy, kde sa k\u00fapa\u0165 a \u010do robi\u0165 pri Lago di Caldaro a pre\u010do stoj\u00ed za n\u00e1v\u0161tevu. Rovnako si tu m\u00f4\u017ee\u0161 napl\u00e1nova\u0165 len zast\u00e1vku cestou do Dolomitov, k Lago <\/p>\n","protected":false},"author":1,"featured_media":15242,"comment_status":"closed","ping_status":"closed","sticky":false,"template":"","format":"standard","meta":{"footnotes":""},"categories":[5427],"tags":[5843,5844,5840,5841,5839,5847,5845,5846,5842],"class_list":["post-15241","post","type-post","status-publish","format-standard","has-post-thumbnail","hentry","category-taliansko","tag-co-robit-pri-jazere-kaltern","tag-jazera-v-juznom-tirolsku","tag-jazero-kaltern","tag-kalterer-see","tag-lago-di-caldaro","tag-mendelbahn","tag-najteplejsie-jazero-v-alpach","tag-rastenbachklamm","tag-ubytovanie-pri-lago-di-caldaro","has_thumb"],"aioseo_notices":[],"_links":{"self":[{"href":"https:\/\/www.dovolenkarka.cz\/sk\/wp-json\/wp\/v2\/posts\/15241","targetHints":{"allow":["GET"]}}],"collection":[{"href":"https:\/\/www.dovolenkarka.cz\/sk\/wp-json\/wp\/v2\/posts"}],"about":[{"href":"https:\/\/www.dovolenkarka.cz\/sk\/wp-json\/wp\/v2\/types\/post"}],"author":[{"embeddable":true,"href":"https:\/\/www.dovolenkarka.cz\/sk\/wp-json\/wp\/v2\/users\/1"}],"replies":[{"embeddable":true,"href":"https:\/\/www.dovolenkarka.cz\/sk\/wp-json\/wp\/v2\/comments?post=15241"}],"version-history":[{"count":1,"href":"https:\/\/www.dovolenkarka.cz\/sk\/wp-json\/wp\/v2\/posts\/15241\/revisions"}],"predecessor-version":[{"id":15286,"href":"https:\/\/www.dovolenkarka.cz\/sk\/wp-json\/wp\/v2\/posts\/15241\/revisions\/15286"}],"wp:featuredmedia":[{"embeddable":true,"href":"https:\/\/www.dovolenkarka.cz\/sk\/wp-json\/wp\/v2\/media\/15242"}],"wp:attachment":[{"href":"https:\/\/www.dovolenkarka.cz\/sk\/wp-json\/wp\/v2\/media?parent=15241"}],"wp:term":[{"taxonomy":"category","embeddable":true,"href":"https:\/\/www.dovolenkarka.cz\/sk\/wp-json\/wp\/v2\/categories?post=15241"},{"taxonomy":"post_tag","embeddable":true,"href":"https:\/\/www.dovolenkarka.cz\/sk\/wp-json\/wp\/v2\/tags?post=15241"}],"curies":[{"name":"wp","href":"https:\/\/api.w.org\/{rel}","templated":true}]}}